{"id":411531,"date":"2026-03-16T03:46:00","date_gmt":"2026-03-16T06:46:00","guid":{"rendered":"https:\/\/portaltela.pt\/noticias\/2026\/03\/16\/portugal-e-o-2o-exportador-de-cannabis-medicinal-com-apenas-mil-pacientes\/"},"modified":"2026-03-16T03:46:00","modified_gmt":"2026-03-16T06:46:00","slug":"portugal-e-o-2o-exportador-de-cannabis-medicinal-com-apenas-mil-pacientes","status":"publish","type":"post","link":"https:\/\/portaltela.pt\/saude\/2026\/03\/16\/portugal-e-o-2o-exportador-de-cannabis-medicinal-com-apenas-mil-pacientes\/","title":{"rendered":"Portugal \u00e9 o 2\u00ba exportador de cannabis medicinal, com apenas mil pacientes"},"content":{"rendered":"<p>Portugal \u00e9 o segundo exportador mundial de cannabis medicinal, mas apenas cerca de 1.000 doentes utilizam-na em terap\u00eautica. A informa\u00e7\u00e3o vem do observat\u00f3rio do setor, que chama a aten\u00e7\u00e3o para a desconex\u00e3o entre a capacidade produtiva local e a procura cl\u00ednica.<\/p>\n<p>Para levar benef\u00edcios da planta a cerca de 200 mil doentes, o observat\u00f3rio defende a comparticipa\u00e7\u00e3o nos tratamentos com canabinoides e o alargamento das indica\u00e7\u00f5es terap\u00eauticas. A medida visa reduzir barreiras de acesso e custos para os utentes.<\/p>\n<p>Infarmed apontou que a decis\u00e3o depende de orienta\u00e7\u00e3o governamental, n\u00e3o apresentando at\u00e9 ao momento altera\u00e7\u00f5es na pol\u00edtica de financiamento. O organismo devolveu o tema ao Governo para defini\u00e7\u00e3o de linha estrat\u00e9gica.<\/p>\n<h3>Contexto da produ\u00e7\u00e3o<\/h3>\n<p>A Soma\u00ed Pharmaceuticals opera em Sintra o cultivo da planta e a produ\u00e7\u00e3o de f\u00e1rmacos \u00e0 base de canabin\u00f3ides, integrando a cadeia de fornecimento nacional. A infraestrutura inclui instala\u00e7\u00f5es dedicadas \u00e0 planta, processamento e fabrico de medicamentos.<\/p>\n<p>Numa f\u00e1brica no Carregado, funcion\u00e1rios participam no processo de produ\u00e7\u00e3o de produtos farmac\u00eauticos com canabinoides, refor\u00e7ando o papel de Portugal no cluster europeu de cannabis medicinal.<\/p>\n<p>O setor tem atra\u00eddo investimento privado, com empresas nacionais a avan\u00e7ar para licen\u00e7as de cultivo, transforma\u00e7\u00e3o e comercializa\u00e7\u00e3o de medicamentos. Os restantes passos passam pela valida\u00e7\u00e3o regulat\u00f3ria, ensaios cl\u00ednicos e integra\u00e7\u00e3o em planos terap\u00eauticos p\u00fablicos.<\/p>\n","protected":false},"excerpt":{"rendered":"<ul>\n<li>Portugal \u00e9 o segundo exportador mundial de cannabis medicinal, mas apenas cerca de 1.000 doentes a utiliz\u00e1-la.<\/li>\n<li>Observat\u00f3rio defende a comparticipa\u00e7\u00e3o e o alargamento das indica\u00e7\u00f5es terap\u00eauticas para chegar a cerca de 200 mil doentes.<\/li>\n<li>Infarmed remetEu a decis\u00e3o sobre o tema ao Governo.<\/li>\n<li>A Soma\u00ed Pharmaceuticals conduz cultivo da planta e produ\u00e7\u00e3o de medicamentos \u00e0 base de canabin\u00f3ides em Portugal.<\/li>\n<li>A not\u00edcia surge em contexto de avan\u00e7os e dificuldades na utiliza\u00e7\u00e3o cl\u00ednica da cannabis medicinal no pa\u00eds.<\/li>\n<\/ul>\n","protected":false},"author":2,"featured_media":411539,"comment_status":"closed","ping_status":"closed","sticky":false,"template":"","format":"standard","meta":{"footnotes":""},"categories":[1,6745],"tags":[2541,1223,316,7211,1014,271],"class_list":["post-411531","post","type-post","status-publish","format-standard","has-post-thumbnail","hentry","category-noticias","category-saude","tag-exportacoes","tag-industria-farmaceutica","tag-investimento","tag-medicina","tag-portugal","tag-saude-publica"],"yoast_head":"<!-- This site is optimized with the Yoast SEO plugin v27.2 - https:\/\/yoast.com\/product\/yoast-seo-wordpress\/ -->\n<title>Portugal \u00e9 o 2\u00ba exportador de cannabis medicinal, com apenas mil pacientes - Portal Tela Portugal<\/title>\n<meta name=\"robots\" content=\"index, follow, max-snippet:-1, max-image-preview:large, max-video-preview:-1\" \/>\n<meta property=\"og:locale\" content=\"pt_PT\" \/>\n<meta property=\"og:type\" content=\"article\" \/>\n<meta property=\"og:title\" content=\"Portugal \u00e9 o 2\u00ba exportador de cannabis medicinal, com apenas mil pacientes - Portal Tela Portugal\" \/>\n<meta property=\"og:description\" content=\"Portugal \u00e9 o segundo exportador mundial de cannabis medicinal, mas apenas cerca de 1.000 doentes a utiliz\u00e1-la. Observat\u00f3rio defende a comparticipa\u00e7\u00e3o e o alargamento das indica\u00e7\u00f5es terap\u00eauticas para chegar a cerca de 200 mil doentes. Infarmed remetEu a decis\u00e3o sobre o tema ao Governo. A Soma\u00ed Pharmaceuticals conduz cultivo da planta e produ\u00e7\u00e3o de medicamentos \u00e0 base de canabin\u00f3ides em Portugal. A not\u00edcia surge em contexto de avan\u00e7os e dificuldades na utiliza\u00e7\u00e3o cl\u00ednica da cannabis medicinal no pa\u00eds.\" \/>\n<meta property=\"og:url\" content=\"https:\/\/portaltela.pt\/noticias\/2026\/03\/16\/portugal-e-o-2o-exportador-de-cannabis-medicinal-com-apenas-mil-pacientes\/\" \/>\n<meta property=\"og:site_name\" content=\"Portal Tela Portugal\" \/>\n<meta property=\"article:published_time\" content=\"2026-03-16T06:46:00+00:00\" \/>\n<meta name=\"author\" content=\"Telinha\" \/>\n<meta name=\"twitter:card\" content=\"summary_large_image\" \/>\n<meta name=\"twitter:label1\" content=\"Escrito por\" \/>\n\t<meta name=\"twitter:data1\" content=\"Telinha\" \/>\n\t<meta name=\"twitter:label2\" content=\"Tempo estimado de leitura\" \/>\n\t<meta name=\"twitter:data2\" content=\"1 minuto\" \/>\n<script type=\"application\/ld+json\" class=\"yoast-schema-graph\">{\"@context\":\"https:\/\/schema.org\",\"@graph\":[{\"@type\":\"Article\",\"@id\":\"https:\/\/portaltela.pt\/noticias\/2026\/03\/16\/portugal-e-o-2o-exportador-de-cannabis-medicinal-com-apenas-mil-pacientes\/#article\",\"isPartOf\":{\"@id\":\"https:\/\/portaltela.pt\/noticias\/2026\/03\/16\/portugal-e-o-2o-exportador-de-cannabis-medicinal-com-apenas-mil-pacientes\/\"},\"author\":{\"name\":\"Telinha\",\"@id\":\"https:\/\/portaltela.pt\/#\/schema\/person\/c4278d4a6028830caff9ee44b42d32ed\"},\"headline\":\"Portugal \u00e9 o 2\u00ba exportador de cannabis medicinal, com apenas mil pacientes\",\"datePublished\":\"2026-03-16T06:46:00+00:00\",\"mainEntityOfPage\":{\"@id\":\"https:\/\/portaltela.pt\/noticias\/2026\/03\/16\/portugal-e-o-2o-exportador-de-cannabis-medicinal-com-apenas-mil-pacientes\/\"},\"wordCount\":255,\"image\":{\"@id\":\"https:\/\/portaltela.pt\/noticias\/2026\/03\/16\/portugal-e-o-2o-exportador-de-cannabis-medicinal-com-apenas-mil-pacientes\/#primaryimage\"},\"thumbnailUrl\":\"https:\/\/portaltela.pt\/s.01k8rhncp4jt1\/2026\/03\/2072930.jpg\",\"keywords\":[\"exporta\u00e7\u00f5es\",\"ind\u00fastria farmac\u00eautica\",\"investimento\",\"medicina\",\"Portugal\",\"sa\u00fade p\u00fablica\"],\"articleSection\":[\"Not\u00edcias\",\"Sa\u00fade\"],\"inLanguage\":\"pt-PT\"},{\"@type\":\"WebPage\",\"@id\":\"https:\/\/portaltela.pt\/noticias\/2026\/03\/16\/portugal-e-o-2o-exportador-de-cannabis-medicinal-com-apenas-mil-pacientes\/\",\"url\":\"https:\/\/portaltela.pt\/noticias\/2026\/03\/16\/portugal-e-o-2o-exportador-de-cannabis-medicinal-com-apenas-mil-pacientes\/\",\"name\":\"Portugal \u00e9 o 2\u00ba exportador de cannabis medicinal, com apenas mil pacientes - Portal Tela Portugal\",\"isPartOf\":{\"@id\":\"https:\/\/portaltela.pt\/#website\"},\"primaryImageOfPage\":{\"@id\":\"https:\/\/portaltela.pt\/noticias\/2026\/03\/16\/portugal-e-o-2o-exportador-de-cannabis-medicinal-com-apenas-mil-pacientes\/#primaryimage\"},\"image\":{\"@id\":\"https:\/\/portaltela.pt\/noticias\/2026\/03\/16\/portugal-e-o-2o-exportador-de-cannabis-medicinal-com-apenas-mil-pacientes\/#primaryimage\"},\"thumbnailUrl\":\"https:\/\/portaltela.pt\/s.01k8rhncp4jt1\/2026\/03\/2072930.jpg\",\"datePublished\":\"2026-03-16T06:46:00+00:00\",\"author\":{\"@id\":\"https:\/\/portaltela.pt\/#\/schema\/person\/c4278d4a6028830caff9ee44b42d32ed\"},\"breadcrumb\":{\"@id\":\"https:\/\/portaltela.pt\/noticias\/2026\/03\/16\/portugal-e-o-2o-exportador-de-cannabis-medicinal-com-apenas-mil-pacientes\/#breadcrumb\"},\"inLanguage\":\"pt-PT\",\"potentialAction\":[{\"@type\":\"ReadAction\",\"target\":[\"https:\/\/portaltela.pt\/noticias\/2026\/03\/16\/portugal-e-o-2o-exportador-de-cannabis-medicinal-com-apenas-mil-pacientes\/\"]}]},{\"@type\":\"ImageObject\",\"inLanguage\":\"pt-PT\",\"@id\":\"https:\/\/portaltela.pt\/noticias\/2026\/03\/16\/portugal-e-o-2o-exportador-de-cannabis-medicinal-com-apenas-mil-pacientes\/#primaryimage\",\"url\":\"https:\/\/portaltela.pt\/s.01k8rhncp4jt1\/2026\/03\/2072930.jpg\",\"contentUrl\":\"https:\/\/portaltela.pt\/s.01k8rhncp4jt1\/2026\/03\/2072930.jpg\",\"width\":796,\"height\":448,\"caption\":\"Nuno Ferreira Santos - 2 Dezembro 2024 - Portugal, Sintra - Produ\u00e7\u00e3o, cultivo de Cannabis medicinal pela Soma\u00ed Pharmaceuticals. A empresa dedica-se ao cultivo da planta (na foto) e produ\u00e7\u00e3o de medicamentos \u00e0 base de canabin\u00f3ides\"},{\"@type\":\"BreadcrumbList\",\"@id\":\"https:\/\/portaltela.pt\/noticias\/2026\/03\/16\/portugal-e-o-2o-exportador-de-cannabis-medicinal-com-apenas-mil-pacientes\/#breadcrumb\",\"itemListElement\":[{\"@type\":\"ListItem\",\"position\":1,\"name\":\"In\u00edcio\",\"item\":\"https:\/\/portaltela.pt\/\"},{\"@type\":\"ListItem\",\"position\":2,\"name\":\"Portugal \u00e9 o 2\u00ba exportador de cannabis medicinal, com apenas mil pacientes\"}]},{\"@type\":\"WebSite\",\"@id\":\"https:\/\/portaltela.pt\/#website\",\"url\":\"https:\/\/portaltela.pt\/\",\"name\":\"Portal Tela Portugal\",\"description\":\"\",\"potentialAction\":[{\"@type\":\"SearchAction\",\"target\":{\"@type\":\"EntryPoint\",\"urlTemplate\":\"https:\/\/portaltela.pt\/?s={search_term_string}\"},\"query-input\":{\"@type\":\"PropertyValueSpecification\",\"valueRequired\":true,\"valueName\":\"search_term_string\"}}],\"inLanguage\":\"pt-PT\"},{\"@type\":\"Person\",\"@id\":\"https:\/\/portaltela.pt\/#\/schema\/person\/c4278d4a6028830caff9ee44b42d32ed\",\"name\":\"Telinha\",\"image\":{\"@type\":\"ImageObject\",\"inLanguage\":\"pt-PT\",\"@id\":\"https:\/\/portaltela.pt\/s.01k8rhncp4jt1\/2025\/11\/talking-bot-125x125.png\",\"url\":\"https:\/\/portaltela.pt\/s.01k8rhncp4jt1\/2025\/11\/talking-bot-125x125.png\",\"contentUrl\":\"https:\/\/portaltela.pt\/s.01k8rhncp4jt1\/2025\/11\/talking-bot-125x125.png\",\"caption\":\"Telinha\"},\"sameAs\":[\"https:\/\/portaltela.pt\/\"],\"url\":\"https:\/\/portaltela.pt\/por\/367410592786\/\"}]}<\/script>\n<!-- \/ Yoast SEO plugin. -->","yoast_head_json":{"title":"Portugal \u00e9 o 2\u00ba exportador de cannabis medicinal, com apenas mil pacientes - Portal Tela Portugal","robots":{"index":"index","follow":"follow","max-snippet":"max-snippet:-1","max-image-preview":"max-image-preview:large","max-video-preview":"max-video-preview:-1"},"og_locale":"pt_PT","og_type":"article","og_title":"Portugal \u00e9 o 2\u00ba exportador de cannabis medicinal, com apenas mil pacientes - Portal Tela Portugal","og_description":"Portugal \u00e9 o segundo exportador mundial de cannabis medicinal, mas apenas cerca de 1.000 doentes a utiliz\u00e1-la. Observat\u00f3rio defende a comparticipa\u00e7\u00e3o e o alargamento das indica\u00e7\u00f5es terap\u00eauticas para chegar a cerca de 200 mil doentes. Infarmed remetEu a decis\u00e3o sobre o tema ao Governo. A Soma\u00ed Pharmaceuticals conduz cultivo da planta e produ\u00e7\u00e3o de medicamentos \u00e0 base de canabin\u00f3ides em Portugal. A not\u00edcia surge em contexto de avan\u00e7os e dificuldades na utiliza\u00e7\u00e3o cl\u00ednica da cannabis medicinal no pa\u00eds.","og_url":"https:\/\/portaltela.pt\/noticias\/2026\/03\/16\/portugal-e-o-2o-exportador-de-cannabis-medicinal-com-apenas-mil-pacientes\/","og_site_name":"Portal Tela Portugal","article_published_time":"2026-03-16T06:46:00+00:00","author":"Telinha","twitter_card":"summary_large_image","twitter_misc":{"Escrito por":"Telinha","Tempo estimado de leitura":"1 minuto"},"schema":{"@context":"https:\/\/schema.org","@graph":[{"@type":"Article","@id":"https:\/\/portaltela.pt\/noticias\/2026\/03\/16\/portugal-e-o-2o-exportador-de-cannabis-medicinal-com-apenas-mil-pacientes\/#article","isPartOf":{"@id":"https:\/\/portaltela.pt\/noticias\/2026\/03\/16\/portugal-e-o-2o-exportador-de-cannabis-medicinal-com-apenas-mil-pacientes\/"},"author":{"name":"Telinha","@id":"https:\/\/portaltela.pt\/#\/schema\/person\/c4278d4a6028830caff9ee44b42d32ed"},"headline":"Portugal \u00e9 o 2\u00ba exportador de cannabis medicinal, com apenas mil pacientes","datePublished":"2026-03-16T06:46:00+00:00","mainEntityOfPage":{"@id":"https:\/\/portaltela.pt\/noticias\/2026\/03\/16\/portugal-e-o-2o-exportador-de-cannabis-medicinal-com-apenas-mil-pacientes\/"},"wordCount":255,"image":{"@id":"https:\/\/portaltela.pt\/noticias\/2026\/03\/16\/portugal-e-o-2o-exportador-de-cannabis-medicinal-com-apenas-mil-pacientes\/#primaryimage"},"thumbnailUrl":"https:\/\/portaltela.pt\/s.01k8rhncp4jt1\/2026\/03\/2072930.jpg","keywords":["exporta\u00e7\u00f5es","ind\u00fastria farmac\u00eautica","investimento","medicina","Portugal","sa\u00fade p\u00fablica"],"articleSection":["Not\u00edcias","Sa\u00fade"],"inLanguage":"pt-PT"},{"@type":"WebPage","@id":"https:\/\/portaltela.pt\/noticias\/2026\/03\/16\/portugal-e-o-2o-exportador-de-cannabis-medicinal-com-apenas-mil-pacientes\/","url":"https:\/\/portaltela.pt\/noticias\/2026\/03\/16\/portugal-e-o-2o-exportador-de-cannabis-medicinal-com-apenas-mil-pacientes\/","name":"Portugal \u00e9 o 2\u00ba exportador de cannabis medicinal, com apenas mil pacientes - Portal Tela Portugal","isPartOf":{"@id":"https:\/\/portaltela.pt\/#website"},"primaryImageOfPage":{"@id":"https:\/\/portaltela.pt\/noticias\/2026\/03\/16\/portugal-e-o-2o-exportador-de-cannabis-medicinal-com-apenas-mil-pacientes\/#primaryimage"},"image":{"@id":"https:\/\/portaltela.pt\/noticias\/2026\/03\/16\/portugal-e-o-2o-exportador-de-cannabis-medicinal-com-apenas-mil-pacientes\/#primaryimage"},"thumbnailUrl":"https:\/\/portaltela.pt\/s.01k8rhncp4jt1\/2026\/03\/2072930.jpg","datePublished":"2026-03-16T06:46:00+00:00","author":{"@id":"https:\/\/portaltela.pt\/#\/schema\/person\/c4278d4a6028830caff9ee44b42d32ed"},"breadcrumb":{"@id":"https:\/\/portaltela.pt\/noticias\/2026\/03\/16\/portugal-e-o-2o-exportador-de-cannabis-medicinal-com-apenas-mil-pacientes\/#breadcrumb"},"inLanguage":"pt-PT","potentialAction":[{"@type":"ReadAction","target":["https:\/\/portaltela.pt\/noticias\/2026\/03\/16\/portugal-e-o-2o-exportador-de-cannabis-medicinal-com-apenas-mil-pacientes\/"]}]},{"@type":"ImageObject","inLanguage":"pt-PT","@id":"https:\/\/portaltela.pt\/noticias\/2026\/03\/16\/portugal-e-o-2o-exportador-de-cannabis-medicinal-com-apenas-mil-pacientes\/#primaryimage","url":"https:\/\/portaltela.pt\/s.01k8rhncp4jt1\/2026\/03\/2072930.jpg","contentUrl":"https:\/\/portaltela.pt\/s.01k8rhncp4jt1\/2026\/03\/2072930.jpg","width":796,"height":448,"caption":"Nuno Ferreira Santos - 2 Dezembro 2024 - Portugal, Sintra - Produ\u00e7\u00e3o, cultivo de Cannabis medicinal pela Soma\u00ed Pharmaceuticals. A empresa dedica-se ao cultivo da planta (na foto) e produ\u00e7\u00e3o de medicamentos \u00e0 base de canabin\u00f3ides"},{"@type":"BreadcrumbList","@id":"https:\/\/portaltela.pt\/noticias\/2026\/03\/16\/portugal-e-o-2o-exportador-de-cannabis-medicinal-com-apenas-mil-pacientes\/#breadcrumb","itemListElement":[{"@type":"ListItem","position":1,"name":"In\u00edcio","item":"https:\/\/portaltela.pt\/"},{"@type":"ListItem","position":2,"name":"Portugal \u00e9 o 2\u00ba exportador de cannabis medicinal, com apenas mil pacientes"}]},{"@type":"WebSite","@id":"https:\/\/portaltela.pt\/#website","url":"https:\/\/portaltela.pt\/","name":"Portal Tela Portugal","description":"","potentialAction":[{"@type":"SearchAction","target":{"@type":"EntryPoint","urlTemplate":"https:\/\/portaltela.pt\/?s={search_term_string}"},"query-input":{"@type":"PropertyValueSpecification","valueRequired":true,"valueName":"search_term_string"}}],"inLanguage":"pt-PT"},{"@type":"Person","@id":"https:\/\/portaltela.pt\/#\/schema\/person\/c4278d4a6028830caff9ee44b42d32ed","name":"Telinha","image":{"@type":"ImageObject","inLanguage":"pt-PT","@id":"https:\/\/portaltela.pt\/s.01k8rhncp4jt1\/2025\/11\/talking-bot-125x125.png","url":"https:\/\/portaltela.pt\/s.01k8rhncp4jt1\/2025\/11\/talking-bot-125x125.png","contentUrl":"https:\/\/portaltela.pt\/s.01k8rhncp4jt1\/2025\/11\/talking-bot-125x125.png","caption":"Telinha"},"sameAs":["https:\/\/portaltela.pt\/"],"url":"https:\/\/portaltela.pt\/por\/367410592786\/"}]}},"_links":{"self":[{"href":"https:\/\/portaltela.pt\/api\/wp\/v2\/posts\/411531","targetHints":{"allow":["GET"]}}],"collection":[{"href":"https:\/\/portaltela.pt\/api\/wp\/v2\/posts"}],"about":[{"href":"https:\/\/portaltela.pt\/api\/wp\/v2\/types\/post"}],"author":[{"embeddable":true,"href":"https:\/\/portaltela.pt\/api\/wp\/v2\/users\/2"}],"replies":[{"embeddable":true,"href":"https:\/\/portaltela.pt\/api\/wp\/v2\/comments?post=411531"}],"version-history":[{"count":0,"href":"https:\/\/portaltela.pt\/api\/wp\/v2\/posts\/411531\/revisions"}],"wp:featuredmedia":[{"embeddable":true,"href":"https:\/\/portaltela.pt\/api\/wp\/v2\/media\/411539"}],"wp:attachment":[{"href":"https:\/\/portaltela.pt\/api\/wp\/v2\/media?parent=411531"}],"wp:term":[{"taxonomy":"category","embeddable":true,"href":"https:\/\/portaltela.pt\/api\/wp\/v2\/categories?post=411531"},{"taxonomy":"post_tag","embeddable":true,"href":"https:\/\/portaltela.pt\/api\/wp\/v2\/tags?post=411531"}],"curies":[{"name":"wp","href":"https:\/\/api.w.org\/{rel}","templated":true}]}}