{"id":411525,"date":"2026-03-16T04:00:00","date_gmt":"2026-03-16T07:00:00","guid":{"rendered":"https:\/\/portaltela.pt\/noticias\/2026\/03\/16\/quaresma-rui-borges-treina-central-para-jogar-com-colega-perto-da-marca-especial\/"},"modified":"2026-03-16T04:00:00","modified_gmt":"2026-03-16T07:00:00","slug":"quaresma-rui-borges-treina-central-para-jogar-com-colega-perto-da-marca-especial","status":"publish","type":"post","link":"https:\/\/portaltela.pt\/desporto\/futebol\/2026\/03\/16\/quaresma-rui-borges-treina-central-para-jogar-com-colega-perto-da-marca-especial\/","title":{"rendered":"Quaresma: Rui Borges treina central para jogar com colega perto da marca especial"},"content":{"rendered":"<p>O Sporting prepara altera\u00e7\u00f5es no XI para a rece\u00e7\u00e3o ao Bodo\/Glimt, esta ter\u00e7a-feira, \u00e0s 17h45. Eduardo Quaresma, central de 24 anos, dever\u00e1 ocupar a vaga de Diomande no eixo defensivo. A mudan\u00e7a tem uma leitura estrat\u00e9gica, com foco tamb\u00e9m na componente f\u00edsica, al\u00e9m de refor\u00e7ar a constru\u00e7\u00e3o de jogo.<\/p>\n<p>Al\u00e9m do regresso de Maxi Ara\u00fajo e Pote, cumpridos os castigos, o t\u00e9cnico Rui Borges planeia outras altera\u00e7\u00f5es. A entrada de Quaresma no eixo defensivo surge acompanhada pela integra\u00e7\u00e3o do jogador com o n\u00famero 72 ao lado de In\u00e1cio.<\/p>\n<h3>Mudan\u00e7a no eixo defensivo<\/h3>\n<p>A aposta visa aumentar a solidez da linha m\u00e9dia, facilitar a transi\u00e7\u00e3o defensiva e poupar Diomande para jogos seguintes. A equipa mitta diego aponta para um desenho mais est\u00e1vel com Quaresma a dar cobertura a In\u00e1cio, em busca de maior controlo do jogo.<\/p>\n","protected":false},"excerpt":{"rendered":"<ul>\n<li>Rui Borges prepara altera\u00e7\u00f5es no onze para a rece\u00e7\u00e3o ao Bodo\/Glimt, ter\u00e7a-feira, \u00e0s 17h45.<\/li>\n<li>Eduardo Quaresma, central de 24 anos, dever\u00e1 ocupar a vaga de Diomande no eixo defensivo.<\/li>\n<li>A mudan\u00e7a tem mais de estrat\u00e9gia do que f\u00edsica, visando melhorar a constru\u00e7\u00e3o e a progress\u00e3o.<\/li>\n<li>Regressam Maxi Ara\u00fajo e Pote ao onze do Sporting, ap\u00f3s cumprirem castigos.<\/li>\n<li>A not\u00edcia, avan\u00e7ada pelo Record, indica ainda outras altera\u00e7\u00f5es no alinhamento al\u00e9m destas.<\/li>\n<\/ul>\n","protected":false},"author":2,"featured_media":411527,"comment_status":"closed","ping_status":"closed","sticky":false,"template":"","format":"standard","meta":{"footnotes":""},"categories":[21,24],"tags":[4059,4618,32,4159,2926,1652],"class_list":["post-411525","post","type-post","status-publish","format-standard","has-post-thumbnail","hentry","category-desporto","category-futebol","tag-1-a-liga","tag-eduardo-quaresma","tag-futebol","tag-jogo","tag-quaresma","tag-sporting"],"yoast_head":"<!-- This site is optimized with the Yoast SEO plugin v27.2 - https:\/\/yoast.com\/product\/yoast-seo-wordpress\/ -->\n<title>Quaresma: Rui Borges treina central para jogar com colega perto da marca especial - Portal Tela Portugal<\/title>\n<meta name=\"robots\" content=\"index, follow, max-snippet:-1, max-image-preview:large, max-video-preview:-1\" \/>\n<meta property=\"og:locale\" content=\"pt_PT\" \/>\n<meta property=\"og:type\" content=\"article\" \/>\n<meta property=\"og:title\" content=\"Quaresma: Rui Borges treina central para jogar com colega perto da marca especial - Portal Tela Portugal\" \/>\n<meta property=\"og:description\" content=\"Rui Borges prepara altera\u00e7\u00f5es no onze para a rece\u00e7\u00e3o ao Bodo\/Glimt, ter\u00e7a-feira, \u00e0s 17h45. Eduardo Quaresma, central de 24 anos, dever\u00e1 ocupar a vaga de Diomande no eixo defensivo. A mudan\u00e7a tem mais de estrat\u00e9gia do que f\u00edsica, visando melhorar a constru\u00e7\u00e3o e a progress\u00e3o. Regressam Maxi Ara\u00fajo e Pote ao onze do Sporting, ap\u00f3s cumprirem castigos. A not\u00edcia, avan\u00e7ada pelo Record, indica ainda outras altera\u00e7\u00f5es no alinhamento al\u00e9m destas.\" \/>\n<meta property=\"og:url\" content=\"https:\/\/portaltela.pt\/noticias\/2026\/03\/16\/quaresma-rui-borges-treina-central-para-jogar-com-colega-perto-da-marca-especial\/\" \/>\n<meta property=\"og:site_name\" content=\"Portal Tela Portugal\" \/>\n<meta property=\"article:published_time\" content=\"2026-03-16T07:00:00+00:00\" \/>\n<meta name=\"author\" content=\"Telinha\" \/>\n<meta name=\"twitter:card\" content=\"summary_large_image\" \/>\n<meta name=\"twitter:label1\" content=\"Escrito por\" \/>\n\t<meta name=\"twitter:data1\" content=\"Telinha\" \/>\n\t<meta name=\"twitter:label2\" content=\"Tempo estimado de leitura\" \/>\n\t<meta name=\"twitter:data2\" content=\"1 minuto\" \/>\n<script type=\"application\/ld+json\" class=\"yoast-schema-graph\">{\"@context\":\"https:\/\/schema.org\",\"@graph\":[{\"@type\":\"Article\",\"@id\":\"https:\/\/portaltela.pt\/noticias\/2026\/03\/16\/quaresma-rui-borges-treina-central-para-jogar-com-colega-perto-da-marca-especial\/#article\",\"isPartOf\":{\"@id\":\"https:\/\/portaltela.pt\/noticias\/2026\/03\/16\/quaresma-rui-borges-treina-central-para-jogar-com-colega-perto-da-marca-especial\/\"},\"author\":{\"name\":\"Telinha\",\"@id\":\"https:\/\/portaltela.pt\/#\/schema\/person\/c4278d4a6028830caff9ee44b42d32ed\"},\"headline\":\"Quaresma: Rui Borges treina central para jogar com colega perto da marca especial\",\"datePublished\":\"2026-03-16T07:00:00+00:00\",\"mainEntityOfPage\":{\"@id\":\"https:\/\/portaltela.pt\/noticias\/2026\/03\/16\/quaresma-rui-borges-treina-central-para-jogar-com-colega-perto-da-marca-especial\/\"},\"wordCount\":169,\"image\":{\"@id\":\"https:\/\/portaltela.pt\/noticias\/2026\/03\/16\/quaresma-rui-borges-treina-central-para-jogar-com-colega-perto-da-marca-especial\/#primaryimage\"},\"thumbnailUrl\":\"https:\/\/portaltela.pt\/s.01k8rhncp4jt1\/2026\/03\/img_1200x721uu2026-03-15-18-34-13-2427191.jpg\",\"keywords\":[\"1.\u00aa Liga\",\"Eduardo Quaresma\",\"futebol\",\"jogo\",\"Quaresma\",\"Sporting\"],\"articleSection\":[\"Desporto\",\"Futebol\"],\"inLanguage\":\"pt-PT\"},{\"@type\":\"WebPage\",\"@id\":\"https:\/\/portaltela.pt\/noticias\/2026\/03\/16\/quaresma-rui-borges-treina-central-para-jogar-com-colega-perto-da-marca-especial\/\",\"url\":\"https:\/\/portaltela.pt\/noticias\/2026\/03\/16\/quaresma-rui-borges-treina-central-para-jogar-com-colega-perto-da-marca-especial\/\",\"name\":\"Quaresma: Rui Borges treina central para jogar com colega perto da marca especial - Portal Tela Portugal\",\"isPartOf\":{\"@id\":\"https:\/\/portaltela.pt\/#website\"},\"primaryImageOfPage\":{\"@id\":\"https:\/\/portaltela.pt\/noticias\/2026\/03\/16\/quaresma-rui-borges-treina-central-para-jogar-com-colega-perto-da-marca-especial\/#primaryimage\"},\"image\":{\"@id\":\"https:\/\/portaltela.pt\/noticias\/2026\/03\/16\/quaresma-rui-borges-treina-central-para-jogar-com-colega-perto-da-marca-especial\/#primaryimage\"},\"thumbnailUrl\":\"https:\/\/portaltela.pt\/s.01k8rhncp4jt1\/2026\/03\/img_1200x721uu2026-03-15-18-34-13-2427191.jpg\",\"datePublished\":\"2026-03-16T07:00:00+00:00\",\"author\":{\"@id\":\"https:\/\/portaltela.pt\/#\/schema\/person\/c4278d4a6028830caff9ee44b42d32ed\"},\"breadcrumb\":{\"@id\":\"https:\/\/portaltela.pt\/noticias\/2026\/03\/16\/quaresma-rui-borges-treina-central-para-jogar-com-colega-perto-da-marca-especial\/#breadcrumb\"},\"inLanguage\":\"pt-PT\",\"potentialAction\":[{\"@type\":\"ReadAction\",\"target\":[\"https:\/\/portaltela.pt\/noticias\/2026\/03\/16\/quaresma-rui-borges-treina-central-para-jogar-com-colega-perto-da-marca-especial\/\"]}]},{\"@type\":\"ImageObject\",\"inLanguage\":\"pt-PT\",\"@id\":\"https:\/\/portaltela.pt\/noticias\/2026\/03\/16\/quaresma-rui-borges-treina-central-para-jogar-com-colega-perto-da-marca-especial\/#primaryimage\",\"url\":\"https:\/\/portaltela.pt\/s.01k8rhncp4jt1\/2026\/03\/img_1200x721uu2026-03-15-18-34-13-2427191.jpg\",\"contentUrl\":\"https:\/\/portaltela.pt\/s.01k8rhncp4jt1\/2026\/03\/img_1200x721uu2026-03-15-18-34-13-2427191.jpg\",\"width\":796,\"height\":448,\"caption\":\"A\u00ed vem ele! Quaresma soma cinco jogos na atual edi\u00e7\u00e3o da Champions, tr\u00eas como titular\"},{\"@type\":\"BreadcrumbList\",\"@id\":\"https:\/\/portaltela.pt\/noticias\/2026\/03\/16\/quaresma-rui-borges-treina-central-para-jogar-com-colega-perto-da-marca-especial\/#breadcrumb\",\"itemListElement\":[{\"@type\":\"ListItem\",\"position\":1,\"name\":\"In\u00edcio\",\"item\":\"https:\/\/portaltela.pt\/\"},{\"@type\":\"ListItem\",\"position\":2,\"name\":\"Quaresma: Rui Borges treina central para jogar com colega perto da marca especial\"}]},{\"@type\":\"WebSite\",\"@id\":\"https:\/\/portaltela.pt\/#website\",\"url\":\"https:\/\/portaltela.pt\/\",\"name\":\"Portal Tela Portugal\",\"description\":\"\",\"potentialAction\":[{\"@type\":\"SearchAction\",\"target\":{\"@type\":\"EntryPoint\",\"urlTemplate\":\"https:\/\/portaltela.pt\/?s={search_term_string}\"},\"query-input\":{\"@type\":\"PropertyValueSpecification\",\"valueRequired\":true,\"valueName\":\"search_term_string\"}}],\"inLanguage\":\"pt-PT\"},{\"@type\":\"Person\",\"@id\":\"https:\/\/portaltela.pt\/#\/schema\/person\/c4278d4a6028830caff9ee44b42d32ed\",\"name\":\"Telinha\",\"image\":{\"@type\":\"ImageObject\",\"inLanguage\":\"pt-PT\",\"@id\":\"https:\/\/portaltela.pt\/s.01k8rhncp4jt1\/2025\/11\/talking-bot-125x125.png\",\"url\":\"https:\/\/portaltela.pt\/s.01k8rhncp4jt1\/2025\/11\/talking-bot-125x125.png\",\"contentUrl\":\"https:\/\/portaltela.pt\/s.01k8rhncp4jt1\/2025\/11\/talking-bot-125x125.png\",\"caption\":\"Telinha\"},\"sameAs\":[\"https:\/\/portaltela.pt\/\"],\"url\":\"https:\/\/portaltela.pt\/por\/367410592786\/\"}]}<\/script>\n<!-- \/ Yoast SEO plugin. -->","yoast_head_json":{"title":"Quaresma: Rui Borges treina central para jogar com colega perto da marca especial - Portal Tela Portugal","robots":{"index":"index","follow":"follow","max-snippet":"max-snippet:-1","max-image-preview":"max-image-preview:large","max-video-preview":"max-video-preview:-1"},"og_locale":"pt_PT","og_type":"article","og_title":"Quaresma: Rui Borges treina central para jogar com colega perto da marca especial - Portal Tela Portugal","og_description":"Rui Borges prepara altera\u00e7\u00f5es no onze para a rece\u00e7\u00e3o ao Bodo\/Glimt, ter\u00e7a-feira, \u00e0s 17h45. Eduardo Quaresma, central de 24 anos, dever\u00e1 ocupar a vaga de Diomande no eixo defensivo. A mudan\u00e7a tem mais de estrat\u00e9gia do que f\u00edsica, visando melhorar a constru\u00e7\u00e3o e a progress\u00e3o. Regressam Maxi Ara\u00fajo e Pote ao onze do Sporting, ap\u00f3s cumprirem castigos. A not\u00edcia, avan\u00e7ada pelo Record, indica ainda outras altera\u00e7\u00f5es no alinhamento al\u00e9m destas.","og_url":"https:\/\/portaltela.pt\/noticias\/2026\/03\/16\/quaresma-rui-borges-treina-central-para-jogar-com-colega-perto-da-marca-especial\/","og_site_name":"Portal Tela Portugal","article_published_time":"2026-03-16T07:00:00+00:00","author":"Telinha","twitter_card":"summary_large_image","twitter_misc":{"Escrito por":"Telinha","Tempo estimado de leitura":"1 minuto"},"schema":{"@context":"https:\/\/schema.org","@graph":[{"@type":"Article","@id":"https:\/\/portaltela.pt\/noticias\/2026\/03\/16\/quaresma-rui-borges-treina-central-para-jogar-com-colega-perto-da-marca-especial\/#article","isPartOf":{"@id":"https:\/\/portaltela.pt\/noticias\/2026\/03\/16\/quaresma-rui-borges-treina-central-para-jogar-com-colega-perto-da-marca-especial\/"},"author":{"name":"Telinha","@id":"https:\/\/portaltela.pt\/#\/schema\/person\/c4278d4a6028830caff9ee44b42d32ed"},"headline":"Quaresma: Rui Borges treina central para jogar com colega perto da marca especial","datePublished":"2026-03-16T07:00:00+00:00","mainEntityOfPage":{"@id":"https:\/\/portaltela.pt\/noticias\/2026\/03\/16\/quaresma-rui-borges-treina-central-para-jogar-com-colega-perto-da-marca-especial\/"},"wordCount":169,"image":{"@id":"https:\/\/portaltela.pt\/noticias\/2026\/03\/16\/quaresma-rui-borges-treina-central-para-jogar-com-colega-perto-da-marca-especial\/#primaryimage"},"thumbnailUrl":"https:\/\/portaltela.pt\/s.01k8rhncp4jt1\/2026\/03\/img_1200x721uu2026-03-15-18-34-13-2427191.jpg","keywords":["1.\u00aa Liga","Eduardo Quaresma","futebol","jogo","Quaresma","Sporting"],"articleSection":["Desporto","Futebol"],"inLanguage":"pt-PT"},{"@type":"WebPage","@id":"https:\/\/portaltela.pt\/noticias\/2026\/03\/16\/quaresma-rui-borges-treina-central-para-jogar-com-colega-perto-da-marca-especial\/","url":"https:\/\/portaltela.pt\/noticias\/2026\/03\/16\/quaresma-rui-borges-treina-central-para-jogar-com-colega-perto-da-marca-especial\/","name":"Quaresma: Rui Borges treina central para jogar com colega perto da marca especial - Portal Tela Portugal","isPartOf":{"@id":"https:\/\/portaltela.pt\/#website"},"primaryImageOfPage":{"@id":"https:\/\/portaltela.pt\/noticias\/2026\/03\/16\/quaresma-rui-borges-treina-central-para-jogar-com-colega-perto-da-marca-especial\/#primaryimage"},"image":{"@id":"https:\/\/portaltela.pt\/noticias\/2026\/03\/16\/quaresma-rui-borges-treina-central-para-jogar-com-colega-perto-da-marca-especial\/#primaryimage"},"thumbnailUrl":"https:\/\/portaltela.pt\/s.01k8rhncp4jt1\/2026\/03\/img_1200x721uu2026-03-15-18-34-13-2427191.jpg","datePublished":"2026-03-16T07:00:00+00:00","author":{"@id":"https:\/\/portaltela.pt\/#\/schema\/person\/c4278d4a6028830caff9ee44b42d32ed"},"breadcrumb":{"@id":"https:\/\/portaltela.pt\/noticias\/2026\/03\/16\/quaresma-rui-borges-treina-central-para-jogar-com-colega-perto-da-marca-especial\/#breadcrumb"},"inLanguage":"pt-PT","potentialAction":[{"@type":"ReadAction","target":["https:\/\/portaltela.pt\/noticias\/2026\/03\/16\/quaresma-rui-borges-treina-central-para-jogar-com-colega-perto-da-marca-especial\/"]}]},{"@type":"ImageObject","inLanguage":"pt-PT","@id":"https:\/\/portaltela.pt\/noticias\/2026\/03\/16\/quaresma-rui-borges-treina-central-para-jogar-com-colega-perto-da-marca-especial\/#primaryimage","url":"https:\/\/portaltela.pt\/s.01k8rhncp4jt1\/2026\/03\/img_1200x721uu2026-03-15-18-34-13-2427191.jpg","contentUrl":"https:\/\/portaltela.pt\/s.01k8rhncp4jt1\/2026\/03\/img_1200x721uu2026-03-15-18-34-13-2427191.jpg","width":796,"height":448,"caption":"A\u00ed vem ele! Quaresma soma cinco jogos na atual edi\u00e7\u00e3o da Champions, tr\u00eas como titular"},{"@type":"BreadcrumbList","@id":"https:\/\/portaltela.pt\/noticias\/2026\/03\/16\/quaresma-rui-borges-treina-central-para-jogar-com-colega-perto-da-marca-especial\/#breadcrumb","itemListElement":[{"@type":"ListItem","position":1,"name":"In\u00edcio","item":"https:\/\/portaltela.pt\/"},{"@type":"ListItem","position":2,"name":"Quaresma: Rui Borges treina central para jogar com colega perto da marca especial"}]},{"@type":"WebSite","@id":"https:\/\/portaltela.pt\/#website","url":"https:\/\/portaltela.pt\/","name":"Portal Tela Portugal","description":"","potentialAction":[{"@type":"SearchAction","target":{"@type":"EntryPoint","urlTemplate":"https:\/\/portaltela.pt\/?s={search_term_string}"},"query-input":{"@type":"PropertyValueSpecification","valueRequired":true,"valueName":"search_term_string"}}],"inLanguage":"pt-PT"},{"@type":"Person","@id":"https:\/\/portaltela.pt\/#\/schema\/person\/c4278d4a6028830caff9ee44b42d32ed","name":"Telinha","image":{"@type":"ImageObject","inLanguage":"pt-PT","@id":"https:\/\/portaltela.pt\/s.01k8rhncp4jt1\/2025\/11\/talking-bot-125x125.png","url":"https:\/\/portaltela.pt\/s.01k8rhncp4jt1\/2025\/11\/talking-bot-125x125.png","contentUrl":"https:\/\/portaltela.pt\/s.01k8rhncp4jt1\/2025\/11\/talking-bot-125x125.png","caption":"Telinha"},"sameAs":["https:\/\/portaltela.pt\/"],"url":"https:\/\/portaltela.pt\/por\/367410592786\/"}]}},"_links":{"self":[{"href":"https:\/\/portaltela.pt\/api\/wp\/v2\/posts\/411525","targetHints":{"allow":["GET"]}}],"collection":[{"href":"https:\/\/portaltela.pt\/api\/wp\/v2\/posts"}],"about":[{"href":"https:\/\/portaltela.pt\/api\/wp\/v2\/types\/post"}],"author":[{"embeddable":true,"href":"https:\/\/portaltela.pt\/api\/wp\/v2\/users\/2"}],"replies":[{"embeddable":true,"href":"https:\/\/portaltela.pt\/api\/wp\/v2\/comments?post=411525"}],"version-history":[{"count":0,"href":"https:\/\/portaltela.pt\/api\/wp\/v2\/posts\/411525\/revisions"}],"wp:featuredmedia":[{"embeddable":true,"href":"https:\/\/portaltela.pt\/api\/wp\/v2\/media\/411527"}],"wp:attachment":[{"href":"https:\/\/portaltela.pt\/api\/wp\/v2\/media?parent=411525"}],"wp:term":[{"taxonomy":"category","embeddable":true,"href":"https:\/\/portaltela.pt\/api\/wp\/v2\/categories?post=411525"},{"taxonomy":"post_tag","embeddable":true,"href":"https:\/\/portaltela.pt\/api\/wp\/v2\/tags?post=411525"}],"curies":[{"name":"wp","href":"https:\/\/api.w.org\/{rel}","templated":true}]}}