{"id":411492,"date":"2026-03-16T02:32:01","date_gmt":"2026-03-16T05:32:01","guid":{"rendered":"https:\/\/portaltela.pt\/noticias\/2026\/03\/16\/peter-magyar-ultimos-desenvolvimentos-na-noticia\/"},"modified":"2026-03-16T02:32:01","modified_gmt":"2026-03-16T05:32:01","slug":"peter-magyar-ultimos-desenvolvimentos-na-noticia","status":"publish","type":"post","link":"https:\/\/portaltela.pt\/internacionais\/2026\/03\/16\/peter-magyar-ultimos-desenvolvimentos-na-noticia\/","title":{"rendered":"P\u00e9ter Magyar: \u00faltimos desenvolvimentos na not\u00edcia"},"content":{"rendered":"<p>P\u00e9ter Magyar e Viktor Orb\u00e1n trocaram acusa\u00e7\u00f5es m\u00fatuas de servirem interesses estrangeiros durante as celebra\u00e7\u00f5es do Dia Nacional da Hungria, em 15 de mar\u00e7o de 2026. O di\u00e1logo p\u00fablico ocorreu em contexto de campanha e discurso pol\u00edtico, elevando o tom entre ambos os protagonistas.<\/p>\n<p>Magyar afirmou que Orb\u00e1n pretende olhos de outros pa\u00edses sobre a Hungria, sugerindo inger\u00eancia externa. O presidente do governo, por sua vez, respondeu que as cr\u00edticas visam desviar a aten\u00e7\u00e3o de quest\u00f5es nacionais, mantendo o foco na agenda do governo.<\/p>\n<p>No mesmo per\u00edodo, o partido de Viktor Orb\u00e1n lan\u00e7ou um v\u00eddeo de campanha utilizado com tecnologia de IA, alegadamente para ilustrar uma execu\u00e7\u00e3o. A pe\u00e7a gerou controv\u00e9rsia entre apoiantes e oponentes, aumentando a tens\u00e3o medi\u00e1tica.<\/p>\n<p>P\u00e9 ter Magyar participou em eventos p\u00fablicos em Budapeste, incluindo um balan\u00e7o anual do partido TISZA, em fevereiro de 2026, onde reiterou a necessidade de escolhas pol\u00edticas alinhadas com a soberania nacional. Os ataques cruzados ficaram associados \u00e0s estrat\u00e9gias eleitorais.<\/p>\n<p>A divulga\u00e7\u00e3o de declara\u00e7\u00f5es de Magyar sobre votar no Fidesz para evitar a vigil\u00e2ncia de Orb\u00e1n consolidou o tom partisano da disputa. O Gabinete de Comunica\u00e7\u00e3o de ambos n\u00e3o confirmou nem desmentiu oficialmente cada alega\u00e7\u00e3o, mantendo o debate no terreno pol\u00edtico.<\/p>\n<h3>Desdobramentos da disputa<\/h3>\n<p>Elementos da atua\u00e7\u00e3o p\u00fablica de Magyar e Orb\u00e1n aparecem a confluir na narrativa do Dia Nacional, com impacto nas percep\u00e7\u00f5es sobre a integridade institucional. A cobertura medi\u00e1tica acompanha as rea\u00e7\u00f5es de diferentes quadrantes pol\u00edticos.<\/p>\n","protected":false},"excerpt":{"rendered":"<ul>\n<li>No Dia Nacional da Hungria, P\u00e9ter Magyar e Viktor Orb\u00e1n trocaram acusa\u00e7\u00f5es m\u00fatuas de servirem interesses estrangeiros.<\/li>\n<li>A troca de acusa\u00e7\u00f5es ocorreu entre as interven\u00e7\u00f5es dos dois no discurso p\u00fablico durante as celebra\u00e7\u00f5es nacionais.<\/li>\n<li>O partido de Viktor Orb\u00e1n lan\u00e7ou uma campanha com um v\u00eddeo de IA que apresenta uma execu\u00e7\u00e3o.<\/li>\n<li>P\u00e9ter Magyar disse: \u00abVotem no Fidesz se quiserem ser espiados por Orb\u00e1n\u00bb.<\/li>\n<li>A refer\u00eancia a P\u00e9ter Magyar aparece durante o balan\u00e7o anual do partido TISZA, realizado em Budapeste a 15 de fevereiro de 2026.<\/li>\n<\/ul>\n","protected":false},"author":2,"featured_media":411494,"comment_status":"closed","ping_status":"closed","sticky":false,"template":"","format":"standard","meta":{"footnotes":""},"categories":[6912],"tags":[823,2579,6802,5661,2832,5698],"class_list":["post-411492","post","type-post","status-publish","format-standard","has-post-thumbnail","hentry","category-internacionais","tag-campanha","tag-hungria","tag-lideranca","tag-pessoas-publicas","tag-politica","tag-politica-internacional"],"yoast_head":"<!-- This site is optimized with the Yoast SEO plugin v27.2 - https:\/\/yoast.com\/product\/yoast-seo-wordpress\/ -->\n<title>P\u00e9ter Magyar: \u00faltimos desenvolvimentos na not\u00edcia - Portal Tela Portugal<\/title>\n<meta name=\"robots\" content=\"index, follow, max-snippet:-1, max-image-preview:large, max-video-preview:-1\" \/>\n<meta property=\"og:locale\" content=\"pt_PT\" \/>\n<meta property=\"og:type\" content=\"article\" \/>\n<meta property=\"og:title\" content=\"P\u00e9ter Magyar: \u00faltimos desenvolvimentos na not\u00edcia - Portal Tela Portugal\" \/>\n<meta property=\"og:description\" content=\"No Dia Nacional da Hungria, P\u00e9ter Magyar e Viktor Orb\u00e1n trocaram acusa\u00e7\u00f5es m\u00fatuas de servirem interesses estrangeiros. A troca de acusa\u00e7\u00f5es ocorreu entre as interven\u00e7\u00f5es dos dois no discurso p\u00fablico durante as celebra\u00e7\u00f5es nacionais. O partido de Viktor Orb\u00e1n lan\u00e7ou uma campanha com um v\u00eddeo de IA que apresenta uma execu\u00e7\u00e3o. P\u00e9ter Magyar disse: \u00abVotem no Fidesz se quiserem ser espiados por Orb\u00e1n\u00bb. A refer\u00eancia a P\u00e9ter Magyar aparece durante o balan\u00e7o anual do partido TISZA, realizado em Budapeste a 15 de fevereiro de 2026.\" \/>\n<meta property=\"og:url\" content=\"https:\/\/portaltela.pt\/noticias\/2026\/03\/16\/peter-magyar-ultimos-desenvolvimentos-na-noticia\/\" \/>\n<meta property=\"og:site_name\" content=\"Portal Tela Portugal\" \/>\n<meta property=\"article:published_time\" content=\"2026-03-16T05:32:01+00:00\" \/>\n<meta name=\"author\" content=\"Telinha\" \/>\n<meta name=\"twitter:card\" content=\"summary_large_image\" \/>\n<meta name=\"twitter:label1\" content=\"Escrito por\" \/>\n\t<meta name=\"twitter:data1\" content=\"Telinha\" \/>\n\t<meta name=\"twitter:label2\" content=\"Tempo estimado de leitura\" \/>\n\t<meta name=\"twitter:data2\" content=\"1 minuto\" \/>\n<script type=\"application\/ld+json\" class=\"yoast-schema-graph\">{\"@context\":\"https:\/\/schema.org\",\"@graph\":[{\"@type\":\"Article\",\"@id\":\"https:\/\/portaltela.pt\/noticias\/2026\/03\/16\/peter-magyar-ultimos-desenvolvimentos-na-noticia\/#article\",\"isPartOf\":{\"@id\":\"https:\/\/portaltela.pt\/noticias\/2026\/03\/16\/peter-magyar-ultimos-desenvolvimentos-na-noticia\/\"},\"author\":{\"name\":\"Telinha\",\"@id\":\"https:\/\/portaltela.pt\/#\/schema\/person\/c4278d4a6028830caff9ee44b42d32ed\"},\"headline\":\"P\u00e9ter Magyar: \u00faltimos desenvolvimentos na not\u00edcia\",\"datePublished\":\"2026-03-16T05:32:01+00:00\",\"mainEntityOfPage\":{\"@id\":\"https:\/\/portaltela.pt\/noticias\/2026\/03\/16\/peter-magyar-ultimos-desenvolvimentos-na-noticia\/\"},\"wordCount\":285,\"image\":{\"@id\":\"https:\/\/portaltela.pt\/noticias\/2026\/03\/16\/peter-magyar-ultimos-desenvolvimentos-na-noticia\/#primaryimage\"},\"thumbnailUrl\":\"https:\/\/portaltela.pt\/s.01k8rhncp4jt1\/2026\/03\/320x180_cmsv2_3b2d7cc7-24a4-563d-a590-630083c5485e-9686562.jpg\",\"keywords\":[\"campanha\",\"Hungria\",\"lideran\u00e7a\",\"pessoas p\u00fablicas\",\"pol\u00edtica\",\"pol\u00edtica internacional\"],\"articleSection\":[\"Internacionais\"],\"inLanguage\":\"pt-PT\"},{\"@type\":\"WebPage\",\"@id\":\"https:\/\/portaltela.pt\/noticias\/2026\/03\/16\/peter-magyar-ultimos-desenvolvimentos-na-noticia\/\",\"url\":\"https:\/\/portaltela.pt\/noticias\/2026\/03\/16\/peter-magyar-ultimos-desenvolvimentos-na-noticia\/\",\"name\":\"P\u00e9ter Magyar: \u00faltimos desenvolvimentos na not\u00edcia - Portal Tela Portugal\",\"isPartOf\":{\"@id\":\"https:\/\/portaltela.pt\/#website\"},\"primaryImageOfPage\":{\"@id\":\"https:\/\/portaltela.pt\/noticias\/2026\/03\/16\/peter-magyar-ultimos-desenvolvimentos-na-noticia\/#primaryimage\"},\"image\":{\"@id\":\"https:\/\/portaltela.pt\/noticias\/2026\/03\/16\/peter-magyar-ultimos-desenvolvimentos-na-noticia\/#primaryimage\"},\"thumbnailUrl\":\"https:\/\/portaltela.pt\/s.01k8rhncp4jt1\/2026\/03\/320x180_cmsv2_3b2d7cc7-24a4-563d-a590-630083c5485e-9686562.jpg\",\"datePublished\":\"2026-03-16T05:32:01+00:00\",\"author\":{\"@id\":\"https:\/\/portaltela.pt\/#\/schema\/person\/c4278d4a6028830caff9ee44b42d32ed\"},\"breadcrumb\":{\"@id\":\"https:\/\/portaltela.pt\/noticias\/2026\/03\/16\/peter-magyar-ultimos-desenvolvimentos-na-noticia\/#breadcrumb\"},\"inLanguage\":\"pt-PT\",\"potentialAction\":[{\"@type\":\"ReadAction\",\"target\":[\"https:\/\/portaltela.pt\/noticias\/2026\/03\/16\/peter-magyar-ultimos-desenvolvimentos-na-noticia\/\"]}]},{\"@type\":\"ImageObject\",\"inLanguage\":\"pt-PT\",\"@id\":\"https:\/\/portaltela.pt\/noticias\/2026\/03\/16\/peter-magyar-ultimos-desenvolvimentos-na-noticia\/#primaryimage\",\"url\":\"https:\/\/portaltela.pt\/s.01k8rhncp4jt1\/2026\/03\/320x180_cmsv2_3b2d7cc7-24a4-563d-a590-630083c5485e-9686562.jpg\",\"contentUrl\":\"https:\/\/portaltela.pt\/s.01k8rhncp4jt1\/2026\/03\/320x180_cmsv2_3b2d7cc7-24a4-563d-a590-630083c5485e-9686562.jpg\",\"width\":796,\"height\":448,\"caption\":\"P\u00e9ter Magyar e Viktor Orb\u00e1n em palco, 15.03.2026\"},{\"@type\":\"BreadcrumbList\",\"@id\":\"https:\/\/portaltela.pt\/noticias\/2026\/03\/16\/peter-magyar-ultimos-desenvolvimentos-na-noticia\/#breadcrumb\",\"itemListElement\":[{\"@type\":\"ListItem\",\"position\":1,\"name\":\"In\u00edcio\",\"item\":\"https:\/\/portaltela.pt\/\"},{\"@type\":\"ListItem\",\"position\":2,\"name\":\"P\u00e9ter Magyar: \u00faltimos desenvolvimentos na not\u00edcia\"}]},{\"@type\":\"WebSite\",\"@id\":\"https:\/\/portaltela.pt\/#website\",\"url\":\"https:\/\/portaltela.pt\/\",\"name\":\"Portal Tela Portugal\",\"description\":\"\",\"potentialAction\":[{\"@type\":\"SearchAction\",\"target\":{\"@type\":\"EntryPoint\",\"urlTemplate\":\"https:\/\/portaltela.pt\/?s={search_term_string}\"},\"query-input\":{\"@type\":\"PropertyValueSpecification\",\"valueRequired\":true,\"valueName\":\"search_term_string\"}}],\"inLanguage\":\"pt-PT\"},{\"@type\":\"Person\",\"@id\":\"https:\/\/portaltela.pt\/#\/schema\/person\/c4278d4a6028830caff9ee44b42d32ed\",\"name\":\"Telinha\",\"image\":{\"@type\":\"ImageObject\",\"inLanguage\":\"pt-PT\",\"@id\":\"https:\/\/portaltela.pt\/s.01k8rhncp4jt1\/2025\/11\/talking-bot-125x125.png\",\"url\":\"https:\/\/portaltela.pt\/s.01k8rhncp4jt1\/2025\/11\/talking-bot-125x125.png\",\"contentUrl\":\"https:\/\/portaltela.pt\/s.01k8rhncp4jt1\/2025\/11\/talking-bot-125x125.png\",\"caption\":\"Telinha\"},\"sameAs\":[\"https:\/\/portaltela.pt\/\"],\"url\":\"https:\/\/portaltela.pt\/por\/367410592786\/\"}]}<\/script>\n<!-- \/ Yoast SEO plugin. -->","yoast_head_json":{"title":"P\u00e9ter Magyar: \u00faltimos desenvolvimentos na not\u00edcia - Portal Tela Portugal","robots":{"index":"index","follow":"follow","max-snippet":"max-snippet:-1","max-image-preview":"max-image-preview:large","max-video-preview":"max-video-preview:-1"},"og_locale":"pt_PT","og_type":"article","og_title":"P\u00e9ter Magyar: \u00faltimos desenvolvimentos na not\u00edcia - Portal Tela Portugal","og_description":"No Dia Nacional da Hungria, P\u00e9ter Magyar e Viktor Orb\u00e1n trocaram acusa\u00e7\u00f5es m\u00fatuas de servirem interesses estrangeiros. A troca de acusa\u00e7\u00f5es ocorreu entre as interven\u00e7\u00f5es dos dois no discurso p\u00fablico durante as celebra\u00e7\u00f5es nacionais. O partido de Viktor Orb\u00e1n lan\u00e7ou uma campanha com um v\u00eddeo de IA que apresenta uma execu\u00e7\u00e3o. P\u00e9ter Magyar disse: \u00abVotem no Fidesz se quiserem ser espiados por Orb\u00e1n\u00bb. A refer\u00eancia a P\u00e9ter Magyar aparece durante o balan\u00e7o anual do partido TISZA, realizado em Budapeste a 15 de fevereiro de 2026.","og_url":"https:\/\/portaltela.pt\/noticias\/2026\/03\/16\/peter-magyar-ultimos-desenvolvimentos-na-noticia\/","og_site_name":"Portal Tela Portugal","article_published_time":"2026-03-16T05:32:01+00:00","author":"Telinha","twitter_card":"summary_large_image","twitter_misc":{"Escrito por":"Telinha","Tempo estimado de leitura":"1 minuto"},"schema":{"@context":"https:\/\/schema.org","@graph":[{"@type":"Article","@id":"https:\/\/portaltela.pt\/noticias\/2026\/03\/16\/peter-magyar-ultimos-desenvolvimentos-na-noticia\/#article","isPartOf":{"@id":"https:\/\/portaltela.pt\/noticias\/2026\/03\/16\/peter-magyar-ultimos-desenvolvimentos-na-noticia\/"},"author":{"name":"Telinha","@id":"https:\/\/portaltela.pt\/#\/schema\/person\/c4278d4a6028830caff9ee44b42d32ed"},"headline":"P\u00e9ter Magyar: \u00faltimos desenvolvimentos na not\u00edcia","datePublished":"2026-03-16T05:32:01+00:00","mainEntityOfPage":{"@id":"https:\/\/portaltela.pt\/noticias\/2026\/03\/16\/peter-magyar-ultimos-desenvolvimentos-na-noticia\/"},"wordCount":285,"image":{"@id":"https:\/\/portaltela.pt\/noticias\/2026\/03\/16\/peter-magyar-ultimos-desenvolvimentos-na-noticia\/#primaryimage"},"thumbnailUrl":"https:\/\/portaltela.pt\/s.01k8rhncp4jt1\/2026\/03\/320x180_cmsv2_3b2d7cc7-24a4-563d-a590-630083c5485e-9686562.jpg","keywords":["campanha","Hungria","lideran\u00e7a","pessoas p\u00fablicas","pol\u00edtica","pol\u00edtica internacional"],"articleSection":["Internacionais"],"inLanguage":"pt-PT"},{"@type":"WebPage","@id":"https:\/\/portaltela.pt\/noticias\/2026\/03\/16\/peter-magyar-ultimos-desenvolvimentos-na-noticia\/","url":"https:\/\/portaltela.pt\/noticias\/2026\/03\/16\/peter-magyar-ultimos-desenvolvimentos-na-noticia\/","name":"P\u00e9ter Magyar: \u00faltimos desenvolvimentos na not\u00edcia - Portal Tela Portugal","isPartOf":{"@id":"https:\/\/portaltela.pt\/#website"},"primaryImageOfPage":{"@id":"https:\/\/portaltela.pt\/noticias\/2026\/03\/16\/peter-magyar-ultimos-desenvolvimentos-na-noticia\/#primaryimage"},"image":{"@id":"https:\/\/portaltela.pt\/noticias\/2026\/03\/16\/peter-magyar-ultimos-desenvolvimentos-na-noticia\/#primaryimage"},"thumbnailUrl":"https:\/\/portaltela.pt\/s.01k8rhncp4jt1\/2026\/03\/320x180_cmsv2_3b2d7cc7-24a4-563d-a590-630083c5485e-9686562.jpg","datePublished":"2026-03-16T05:32:01+00:00","author":{"@id":"https:\/\/portaltela.pt\/#\/schema\/person\/c4278d4a6028830caff9ee44b42d32ed"},"breadcrumb":{"@id":"https:\/\/portaltela.pt\/noticias\/2026\/03\/16\/peter-magyar-ultimos-desenvolvimentos-na-noticia\/#breadcrumb"},"inLanguage":"pt-PT","potentialAction":[{"@type":"ReadAction","target":["https:\/\/portaltela.pt\/noticias\/2026\/03\/16\/peter-magyar-ultimos-desenvolvimentos-na-noticia\/"]}]},{"@type":"ImageObject","inLanguage":"pt-PT","@id":"https:\/\/portaltela.pt\/noticias\/2026\/03\/16\/peter-magyar-ultimos-desenvolvimentos-na-noticia\/#primaryimage","url":"https:\/\/portaltela.pt\/s.01k8rhncp4jt1\/2026\/03\/320x180_cmsv2_3b2d7cc7-24a4-563d-a590-630083c5485e-9686562.jpg","contentUrl":"https:\/\/portaltela.pt\/s.01k8rhncp4jt1\/2026\/03\/320x180_cmsv2_3b2d7cc7-24a4-563d-a590-630083c5485e-9686562.jpg","width":796,"height":448,"caption":"P\u00e9ter Magyar e Viktor Orb\u00e1n em palco, 15.03.2026"},{"@type":"BreadcrumbList","@id":"https:\/\/portaltela.pt\/noticias\/2026\/03\/16\/peter-magyar-ultimos-desenvolvimentos-na-noticia\/#breadcrumb","itemListElement":[{"@type":"ListItem","position":1,"name":"In\u00edcio","item":"https:\/\/portaltela.pt\/"},{"@type":"ListItem","position":2,"name":"P\u00e9ter Magyar: \u00faltimos desenvolvimentos na not\u00edcia"}]},{"@type":"WebSite","@id":"https:\/\/portaltela.pt\/#website","url":"https:\/\/portaltela.pt\/","name":"Portal Tela Portugal","description":"","potentialAction":[{"@type":"SearchAction","target":{"@type":"EntryPoint","urlTemplate":"https:\/\/portaltela.pt\/?s={search_term_string}"},"query-input":{"@type":"PropertyValueSpecification","valueRequired":true,"valueName":"search_term_string"}}],"inLanguage":"pt-PT"},{"@type":"Person","@id":"https:\/\/portaltela.pt\/#\/schema\/person\/c4278d4a6028830caff9ee44b42d32ed","name":"Telinha","image":{"@type":"ImageObject","inLanguage":"pt-PT","@id":"https:\/\/portaltela.pt\/s.01k8rhncp4jt1\/2025\/11\/talking-bot-125x125.png","url":"https:\/\/portaltela.pt\/s.01k8rhncp4jt1\/2025\/11\/talking-bot-125x125.png","contentUrl":"https:\/\/portaltela.pt\/s.01k8rhncp4jt1\/2025\/11\/talking-bot-125x125.png","caption":"Telinha"},"sameAs":["https:\/\/portaltela.pt\/"],"url":"https:\/\/portaltela.pt\/por\/367410592786\/"}]}},"_links":{"self":[{"href":"https:\/\/portaltela.pt\/api\/wp\/v2\/posts\/411492","targetHints":{"allow":["GET"]}}],"collection":[{"href":"https:\/\/portaltela.pt\/api\/wp\/v2\/posts"}],"about":[{"href":"https:\/\/portaltela.pt\/api\/wp\/v2\/types\/post"}],"author":[{"embeddable":true,"href":"https:\/\/portaltela.pt\/api\/wp\/v2\/users\/2"}],"replies":[{"embeddable":true,"href":"https:\/\/portaltela.pt\/api\/wp\/v2\/comments?post=411492"}],"version-history":[{"count":0,"href":"https:\/\/portaltela.pt\/api\/wp\/v2\/posts\/411492\/revisions"}],"wp:featuredmedia":[{"embeddable":true,"href":"https:\/\/portaltela.pt\/api\/wp\/v2\/media\/411494"}],"wp:attachment":[{"href":"https:\/\/portaltela.pt\/api\/wp\/v2\/media?parent=411492"}],"wp:term":[{"taxonomy":"category","embeddable":true,"href":"https:\/\/portaltela.pt\/api\/wp\/v2\/categories?post=411492"},{"taxonomy":"post_tag","embeddable":true,"href":"https:\/\/portaltela.pt\/api\/wp\/v2\/tags?post=411492"}],"curies":[{"name":"wp","href":"https:\/\/api.w.org\/{rel}","templated":true}]}}