{"id":411476,"date":"2026-03-16T00:34:00","date_gmt":"2026-03-16T03:34:00","guid":{"rendered":"https:\/\/portaltela.pt\/noticias\/2026\/03\/16\/oscar-de-melhor-filme-vai-para-batalha-atras-de-batalha-de-paul-thomas-anderson\/"},"modified":"2026-03-16T00:34:00","modified_gmt":"2026-03-16T03:34:00","slug":"oscar-de-melhor-filme-vai-para-batalha-atras-de-batalha-de-paul-thomas-anderson","status":"publish","type":"post","link":"https:\/\/portaltela.pt\/noticias\/2026\/03\/16\/oscar-de-melhor-filme-vai-para-batalha-atras-de-batalha-de-paul-thomas-anderson\/","title":{"rendered":"\u00d3scar de Melhor Filme vai para Batalha Atr\u00e1s de Batalha de Paul Thomas Anderson"},"content":{"rendered":"<p>O \u00d3scar de Melhor Filme foi atribu\u00eddo a Batalha Atr\u00e1s de Batalha, dirigido por Paul Thomas Anderson, na 98.\u00aa cerim\u00f4nia da Academia. A entrega ocorreu em Los Angeles, no Dolby Theatre, neste domingo, com apresenta\u00e7\u00e3o de Conan O\u2019Brien. A produ\u00e7\u00e3o venceu numa edi\u00e7\u00e3o dominada por Pecadores, com 16 nomea\u00e7\u00f5es, e Batalha Atr\u00e1s de Batalha, com 13.<\/p>\n<p>A cerim\u00f3nia premiou tamb\u00e9m Batalha Atr\u00e1s de Batalha com o \u00d3scar de Melhor Argumento Adaptado, atribu\u00eddo a Paul Thomas Anderson. O galard\u00e3o refor\u00e7a o protagonismo da longa numa noite em que v\u00e1rias categorias tiveram como destaques a equipa criativa e o elenco.<\/p>\n<p>Primeiro \u00d3scar de Melhor Casting foi atribu\u00eddo a Batalha Atr\u00e1s de Batalha, destacando o trabalho de sele\u00e7\u00e3o de elenco da produ\u00e7\u00e3o. Amy Madigan recebeu o \u00d3scar aos 75 anos, reconhecida por uma personagem que, segundo a cr\u00edtica, soube \u201cagarrar pela garganta\u201d.<\/p>\n<p>Valor Sentimental, de Joachim Trier, venceu o \u00d3scar de Melhor Filme Internacional, acrescentando uma produ\u00e7\u00e3o europeia ao conjunto de reconhecimentos da noite. A cerim\u00f3nia manteve o foco nas obras que marcaram o ano e nas formas de contar hist\u00f3rias no cinema.<\/p>\n","protected":false},"excerpt":{"rendered":"<ul>\n<li>O \u00d3scar de Melhor Filme foi para &#8220;Batalha Atr\u00e1s de Batalha&#8221;, de Paul Thomas Anderson, na 98.\u00aa edi\u00e7\u00e3o dos pr\u00e9mios, em Los Angeles.<\/li>\n<li>A cerim\u00f3nia decorreu no Dolby Theatre e foi apresentada pelo humorista Connan O&#8217;Brian.<\/li>\n<li>Os favoritos da noite eram &#8220;Pecadores&#8221; com 16 nomea\u00e7\u00f5es e &#8220;Batalha Atr\u00e1s de Batalha&#8221; com 13.<\/li>\n<li>&#8220;Batalha Atr\u00e1s de Batalha&#8221; venceu tamb\u00e9m o \u00d3scar de Melhor Argumento Adaptado, com Paul Thomas Anderson a receber o pr\u00e9mio.<\/li>\n<li>Outras vit\u00f3rias inclu\u00edram o primeiro \u00d3scar de Casting para o filme e o \u00d3scar de Filme Internacional para &#8220;Valor Sentimental&#8221;, de Joachim Trier; Amy Madigan ganhou aos 75 anos.<\/li>\n<\/ul>\n","protected":false},"author":2,"featured_media":411479,"comment_status":"closed","ping_status":"closed","sticky":false,"template":"","format":"standard","meta":{"footnotes":""},"categories":[1],"tags":[112,7040,2403,5242,3430,5752],"class_list":["post-411476","post","type-post","status-publish","format-standard","has-post-thumbnail","hentry","category-noticias","tag-cinema","tag-cinema-internacional","tag-elenco","tag-filmes","tag-oscares","tag-premiacoes"],"yoast_head":"<!-- This site is optimized with the Yoast SEO plugin v27.2 - https:\/\/yoast.com\/product\/yoast-seo-wordpress\/ -->\n<title>\u00d3scar de Melhor Filme vai para Batalha Atr\u00e1s de Batalha de Paul Thomas Anderson - Portal Tela Portugal<\/title>\n<meta name=\"robots\" content=\"index, follow, max-snippet:-1, max-image-preview:large, max-video-preview:-1\" \/>\n<meta property=\"og:locale\" content=\"pt_PT\" \/>\n<meta property=\"og:type\" content=\"article\" \/>\n<meta property=\"og:title\" content=\"\u00d3scar de Melhor Filme vai para Batalha Atr\u00e1s de Batalha de Paul Thomas Anderson - Portal Tela Portugal\" \/>\n<meta property=\"og:description\" content=\"O \u00d3scar de Melhor Filme foi para &quot;Batalha Atr\u00e1s de Batalha&quot;, de Paul Thomas Anderson, na 98.\u00aa edi\u00e7\u00e3o dos pr\u00e9mios, em Los Angeles. A cerim\u00f3nia decorreu no Dolby Theatre e foi apresentada pelo humorista Connan O&#039;Brian. Os favoritos da noite eram &quot;Pecadores&quot; com 16 nomea\u00e7\u00f5es e &quot;Batalha Atr\u00e1s de Batalha&quot; com 13. &quot;Batalha Atr\u00e1s de Batalha&quot; venceu tamb\u00e9m o \u00d3scar de Melhor Argumento Adaptado, com Paul Thomas Anderson a receber o pr\u00e9mio. Outras vit\u00f3rias inclu\u00edram o primeiro \u00d3scar de Casting para o filme e o \u00d3scar de Filme Internacional para &quot;Valor Sentimental&quot;, de Joachim Trier; Amy Madigan ganhou aos 75 anos.\" \/>\n<meta property=\"og:url\" content=\"https:\/\/portaltela.pt\/noticias\/2026\/03\/16\/oscar-de-melhor-filme-vai-para-batalha-atras-de-batalha-de-paul-thomas-anderson\/\" \/>\n<meta property=\"og:site_name\" content=\"Portal Tela Portugal\" \/>\n<meta property=\"article:published_time\" content=\"2026-03-16T03:34:00+00:00\" \/>\n<meta name=\"author\" content=\"Telinha\" \/>\n<meta name=\"twitter:card\" content=\"summary_large_image\" \/>\n<meta name=\"twitter:label1\" content=\"Escrito por\" \/>\n\t<meta name=\"twitter:data1\" content=\"Telinha\" \/>\n\t<meta name=\"twitter:label2\" content=\"Tempo estimado de leitura\" \/>\n\t<meta name=\"twitter:data2\" content=\"1 minuto\" \/>\n<script type=\"application\/ld+json\" class=\"yoast-schema-graph\">{\"@context\":\"https:\/\/schema.org\",\"@graph\":[{\"@type\":\"Article\",\"@id\":\"https:\/\/portaltela.pt\/noticias\/2026\/03\/16\/oscar-de-melhor-filme-vai-para-batalha-atras-de-batalha-de-paul-thomas-anderson\/#article\",\"isPartOf\":{\"@id\":\"https:\/\/portaltela.pt\/noticias\/2026\/03\/16\/oscar-de-melhor-filme-vai-para-batalha-atras-de-batalha-de-paul-thomas-anderson\/\"},\"author\":{\"name\":\"Telinha\",\"@id\":\"https:\/\/portaltela.pt\/#\/schema\/person\/c4278d4a6028830caff9ee44b42d32ed\"},\"headline\":\"\u00d3scar de Melhor Filme vai para Batalha Atr\u00e1s de Batalha de Paul Thomas Anderson\",\"datePublished\":\"2026-03-16T03:34:00+00:00\",\"mainEntityOfPage\":{\"@id\":\"https:\/\/portaltela.pt\/noticias\/2026\/03\/16\/oscar-de-melhor-filme-vai-para-batalha-atras-de-batalha-de-paul-thomas-anderson\/\"},\"wordCount\":215,\"image\":{\"@id\":\"https:\/\/portaltela.pt\/noticias\/2026\/03\/16\/oscar-de-melhor-filme-vai-para-batalha-atras-de-batalha-de-paul-thomas-anderson\/#primaryimage\"},\"thumbnailUrl\":\"https:\/\/portaltela.pt\/s.01k8rhncp4jt1\/2026\/03\/img_1280x721uu2026-03-16-02-49-31-2272671.jpg\",\"keywords\":[\"cinema\",\"cinema internacional\",\"Elenco\",\"filmes\",\"\u00d3scares\",\"premia\u00e7\u00f5es\"],\"articleSection\":[\"Not\u00edcias\"],\"inLanguage\":\"pt-PT\"},{\"@type\":\"WebPage\",\"@id\":\"https:\/\/portaltela.pt\/noticias\/2026\/03\/16\/oscar-de-melhor-filme-vai-para-batalha-atras-de-batalha-de-paul-thomas-anderson\/\",\"url\":\"https:\/\/portaltela.pt\/noticias\/2026\/03\/16\/oscar-de-melhor-filme-vai-para-batalha-atras-de-batalha-de-paul-thomas-anderson\/\",\"name\":\"\u00d3scar de Melhor Filme vai para Batalha Atr\u00e1s de Batalha de Paul Thomas Anderson - Portal Tela Portugal\",\"isPartOf\":{\"@id\":\"https:\/\/portaltela.pt\/#website\"},\"primaryImageOfPage\":{\"@id\":\"https:\/\/portaltela.pt\/noticias\/2026\/03\/16\/oscar-de-melhor-filme-vai-para-batalha-atras-de-batalha-de-paul-thomas-anderson\/#primaryimage\"},\"image\":{\"@id\":\"https:\/\/portaltela.pt\/noticias\/2026\/03\/16\/oscar-de-melhor-filme-vai-para-batalha-atras-de-batalha-de-paul-thomas-anderson\/#primaryimage\"},\"thumbnailUrl\":\"https:\/\/portaltela.pt\/s.01k8rhncp4jt1\/2026\/03\/img_1280x721uu2026-03-16-02-49-31-2272671.jpg\",\"datePublished\":\"2026-03-16T03:34:00+00:00\",\"author\":{\"@id\":\"https:\/\/portaltela.pt\/#\/schema\/person\/c4278d4a6028830caff9ee44b42d32ed\"},\"breadcrumb\":{\"@id\":\"https:\/\/portaltela.pt\/noticias\/2026\/03\/16\/oscar-de-melhor-filme-vai-para-batalha-atras-de-batalha-de-paul-thomas-anderson\/#breadcrumb\"},\"inLanguage\":\"pt-PT\",\"potentialAction\":[{\"@type\":\"ReadAction\",\"target\":[\"https:\/\/portaltela.pt\/noticias\/2026\/03\/16\/oscar-de-melhor-filme-vai-para-batalha-atras-de-batalha-de-paul-thomas-anderson\/\"]}]},{\"@type\":\"ImageObject\",\"inLanguage\":\"pt-PT\",\"@id\":\"https:\/\/portaltela.pt\/noticias\/2026\/03\/16\/oscar-de-melhor-filme-vai-para-batalha-atras-de-batalha-de-paul-thomas-anderson\/#primaryimage\",\"url\":\"https:\/\/portaltela.pt\/s.01k8rhncp4jt1\/2026\/03\/img_1280x721uu2026-03-16-02-49-31-2272671.jpg\",\"contentUrl\":\"https:\/\/portaltela.pt\/s.01k8rhncp4jt1\/2026\/03\/img_1280x721uu2026-03-16-02-49-31-2272671.jpg\",\"width\":796,\"height\":448,\"caption\":\"\\\"Batalha Atr\u00e1s de Batalha\\\" vence \u00d3scar de Melhor Filme\"},{\"@type\":\"BreadcrumbList\",\"@id\":\"https:\/\/portaltela.pt\/noticias\/2026\/03\/16\/oscar-de-melhor-filme-vai-para-batalha-atras-de-batalha-de-paul-thomas-anderson\/#breadcrumb\",\"itemListElement\":[{\"@type\":\"ListItem\",\"position\":1,\"name\":\"In\u00edcio\",\"item\":\"https:\/\/portaltela.pt\/\"},{\"@type\":\"ListItem\",\"position\":2,\"name\":\"\u00d3scar de Melhor Filme vai para Batalha Atr\u00e1s de Batalha de Paul Thomas Anderson\"}]},{\"@type\":\"WebSite\",\"@id\":\"https:\/\/portaltela.pt\/#website\",\"url\":\"https:\/\/portaltela.pt\/\",\"name\":\"Portal Tela Portugal\",\"description\":\"\",\"potentialAction\":[{\"@type\":\"SearchAction\",\"target\":{\"@type\":\"EntryPoint\",\"urlTemplate\":\"https:\/\/portaltela.pt\/?s={search_term_string}\"},\"query-input\":{\"@type\":\"PropertyValueSpecification\",\"valueRequired\":true,\"valueName\":\"search_term_string\"}}],\"inLanguage\":\"pt-PT\"},{\"@type\":\"Person\",\"@id\":\"https:\/\/portaltela.pt\/#\/schema\/person\/c4278d4a6028830caff9ee44b42d32ed\",\"name\":\"Telinha\",\"image\":{\"@type\":\"ImageObject\",\"inLanguage\":\"pt-PT\",\"@id\":\"https:\/\/portaltela.pt\/s.01k8rhncp4jt1\/2025\/11\/talking-bot-125x125.png\",\"url\":\"https:\/\/portaltela.pt\/s.01k8rhncp4jt1\/2025\/11\/talking-bot-125x125.png\",\"contentUrl\":\"https:\/\/portaltela.pt\/s.01k8rhncp4jt1\/2025\/11\/talking-bot-125x125.png\",\"caption\":\"Telinha\"},\"sameAs\":[\"https:\/\/portaltela.pt\/\"],\"url\":\"https:\/\/portaltela.pt\/por\/367410592786\/\"}]}<\/script>\n<!-- \/ Yoast SEO plugin. -->","yoast_head_json":{"title":"\u00d3scar de Melhor Filme vai para Batalha Atr\u00e1s de Batalha de Paul Thomas Anderson - Portal Tela Portugal","robots":{"index":"index","follow":"follow","max-snippet":"max-snippet:-1","max-image-preview":"max-image-preview:large","max-video-preview":"max-video-preview:-1"},"og_locale":"pt_PT","og_type":"article","og_title":"\u00d3scar de Melhor Filme vai para Batalha Atr\u00e1s de Batalha de Paul Thomas Anderson - Portal Tela Portugal","og_description":"O \u00d3scar de Melhor Filme foi para \"Batalha Atr\u00e1s de Batalha\", de Paul Thomas Anderson, na 98.\u00aa edi\u00e7\u00e3o dos pr\u00e9mios, em Los Angeles. A cerim\u00f3nia decorreu no Dolby Theatre e foi apresentada pelo humorista Connan O'Brian. Os favoritos da noite eram \"Pecadores\" com 16 nomea\u00e7\u00f5es e \"Batalha Atr\u00e1s de Batalha\" com 13. \"Batalha Atr\u00e1s de Batalha\" venceu tamb\u00e9m o \u00d3scar de Melhor Argumento Adaptado, com Paul Thomas Anderson a receber o pr\u00e9mio. Outras vit\u00f3rias inclu\u00edram o primeiro \u00d3scar de Casting para o filme e o \u00d3scar de Filme Internacional para \"Valor Sentimental\", de Joachim Trier; Amy Madigan ganhou aos 75 anos.","og_url":"https:\/\/portaltela.pt\/noticias\/2026\/03\/16\/oscar-de-melhor-filme-vai-para-batalha-atras-de-batalha-de-paul-thomas-anderson\/","og_site_name":"Portal Tela Portugal","article_published_time":"2026-03-16T03:34:00+00:00","author":"Telinha","twitter_card":"summary_large_image","twitter_misc":{"Escrito por":"Telinha","Tempo estimado de leitura":"1 minuto"},"schema":{"@context":"https:\/\/schema.org","@graph":[{"@type":"Article","@id":"https:\/\/portaltela.pt\/noticias\/2026\/03\/16\/oscar-de-melhor-filme-vai-para-batalha-atras-de-batalha-de-paul-thomas-anderson\/#article","isPartOf":{"@id":"https:\/\/portaltela.pt\/noticias\/2026\/03\/16\/oscar-de-melhor-filme-vai-para-batalha-atras-de-batalha-de-paul-thomas-anderson\/"},"author":{"name":"Telinha","@id":"https:\/\/portaltela.pt\/#\/schema\/person\/c4278d4a6028830caff9ee44b42d32ed"},"headline":"\u00d3scar de Melhor Filme vai para Batalha Atr\u00e1s de Batalha de Paul Thomas Anderson","datePublished":"2026-03-16T03:34:00+00:00","mainEntityOfPage":{"@id":"https:\/\/portaltela.pt\/noticias\/2026\/03\/16\/oscar-de-melhor-filme-vai-para-batalha-atras-de-batalha-de-paul-thomas-anderson\/"},"wordCount":215,"image":{"@id":"https:\/\/portaltela.pt\/noticias\/2026\/03\/16\/oscar-de-melhor-filme-vai-para-batalha-atras-de-batalha-de-paul-thomas-anderson\/#primaryimage"},"thumbnailUrl":"https:\/\/portaltela.pt\/s.01k8rhncp4jt1\/2026\/03\/img_1280x721uu2026-03-16-02-49-31-2272671.jpg","keywords":["cinema","cinema internacional","Elenco","filmes","\u00d3scares","premia\u00e7\u00f5es"],"articleSection":["Not\u00edcias"],"inLanguage":"pt-PT"},{"@type":"WebPage","@id":"https:\/\/portaltela.pt\/noticias\/2026\/03\/16\/oscar-de-melhor-filme-vai-para-batalha-atras-de-batalha-de-paul-thomas-anderson\/","url":"https:\/\/portaltela.pt\/noticias\/2026\/03\/16\/oscar-de-melhor-filme-vai-para-batalha-atras-de-batalha-de-paul-thomas-anderson\/","name":"\u00d3scar de Melhor Filme vai para Batalha Atr\u00e1s de Batalha de Paul Thomas Anderson - Portal Tela Portugal","isPartOf":{"@id":"https:\/\/portaltela.pt\/#website"},"primaryImageOfPage":{"@id":"https:\/\/portaltela.pt\/noticias\/2026\/03\/16\/oscar-de-melhor-filme-vai-para-batalha-atras-de-batalha-de-paul-thomas-anderson\/#primaryimage"},"image":{"@id":"https:\/\/portaltela.pt\/noticias\/2026\/03\/16\/oscar-de-melhor-filme-vai-para-batalha-atras-de-batalha-de-paul-thomas-anderson\/#primaryimage"},"thumbnailUrl":"https:\/\/portaltela.pt\/s.01k8rhncp4jt1\/2026\/03\/img_1280x721uu2026-03-16-02-49-31-2272671.jpg","datePublished":"2026-03-16T03:34:00+00:00","author":{"@id":"https:\/\/portaltela.pt\/#\/schema\/person\/c4278d4a6028830caff9ee44b42d32ed"},"breadcrumb":{"@id":"https:\/\/portaltela.pt\/noticias\/2026\/03\/16\/oscar-de-melhor-filme-vai-para-batalha-atras-de-batalha-de-paul-thomas-anderson\/#breadcrumb"},"inLanguage":"pt-PT","potentialAction":[{"@type":"ReadAction","target":["https:\/\/portaltela.pt\/noticias\/2026\/03\/16\/oscar-de-melhor-filme-vai-para-batalha-atras-de-batalha-de-paul-thomas-anderson\/"]}]},{"@type":"ImageObject","inLanguage":"pt-PT","@id":"https:\/\/portaltela.pt\/noticias\/2026\/03\/16\/oscar-de-melhor-filme-vai-para-batalha-atras-de-batalha-de-paul-thomas-anderson\/#primaryimage","url":"https:\/\/portaltela.pt\/s.01k8rhncp4jt1\/2026\/03\/img_1280x721uu2026-03-16-02-49-31-2272671.jpg","contentUrl":"https:\/\/portaltela.pt\/s.01k8rhncp4jt1\/2026\/03\/img_1280x721uu2026-03-16-02-49-31-2272671.jpg","width":796,"height":448,"caption":"\"Batalha Atr\u00e1s de Batalha\" vence \u00d3scar de Melhor Filme"},{"@type":"BreadcrumbList","@id":"https:\/\/portaltela.pt\/noticias\/2026\/03\/16\/oscar-de-melhor-filme-vai-para-batalha-atras-de-batalha-de-paul-thomas-anderson\/#breadcrumb","itemListElement":[{"@type":"ListItem","position":1,"name":"In\u00edcio","item":"https:\/\/portaltela.pt\/"},{"@type":"ListItem","position":2,"name":"\u00d3scar de Melhor Filme vai para Batalha Atr\u00e1s de Batalha de Paul Thomas Anderson"}]},{"@type":"WebSite","@id":"https:\/\/portaltela.pt\/#website","url":"https:\/\/portaltela.pt\/","name":"Portal Tela Portugal","description":"","potentialAction":[{"@type":"SearchAction","target":{"@type":"EntryPoint","urlTemplate":"https:\/\/portaltela.pt\/?s={search_term_string}"},"query-input":{"@type":"PropertyValueSpecification","valueRequired":true,"valueName":"search_term_string"}}],"inLanguage":"pt-PT"},{"@type":"Person","@id":"https:\/\/portaltela.pt\/#\/schema\/person\/c4278d4a6028830caff9ee44b42d32ed","name":"Telinha","image":{"@type":"ImageObject","inLanguage":"pt-PT","@id":"https:\/\/portaltela.pt\/s.01k8rhncp4jt1\/2025\/11\/talking-bot-125x125.png","url":"https:\/\/portaltela.pt\/s.01k8rhncp4jt1\/2025\/11\/talking-bot-125x125.png","contentUrl":"https:\/\/portaltela.pt\/s.01k8rhncp4jt1\/2025\/11\/talking-bot-125x125.png","caption":"Telinha"},"sameAs":["https:\/\/portaltela.pt\/"],"url":"https:\/\/portaltela.pt\/por\/367410592786\/"}]}},"_links":{"self":[{"href":"https:\/\/portaltela.pt\/api\/wp\/v2\/posts\/411476","targetHints":{"allow":["GET"]}}],"collection":[{"href":"https:\/\/portaltela.pt\/api\/wp\/v2\/posts"}],"about":[{"href":"https:\/\/portaltela.pt\/api\/wp\/v2\/types\/post"}],"author":[{"embeddable":true,"href":"https:\/\/portaltela.pt\/api\/wp\/v2\/users\/2"}],"replies":[{"embeddable":true,"href":"https:\/\/portaltela.pt\/api\/wp\/v2\/comments?post=411476"}],"version-history":[{"count":0,"href":"https:\/\/portaltela.pt\/api\/wp\/v2\/posts\/411476\/revisions"}],"wp:featuredmedia":[{"embeddable":true,"href":"https:\/\/portaltela.pt\/api\/wp\/v2\/media\/411479"}],"wp:attachment":[{"href":"https:\/\/portaltela.pt\/api\/wp\/v2\/media?parent=411476"}],"wp:term":[{"taxonomy":"category","embeddable":true,"href":"https:\/\/portaltela.pt\/api\/wp\/v2\/categories?post=411476"},{"taxonomy":"post_tag","embeddable":true,"href":"https:\/\/portaltela.pt\/api\/wp\/v2\/tags?post=411476"}],"curies":[{"name":"wp","href":"https:\/\/api.w.org\/{rel}","templated":true}]}}