{"id":411456,"date":"2026-03-15T22:30:00","date_gmt":"2026-03-16T01:30:00","guid":{"rendered":"https:\/\/portaltela.pt\/noticias\/2026\/03\/15\/refugiados-fogem-da-guerra-em-busca-de-seguranca\/"},"modified":"2026-03-15T22:30:00","modified_gmt":"2026-03-16T01:30:00","slug":"refugiados-fogem-da-guerra-em-busca-de-seguranca","status":"publish","type":"post","link":"https:\/\/portaltela.pt\/noticias\/politica\/2026\/03\/15\/refugiados-fogem-da-guerra-em-busca-de-seguranca\/","title":{"rendered":"Refugiados fogem da guerra em busca de seguran\u00e7a"},"content":{"rendered":"<p>A circula\u00e7\u00e3o de mercadorias voltou a registar-se na fronteira entre o Ir\u00e3o e o Curdist\u00e3o iraquiano, ap\u00f3s a reabertura da passagem de Haji Omeran. A not\u00edcia chegou cedo a v\u00e1rias zonas do Curdist\u00e3o, gerando uma corrida de cami\u00f5es TIR empenhados em cruzar a fronteira.<\/p>\n<p>Poucos iranianos tinham acesso \u00e0 internet ou \u00e0s not\u00edcias oficiais, o que atrasou a percep\u00e7\u00e3o de que a fronteira estava aberta. Relatos vindos de residentes da regi\u00e3o curda indicam que muitos atravessaram para o Curdist\u00e3o iraquiano para fugir da instabilidade que se seguiu a ataques com participa\u00e7\u00e3o de for\u00e7as internacionais contra Teer\u00e3o.<\/p>\n<p>No Ir\u00e3o, o receio de uma escalada do conflito tamb\u00e9m se faz sentir entre quem permanece, com relatos de dificuldades de comunica\u00e7\u00e3o e de informa\u00e7\u00e3o limitada. Entre os que cruzaram, destacaram-se fam\u00edlias que partem com poucos pertences, buscando abrigo e apoio na zona de Erbil, onde t\u00eam familiares e meios de sobreviv\u00eancia.<\/p>\n<h3>Contexto da fronteira<\/h3>\n<p>Entre as montanhas cobertas de neve, a passagem de Haji Omeran ficou marcada pela aflu\u00eancia de viaturas destinadas a territ\u00f3rio curdo. A fronteira, encerrada desde a\u00e7\u00f5es militares, reabriu num momento de grande incerteza regional. N\u00e3o h\u00e1 confirma\u00e7\u00e3o de n\u00fameros oficiais sobre o fluxo de pessoas ou de mercadorias.<\/p>\n<p>As primeiras fam\u00edlias que entraram no Curdist\u00e3o iraquiano relatam uma situa\u00e7\u00e3o de vulnerabilidade, com a necessidade de apoio log\u00edstico e financeiro. A mobilidade reversa ganha especial relev\u00e2ncia na regi\u00e3o, devido ao risco de novas ofensivas e \u00e0 instabilidade cr\u00f4nica, ainda sem resolu\u00e7\u00e3o prevista.<\/p>\n","protected":false},"excerpt":{"rendered":"<ul>\n<li>Caminh\u00f5es de transporte internacional avan\u00e7am pela fronteira entre o Ir\u00e3o e o Curdist\u00e3o iraquiano, rumo a Haji Omeran, ap\u00f3s a reabertura da passagem.<\/li>\n<li>No lado iraniano, houve corte de internet e pouca transmiss\u00e3o de not\u00edcias, deixando muitos sem informa\u00e7\u00e3o sobre a abertura da fronteira.<\/li>\n<li>Um morador da regi\u00e3o curda do Ir\u00e3o disse que apenas agora soube da fronteira aberta e que v\u00e1rios j\u00e1 come\u00e7am a chegar ao Curdist\u00e3o.<\/li>\n<li>A chefe de uma das primeiras fam\u00edlias que entrou no Curdist\u00e3o afirmou que a situa\u00e7\u00e3o \u00e9 dif\u00edcil e que mais pessoas podem fugir nas pr\u00f3ximas horas, enquanto a fam\u00edlia segue para Erbil, onde t\u00eam apoio familiar e financeiro.<\/li>\n<\/ul>\n","protected":false},"author":2,"featured_media":411462,"comment_status":"closed","ping_status":"closed","sticky":false,"template":"","format":"standard","meta":{"footnotes":""},"categories":[6912,5],"tags":[2198,3238,3153,6634,1456,3786],"class_list":["post-411456","post","type-post","status-publish","format-standard","has-post-thumbnail","hentry","category-internacionais","category-politica","tag-conflitos-internacionais","tag-fronteiras-internacionais","tag-ira","tag-iraque","tag-migracao","tag-refugiados-internos"],"yoast_head":"<!-- This site is optimized with the Yoast SEO plugin v27.2 - https:\/\/yoast.com\/product\/yoast-seo-wordpress\/ -->\n<title>Refugiados fogem da guerra em busca de seguran\u00e7a - Portal Tela Portugal<\/title>\n<meta name=\"robots\" content=\"index, follow, max-snippet:-1, max-image-preview:large, max-video-preview:-1\" \/>\n<meta property=\"og:locale\" content=\"pt_PT\" \/>\n<meta property=\"og:type\" content=\"article\" \/>\n<meta property=\"og:title\" content=\"Refugiados fogem da guerra em busca de seguran\u00e7a - Portal Tela Portugal\" \/>\n<meta property=\"og:description\" content=\"Caminh\u00f5es de transporte internacional avan\u00e7am pela fronteira entre o Ir\u00e3o e o Curdist\u00e3o iraquiano, rumo a Haji Omeran, ap\u00f3s a reabertura da passagem. No lado iraniano, houve corte de internet e pouca transmiss\u00e3o de not\u00edcias, deixando muitos sem informa\u00e7\u00e3o sobre a abertura da fronteira. Um morador da regi\u00e3o curda do Ir\u00e3o disse que apenas agora soube da fronteira aberta e que v\u00e1rios j\u00e1 come\u00e7am a chegar ao Curdist\u00e3o. A chefe de uma das primeiras fam\u00edlias que entrou no Curdist\u00e3o afirmou que a situa\u00e7\u00e3o \u00e9 dif\u00edcil e que mais pessoas podem fugir nas pr\u00f3ximas horas, enquanto a fam\u00edlia segue para Erbil, onde t\u00eam apoio familiar e financeiro.\" \/>\n<meta property=\"og:url\" content=\"https:\/\/portaltela.pt\/noticias\/2026\/03\/15\/refugiados-fogem-da-guerra-em-busca-de-seguranca\/\" \/>\n<meta property=\"og:site_name\" content=\"Portal Tela Portugal\" \/>\n<meta property=\"article:published_time\" content=\"2026-03-16T01:30:00+00:00\" \/>\n<meta name=\"author\" content=\"Telinha\" \/>\n<meta name=\"twitter:card\" content=\"summary_large_image\" \/>\n<meta name=\"twitter:label1\" content=\"Escrito por\" \/>\n\t<meta name=\"twitter:data1\" content=\"Telinha\" \/>\n\t<meta name=\"twitter:label2\" content=\"Tempo estimado de leitura\" \/>\n\t<meta name=\"twitter:data2\" content=\"1 minuto\" \/>\n<script type=\"application\/ld+json\" class=\"yoast-schema-graph\">{\"@context\":\"https:\/\/schema.org\",\"@graph\":[{\"@type\":\"Article\",\"@id\":\"https:\/\/portaltela.pt\/noticias\/2026\/03\/15\/refugiados-fogem-da-guerra-em-busca-de-seguranca\/#article\",\"isPartOf\":{\"@id\":\"https:\/\/portaltela.pt\/noticias\/2026\/03\/15\/refugiados-fogem-da-guerra-em-busca-de-seguranca\/\"},\"author\":{\"name\":\"Telinha\",\"@id\":\"https:\/\/portaltela.pt\/#\/schema\/person\/c4278d4a6028830caff9ee44b42d32ed\"},\"headline\":\"Refugiados fogem da guerra em busca de seguran\u00e7a\",\"datePublished\":\"2026-03-16T01:30:00+00:00\",\"mainEntityOfPage\":{\"@id\":\"https:\/\/portaltela.pt\/noticias\/2026\/03\/15\/refugiados-fogem-da-guerra-em-busca-de-seguranca\/\"},\"wordCount\":285,\"image\":{\"@id\":\"https:\/\/portaltela.pt\/noticias\/2026\/03\/15\/refugiados-fogem-da-guerra-em-busca-de-seguranca\/#primaryimage\"},\"thumbnailUrl\":\"https:\/\/portaltela.pt\/s.01k8rhncp4jt1\/2026\/03\/img_1280x721uu2026-03-15-22-33-35-2272615.jpg\",\"keywords\":[\"conflitos internacionais\",\"fronteiras internacionais\",\"Ir\u00e3\",\"Iraque\",\"migra\u00e7\u00e3o\",\"refugiados internos\"],\"articleSection\":[\"Internacionais\",\"Pol\u00edtica\"],\"inLanguage\":\"pt-PT\"},{\"@type\":\"WebPage\",\"@id\":\"https:\/\/portaltela.pt\/noticias\/2026\/03\/15\/refugiados-fogem-da-guerra-em-busca-de-seguranca\/\",\"url\":\"https:\/\/portaltela.pt\/noticias\/2026\/03\/15\/refugiados-fogem-da-guerra-em-busca-de-seguranca\/\",\"name\":\"Refugiados fogem da guerra em busca de seguran\u00e7a - Portal Tela Portugal\",\"isPartOf\":{\"@id\":\"https:\/\/portaltela.pt\/#website\"},\"primaryImageOfPage\":{\"@id\":\"https:\/\/portaltela.pt\/noticias\/2026\/03\/15\/refugiados-fogem-da-guerra-em-busca-de-seguranca\/#primaryimage\"},\"image\":{\"@id\":\"https:\/\/portaltela.pt\/noticias\/2026\/03\/15\/refugiados-fogem-da-guerra-em-busca-de-seguranca\/#primaryimage\"},\"thumbnailUrl\":\"https:\/\/portaltela.pt\/s.01k8rhncp4jt1\/2026\/03\/img_1280x721uu2026-03-15-22-33-35-2272615.jpg\",\"datePublished\":\"2026-03-16T01:30:00+00:00\",\"author\":{\"@id\":\"https:\/\/portaltela.pt\/#\/schema\/person\/c4278d4a6028830caff9ee44b42d32ed\"},\"breadcrumb\":{\"@id\":\"https:\/\/portaltela.pt\/noticias\/2026\/03\/15\/refugiados-fogem-da-guerra-em-busca-de-seguranca\/#breadcrumb\"},\"inLanguage\":\"pt-PT\",\"potentialAction\":[{\"@type\":\"ReadAction\",\"target\":[\"https:\/\/portaltela.pt\/noticias\/2026\/03\/15\/refugiados-fogem-da-guerra-em-busca-de-seguranca\/\"]}]},{\"@type\":\"ImageObject\",\"inLanguage\":\"pt-PT\",\"@id\":\"https:\/\/portaltela.pt\/noticias\/2026\/03\/15\/refugiados-fogem-da-guerra-em-busca-de-seguranca\/#primaryimage\",\"url\":\"https:\/\/portaltela.pt\/s.01k8rhncp4jt1\/2026\/03\/img_1280x721uu2026-03-15-22-33-35-2272615.jpg\",\"contentUrl\":\"https:\/\/portaltela.pt\/s.01k8rhncp4jt1\/2026\/03\/img_1280x721uu2026-03-15-22-33-35-2272615.jpg\",\"width\":796,\"height\":448,\"caption\":\"Iranianos cruzam a fronteira entre o Ir\u00e3o e o Curdist\u00e3o iraquiano\"},{\"@type\":\"BreadcrumbList\",\"@id\":\"https:\/\/portaltela.pt\/noticias\/2026\/03\/15\/refugiados-fogem-da-guerra-em-busca-de-seguranca\/#breadcrumb\",\"itemListElement\":[{\"@type\":\"ListItem\",\"position\":1,\"name\":\"In\u00edcio\",\"item\":\"https:\/\/portaltela.pt\/\"},{\"@type\":\"ListItem\",\"position\":2,\"name\":\"Refugiados fogem da guerra em busca de seguran\u00e7a\"}]},{\"@type\":\"WebSite\",\"@id\":\"https:\/\/portaltela.pt\/#website\",\"url\":\"https:\/\/portaltela.pt\/\",\"name\":\"Portal Tela Portugal\",\"description\":\"\",\"potentialAction\":[{\"@type\":\"SearchAction\",\"target\":{\"@type\":\"EntryPoint\",\"urlTemplate\":\"https:\/\/portaltela.pt\/?s={search_term_string}\"},\"query-input\":{\"@type\":\"PropertyValueSpecification\",\"valueRequired\":true,\"valueName\":\"search_term_string\"}}],\"inLanguage\":\"pt-PT\"},{\"@type\":\"Person\",\"@id\":\"https:\/\/portaltela.pt\/#\/schema\/person\/c4278d4a6028830caff9ee44b42d32ed\",\"name\":\"Telinha\",\"image\":{\"@type\":\"ImageObject\",\"inLanguage\":\"pt-PT\",\"@id\":\"https:\/\/portaltela.pt\/s.01k8rhncp4jt1\/2025\/11\/talking-bot-125x125.png\",\"url\":\"https:\/\/portaltela.pt\/s.01k8rhncp4jt1\/2025\/11\/talking-bot-125x125.png\",\"contentUrl\":\"https:\/\/portaltela.pt\/s.01k8rhncp4jt1\/2025\/11\/talking-bot-125x125.png\",\"caption\":\"Telinha\"},\"sameAs\":[\"https:\/\/portaltela.pt\/\"],\"url\":\"https:\/\/portaltela.pt\/por\/367410592786\/\"}]}<\/script>\n<!-- \/ Yoast SEO plugin. -->","yoast_head_json":{"title":"Refugiados fogem da guerra em busca de seguran\u00e7a - Portal Tela Portugal","robots":{"index":"index","follow":"follow","max-snippet":"max-snippet:-1","max-image-preview":"max-image-preview:large","max-video-preview":"max-video-preview:-1"},"og_locale":"pt_PT","og_type":"article","og_title":"Refugiados fogem da guerra em busca de seguran\u00e7a - Portal Tela Portugal","og_description":"Caminh\u00f5es de transporte internacional avan\u00e7am pela fronteira entre o Ir\u00e3o e o Curdist\u00e3o iraquiano, rumo a Haji Omeran, ap\u00f3s a reabertura da passagem. No lado iraniano, houve corte de internet e pouca transmiss\u00e3o de not\u00edcias, deixando muitos sem informa\u00e7\u00e3o sobre a abertura da fronteira. Um morador da regi\u00e3o curda do Ir\u00e3o disse que apenas agora soube da fronteira aberta e que v\u00e1rios j\u00e1 come\u00e7am a chegar ao Curdist\u00e3o. A chefe de uma das primeiras fam\u00edlias que entrou no Curdist\u00e3o afirmou que a situa\u00e7\u00e3o \u00e9 dif\u00edcil e que mais pessoas podem fugir nas pr\u00f3ximas horas, enquanto a fam\u00edlia segue para Erbil, onde t\u00eam apoio familiar e financeiro.","og_url":"https:\/\/portaltela.pt\/noticias\/2026\/03\/15\/refugiados-fogem-da-guerra-em-busca-de-seguranca\/","og_site_name":"Portal Tela Portugal","article_published_time":"2026-03-16T01:30:00+00:00","author":"Telinha","twitter_card":"summary_large_image","twitter_misc":{"Escrito por":"Telinha","Tempo estimado de leitura":"1 minuto"},"schema":{"@context":"https:\/\/schema.org","@graph":[{"@type":"Article","@id":"https:\/\/portaltela.pt\/noticias\/2026\/03\/15\/refugiados-fogem-da-guerra-em-busca-de-seguranca\/#article","isPartOf":{"@id":"https:\/\/portaltela.pt\/noticias\/2026\/03\/15\/refugiados-fogem-da-guerra-em-busca-de-seguranca\/"},"author":{"name":"Telinha","@id":"https:\/\/portaltela.pt\/#\/schema\/person\/c4278d4a6028830caff9ee44b42d32ed"},"headline":"Refugiados fogem da guerra em busca de seguran\u00e7a","datePublished":"2026-03-16T01:30:00+00:00","mainEntityOfPage":{"@id":"https:\/\/portaltela.pt\/noticias\/2026\/03\/15\/refugiados-fogem-da-guerra-em-busca-de-seguranca\/"},"wordCount":285,"image":{"@id":"https:\/\/portaltela.pt\/noticias\/2026\/03\/15\/refugiados-fogem-da-guerra-em-busca-de-seguranca\/#primaryimage"},"thumbnailUrl":"https:\/\/portaltela.pt\/s.01k8rhncp4jt1\/2026\/03\/img_1280x721uu2026-03-15-22-33-35-2272615.jpg","keywords":["conflitos internacionais","fronteiras internacionais","Ir\u00e3","Iraque","migra\u00e7\u00e3o","refugiados internos"],"articleSection":["Internacionais","Pol\u00edtica"],"inLanguage":"pt-PT"},{"@type":"WebPage","@id":"https:\/\/portaltela.pt\/noticias\/2026\/03\/15\/refugiados-fogem-da-guerra-em-busca-de-seguranca\/","url":"https:\/\/portaltela.pt\/noticias\/2026\/03\/15\/refugiados-fogem-da-guerra-em-busca-de-seguranca\/","name":"Refugiados fogem da guerra em busca de seguran\u00e7a - Portal Tela Portugal","isPartOf":{"@id":"https:\/\/portaltela.pt\/#website"},"primaryImageOfPage":{"@id":"https:\/\/portaltela.pt\/noticias\/2026\/03\/15\/refugiados-fogem-da-guerra-em-busca-de-seguranca\/#primaryimage"},"image":{"@id":"https:\/\/portaltela.pt\/noticias\/2026\/03\/15\/refugiados-fogem-da-guerra-em-busca-de-seguranca\/#primaryimage"},"thumbnailUrl":"https:\/\/portaltela.pt\/s.01k8rhncp4jt1\/2026\/03\/img_1280x721uu2026-03-15-22-33-35-2272615.jpg","datePublished":"2026-03-16T01:30:00+00:00","author":{"@id":"https:\/\/portaltela.pt\/#\/schema\/person\/c4278d4a6028830caff9ee44b42d32ed"},"breadcrumb":{"@id":"https:\/\/portaltela.pt\/noticias\/2026\/03\/15\/refugiados-fogem-da-guerra-em-busca-de-seguranca\/#breadcrumb"},"inLanguage":"pt-PT","potentialAction":[{"@type":"ReadAction","target":["https:\/\/portaltela.pt\/noticias\/2026\/03\/15\/refugiados-fogem-da-guerra-em-busca-de-seguranca\/"]}]},{"@type":"ImageObject","inLanguage":"pt-PT","@id":"https:\/\/portaltela.pt\/noticias\/2026\/03\/15\/refugiados-fogem-da-guerra-em-busca-de-seguranca\/#primaryimage","url":"https:\/\/portaltela.pt\/s.01k8rhncp4jt1\/2026\/03\/img_1280x721uu2026-03-15-22-33-35-2272615.jpg","contentUrl":"https:\/\/portaltela.pt\/s.01k8rhncp4jt1\/2026\/03\/img_1280x721uu2026-03-15-22-33-35-2272615.jpg","width":796,"height":448,"caption":"Iranianos cruzam a fronteira entre o Ir\u00e3o e o Curdist\u00e3o iraquiano"},{"@type":"BreadcrumbList","@id":"https:\/\/portaltela.pt\/noticias\/2026\/03\/15\/refugiados-fogem-da-guerra-em-busca-de-seguranca\/#breadcrumb","itemListElement":[{"@type":"ListItem","position":1,"name":"In\u00edcio","item":"https:\/\/portaltela.pt\/"},{"@type":"ListItem","position":2,"name":"Refugiados fogem da guerra em busca de seguran\u00e7a"}]},{"@type":"WebSite","@id":"https:\/\/portaltela.pt\/#website","url":"https:\/\/portaltela.pt\/","name":"Portal Tela Portugal","description":"","potentialAction":[{"@type":"SearchAction","target":{"@type":"EntryPoint","urlTemplate":"https:\/\/portaltela.pt\/?s={search_term_string}"},"query-input":{"@type":"PropertyValueSpecification","valueRequired":true,"valueName":"search_term_string"}}],"inLanguage":"pt-PT"},{"@type":"Person","@id":"https:\/\/portaltela.pt\/#\/schema\/person\/c4278d4a6028830caff9ee44b42d32ed","name":"Telinha","image":{"@type":"ImageObject","inLanguage":"pt-PT","@id":"https:\/\/portaltela.pt\/s.01k8rhncp4jt1\/2025\/11\/talking-bot-125x125.png","url":"https:\/\/portaltela.pt\/s.01k8rhncp4jt1\/2025\/11\/talking-bot-125x125.png","contentUrl":"https:\/\/portaltela.pt\/s.01k8rhncp4jt1\/2025\/11\/talking-bot-125x125.png","caption":"Telinha"},"sameAs":["https:\/\/portaltela.pt\/"],"url":"https:\/\/portaltela.pt\/por\/367410592786\/"}]}},"_links":{"self":[{"href":"https:\/\/portaltela.pt\/api\/wp\/v2\/posts\/411456","targetHints":{"allow":["GET"]}}],"collection":[{"href":"https:\/\/portaltela.pt\/api\/wp\/v2\/posts"}],"about":[{"href":"https:\/\/portaltela.pt\/api\/wp\/v2\/types\/post"}],"author":[{"embeddable":true,"href":"https:\/\/portaltela.pt\/api\/wp\/v2\/users\/2"}],"replies":[{"embeddable":true,"href":"https:\/\/portaltela.pt\/api\/wp\/v2\/comments?post=411456"}],"version-history":[{"count":0,"href":"https:\/\/portaltela.pt\/api\/wp\/v2\/posts\/411456\/revisions"}],"wp:featuredmedia":[{"embeddable":true,"href":"https:\/\/portaltela.pt\/api\/wp\/v2\/media\/411462"}],"wp:attachment":[{"href":"https:\/\/portaltela.pt\/api\/wp\/v2\/media?parent=411456"}],"wp:term":[{"taxonomy":"category","embeddable":true,"href":"https:\/\/portaltela.pt\/api\/wp\/v2\/categories?post=411456"},{"taxonomy":"post_tag","embeddable":true,"href":"https:\/\/portaltela.pt\/api\/wp\/v2\/tags?post=411456"}],"curies":[{"name":"wp","href":"https:\/\/api.w.org\/{rel}","templated":true}]}}