{"id":411449,"date":"2026-03-15T22:30:00","date_gmt":"2026-03-16T01:30:00","guid":{"rendered":"https:\/\/portaltela.pt\/noticias\/2026\/03\/15\/perseguidora-contesta-cadeia-no-constitucional\/"},"modified":"2026-03-15T22:30:00","modified_gmt":"2026-03-16T01:30:00","slug":"perseguidora-contesta-cadeia-no-constitucional","status":"publish","type":"post","link":"https:\/\/portaltela.pt\/justica\/2026\/03\/15\/perseguidora-contesta-cadeia-no-constitucional\/","title":{"rendered":"Perseguidora contesta cadeia no Constitucional"},"content":{"rendered":"<p>Durante dois anos, Joana F. perseguiu uma jovem universit\u00e1ria em Lisboa, usando redes sociais e aplica\u00e7\u00f5es de namoro. O caso envolve crimes de persegui\u00e7\u00e3o, falsidade inform\u00e1tica e den\u00fancia caluniosa, cometidos entre 2019 e 2021.<\/p>\n<p>A v\u00edtima estudava no Instituto Superior de Ci\u00eancias Sociais e Pol\u00edticas. Joana criou uma conta no Tinder em nome da v\u00edtima e enviou mensagens insultuosas e agressivas, configurando um ambiente de terror.<\/p>\n<p>Al\u00e9m disso, Joana simulou ser a v\u00edtima, difundindo fotomontagens de teor sexual e imagens falsas da estudante. As imagens foram partilhadas em contactos da faculdade e em sites de acompanhantes, com divulga\u00e7\u00e3o ofensiva.<\/p>\n<h3>Contexto do processo<\/h3>\n<p>A condena\u00e7\u00e3o a oito anos de pris\u00e3o foi confirmada pelo Tribunal da Rela\u00e7\u00e3o de Lisboa. Joana F. enfrenta tamb\u00e9m uma indemniza\u00e7\u00e3o de 50 mil euros. A defesa pretende levar o caso ao Tribunal Constitucional.<\/p>\n<h3>Recurso e desenvolvimentos<\/h3>\n<p>Ant\u00f3nio Fal\u00e9 de Carvalho assumiu a defesa e confirmou a interposi\u00e7\u00e3o do recurso. O advogado indica que a decis\u00e3o pode ter novo despacho em breve, pendente de leitura do argument\u00e1rio constitucional.<\/p>\n<h3>Antecedentes da arguida<\/h3>\n<p>Joana j\u00e1 havia sido alvo de uma investiga\u00e7\u00e3o em 2015 por crimes semelhantes contra outra jovem, caso arquivado. No entanto, o processo atual manteve Joana empregada numa faculdade de Lisboa e com mestrado em Administra\u00e7\u00e3o P\u00fablica.<\/p>\n<h3>Impacto na v\u00edtima<\/h3>\n<p>A persegui\u00e7\u00e3o provocou sofrimento psicol\u00f3gico na v\u00edtima e tamb\u00e9m na fam\u00edlia, levando a procura de apoio terap\u00eautico durante o tempo do caso. A autora da persegui\u00e7\u00e3o nega os factos em julgamento.<\/p>\n","protected":false},"excerpt":{"rendered":"<ul>\n<li>A arguida Joana F. foi condenada a sete anos e nove meses de cadeia por perseguir uma jovem universit\u00e1ria entre 2019 e 2021, decis\u00e3o confirmada pelo Tribunal da Rela\u00e7\u00e3o de Lisboa.<\/li>\n<li>A investiga\u00e7\u00e3o revelou uma persegui\u00e7\u00e3o grave, que incluiu a cria\u00e7\u00e3o de uma conta no Tinder em nome da v\u00edtima, envio de mensagens insultuosas e fotomontagens de teor sexual difundidas a colegas e em sites de acompanhantes.<\/li>\n<li>Foram tamb\u00e9m simuladas situa\u00e7\u00f5es humilhantes, como a divulga\u00e7\u00e3o de imagens sexualizadas falsas e a elabora\u00e7\u00e3o de um obitu\u00e1rio da v\u00edtima, causando enorme preju\u00edzo \u00e0 sua reputa\u00e7\u00e3o e bem\u2011estar psicol\u00f3gico.<\/li>\n<li>A autora j\u00e1 ter\u00e1 antecedentes; j\u00e1 tinha sido investigada em 2015 por crimes semelhantes, mas o caso foi arquivado. A senten\u00e7a inclui uma indemniza\u00e7\u00e3o de 50 mil euros \u00e0 v\u00edtima.<\/li>\n<li>Joana F. recorre para o Tribunal Constitucional, na esperan\u00e7a de suspender ou alterar a pena, que poder\u00e1 ter de cumprir em breve, segundo o novo defensor Ant\u00f3nio Fal\u00e9 de Carvalho.<\/li>\n<\/ul>\n","protected":false},"author":2,"featured_media":411460,"comment_status":"closed","ping_status":"closed","sticky":false,"template":"","format":"standard","meta":{"footnotes":""},"categories":[6907,6815],"tags":[177,2442,220,981,6333,1574],"class_list":["post-411449","post","type-post","status-publish","format-standard","has-post-thumbnail","hentry","category-crime","category-justica","tag-crimes","tag-difamacao","tag-falsidade-informatica","tag-lisboa","tag-perseguicao","tag-violacao-de-privacidade"],"yoast_head":"<!-- This site is optimized with the Yoast SEO plugin v27.2 - https:\/\/yoast.com\/product\/yoast-seo-wordpress\/ -->\n<title>Perseguidora contesta cadeia no Constitucional - Portal Tela Portugal<\/title>\n<meta name=\"robots\" content=\"index, follow, max-snippet:-1, max-image-preview:large, max-video-preview:-1\" \/>\n<meta property=\"og:locale\" content=\"pt_PT\" \/>\n<meta property=\"og:type\" content=\"article\" \/>\n<meta property=\"og:title\" content=\"Perseguidora contesta cadeia no Constitucional - Portal Tela Portugal\" \/>\n<meta property=\"og:description\" content=\"A arguida Joana F. foi condenada a sete anos e nove meses de cadeia por perseguir uma jovem universit\u00e1ria entre 2019 e 2021, decis\u00e3o confirmada pelo Tribunal da Rela\u00e7\u00e3o de Lisboa. A investiga\u00e7\u00e3o revelou uma persegui\u00e7\u00e3o grave, que incluiu a cria\u00e7\u00e3o de uma conta no Tinder em nome da v\u00edtima, envio de mensagens insultuosas e fotomontagens de teor sexual difundidas a colegas e em sites de acompanhantes. Foram tamb\u00e9m simuladas situa\u00e7\u00f5es humilhantes, como a divulga\u00e7\u00e3o de imagens sexualizadas falsas e a elabora\u00e7\u00e3o de um obitu\u00e1rio da v\u00edtima, causando enorme preju\u00edzo \u00e0 sua reputa\u00e7\u00e3o e bem\u2011estar psicol\u00f3gico. A autora j\u00e1 ter\u00e1 antecedentes; j\u00e1 tinha sido investigada em 2015 por crimes semelhantes, mas o caso foi arquivado. A senten\u00e7a inclui uma indemniza\u00e7\u00e3o de 50 mil euros \u00e0 v\u00edtima. Joana F. recorre para o Tribunal Constitucional, na esperan\u00e7a de suspender ou alterar a pena, que poder\u00e1 ter de cumprir em breve, segundo o novo defensor Ant\u00f3nio Fal\u00e9 de Carvalho.\" \/>\n<meta property=\"og:url\" content=\"https:\/\/portaltela.pt\/noticias\/2026\/03\/15\/perseguidora-contesta-cadeia-no-constitucional\/\" \/>\n<meta property=\"og:site_name\" content=\"Portal Tela Portugal\" \/>\n<meta property=\"article:published_time\" content=\"2026-03-16T01:30:00+00:00\" \/>\n<meta name=\"author\" content=\"Telinha\" \/>\n<meta name=\"twitter:card\" content=\"summary_large_image\" \/>\n<meta name=\"twitter:label1\" content=\"Escrito por\" \/>\n\t<meta name=\"twitter:data1\" content=\"Telinha\" \/>\n\t<meta name=\"twitter:label2\" content=\"Tempo estimado de leitura\" \/>\n\t<meta name=\"twitter:data2\" content=\"1 minuto\" \/>\n<script type=\"application\/ld+json\" class=\"yoast-schema-graph\">{\"@context\":\"https:\/\/schema.org\",\"@graph\":[{\"@type\":\"Article\",\"@id\":\"https:\/\/portaltela.pt\/noticias\/2026\/03\/15\/perseguidora-contesta-cadeia-no-constitucional\/#article\",\"isPartOf\":{\"@id\":\"https:\/\/portaltela.pt\/noticias\/2026\/03\/15\/perseguidora-contesta-cadeia-no-constitucional\/\"},\"author\":{\"name\":\"Telinha\",\"@id\":\"https:\/\/portaltela.pt\/#\/schema\/person\/c4278d4a6028830caff9ee44b42d32ed\"},\"headline\":\"Perseguidora contesta cadeia no Constitucional\",\"datePublished\":\"2026-03-16T01:30:00+00:00\",\"mainEntityOfPage\":{\"@id\":\"https:\/\/portaltela.pt\/noticias\/2026\/03\/15\/perseguidora-contesta-cadeia-no-constitucional\/\"},\"wordCount\":276,\"image\":{\"@id\":\"https:\/\/portaltela.pt\/noticias\/2026\/03\/15\/perseguidora-contesta-cadeia-no-constitucional\/#primaryimage\"},\"thumbnailUrl\":\"https:\/\/portaltela.pt\/s.01k8rhncp4jt1\/2026\/03\/img_1500x1000uu2023-10-01-18-52-02-1456422.jpg\",\"keywords\":[\"crimes\",\"difama\u00e7\u00e3o\",\"falsidade inform\u00e1tica\",\"Lisboa\",\"persegui\u00e7\u00e3o\",\"viola\u00e7\u00e3o de privacidade\"],\"articleSection\":[\"Crime\",\"Justi\u00e7a\"],\"inLanguage\":\"pt-PT\"},{\"@type\":\"WebPage\",\"@id\":\"https:\/\/portaltela.pt\/noticias\/2026\/03\/15\/perseguidora-contesta-cadeia-no-constitucional\/\",\"url\":\"https:\/\/portaltela.pt\/noticias\/2026\/03\/15\/perseguidora-contesta-cadeia-no-constitucional\/\",\"name\":\"Perseguidora contesta cadeia no Constitucional - Portal Tela Portugal\",\"isPartOf\":{\"@id\":\"https:\/\/portaltela.pt\/#website\"},\"primaryImageOfPage\":{\"@id\":\"https:\/\/portaltela.pt\/noticias\/2026\/03\/15\/perseguidora-contesta-cadeia-no-constitucional\/#primaryimage\"},\"image\":{\"@id\":\"https:\/\/portaltela.pt\/noticias\/2026\/03\/15\/perseguidora-contesta-cadeia-no-constitucional\/#primaryimage\"},\"thumbnailUrl\":\"https:\/\/portaltela.pt\/s.01k8rhncp4jt1\/2026\/03\/img_1500x1000uu2023-10-01-18-52-02-1456422.jpg\",\"datePublished\":\"2026-03-16T01:30:00+00:00\",\"author\":{\"@id\":\"https:\/\/portaltela.pt\/#\/schema\/person\/c4278d4a6028830caff9ee44b42d32ed\"},\"breadcrumb\":{\"@id\":\"https:\/\/portaltela.pt\/noticias\/2026\/03\/15\/perseguidora-contesta-cadeia-no-constitucional\/#breadcrumb\"},\"inLanguage\":\"pt-PT\",\"potentialAction\":[{\"@type\":\"ReadAction\",\"target\":[\"https:\/\/portaltela.pt\/noticias\/2026\/03\/15\/perseguidora-contesta-cadeia-no-constitucional\/\"]}]},{\"@type\":\"ImageObject\",\"inLanguage\":\"pt-PT\",\"@id\":\"https:\/\/portaltela.pt\/noticias\/2026\/03\/15\/perseguidora-contesta-cadeia-no-constitucional\/#primaryimage\",\"url\":\"https:\/\/portaltela.pt\/s.01k8rhncp4jt1\/2026\/03\/img_1500x1000uu2023-10-01-18-52-02-1456422.jpg\",\"contentUrl\":\"https:\/\/portaltela.pt\/s.01k8rhncp4jt1\/2026\/03\/img_1500x1000uu2023-10-01-18-52-02-1456422.jpg\",\"width\":796,\"height\":448,\"caption\":\"Mulher e homem utilizaram a aplica\u00e7\u00e3o de engates Tinder\"},{\"@type\":\"BreadcrumbList\",\"@id\":\"https:\/\/portaltela.pt\/noticias\/2026\/03\/15\/perseguidora-contesta-cadeia-no-constitucional\/#breadcrumb\",\"itemListElement\":[{\"@type\":\"ListItem\",\"position\":1,\"name\":\"In\u00edcio\",\"item\":\"https:\/\/portaltela.pt\/\"},{\"@type\":\"ListItem\",\"position\":2,\"name\":\"Perseguidora contesta cadeia no Constitucional\"}]},{\"@type\":\"WebSite\",\"@id\":\"https:\/\/portaltela.pt\/#website\",\"url\":\"https:\/\/portaltela.pt\/\",\"name\":\"Portal Tela Portugal\",\"description\":\"\",\"potentialAction\":[{\"@type\":\"SearchAction\",\"target\":{\"@type\":\"EntryPoint\",\"urlTemplate\":\"https:\/\/portaltela.pt\/?s={search_term_string}\"},\"query-input\":{\"@type\":\"PropertyValueSpecification\",\"valueRequired\":true,\"valueName\":\"search_term_string\"}}],\"inLanguage\":\"pt-PT\"},{\"@type\":\"Person\",\"@id\":\"https:\/\/portaltela.pt\/#\/schema\/person\/c4278d4a6028830caff9ee44b42d32ed\",\"name\":\"Telinha\",\"image\":{\"@type\":\"ImageObject\",\"inLanguage\":\"pt-PT\",\"@id\":\"https:\/\/portaltela.pt\/s.01k8rhncp4jt1\/2025\/11\/talking-bot-125x125.png\",\"url\":\"https:\/\/portaltela.pt\/s.01k8rhncp4jt1\/2025\/11\/talking-bot-125x125.png\",\"contentUrl\":\"https:\/\/portaltela.pt\/s.01k8rhncp4jt1\/2025\/11\/talking-bot-125x125.png\",\"caption\":\"Telinha\"},\"sameAs\":[\"https:\/\/portaltela.pt\/\"],\"url\":\"https:\/\/portaltela.pt\/por\/367410592786\/\"}]}<\/script>\n<!-- \/ Yoast SEO plugin. -->","yoast_head_json":{"title":"Perseguidora contesta cadeia no Constitucional - Portal Tela Portugal","robots":{"index":"index","follow":"follow","max-snippet":"max-snippet:-1","max-image-preview":"max-image-preview:large","max-video-preview":"max-video-preview:-1"},"og_locale":"pt_PT","og_type":"article","og_title":"Perseguidora contesta cadeia no Constitucional - Portal Tela Portugal","og_description":"A arguida Joana F. foi condenada a sete anos e nove meses de cadeia por perseguir uma jovem universit\u00e1ria entre 2019 e 2021, decis\u00e3o confirmada pelo Tribunal da Rela\u00e7\u00e3o de Lisboa. A investiga\u00e7\u00e3o revelou uma persegui\u00e7\u00e3o grave, que incluiu a cria\u00e7\u00e3o de uma conta no Tinder em nome da v\u00edtima, envio de mensagens insultuosas e fotomontagens de teor sexual difundidas a colegas e em sites de acompanhantes. Foram tamb\u00e9m simuladas situa\u00e7\u00f5es humilhantes, como a divulga\u00e7\u00e3o de imagens sexualizadas falsas e a elabora\u00e7\u00e3o de um obitu\u00e1rio da v\u00edtima, causando enorme preju\u00edzo \u00e0 sua reputa\u00e7\u00e3o e bem\u2011estar psicol\u00f3gico. A autora j\u00e1 ter\u00e1 antecedentes; j\u00e1 tinha sido investigada em 2015 por crimes semelhantes, mas o caso foi arquivado. A senten\u00e7a inclui uma indemniza\u00e7\u00e3o de 50 mil euros \u00e0 v\u00edtima. Joana F. recorre para o Tribunal Constitucional, na esperan\u00e7a de suspender ou alterar a pena, que poder\u00e1 ter de cumprir em breve, segundo o novo defensor Ant\u00f3nio Fal\u00e9 de Carvalho.","og_url":"https:\/\/portaltela.pt\/noticias\/2026\/03\/15\/perseguidora-contesta-cadeia-no-constitucional\/","og_site_name":"Portal Tela Portugal","article_published_time":"2026-03-16T01:30:00+00:00","author":"Telinha","twitter_card":"summary_large_image","twitter_misc":{"Escrito por":"Telinha","Tempo estimado de leitura":"1 minuto"},"schema":{"@context":"https:\/\/schema.org","@graph":[{"@type":"Article","@id":"https:\/\/portaltela.pt\/noticias\/2026\/03\/15\/perseguidora-contesta-cadeia-no-constitucional\/#article","isPartOf":{"@id":"https:\/\/portaltela.pt\/noticias\/2026\/03\/15\/perseguidora-contesta-cadeia-no-constitucional\/"},"author":{"name":"Telinha","@id":"https:\/\/portaltela.pt\/#\/schema\/person\/c4278d4a6028830caff9ee44b42d32ed"},"headline":"Perseguidora contesta cadeia no Constitucional","datePublished":"2026-03-16T01:30:00+00:00","mainEntityOfPage":{"@id":"https:\/\/portaltela.pt\/noticias\/2026\/03\/15\/perseguidora-contesta-cadeia-no-constitucional\/"},"wordCount":276,"image":{"@id":"https:\/\/portaltela.pt\/noticias\/2026\/03\/15\/perseguidora-contesta-cadeia-no-constitucional\/#primaryimage"},"thumbnailUrl":"https:\/\/portaltela.pt\/s.01k8rhncp4jt1\/2026\/03\/img_1500x1000uu2023-10-01-18-52-02-1456422.jpg","keywords":["crimes","difama\u00e7\u00e3o","falsidade inform\u00e1tica","Lisboa","persegui\u00e7\u00e3o","viola\u00e7\u00e3o de privacidade"],"articleSection":["Crime","Justi\u00e7a"],"inLanguage":"pt-PT"},{"@type":"WebPage","@id":"https:\/\/portaltela.pt\/noticias\/2026\/03\/15\/perseguidora-contesta-cadeia-no-constitucional\/","url":"https:\/\/portaltela.pt\/noticias\/2026\/03\/15\/perseguidora-contesta-cadeia-no-constitucional\/","name":"Perseguidora contesta cadeia no Constitucional - Portal Tela Portugal","isPartOf":{"@id":"https:\/\/portaltela.pt\/#website"},"primaryImageOfPage":{"@id":"https:\/\/portaltela.pt\/noticias\/2026\/03\/15\/perseguidora-contesta-cadeia-no-constitucional\/#primaryimage"},"image":{"@id":"https:\/\/portaltela.pt\/noticias\/2026\/03\/15\/perseguidora-contesta-cadeia-no-constitucional\/#primaryimage"},"thumbnailUrl":"https:\/\/portaltela.pt\/s.01k8rhncp4jt1\/2026\/03\/img_1500x1000uu2023-10-01-18-52-02-1456422.jpg","datePublished":"2026-03-16T01:30:00+00:00","author":{"@id":"https:\/\/portaltela.pt\/#\/schema\/person\/c4278d4a6028830caff9ee44b42d32ed"},"breadcrumb":{"@id":"https:\/\/portaltela.pt\/noticias\/2026\/03\/15\/perseguidora-contesta-cadeia-no-constitucional\/#breadcrumb"},"inLanguage":"pt-PT","potentialAction":[{"@type":"ReadAction","target":["https:\/\/portaltela.pt\/noticias\/2026\/03\/15\/perseguidora-contesta-cadeia-no-constitucional\/"]}]},{"@type":"ImageObject","inLanguage":"pt-PT","@id":"https:\/\/portaltela.pt\/noticias\/2026\/03\/15\/perseguidora-contesta-cadeia-no-constitucional\/#primaryimage","url":"https:\/\/portaltela.pt\/s.01k8rhncp4jt1\/2026\/03\/img_1500x1000uu2023-10-01-18-52-02-1456422.jpg","contentUrl":"https:\/\/portaltela.pt\/s.01k8rhncp4jt1\/2026\/03\/img_1500x1000uu2023-10-01-18-52-02-1456422.jpg","width":796,"height":448,"caption":"Mulher e homem utilizaram a aplica\u00e7\u00e3o de engates Tinder"},{"@type":"BreadcrumbList","@id":"https:\/\/portaltela.pt\/noticias\/2026\/03\/15\/perseguidora-contesta-cadeia-no-constitucional\/#breadcrumb","itemListElement":[{"@type":"ListItem","position":1,"name":"In\u00edcio","item":"https:\/\/portaltela.pt\/"},{"@type":"ListItem","position":2,"name":"Perseguidora contesta cadeia no Constitucional"}]},{"@type":"WebSite","@id":"https:\/\/portaltela.pt\/#website","url":"https:\/\/portaltela.pt\/","name":"Portal Tela Portugal","description":"","potentialAction":[{"@type":"SearchAction","target":{"@type":"EntryPoint","urlTemplate":"https:\/\/portaltela.pt\/?s={search_term_string}"},"query-input":{"@type":"PropertyValueSpecification","valueRequired":true,"valueName":"search_term_string"}}],"inLanguage":"pt-PT"},{"@type":"Person","@id":"https:\/\/portaltela.pt\/#\/schema\/person\/c4278d4a6028830caff9ee44b42d32ed","name":"Telinha","image":{"@type":"ImageObject","inLanguage":"pt-PT","@id":"https:\/\/portaltela.pt\/s.01k8rhncp4jt1\/2025\/11\/talking-bot-125x125.png","url":"https:\/\/portaltela.pt\/s.01k8rhncp4jt1\/2025\/11\/talking-bot-125x125.png","contentUrl":"https:\/\/portaltela.pt\/s.01k8rhncp4jt1\/2025\/11\/talking-bot-125x125.png","caption":"Telinha"},"sameAs":["https:\/\/portaltela.pt\/"],"url":"https:\/\/portaltela.pt\/por\/367410592786\/"}]}},"_links":{"self":[{"href":"https:\/\/portaltela.pt\/api\/wp\/v2\/posts\/411449","targetHints":{"allow":["GET"]}}],"collection":[{"href":"https:\/\/portaltela.pt\/api\/wp\/v2\/posts"}],"about":[{"href":"https:\/\/portaltela.pt\/api\/wp\/v2\/types\/post"}],"author":[{"embeddable":true,"href":"https:\/\/portaltela.pt\/api\/wp\/v2\/users\/2"}],"replies":[{"embeddable":true,"href":"https:\/\/portaltela.pt\/api\/wp\/v2\/comments?post=411449"}],"version-history":[{"count":0,"href":"https:\/\/portaltela.pt\/api\/wp\/v2\/posts\/411449\/revisions"}],"wp:featuredmedia":[{"embeddable":true,"href":"https:\/\/portaltela.pt\/api\/wp\/v2\/media\/411460"}],"wp:attachment":[{"href":"https:\/\/portaltela.pt\/api\/wp\/v2\/media?parent=411449"}],"wp:term":[{"taxonomy":"category","embeddable":true,"href":"https:\/\/portaltela.pt\/api\/wp\/v2\/categories?post=411449"},{"taxonomy":"post_tag","embeddable":true,"href":"https:\/\/portaltela.pt\/api\/wp\/v2\/tags?post=411449"}],"curies":[{"name":"wp","href":"https:\/\/api.w.org\/{rel}","templated":true}]}}