{"id":411440,"date":"2026-03-15T22:30:00","date_gmt":"2026-03-16T01:30:00","guid":{"rendered":"https:\/\/portaltela.pt\/noticias\/2026\/03\/15\/ia-chega-ao-teatro-encenacoes-com-tecnologia-de-ia\/"},"modified":"2026-03-15T22:30:00","modified_gmt":"2026-03-16T01:30:00","slug":"ia-chega-ao-teatro-encenacoes-com-tecnologia-de-ia","status":"publish","type":"post","link":"https:\/\/portaltela.pt\/tecnologia\/2026\/03\/15\/ia-chega-ao-teatro-encenacoes-com-tecnologia-de-ia\/","title":{"rendered":"IA chega ao teatro: encena\u00e7\u00f5es com tecnologia de IA"},"content":{"rendered":"<p>O espet\u00e1culo IA.COM\u00e9dia junta atores de carne e osso a cinco personagens criados por Intelig\u00eancia Artificial, em tempo real. A encena\u00e7\u00e3o ocorre no TIO \u2013 Teatro Independente de Oeiras, e est\u00e1 em cena at\u00e9 dia 28. A pe\u00e7a aposta numa constru\u00e7\u00e3o de personagens que varia a cada apresenta\u00e7\u00e3o.<\/p>\n<p>Paulo Matos concebeu o projeto, que tamb\u00e9m envolve texto, encena\u00e7\u00e3o e atua\u00e7\u00e3o, ao lado de Carlos d\u2019Almeida Ribeiro. Em palco, os dois cruzam-se com as IA, cujas respostas n\u00e3o se repetem, mesmo ante perguntas iguais, trazendo din\u00e2mica di\u00e1ria ao enredo.<\/p>\n<p>Segundo a apresenta\u00e7\u00e3o, a IA n\u00e3o apenas interage com os atores, mas tamb\u00e9m com o p\u00fablico no foyer, o que aumentou o envolvimento e a perce\u00e7\u00e3o de que as vozes n\u00e3o s\u00e3o humanas. O objetivo \u00e9 refletir sobre o impacto da IA na vida quotidiana.<\/p>\n<h3>Funcionamento e Tem\u00e1tica<\/h3>\n<p>A pe\u00e7a centra-se na intera\u00e7\u00e3o entre dois atores e cinco personagens IA, criadas por uma empresa especializada. As respostas variam de forma imprevis\u00edvel, mantendo o p\u00fablico em estado de incerteza criativa.<\/p>\n<p>O tema aborda as consequ\u00eancias da IA na forma como trabalhamos, convivemos e gerimos rela\u00e7\u00f5es no dia a dia, incluindo a esfera amorosa. A organiza\u00e7\u00e3o afirma que a experi\u00eancia \u00e9 estimulante e diferente a cada sess\u00e3o.<\/p>\n<p>As sess\u00f5es no TIO t\u00eam sido recebidas positivamente, com enfoque na inova\u00e7\u00e3o teatral e na experimenta\u00e7\u00e3o tecnol\u00f3gica. O elenco e a equipa consideram o resultado mais eficaz do que o esperado, dada a complexidade do processo.<\/p>\n","protected":false},"excerpt":{"rendered":"<ul>\n<li>O espet\u00e1culo IA.COM\u00e9dia coloca dois atores a contracenar com cinco personagens criadas por intelig\u00eancia artificial, em tempo real.<\/li>\n<li>O projeto \u00e9 de Paulo Matos, que assina tamb\u00e9m o texto e a encena\u00e7\u00e3o, ao lado de Carlos d\u2019Almeida Ribeiro.<\/li>\n<li>A pe\u00e7a est\u00e1 em cena no TIO \u2013 Teatro Independente de Oeiras e fica at\u00e9 ao dia 28.<\/li>\n<li>Como a IA nem sempre responde da mesma forma, o espet\u00e1culo muda todos os dias, criando uma incerteza estimulante para o p\u00fablico.<\/li>\n<li>Foi criada uma intera\u00e7\u00e3o da IA com o p\u00fablico no foyer para comprovar que as personagens eram IA, aumentando a credibilidade da pe\u00e7a.<\/li>\n<\/ul>\n","protected":false},"author":2,"featured_media":411451,"comment_status":"closed","ping_status":"closed","sticky":false,"template":"","format":"standard","meta":{"footnotes":""},"categories":[1,6716],"tags":[145,33,51,1198,119,4460],"class_list":["post-411440","post","type-post","status-publish","format-standard","has-post-thumbnail","hentry","category-noticias","category-tecnologia","tag-cultura","tag-inovacao","tag-inteligencia-artificial","tag-oeiras","tag-teatro","tag-tecnologias-disruptivas"],"yoast_head":"<!-- This site is optimized with the Yoast SEO plugin v27.2 - https:\/\/yoast.com\/product\/yoast-seo-wordpress\/ -->\n<title>IA chega ao teatro: encena\u00e7\u00f5es com tecnologia de IA - Portal Tela Portugal<\/title>\n<meta name=\"robots\" content=\"index, follow, max-snippet:-1, max-image-preview:large, max-video-preview:-1\" \/>\n<meta property=\"og:locale\" content=\"pt_PT\" \/>\n<meta property=\"og:type\" content=\"article\" \/>\n<meta property=\"og:title\" content=\"IA chega ao teatro: encena\u00e7\u00f5es com tecnologia de IA - Portal Tela Portugal\" \/>\n<meta property=\"og:description\" content=\"O espet\u00e1culo IA.COM\u00e9dia coloca dois atores a contracenar com cinco personagens criadas por intelig\u00eancia artificial, em tempo real. O projeto \u00e9 de Paulo Matos, que assina tamb\u00e9m o texto e a encena\u00e7\u00e3o, ao lado de Carlos d\u2019Almeida Ribeiro. A pe\u00e7a est\u00e1 em cena no TIO \u2013 Teatro Independente de Oeiras e fica at\u00e9 ao dia 28. Como a IA nem sempre responde da mesma forma, o espet\u00e1culo muda todos os dias, criando uma incerteza estimulante para o p\u00fablico. Foi criada uma intera\u00e7\u00e3o da IA com o p\u00fablico no foyer para comprovar que as personagens eram IA, aumentando a credibilidade da pe\u00e7a.\" \/>\n<meta property=\"og:url\" content=\"https:\/\/portaltela.pt\/noticias\/2026\/03\/15\/ia-chega-ao-teatro-encenacoes-com-tecnologia-de-ia\/\" \/>\n<meta property=\"og:site_name\" content=\"Portal Tela Portugal\" \/>\n<meta property=\"article:published_time\" content=\"2026-03-16T01:30:00+00:00\" \/>\n<meta name=\"author\" content=\"Telinha\" \/>\n<meta name=\"twitter:card\" content=\"summary_large_image\" \/>\n<meta name=\"twitter:label1\" content=\"Escrito por\" \/>\n\t<meta name=\"twitter:data1\" content=\"Telinha\" \/>\n\t<meta name=\"twitter:label2\" content=\"Tempo estimado de leitura\" \/>\n\t<meta name=\"twitter:data2\" content=\"1 minuto\" \/>\n<script type=\"application\/ld+json\" class=\"yoast-schema-graph\">{\"@context\":\"https:\/\/schema.org\",\"@graph\":[{\"@type\":\"Article\",\"@id\":\"https:\/\/portaltela.pt\/noticias\/2026\/03\/15\/ia-chega-ao-teatro-encenacoes-com-tecnologia-de-ia\/#article\",\"isPartOf\":{\"@id\":\"https:\/\/portaltela.pt\/noticias\/2026\/03\/15\/ia-chega-ao-teatro-encenacoes-com-tecnologia-de-ia\/\"},\"author\":{\"name\":\"Telinha\",\"@id\":\"https:\/\/portaltela.pt\/#\/schema\/person\/c4278d4a6028830caff9ee44b42d32ed\"},\"headline\":\"IA chega ao teatro: encena\u00e7\u00f5es com tecnologia de IA\",\"datePublished\":\"2026-03-16T01:30:00+00:00\",\"mainEntityOfPage\":{\"@id\":\"https:\/\/portaltela.pt\/noticias\/2026\/03\/15\/ia-chega-ao-teatro-encenacoes-com-tecnologia-de-ia\/\"},\"wordCount\":282,\"image\":{\"@id\":\"https:\/\/portaltela.pt\/noticias\/2026\/03\/15\/ia-chega-ao-teatro-encenacoes-com-tecnologia-de-ia\/#primaryimage\"},\"thumbnailUrl\":\"https:\/\/portaltela.pt\/s.01k8rhncp4jt1\/2026\/03\/img_1280x721uu2026-03-15-15-51-02-2272508.jpg\",\"keywords\":[\"cultura\",\"inova\u00e7\u00e3o\",\"intelig\u00eancia artificial\",\"Oeiras\",\"teatro\",\"tecnologias disruptivas\"],\"articleSection\":[\"Not\u00edcias\",\"Tecnologia\"],\"inLanguage\":\"pt-PT\"},{\"@type\":\"WebPage\",\"@id\":\"https:\/\/portaltela.pt\/noticias\/2026\/03\/15\/ia-chega-ao-teatro-encenacoes-com-tecnologia-de-ia\/\",\"url\":\"https:\/\/portaltela.pt\/noticias\/2026\/03\/15\/ia-chega-ao-teatro-encenacoes-com-tecnologia-de-ia\/\",\"name\":\"IA chega ao teatro: encena\u00e7\u00f5es com tecnologia de IA - Portal Tela Portugal\",\"isPartOf\":{\"@id\":\"https:\/\/portaltela.pt\/#website\"},\"primaryImageOfPage\":{\"@id\":\"https:\/\/portaltela.pt\/noticias\/2026\/03\/15\/ia-chega-ao-teatro-encenacoes-com-tecnologia-de-ia\/#primaryimage\"},\"image\":{\"@id\":\"https:\/\/portaltela.pt\/noticias\/2026\/03\/15\/ia-chega-ao-teatro-encenacoes-com-tecnologia-de-ia\/#primaryimage\"},\"thumbnailUrl\":\"https:\/\/portaltela.pt\/s.01k8rhncp4jt1\/2026\/03\/img_1280x721uu2026-03-15-15-51-02-2272508.jpg\",\"datePublished\":\"2026-03-16T01:30:00+00:00\",\"author\":{\"@id\":\"https:\/\/portaltela.pt\/#\/schema\/person\/c4278d4a6028830caff9ee44b42d32ed\"},\"breadcrumb\":{\"@id\":\"https:\/\/portaltela.pt\/noticias\/2026\/03\/15\/ia-chega-ao-teatro-encenacoes-com-tecnologia-de-ia\/#breadcrumb\"},\"inLanguage\":\"pt-PT\",\"potentialAction\":[{\"@type\":\"ReadAction\",\"target\":[\"https:\/\/portaltela.pt\/noticias\/2026\/03\/15\/ia-chega-ao-teatro-encenacoes-com-tecnologia-de-ia\/\"]}]},{\"@type\":\"ImageObject\",\"inLanguage\":\"pt-PT\",\"@id\":\"https:\/\/portaltela.pt\/noticias\/2026\/03\/15\/ia-chega-ao-teatro-encenacoes-com-tecnologia-de-ia\/#primaryimage\",\"url\":\"https:\/\/portaltela.pt\/s.01k8rhncp4jt1\/2026\/03\/img_1280x721uu2026-03-15-15-51-02-2272508.jpg\",\"contentUrl\":\"https:\/\/portaltela.pt\/s.01k8rhncp4jt1\/2026\/03\/img_1280x721uu2026-03-15-15-51-02-2272508.jpg\",\"width\":796,\"height\":448,\"caption\":\"Paulo Matos e Carlos d'Almeida Ribeiro no espet\u00e1culo 'IA.COM\u00e9dia'\"},{\"@type\":\"BreadcrumbList\",\"@id\":\"https:\/\/portaltela.pt\/noticias\/2026\/03\/15\/ia-chega-ao-teatro-encenacoes-com-tecnologia-de-ia\/#breadcrumb\",\"itemListElement\":[{\"@type\":\"ListItem\",\"position\":1,\"name\":\"In\u00edcio\",\"item\":\"https:\/\/portaltela.pt\/\"},{\"@type\":\"ListItem\",\"position\":2,\"name\":\"IA chega ao teatro: encena\u00e7\u00f5es com tecnologia de IA\"}]},{\"@type\":\"WebSite\",\"@id\":\"https:\/\/portaltela.pt\/#website\",\"url\":\"https:\/\/portaltela.pt\/\",\"name\":\"Portal Tela Portugal\",\"description\":\"\",\"potentialAction\":[{\"@type\":\"SearchAction\",\"target\":{\"@type\":\"EntryPoint\",\"urlTemplate\":\"https:\/\/portaltela.pt\/?s={search_term_string}\"},\"query-input\":{\"@type\":\"PropertyValueSpecification\",\"valueRequired\":true,\"valueName\":\"search_term_string\"}}],\"inLanguage\":\"pt-PT\"},{\"@type\":\"Person\",\"@id\":\"https:\/\/portaltela.pt\/#\/schema\/person\/c4278d4a6028830caff9ee44b42d32ed\",\"name\":\"Telinha\",\"image\":{\"@type\":\"ImageObject\",\"inLanguage\":\"pt-PT\",\"@id\":\"https:\/\/portaltela.pt\/s.01k8rhncp4jt1\/2025\/11\/talking-bot-125x125.png\",\"url\":\"https:\/\/portaltela.pt\/s.01k8rhncp4jt1\/2025\/11\/talking-bot-125x125.png\",\"contentUrl\":\"https:\/\/portaltela.pt\/s.01k8rhncp4jt1\/2025\/11\/talking-bot-125x125.png\",\"caption\":\"Telinha\"},\"sameAs\":[\"https:\/\/portaltela.pt\/\"],\"url\":\"https:\/\/portaltela.pt\/por\/367410592786\/\"}]}<\/script>\n<!-- \/ Yoast SEO plugin. -->","yoast_head_json":{"title":"IA chega ao teatro: encena\u00e7\u00f5es com tecnologia de IA - Portal Tela Portugal","robots":{"index":"index","follow":"follow","max-snippet":"max-snippet:-1","max-image-preview":"max-image-preview:large","max-video-preview":"max-video-preview:-1"},"og_locale":"pt_PT","og_type":"article","og_title":"IA chega ao teatro: encena\u00e7\u00f5es com tecnologia de IA - Portal Tela Portugal","og_description":"O espet\u00e1culo IA.COM\u00e9dia coloca dois atores a contracenar com cinco personagens criadas por intelig\u00eancia artificial, em tempo real. O projeto \u00e9 de Paulo Matos, que assina tamb\u00e9m o texto e a encena\u00e7\u00e3o, ao lado de Carlos d\u2019Almeida Ribeiro. A pe\u00e7a est\u00e1 em cena no TIO \u2013 Teatro Independente de Oeiras e fica at\u00e9 ao dia 28. Como a IA nem sempre responde da mesma forma, o espet\u00e1culo muda todos os dias, criando uma incerteza estimulante para o p\u00fablico. Foi criada uma intera\u00e7\u00e3o da IA com o p\u00fablico no foyer para comprovar que as personagens eram IA, aumentando a credibilidade da pe\u00e7a.","og_url":"https:\/\/portaltela.pt\/noticias\/2026\/03\/15\/ia-chega-ao-teatro-encenacoes-com-tecnologia-de-ia\/","og_site_name":"Portal Tela Portugal","article_published_time":"2026-03-16T01:30:00+00:00","author":"Telinha","twitter_card":"summary_large_image","twitter_misc":{"Escrito por":"Telinha","Tempo estimado de leitura":"1 minuto"},"schema":{"@context":"https:\/\/schema.org","@graph":[{"@type":"Article","@id":"https:\/\/portaltela.pt\/noticias\/2026\/03\/15\/ia-chega-ao-teatro-encenacoes-com-tecnologia-de-ia\/#article","isPartOf":{"@id":"https:\/\/portaltela.pt\/noticias\/2026\/03\/15\/ia-chega-ao-teatro-encenacoes-com-tecnologia-de-ia\/"},"author":{"name":"Telinha","@id":"https:\/\/portaltela.pt\/#\/schema\/person\/c4278d4a6028830caff9ee44b42d32ed"},"headline":"IA chega ao teatro: encena\u00e7\u00f5es com tecnologia de IA","datePublished":"2026-03-16T01:30:00+00:00","mainEntityOfPage":{"@id":"https:\/\/portaltela.pt\/noticias\/2026\/03\/15\/ia-chega-ao-teatro-encenacoes-com-tecnologia-de-ia\/"},"wordCount":282,"image":{"@id":"https:\/\/portaltela.pt\/noticias\/2026\/03\/15\/ia-chega-ao-teatro-encenacoes-com-tecnologia-de-ia\/#primaryimage"},"thumbnailUrl":"https:\/\/portaltela.pt\/s.01k8rhncp4jt1\/2026\/03\/img_1280x721uu2026-03-15-15-51-02-2272508.jpg","keywords":["cultura","inova\u00e7\u00e3o","intelig\u00eancia artificial","Oeiras","teatro","tecnologias disruptivas"],"articleSection":["Not\u00edcias","Tecnologia"],"inLanguage":"pt-PT"},{"@type":"WebPage","@id":"https:\/\/portaltela.pt\/noticias\/2026\/03\/15\/ia-chega-ao-teatro-encenacoes-com-tecnologia-de-ia\/","url":"https:\/\/portaltela.pt\/noticias\/2026\/03\/15\/ia-chega-ao-teatro-encenacoes-com-tecnologia-de-ia\/","name":"IA chega ao teatro: encena\u00e7\u00f5es com tecnologia de IA - Portal Tela Portugal","isPartOf":{"@id":"https:\/\/portaltela.pt\/#website"},"primaryImageOfPage":{"@id":"https:\/\/portaltela.pt\/noticias\/2026\/03\/15\/ia-chega-ao-teatro-encenacoes-com-tecnologia-de-ia\/#primaryimage"},"image":{"@id":"https:\/\/portaltela.pt\/noticias\/2026\/03\/15\/ia-chega-ao-teatro-encenacoes-com-tecnologia-de-ia\/#primaryimage"},"thumbnailUrl":"https:\/\/portaltela.pt\/s.01k8rhncp4jt1\/2026\/03\/img_1280x721uu2026-03-15-15-51-02-2272508.jpg","datePublished":"2026-03-16T01:30:00+00:00","author":{"@id":"https:\/\/portaltela.pt\/#\/schema\/person\/c4278d4a6028830caff9ee44b42d32ed"},"breadcrumb":{"@id":"https:\/\/portaltela.pt\/noticias\/2026\/03\/15\/ia-chega-ao-teatro-encenacoes-com-tecnologia-de-ia\/#breadcrumb"},"inLanguage":"pt-PT","potentialAction":[{"@type":"ReadAction","target":["https:\/\/portaltela.pt\/noticias\/2026\/03\/15\/ia-chega-ao-teatro-encenacoes-com-tecnologia-de-ia\/"]}]},{"@type":"ImageObject","inLanguage":"pt-PT","@id":"https:\/\/portaltela.pt\/noticias\/2026\/03\/15\/ia-chega-ao-teatro-encenacoes-com-tecnologia-de-ia\/#primaryimage","url":"https:\/\/portaltela.pt\/s.01k8rhncp4jt1\/2026\/03\/img_1280x721uu2026-03-15-15-51-02-2272508.jpg","contentUrl":"https:\/\/portaltela.pt\/s.01k8rhncp4jt1\/2026\/03\/img_1280x721uu2026-03-15-15-51-02-2272508.jpg","width":796,"height":448,"caption":"Paulo Matos e Carlos d'Almeida Ribeiro no espet\u00e1culo 'IA.COM\u00e9dia'"},{"@type":"BreadcrumbList","@id":"https:\/\/portaltela.pt\/noticias\/2026\/03\/15\/ia-chega-ao-teatro-encenacoes-com-tecnologia-de-ia\/#breadcrumb","itemListElement":[{"@type":"ListItem","position":1,"name":"In\u00edcio","item":"https:\/\/portaltela.pt\/"},{"@type":"ListItem","position":2,"name":"IA chega ao teatro: encena\u00e7\u00f5es com tecnologia de IA"}]},{"@type":"WebSite","@id":"https:\/\/portaltela.pt\/#website","url":"https:\/\/portaltela.pt\/","name":"Portal Tela Portugal","description":"","potentialAction":[{"@type":"SearchAction","target":{"@type":"EntryPoint","urlTemplate":"https:\/\/portaltela.pt\/?s={search_term_string}"},"query-input":{"@type":"PropertyValueSpecification","valueRequired":true,"valueName":"search_term_string"}}],"inLanguage":"pt-PT"},{"@type":"Person","@id":"https:\/\/portaltela.pt\/#\/schema\/person\/c4278d4a6028830caff9ee44b42d32ed","name":"Telinha","image":{"@type":"ImageObject","inLanguage":"pt-PT","@id":"https:\/\/portaltela.pt\/s.01k8rhncp4jt1\/2025\/11\/talking-bot-125x125.png","url":"https:\/\/portaltela.pt\/s.01k8rhncp4jt1\/2025\/11\/talking-bot-125x125.png","contentUrl":"https:\/\/portaltela.pt\/s.01k8rhncp4jt1\/2025\/11\/talking-bot-125x125.png","caption":"Telinha"},"sameAs":["https:\/\/portaltela.pt\/"],"url":"https:\/\/portaltela.pt\/por\/367410592786\/"}]}},"_links":{"self":[{"href":"https:\/\/portaltela.pt\/api\/wp\/v2\/posts\/411440","targetHints":{"allow":["GET"]}}],"collection":[{"href":"https:\/\/portaltela.pt\/api\/wp\/v2\/posts"}],"about":[{"href":"https:\/\/portaltela.pt\/api\/wp\/v2\/types\/post"}],"author":[{"embeddable":true,"href":"https:\/\/portaltela.pt\/api\/wp\/v2\/users\/2"}],"replies":[{"embeddable":true,"href":"https:\/\/portaltela.pt\/api\/wp\/v2\/comments?post=411440"}],"version-history":[{"count":0,"href":"https:\/\/portaltela.pt\/api\/wp\/v2\/posts\/411440\/revisions"}],"wp:featuredmedia":[{"embeddable":true,"href":"https:\/\/portaltela.pt\/api\/wp\/v2\/media\/411451"}],"wp:attachment":[{"href":"https:\/\/portaltela.pt\/api\/wp\/v2\/media?parent=411440"}],"wp:term":[{"taxonomy":"category","embeddable":true,"href":"https:\/\/portaltela.pt\/api\/wp\/v2\/categories?post=411440"},{"taxonomy":"post_tag","embeddable":true,"href":"https:\/\/portaltela.pt\/api\/wp\/v2\/tags?post=411440"}],"curies":[{"name":"wp","href":"https:\/\/api.w.org\/{rel}","templated":true}]}}