{"id":411429,"date":"2026-03-15T22:30:00","date_gmt":"2026-03-16T01:30:00","guid":{"rendered":"https:\/\/portaltela.pt\/noticias\/2026\/03\/15\/corte-de-arvores-em-sesimbra-suscita-indignacao-publica\/"},"modified":"2026-03-15T22:30:00","modified_gmt":"2026-03-16T01:30:00","slug":"corte-de-arvores-em-sesimbra-suscita-indignacao-publica","status":"publish","type":"post","link":"https:\/\/portaltela.pt\/noticias\/2026\/03\/15\/corte-de-arvores-em-sesimbra-suscita-indignacao-publica\/","title":{"rendered":"Corte de \u00e1rvores em Sesimbra suscita indigna\u00e7\u00e3o p\u00fablica"},"content":{"rendered":"<p>O corte de mais de duas mil toneladas de pinheiro manso na herdade do Cabe\u00e7o da Flauta, em Sesimbra, originou protesto junto \u00e0 entrada da propriedade neste domingo. A a\u00e7\u00e3o foi organizada pelo movimento &#8220;Meco Livre&#8221;, que reuniu dezenas de pessoas.<\/p>\n<p>Os manifestantes classificam o abate como ecoc\u00eddio e pedem o apuramento de responsabilidades institucionais relacionadas com a emiss\u00e3o e valida\u00e7\u00e3o dos Manifestos de Corte de \u00c1rvores. Alegam falta de transpar\u00eancia sobre os fundamentos para afirmar que o Cabe\u00e7o da Flauta n\u00e3o integra o S\u00edtio Ramsar da Lagoa de Albufeira.<\/p>\n<p>O movimento tamb\u00e9m questiona se o territ\u00f3rio integra algum conjunto de prote\u00e7\u00e3o ambiental, alegando que a informa\u00e7\u00e3o p\u00fablica aponta para a sua inclus\u00e3o no Sistema Nacional de \u00c1reas Classificadas. O grupo exige esclarecimentos sobre a fundamenta\u00e7\u00e3o das decis\u00f5es.<\/p>\n<h3>Esclarecimentos do ICNF<\/h3>\n<p>O Instituto da Conserva\u00e7\u00e3o da Natureza e das Florestas afirma que o terreno n\u00e3o est\u00e1 inserido em Zona Especial de Conserva\u00e7\u00e3o nem na Rede Nacional de \u00c1reas Protegidas.<\/p>\n<p>O ICNF acrescenta que a explora\u00e7\u00e3o florestal em curso n\u00e3o carece de autoriza\u00e7\u00e3o da institui\u00e7\u00e3o, n\u00e3o tendo sido emitida qualquer autoriza\u00e7\u00e3o para a opera\u00e7\u00e3o. Em fiscaliza\u00e7\u00e3o, verificou-se que as empresas n\u00e3o cortaram esp\u00e9cies protegidas nem alteraram o uso do solo.<\/p>\n","protected":false},"excerpt":{"rendered":"<ul>\n<li>O corte de pinheiro-manso na herdade do Cabe\u00e7o da Flauta, em Sesimbra, envolve mais de duas mil toneladas e provocou protesto da popula\u00e7\u00e3o.<\/li>\n<li>O movimento &#8220;Meco Livre&#8221; organizou uma manifesta\u00e7\u00e3o \u00e0 entrada da propriedade, classificando o abate como ecoc\u00eddio.<\/li>\n<li>Os manifestantes pedem apuramento de responsabilidades sobre a emiss\u00e3o e valida\u00e7\u00e3o dos Manifestos de Corte de \u00c1rvores que permitiram o abate de cerca de 1.500 pinheiros mansos.<\/li>\n<li>O grupo questiona ainda a fundamenta\u00e7\u00e3o para a alega\u00e7\u00e3o de que o Cabe\u00e7o da Flauta n\u00e3o integra o Sistema Nacional de \u00c1reas Classificadas, apontando para a integra\u00e7\u00e3o no sistema ecol\u00f3gico relacionado com o S\u00edtio Ramsar da Lagoa de Albufeira.<\/li>\n<li>O Instituto da Conserva\u00e7\u00e3o da Natureza e das Florestas assegura que o terreno n\u00e3o est\u00e1 em Zona Especial de Conserva\u00e7\u00e3o nem na Rede Nacional de \u00c1reas Protegidas, e que a opera\u00e7\u00e3o n\u00e3o exigia autoriza\u00e7\u00e3o do ICNF; as fiscaliza\u00e7\u00f5es indicaram n\u00e3o ter havido corte de esp\u00e9cies protegidas nem altera\u00e7\u00e3o de uso do solo.<\/li>\n<\/ul>\n","protected":false},"author":2,"featured_media":411442,"comment_status":"closed","ping_status":"closed","sticky":false,"template":"","format":"standard","meta":{"footnotes":""},"categories":[6725,1],"tags":[167,4576,3142,45,811,2857],"class_list":["post-411429","post","type-post","status-publish","format-standard","has-post-thumbnail","hentry","category-meio-ambiente","category-noticias","tag-ambiente","tag-florestal","tag-icnf","tag-meio-ambiente","tag-protecao-ambiental","tag-protestos"],"yoast_head":"<!-- This site is optimized with the Yoast SEO plugin v27.2 - https:\/\/yoast.com\/product\/yoast-seo-wordpress\/ -->\n<title>Corte de \u00e1rvores em Sesimbra suscita indigna\u00e7\u00e3o p\u00fablica - Portal Tela Portugal<\/title>\n<meta name=\"robots\" content=\"index, follow, max-snippet:-1, max-image-preview:large, max-video-preview:-1\" \/>\n<meta property=\"og:locale\" content=\"pt_PT\" \/>\n<meta property=\"og:type\" content=\"article\" \/>\n<meta property=\"og:title\" content=\"Corte de \u00e1rvores em Sesimbra suscita indigna\u00e7\u00e3o p\u00fablica - Portal Tela Portugal\" \/>\n<meta property=\"og:description\" content=\"O corte de pinheiro-manso na herdade do Cabe\u00e7o da Flauta, em Sesimbra, envolve mais de duas mil toneladas e provocou protesto da popula\u00e7\u00e3o. O movimento &quot;Meco Livre&quot; organizou uma manifesta\u00e7\u00e3o \u00e0 entrada da propriedade, classificando o abate como ecoc\u00eddio. Os manifestantes pedem apuramento de responsabilidades sobre a emiss\u00e3o e valida\u00e7\u00e3o dos Manifestos de Corte de \u00c1rvores que permitiram o abate de cerca de 1.500 pinheiros mansos. O grupo questiona ainda a fundamenta\u00e7\u00e3o para a alega\u00e7\u00e3o de que o Cabe\u00e7o da Flauta n\u00e3o integra o Sistema Nacional de \u00c1reas Classificadas, apontando para a integra\u00e7\u00e3o no sistema ecol\u00f3gico relacionado com o S\u00edtio Ramsar da Lagoa de Albufeira. O Instituto da Conserva\u00e7\u00e3o da Natureza e das Florestas assegura que o terreno n\u00e3o est\u00e1 em Zona Especial de Conserva\u00e7\u00e3o nem na Rede Nacional de \u00c1reas Protegidas, e que a opera\u00e7\u00e3o n\u00e3o exigia autoriza\u00e7\u00e3o do ICNF; as fiscaliza\u00e7\u00f5es indicaram n\u00e3o ter havido corte de esp\u00e9cies protegidas nem altera\u00e7\u00e3o de uso do solo.\" \/>\n<meta property=\"og:url\" content=\"https:\/\/portaltela.pt\/noticias\/2026\/03\/15\/corte-de-arvores-em-sesimbra-suscita-indignacao-publica\/\" \/>\n<meta property=\"og:site_name\" content=\"Portal Tela Portugal\" \/>\n<meta property=\"article:published_time\" content=\"2026-03-16T01:30:00+00:00\" \/>\n<meta name=\"author\" content=\"Telinha\" \/>\n<meta name=\"twitter:card\" content=\"summary_large_image\" \/>\n<meta name=\"twitter:label1\" content=\"Escrito por\" \/>\n\t<meta name=\"twitter:data1\" content=\"Telinha\" \/>\n\t<meta name=\"twitter:label2\" content=\"Tempo estimado de leitura\" \/>\n\t<meta name=\"twitter:data2\" content=\"1 minuto\" \/>\n<script type=\"application\/ld+json\" class=\"yoast-schema-graph\">{\"@context\":\"https:\/\/schema.org\",\"@graph\":[{\"@type\":\"Article\",\"@id\":\"https:\/\/portaltela.pt\/noticias\/2026\/03\/15\/corte-de-arvores-em-sesimbra-suscita-indignacao-publica\/#article\",\"isPartOf\":{\"@id\":\"https:\/\/portaltela.pt\/noticias\/2026\/03\/15\/corte-de-arvores-em-sesimbra-suscita-indignacao-publica\/\"},\"author\":{\"name\":\"Telinha\",\"@id\":\"https:\/\/portaltela.pt\/#\/schema\/person\/c4278d4a6028830caff9ee44b42d32ed\"},\"headline\":\"Corte de \u00e1rvores em Sesimbra suscita indigna\u00e7\u00e3o p\u00fablica\",\"datePublished\":\"2026-03-16T01:30:00+00:00\",\"mainEntityOfPage\":{\"@id\":\"https:\/\/portaltela.pt\/noticias\/2026\/03\/15\/corte-de-arvores-em-sesimbra-suscita-indignacao-publica\/\"},\"wordCount\":238,\"image\":{\"@id\":\"https:\/\/portaltela.pt\/noticias\/2026\/03\/15\/corte-de-arvores-em-sesimbra-suscita-indignacao-publica\/#primaryimage\"},\"thumbnailUrl\":\"https:\/\/portaltela.pt\/s.01k8rhncp4jt1\/2026\/03\/img_1280x721uu2026-03-15-15-23-52-2272506.jpg\",\"keywords\":[\"ambiente\",\"florestal\",\"ICNF\",\"meio-ambiente\",\"prote\u00e7\u00e3o ambiental\",\"protestos\"],\"articleSection\":[\"Meio Ambiente\",\"Not\u00edcias\"],\"inLanguage\":\"pt-PT\"},{\"@type\":\"WebPage\",\"@id\":\"https:\/\/portaltela.pt\/noticias\/2026\/03\/15\/corte-de-arvores-em-sesimbra-suscita-indignacao-publica\/\",\"url\":\"https:\/\/portaltela.pt\/noticias\/2026\/03\/15\/corte-de-arvores-em-sesimbra-suscita-indignacao-publica\/\",\"name\":\"Corte de \u00e1rvores em Sesimbra suscita indigna\u00e7\u00e3o p\u00fablica - Portal Tela Portugal\",\"isPartOf\":{\"@id\":\"https:\/\/portaltela.pt\/#website\"},\"primaryImageOfPage\":{\"@id\":\"https:\/\/portaltela.pt\/noticias\/2026\/03\/15\/corte-de-arvores-em-sesimbra-suscita-indignacao-publica\/#primaryimage\"},\"image\":{\"@id\":\"https:\/\/portaltela.pt\/noticias\/2026\/03\/15\/corte-de-arvores-em-sesimbra-suscita-indignacao-publica\/#primaryimage\"},\"thumbnailUrl\":\"https:\/\/portaltela.pt\/s.01k8rhncp4jt1\/2026\/03\/img_1280x721uu2026-03-15-15-23-52-2272506.jpg\",\"datePublished\":\"2026-03-16T01:30:00+00:00\",\"author\":{\"@id\":\"https:\/\/portaltela.pt\/#\/schema\/person\/c4278d4a6028830caff9ee44b42d32ed\"},\"breadcrumb\":{\"@id\":\"https:\/\/portaltela.pt\/noticias\/2026\/03\/15\/corte-de-arvores-em-sesimbra-suscita-indignacao-publica\/#breadcrumb\"},\"inLanguage\":\"pt-PT\",\"potentialAction\":[{\"@type\":\"ReadAction\",\"target\":[\"https:\/\/portaltela.pt\/noticias\/2026\/03\/15\/corte-de-arvores-em-sesimbra-suscita-indignacao-publica\/\"]}]},{\"@type\":\"ImageObject\",\"inLanguage\":\"pt-PT\",\"@id\":\"https:\/\/portaltela.pt\/noticias\/2026\/03\/15\/corte-de-arvores-em-sesimbra-suscita-indignacao-publica\/#primaryimage\",\"url\":\"https:\/\/portaltela.pt\/s.01k8rhncp4jt1\/2026\/03\/img_1280x721uu2026-03-15-15-23-52-2272506.jpg\",\"contentUrl\":\"https:\/\/portaltela.pt\/s.01k8rhncp4jt1\/2026\/03\/img_1280x721uu2026-03-15-15-23-52-2272506.jpg\",\"width\":796,\"height\":448,\"caption\":\"Popula\u00e7\u00e3o protesta contra abate de pinheiros em Sesimbra.\"},{\"@type\":\"BreadcrumbList\",\"@id\":\"https:\/\/portaltela.pt\/noticias\/2026\/03\/15\/corte-de-arvores-em-sesimbra-suscita-indignacao-publica\/#breadcrumb\",\"itemListElement\":[{\"@type\":\"ListItem\",\"position\":1,\"name\":\"In\u00edcio\",\"item\":\"https:\/\/portaltela.pt\/\"},{\"@type\":\"ListItem\",\"position\":2,\"name\":\"Corte de \u00e1rvores em Sesimbra suscita indigna\u00e7\u00e3o p\u00fablica\"}]},{\"@type\":\"WebSite\",\"@id\":\"https:\/\/portaltela.pt\/#website\",\"url\":\"https:\/\/portaltela.pt\/\",\"name\":\"Portal Tela Portugal\",\"description\":\"\",\"potentialAction\":[{\"@type\":\"SearchAction\",\"target\":{\"@type\":\"EntryPoint\",\"urlTemplate\":\"https:\/\/portaltela.pt\/?s={search_term_string}\"},\"query-input\":{\"@type\":\"PropertyValueSpecification\",\"valueRequired\":true,\"valueName\":\"search_term_string\"}}],\"inLanguage\":\"pt-PT\"},{\"@type\":\"Person\",\"@id\":\"https:\/\/portaltela.pt\/#\/schema\/person\/c4278d4a6028830caff9ee44b42d32ed\",\"name\":\"Telinha\",\"image\":{\"@type\":\"ImageObject\",\"inLanguage\":\"pt-PT\",\"@id\":\"https:\/\/portaltela.pt\/s.01k8rhncp4jt1\/2025\/11\/talking-bot-125x125.png\",\"url\":\"https:\/\/portaltela.pt\/s.01k8rhncp4jt1\/2025\/11\/talking-bot-125x125.png\",\"contentUrl\":\"https:\/\/portaltela.pt\/s.01k8rhncp4jt1\/2025\/11\/talking-bot-125x125.png\",\"caption\":\"Telinha\"},\"sameAs\":[\"https:\/\/portaltela.pt\/\"],\"url\":\"https:\/\/portaltela.pt\/por\/367410592786\/\"}]}<\/script>\n<!-- \/ Yoast SEO plugin. -->","yoast_head_json":{"title":"Corte de \u00e1rvores em Sesimbra suscita indigna\u00e7\u00e3o p\u00fablica - Portal Tela Portugal","robots":{"index":"index","follow":"follow","max-snippet":"max-snippet:-1","max-image-preview":"max-image-preview:large","max-video-preview":"max-video-preview:-1"},"og_locale":"pt_PT","og_type":"article","og_title":"Corte de \u00e1rvores em Sesimbra suscita indigna\u00e7\u00e3o p\u00fablica - Portal Tela Portugal","og_description":"O corte de pinheiro-manso na herdade do Cabe\u00e7o da Flauta, em Sesimbra, envolve mais de duas mil toneladas e provocou protesto da popula\u00e7\u00e3o. O movimento \"Meco Livre\" organizou uma manifesta\u00e7\u00e3o \u00e0 entrada da propriedade, classificando o abate como ecoc\u00eddio. Os manifestantes pedem apuramento de responsabilidades sobre a emiss\u00e3o e valida\u00e7\u00e3o dos Manifestos de Corte de \u00c1rvores que permitiram o abate de cerca de 1.500 pinheiros mansos. O grupo questiona ainda a fundamenta\u00e7\u00e3o para a alega\u00e7\u00e3o de que o Cabe\u00e7o da Flauta n\u00e3o integra o Sistema Nacional de \u00c1reas Classificadas, apontando para a integra\u00e7\u00e3o no sistema ecol\u00f3gico relacionado com o S\u00edtio Ramsar da Lagoa de Albufeira. O Instituto da Conserva\u00e7\u00e3o da Natureza e das Florestas assegura que o terreno n\u00e3o est\u00e1 em Zona Especial de Conserva\u00e7\u00e3o nem na Rede Nacional de \u00c1reas Protegidas, e que a opera\u00e7\u00e3o n\u00e3o exigia autoriza\u00e7\u00e3o do ICNF; as fiscaliza\u00e7\u00f5es indicaram n\u00e3o ter havido corte de esp\u00e9cies protegidas nem altera\u00e7\u00e3o de uso do solo.","og_url":"https:\/\/portaltela.pt\/noticias\/2026\/03\/15\/corte-de-arvores-em-sesimbra-suscita-indignacao-publica\/","og_site_name":"Portal Tela Portugal","article_published_time":"2026-03-16T01:30:00+00:00","author":"Telinha","twitter_card":"summary_large_image","twitter_misc":{"Escrito por":"Telinha","Tempo estimado de leitura":"1 minuto"},"schema":{"@context":"https:\/\/schema.org","@graph":[{"@type":"Article","@id":"https:\/\/portaltela.pt\/noticias\/2026\/03\/15\/corte-de-arvores-em-sesimbra-suscita-indignacao-publica\/#article","isPartOf":{"@id":"https:\/\/portaltela.pt\/noticias\/2026\/03\/15\/corte-de-arvores-em-sesimbra-suscita-indignacao-publica\/"},"author":{"name":"Telinha","@id":"https:\/\/portaltela.pt\/#\/schema\/person\/c4278d4a6028830caff9ee44b42d32ed"},"headline":"Corte de \u00e1rvores em Sesimbra suscita indigna\u00e7\u00e3o p\u00fablica","datePublished":"2026-03-16T01:30:00+00:00","mainEntityOfPage":{"@id":"https:\/\/portaltela.pt\/noticias\/2026\/03\/15\/corte-de-arvores-em-sesimbra-suscita-indignacao-publica\/"},"wordCount":238,"image":{"@id":"https:\/\/portaltela.pt\/noticias\/2026\/03\/15\/corte-de-arvores-em-sesimbra-suscita-indignacao-publica\/#primaryimage"},"thumbnailUrl":"https:\/\/portaltela.pt\/s.01k8rhncp4jt1\/2026\/03\/img_1280x721uu2026-03-15-15-23-52-2272506.jpg","keywords":["ambiente","florestal","ICNF","meio-ambiente","prote\u00e7\u00e3o ambiental","protestos"],"articleSection":["Meio Ambiente","Not\u00edcias"],"inLanguage":"pt-PT"},{"@type":"WebPage","@id":"https:\/\/portaltela.pt\/noticias\/2026\/03\/15\/corte-de-arvores-em-sesimbra-suscita-indignacao-publica\/","url":"https:\/\/portaltela.pt\/noticias\/2026\/03\/15\/corte-de-arvores-em-sesimbra-suscita-indignacao-publica\/","name":"Corte de \u00e1rvores em Sesimbra suscita indigna\u00e7\u00e3o p\u00fablica - Portal Tela Portugal","isPartOf":{"@id":"https:\/\/portaltela.pt\/#website"},"primaryImageOfPage":{"@id":"https:\/\/portaltela.pt\/noticias\/2026\/03\/15\/corte-de-arvores-em-sesimbra-suscita-indignacao-publica\/#primaryimage"},"image":{"@id":"https:\/\/portaltela.pt\/noticias\/2026\/03\/15\/corte-de-arvores-em-sesimbra-suscita-indignacao-publica\/#primaryimage"},"thumbnailUrl":"https:\/\/portaltela.pt\/s.01k8rhncp4jt1\/2026\/03\/img_1280x721uu2026-03-15-15-23-52-2272506.jpg","datePublished":"2026-03-16T01:30:00+00:00","author":{"@id":"https:\/\/portaltela.pt\/#\/schema\/person\/c4278d4a6028830caff9ee44b42d32ed"},"breadcrumb":{"@id":"https:\/\/portaltela.pt\/noticias\/2026\/03\/15\/corte-de-arvores-em-sesimbra-suscita-indignacao-publica\/#breadcrumb"},"inLanguage":"pt-PT","potentialAction":[{"@type":"ReadAction","target":["https:\/\/portaltela.pt\/noticias\/2026\/03\/15\/corte-de-arvores-em-sesimbra-suscita-indignacao-publica\/"]}]},{"@type":"ImageObject","inLanguage":"pt-PT","@id":"https:\/\/portaltela.pt\/noticias\/2026\/03\/15\/corte-de-arvores-em-sesimbra-suscita-indignacao-publica\/#primaryimage","url":"https:\/\/portaltela.pt\/s.01k8rhncp4jt1\/2026\/03\/img_1280x721uu2026-03-15-15-23-52-2272506.jpg","contentUrl":"https:\/\/portaltela.pt\/s.01k8rhncp4jt1\/2026\/03\/img_1280x721uu2026-03-15-15-23-52-2272506.jpg","width":796,"height":448,"caption":"Popula\u00e7\u00e3o protesta contra abate de pinheiros em Sesimbra."},{"@type":"BreadcrumbList","@id":"https:\/\/portaltela.pt\/noticias\/2026\/03\/15\/corte-de-arvores-em-sesimbra-suscita-indignacao-publica\/#breadcrumb","itemListElement":[{"@type":"ListItem","position":1,"name":"In\u00edcio","item":"https:\/\/portaltela.pt\/"},{"@type":"ListItem","position":2,"name":"Corte de \u00e1rvores em Sesimbra suscita indigna\u00e7\u00e3o p\u00fablica"}]},{"@type":"WebSite","@id":"https:\/\/portaltela.pt\/#website","url":"https:\/\/portaltela.pt\/","name":"Portal Tela Portugal","description":"","potentialAction":[{"@type":"SearchAction","target":{"@type":"EntryPoint","urlTemplate":"https:\/\/portaltela.pt\/?s={search_term_string}"},"query-input":{"@type":"PropertyValueSpecification","valueRequired":true,"valueName":"search_term_string"}}],"inLanguage":"pt-PT"},{"@type":"Person","@id":"https:\/\/portaltela.pt\/#\/schema\/person\/c4278d4a6028830caff9ee44b42d32ed","name":"Telinha","image":{"@type":"ImageObject","inLanguage":"pt-PT","@id":"https:\/\/portaltela.pt\/s.01k8rhncp4jt1\/2025\/11\/talking-bot-125x125.png","url":"https:\/\/portaltela.pt\/s.01k8rhncp4jt1\/2025\/11\/talking-bot-125x125.png","contentUrl":"https:\/\/portaltela.pt\/s.01k8rhncp4jt1\/2025\/11\/talking-bot-125x125.png","caption":"Telinha"},"sameAs":["https:\/\/portaltela.pt\/"],"url":"https:\/\/portaltela.pt\/por\/367410592786\/"}]}},"_links":{"self":[{"href":"https:\/\/portaltela.pt\/api\/wp\/v2\/posts\/411429","targetHints":{"allow":["GET"]}}],"collection":[{"href":"https:\/\/portaltela.pt\/api\/wp\/v2\/posts"}],"about":[{"href":"https:\/\/portaltela.pt\/api\/wp\/v2\/types\/post"}],"author":[{"embeddable":true,"href":"https:\/\/portaltela.pt\/api\/wp\/v2\/users\/2"}],"replies":[{"embeddable":true,"href":"https:\/\/portaltela.pt\/api\/wp\/v2\/comments?post=411429"}],"version-history":[{"count":0,"href":"https:\/\/portaltela.pt\/api\/wp\/v2\/posts\/411429\/revisions"}],"wp:featuredmedia":[{"embeddable":true,"href":"https:\/\/portaltela.pt\/api\/wp\/v2\/media\/411442"}],"wp:attachment":[{"href":"https:\/\/portaltela.pt\/api\/wp\/v2\/media?parent=411429"}],"wp:term":[{"taxonomy":"category","embeddable":true,"href":"https:\/\/portaltela.pt\/api\/wp\/v2\/categories?post=411429"},{"taxonomy":"post_tag","embeddable":true,"href":"https:\/\/portaltela.pt\/api\/wp\/v2\/tags?post=411429"}],"curies":[{"name":"wp","href":"https:\/\/api.w.org\/{rel}","templated":true}]}}