{"id":411402,"date":"2026-03-15T21:00:00","date_gmt":"2026-03-16T00:00:00","guid":{"rendered":"https:\/\/portaltela.pt\/noticias\/2026\/03\/15\/o-teste-do-algodao-aspectos-relevantes\/"},"modified":"2026-03-15T21:00:00","modified_gmt":"2026-03-16T00:00:00","slug":"o-teste-do-algodao-aspectos-relevantes","status":"publish","type":"post","link":"https:\/\/portaltela.pt\/noticias\/politica\/2026\/03\/15\/o-teste-do-algodao-aspectos-relevantes\/","title":{"rendered":"O teste do algod\u00e3o: aspectos relevantes"},"content":{"rendered":"<p>No seguimento da avalia\u00e7\u00e3o p\u00fablica sobre a gest\u00e3o governamental, analistas destacam o desempenho durante a pandemia de COVID-19 em Portugal, h\u00e1 seis anos, com destaque para a prote\u00e7\u00e3o da economia, do emprego e dos servi\u00e7os essenciais, em colabora\u00e7\u00e3o com autarquias.<\/p>\n<p>Quatro anos depois, ante a invas\u00e3o da Ucr\u00e2nia, diz-se que o Governo teve containment de impactos na infla\u00e7\u00e3o, subida de juros e custos de energia, mediante medidas que mitigaram efeitos em contexto internacional desfavor\u00e1vel. A leitura baseia-se em resultados reconhecidos pela popula\u00e7\u00e3o.<\/p>\n<p>A avalia\u00e7\u00e3o acompanha a lideran\u00e7a de Ant\u00f3nio Costa, com leitura de que a maioria absoluta o acompanhou de forma clara, e que o Governo atual pode ser contextualizado face a eventos recentes, nomeadamente tempestades e tens\u00f5es internacionais.<\/p>\n<p>Nesse cen\u00e1rio, surgem cr\u00edticas sobre a distribui\u00e7\u00e3o de responsabilidades entre Governo e autarcas, e sobre a resposta a dificuldades de pessoas e empresas, segundo a an\u00e1lise. Observa-se tamb\u00e9m uma perce\u00e7\u00e3o de mudan\u00e7a de escolhas estrat\u00e9gicas na agenda governamental.<\/p>\n<p>Os autores da an\u00e1lise referem uma agenda governamental centrada numa reforma laboral, com debate sobre di\u00e1logo social, e apontam que a gest\u00e3o p\u00fablica mostra foco em aspetos de imagem e menos em interlocu\u00e7\u00e3o com agentes sociais, segundo a leitura.<\/p>\n<p>O texto pondera ainda o contexto de recursos dispon\u00edveis, com recursos do PRR e PT2030, e uma economia em crescimento. A an\u00e1lise prop\u00f5e que o Governo demonstre capacidade pr\u00e1tica de governar, com respostas mais r\u00e1pidas e consistentes.<\/p>\n<p>Conclui-se que, para avan\u00e7ar, \u00e9 necess\u00e1rio que o Governo traduza promessas em medidas efetivas e bem comunicadas, mantendo a estabilidade econ\u00f3mica e social, sem desvalorizar o di\u00e1logo com institui\u00e7\u00f5es e cidad\u00e3os.<\/p>\n","protected":false},"excerpt":{"rendered":"<ul>\n<li>O texto afirma que, em Portugal, o Governo de Ant\u00f3nio Costa geriu a pandemia de covid-19 de forma a preservar a economia, o emprego e os servi\u00e7os essenciais, com apoio das autarquias.<\/li>\n<li>A gest\u00e3o da infla\u00e7\u00e3o, subida de juros e pre\u00e7os da energia durante a invas\u00e3o da Ucr\u00e2nia \u00e9 apresentada como mitigada por medidas governamentais eficazes.<\/li>\n<li>Afirma\u2011se que a avalia\u00e7\u00e3o \u00e9 justa e reconhece apoio popular ao Governo, sustentado por uma maioria absoluta.<\/li>\n<li>Critica a gest\u00e3o de dois casos: a tempestade Kristin, com responsabilidades atribu\u00eddas aos autarcas, e a volatilidade do mercado petrol\u00edfero, apontando uma passividade do Governo frente a estes contextos, al\u00e9m de enfatizar a reforma laboral e o di\u00e1logo social.<\/li>\n<li>O texto conclui pedindo que o Governo governe de forma efetiva, destacando contas p\u00fablicas equilibradas, recursos do Plano de Recupera\u00e7\u00e3o e Resili\u00eancia (PRR) e do PT2030, e o tempo j\u00e1 passado em duas etapas legislativas para mostrar o que vale.<\/li>\n<\/ul>\n","protected":false},"author":2,"featured_media":411405,"comment_status":"closed","ping_status":"closed","sticky":false,"template":"","format":"standard","meta":{"footnotes":""},"categories":[1,5],"tags":[6115,6384,3777,2706,34,7246],"class_list":["post-411402","post","type-post","status-publish","format-standard","has-post-thumbnail","hentry","category-noticias","category-politica","tag-_economia","tag-a-ucrania","tag-antonio-costa","tag-autarquias","tag-governo","tag-pt2030"],"yoast_head":"<!-- This site is optimized with the Yoast SEO plugin v27.2 - https:\/\/yoast.com\/product\/yoast-seo-wordpress\/ -->\n<title>O teste do algod\u00e3o: aspectos relevantes - Portal Tela Portugal<\/title>\n<meta name=\"robots\" content=\"index, follow, max-snippet:-1, max-image-preview:large, max-video-preview:-1\" \/>\n<meta property=\"og:locale\" content=\"pt_PT\" \/>\n<meta property=\"og:type\" content=\"article\" \/>\n<meta property=\"og:title\" content=\"O teste do algod\u00e3o: aspectos relevantes - Portal Tela Portugal\" \/>\n<meta property=\"og:description\" content=\"O texto afirma que, em Portugal, o Governo de Ant\u00f3nio Costa geriu a pandemia de covid-19 de forma a preservar a economia, o emprego e os servi\u00e7os essenciais, com apoio das autarquias. A gest\u00e3o da infla\u00e7\u00e3o, subida de juros e pre\u00e7os da energia durante a invas\u00e3o da Ucr\u00e2nia \u00e9 apresentada como mitigada por medidas governamentais eficazes. Afirma\u2011se que a avalia\u00e7\u00e3o \u00e9 justa e reconhece apoio popular ao Governo, sustentado por uma maioria absoluta. Critica a gest\u00e3o de dois casos: a tempestade Kristin, com responsabilidades atribu\u00eddas aos autarcas, e a volatilidade do mercado petrol\u00edfero, apontando uma passividade do Governo frente a estes contextos, al\u00e9m de enfatizar a reforma laboral e o di\u00e1logo social. O texto conclui pedindo que o Governo governe de forma efetiva, destacando contas p\u00fablicas equilibradas, recursos do Plano de Recupera\u00e7\u00e3o e Resili\u00eancia (PRR) e do PT2030, e o tempo j\u00e1 passado em duas etapas legislativas para mostrar o que vale.\" \/>\n<meta property=\"og:url\" content=\"https:\/\/portaltela.pt\/noticias\/2026\/03\/15\/o-teste-do-algodao-aspectos-relevantes\/\" \/>\n<meta property=\"og:site_name\" content=\"Portal Tela Portugal\" \/>\n<meta property=\"article:published_time\" content=\"2026-03-16T00:00:00+00:00\" \/>\n<meta name=\"author\" content=\"Telinha\" \/>\n<meta name=\"twitter:card\" content=\"summary_large_image\" \/>\n<meta name=\"twitter:label1\" content=\"Escrito por\" \/>\n\t<meta name=\"twitter:data1\" content=\"Telinha\" \/>\n\t<meta name=\"twitter:label2\" content=\"Tempo estimado de leitura\" \/>\n\t<meta name=\"twitter:data2\" content=\"2 minutos\" \/>\n<script type=\"application\/ld+json\" class=\"yoast-schema-graph\">{\"@context\":\"https:\/\/schema.org\",\"@graph\":[{\"@type\":\"Article\",\"@id\":\"https:\/\/portaltela.pt\/noticias\/2026\/03\/15\/o-teste-do-algodao-aspectos-relevantes\/#article\",\"isPartOf\":{\"@id\":\"https:\/\/portaltela.pt\/noticias\/2026\/03\/15\/o-teste-do-algodao-aspectos-relevantes\/\"},\"author\":{\"name\":\"Telinha\",\"@id\":\"https:\/\/portaltela.pt\/#\/schema\/person\/c4278d4a6028830caff9ee44b42d32ed\"},\"headline\":\"O teste do algod\u00e3o: aspectos relevantes\",\"datePublished\":\"2026-03-16T00:00:00+00:00\",\"mainEntityOfPage\":{\"@id\":\"https:\/\/portaltela.pt\/noticias\/2026\/03\/15\/o-teste-do-algodao-aspectos-relevantes\/\"},\"wordCount\":309,\"image\":{\"@id\":\"https:\/\/portaltela.pt\/noticias\/2026\/03\/15\/o-teste-do-algodao-aspectos-relevantes\/#primaryimage\"},\"thumbnailUrl\":\"https:\/\/portaltela.pt\/s.01k8rhncp4jt1\/2026\/03\/1f0b862b-52d9-4547-a4ff-8ea8fcf7ac80_1200x675.jpg\",\"keywords\":[\"_economia\",\"a Ucr\u00e2nia\",\"Ant\u00f3nio Costa\",\"autarquias\",\"governo\",\"PT2030\"],\"articleSection\":[\"Not\u00edcias\",\"Pol\u00edtica\"],\"inLanguage\":\"pt-PT\"},{\"@type\":\"WebPage\",\"@id\":\"https:\/\/portaltela.pt\/noticias\/2026\/03\/15\/o-teste-do-algodao-aspectos-relevantes\/\",\"url\":\"https:\/\/portaltela.pt\/noticias\/2026\/03\/15\/o-teste-do-algodao-aspectos-relevantes\/\",\"name\":\"O teste do algod\u00e3o: aspectos relevantes - Portal Tela Portugal\",\"isPartOf\":{\"@id\":\"https:\/\/portaltela.pt\/#website\"},\"primaryImageOfPage\":{\"@id\":\"https:\/\/portaltela.pt\/noticias\/2026\/03\/15\/o-teste-do-algodao-aspectos-relevantes\/#primaryimage\"},\"image\":{\"@id\":\"https:\/\/portaltela.pt\/noticias\/2026\/03\/15\/o-teste-do-algodao-aspectos-relevantes\/#primaryimage\"},\"thumbnailUrl\":\"https:\/\/portaltela.pt\/s.01k8rhncp4jt1\/2026\/03\/1f0b862b-52d9-4547-a4ff-8ea8fcf7ac80_1200x675.jpg\",\"datePublished\":\"2026-03-16T00:00:00+00:00\",\"author\":{\"@id\":\"https:\/\/portaltela.pt\/#\/schema\/person\/c4278d4a6028830caff9ee44b42d32ed\"},\"breadcrumb\":{\"@id\":\"https:\/\/portaltela.pt\/noticias\/2026\/03\/15\/o-teste-do-algodao-aspectos-relevantes\/#breadcrumb\"},\"inLanguage\":\"pt-PT\",\"potentialAction\":[{\"@type\":\"ReadAction\",\"target\":[\"https:\/\/portaltela.pt\/noticias\/2026\/03\/15\/o-teste-do-algodao-aspectos-relevantes\/\"]}]},{\"@type\":\"ImageObject\",\"inLanguage\":\"pt-PT\",\"@id\":\"https:\/\/portaltela.pt\/noticias\/2026\/03\/15\/o-teste-do-algodao-aspectos-relevantes\/#primaryimage\",\"url\":\"https:\/\/portaltela.pt\/s.01k8rhncp4jt1\/2026\/03\/1f0b862b-52d9-4547-a4ff-8ea8fcf7ac80_1200x675.jpg\",\"contentUrl\":\"https:\/\/portaltela.pt\/s.01k8rhncp4jt1\/2026\/03\/1f0b862b-52d9-4547-a4ff-8ea8fcf7ac80_1200x675.jpg\",\"width\":796,\"height\":448,\"caption\":\"Photo\"},{\"@type\":\"BreadcrumbList\",\"@id\":\"https:\/\/portaltela.pt\/noticias\/2026\/03\/15\/o-teste-do-algodao-aspectos-relevantes\/#breadcrumb\",\"itemListElement\":[{\"@type\":\"ListItem\",\"position\":1,\"name\":\"In\u00edcio\",\"item\":\"https:\/\/portaltela.pt\/\"},{\"@type\":\"ListItem\",\"position\":2,\"name\":\"O teste do algod\u00e3o: aspectos relevantes\"}]},{\"@type\":\"WebSite\",\"@id\":\"https:\/\/portaltela.pt\/#website\",\"url\":\"https:\/\/portaltela.pt\/\",\"name\":\"Portal Tela Portugal\",\"description\":\"\",\"potentialAction\":[{\"@type\":\"SearchAction\",\"target\":{\"@type\":\"EntryPoint\",\"urlTemplate\":\"https:\/\/portaltela.pt\/?s={search_term_string}\"},\"query-input\":{\"@type\":\"PropertyValueSpecification\",\"valueRequired\":true,\"valueName\":\"search_term_string\"}}],\"inLanguage\":\"pt-PT\"},{\"@type\":\"Person\",\"@id\":\"https:\/\/portaltela.pt\/#\/schema\/person\/c4278d4a6028830caff9ee44b42d32ed\",\"name\":\"Telinha\",\"image\":{\"@type\":\"ImageObject\",\"inLanguage\":\"pt-PT\",\"@id\":\"https:\/\/portaltela.pt\/s.01k8rhncp4jt1\/2025\/11\/talking-bot-125x125.png\",\"url\":\"https:\/\/portaltela.pt\/s.01k8rhncp4jt1\/2025\/11\/talking-bot-125x125.png\",\"contentUrl\":\"https:\/\/portaltela.pt\/s.01k8rhncp4jt1\/2025\/11\/talking-bot-125x125.png\",\"caption\":\"Telinha\"},\"sameAs\":[\"https:\/\/portaltela.pt\/\"],\"url\":\"https:\/\/portaltela.pt\/por\/367410592786\/\"}]}<\/script>\n<!-- \/ Yoast SEO plugin. -->","yoast_head_json":{"title":"O teste do algod\u00e3o: aspectos relevantes - Portal Tela Portugal","robots":{"index":"index","follow":"follow","max-snippet":"max-snippet:-1","max-image-preview":"max-image-preview:large","max-video-preview":"max-video-preview:-1"},"og_locale":"pt_PT","og_type":"article","og_title":"O teste do algod\u00e3o: aspectos relevantes - Portal Tela Portugal","og_description":"O texto afirma que, em Portugal, o Governo de Ant\u00f3nio Costa geriu a pandemia de covid-19 de forma a preservar a economia, o emprego e os servi\u00e7os essenciais, com apoio das autarquias. A gest\u00e3o da infla\u00e7\u00e3o, subida de juros e pre\u00e7os da energia durante a invas\u00e3o da Ucr\u00e2nia \u00e9 apresentada como mitigada por medidas governamentais eficazes. Afirma\u2011se que a avalia\u00e7\u00e3o \u00e9 justa e reconhece apoio popular ao Governo, sustentado por uma maioria absoluta. Critica a gest\u00e3o de dois casos: a tempestade Kristin, com responsabilidades atribu\u00eddas aos autarcas, e a volatilidade do mercado petrol\u00edfero, apontando uma passividade do Governo frente a estes contextos, al\u00e9m de enfatizar a reforma laboral e o di\u00e1logo social. O texto conclui pedindo que o Governo governe de forma efetiva, destacando contas p\u00fablicas equilibradas, recursos do Plano de Recupera\u00e7\u00e3o e Resili\u00eancia (PRR) e do PT2030, e o tempo j\u00e1 passado em duas etapas legislativas para mostrar o que vale.","og_url":"https:\/\/portaltela.pt\/noticias\/2026\/03\/15\/o-teste-do-algodao-aspectos-relevantes\/","og_site_name":"Portal Tela Portugal","article_published_time":"2026-03-16T00:00:00+00:00","author":"Telinha","twitter_card":"summary_large_image","twitter_misc":{"Escrito por":"Telinha","Tempo estimado de leitura":"2 minutos"},"schema":{"@context":"https:\/\/schema.org","@graph":[{"@type":"Article","@id":"https:\/\/portaltela.pt\/noticias\/2026\/03\/15\/o-teste-do-algodao-aspectos-relevantes\/#article","isPartOf":{"@id":"https:\/\/portaltela.pt\/noticias\/2026\/03\/15\/o-teste-do-algodao-aspectos-relevantes\/"},"author":{"name":"Telinha","@id":"https:\/\/portaltela.pt\/#\/schema\/person\/c4278d4a6028830caff9ee44b42d32ed"},"headline":"O teste do algod\u00e3o: aspectos relevantes","datePublished":"2026-03-16T00:00:00+00:00","mainEntityOfPage":{"@id":"https:\/\/portaltela.pt\/noticias\/2026\/03\/15\/o-teste-do-algodao-aspectos-relevantes\/"},"wordCount":309,"image":{"@id":"https:\/\/portaltela.pt\/noticias\/2026\/03\/15\/o-teste-do-algodao-aspectos-relevantes\/#primaryimage"},"thumbnailUrl":"https:\/\/portaltela.pt\/s.01k8rhncp4jt1\/2026\/03\/1f0b862b-52d9-4547-a4ff-8ea8fcf7ac80_1200x675.jpg","keywords":["_economia","a Ucr\u00e2nia","Ant\u00f3nio Costa","autarquias","governo","PT2030"],"articleSection":["Not\u00edcias","Pol\u00edtica"],"inLanguage":"pt-PT"},{"@type":"WebPage","@id":"https:\/\/portaltela.pt\/noticias\/2026\/03\/15\/o-teste-do-algodao-aspectos-relevantes\/","url":"https:\/\/portaltela.pt\/noticias\/2026\/03\/15\/o-teste-do-algodao-aspectos-relevantes\/","name":"O teste do algod\u00e3o: aspectos relevantes - Portal Tela Portugal","isPartOf":{"@id":"https:\/\/portaltela.pt\/#website"},"primaryImageOfPage":{"@id":"https:\/\/portaltela.pt\/noticias\/2026\/03\/15\/o-teste-do-algodao-aspectos-relevantes\/#primaryimage"},"image":{"@id":"https:\/\/portaltela.pt\/noticias\/2026\/03\/15\/o-teste-do-algodao-aspectos-relevantes\/#primaryimage"},"thumbnailUrl":"https:\/\/portaltela.pt\/s.01k8rhncp4jt1\/2026\/03\/1f0b862b-52d9-4547-a4ff-8ea8fcf7ac80_1200x675.jpg","datePublished":"2026-03-16T00:00:00+00:00","author":{"@id":"https:\/\/portaltela.pt\/#\/schema\/person\/c4278d4a6028830caff9ee44b42d32ed"},"breadcrumb":{"@id":"https:\/\/portaltela.pt\/noticias\/2026\/03\/15\/o-teste-do-algodao-aspectos-relevantes\/#breadcrumb"},"inLanguage":"pt-PT","potentialAction":[{"@type":"ReadAction","target":["https:\/\/portaltela.pt\/noticias\/2026\/03\/15\/o-teste-do-algodao-aspectos-relevantes\/"]}]},{"@type":"ImageObject","inLanguage":"pt-PT","@id":"https:\/\/portaltela.pt\/noticias\/2026\/03\/15\/o-teste-do-algodao-aspectos-relevantes\/#primaryimage","url":"https:\/\/portaltela.pt\/s.01k8rhncp4jt1\/2026\/03\/1f0b862b-52d9-4547-a4ff-8ea8fcf7ac80_1200x675.jpg","contentUrl":"https:\/\/portaltela.pt\/s.01k8rhncp4jt1\/2026\/03\/1f0b862b-52d9-4547-a4ff-8ea8fcf7ac80_1200x675.jpg","width":796,"height":448,"caption":"Photo"},{"@type":"BreadcrumbList","@id":"https:\/\/portaltela.pt\/noticias\/2026\/03\/15\/o-teste-do-algodao-aspectos-relevantes\/#breadcrumb","itemListElement":[{"@type":"ListItem","position":1,"name":"In\u00edcio","item":"https:\/\/portaltela.pt\/"},{"@type":"ListItem","position":2,"name":"O teste do algod\u00e3o: aspectos relevantes"}]},{"@type":"WebSite","@id":"https:\/\/portaltela.pt\/#website","url":"https:\/\/portaltela.pt\/","name":"Portal Tela Portugal","description":"","potentialAction":[{"@type":"SearchAction","target":{"@type":"EntryPoint","urlTemplate":"https:\/\/portaltela.pt\/?s={search_term_string}"},"query-input":{"@type":"PropertyValueSpecification","valueRequired":true,"valueName":"search_term_string"}}],"inLanguage":"pt-PT"},{"@type":"Person","@id":"https:\/\/portaltela.pt\/#\/schema\/person\/c4278d4a6028830caff9ee44b42d32ed","name":"Telinha","image":{"@type":"ImageObject","inLanguage":"pt-PT","@id":"https:\/\/portaltela.pt\/s.01k8rhncp4jt1\/2025\/11\/talking-bot-125x125.png","url":"https:\/\/portaltela.pt\/s.01k8rhncp4jt1\/2025\/11\/talking-bot-125x125.png","contentUrl":"https:\/\/portaltela.pt\/s.01k8rhncp4jt1\/2025\/11\/talking-bot-125x125.png","caption":"Telinha"},"sameAs":["https:\/\/portaltela.pt\/"],"url":"https:\/\/portaltela.pt\/por\/367410592786\/"}]}},"_links":{"self":[{"href":"https:\/\/portaltela.pt\/api\/wp\/v2\/posts\/411402","targetHints":{"allow":["GET"]}}],"collection":[{"href":"https:\/\/portaltela.pt\/api\/wp\/v2\/posts"}],"about":[{"href":"https:\/\/portaltela.pt\/api\/wp\/v2\/types\/post"}],"author":[{"embeddable":true,"href":"https:\/\/portaltela.pt\/api\/wp\/v2\/users\/2"}],"replies":[{"embeddable":true,"href":"https:\/\/portaltela.pt\/api\/wp\/v2\/comments?post=411402"}],"version-history":[{"count":0,"href":"https:\/\/portaltela.pt\/api\/wp\/v2\/posts\/411402\/revisions"}],"wp:featuredmedia":[{"embeddable":true,"href":"https:\/\/portaltela.pt\/api\/wp\/v2\/media\/411405"}],"wp:attachment":[{"href":"https:\/\/portaltela.pt\/api\/wp\/v2\/media?parent=411402"}],"wp:term":[{"taxonomy":"category","embeddable":true,"href":"https:\/\/portaltela.pt\/api\/wp\/v2\/categories?post=411402"},{"taxonomy":"post_tag","embeddable":true,"href":"https:\/\/portaltela.pt\/api\/wp\/v2\/tags?post=411402"}],"curies":[{"name":"wp","href":"https:\/\/api.w.org\/{rel}","templated":true}]}}