{"id":411375,"date":"2026-03-15T20:32:35","date_gmt":"2026-03-15T23:32:35","guid":{"rendered":"https:\/\/portaltela.pt\/noticias\/2026\/03\/15\/jose-calado-diz-que-lance-de-zaidu-merece-expulsao\/"},"modified":"2026-03-15T20:32:35","modified_gmt":"2026-03-15T23:32:35","slug":"jose-calado-diz-que-lance-de-zaidu-merece-expulsao","status":"publish","type":"post","link":"https:\/\/portaltela.pt\/desporto\/futebol\/2026\/03\/15\/jose-calado-diz-que-lance-de-zaidu-merece-expulsao\/","title":{"rendered":"Jos\u00e9 Calado diz que lance de Zaidu merece expuls\u00e3o"},"content":{"rendered":"<p>Para j\u00e1, h\u00e1 um debate em torno de um lance envolvendo Zaidu no FC Porto. O comentador da CMTV, Jos\u00e9 Calado, defende que a jogada deveria ter resultado em cart\u00e3o vermelho. A avalia\u00e7\u00e3o ocorreu durante a transmiss\u00e3o, em 15 de mar\u00e7o de 2026, pelas horas da noite.<\/p>\n<p>O lance em quest\u00e3o foi alvo de an\u00e1lise por parte de quem cobre o jogo para a CMTV. O analista sustenta que a agress\u00e3o\/disputa de bola teve natureza suficiente para expuls\u00e3o, de acordo com a leitura do \u00e1rbitro e das regras aplic\u00e1veis.<\/p>\n<p>At\u00e9 ao momento, n\u00e3o foi divulgado o parecer definitivo da arbitragem nem o relat\u00f3rio da equipa de transmiss\u00e3o. A discuss\u00e3o centra-se na gravidade do contacto e na interpreta\u00e7\u00e3o do juiz de campo.<\/p>\n<h3>Rea\u00e7\u00f5es dos comentadores<\/h3>\n<p>Outros colunistas associados \u00e0 cobertura do FC Porto apresentaram leituras distintas sobre o lance, apontando para diferentes leituras t\u00e9cnicas e jur\u00eddicas. A situa\u00e7\u00e3o mant\u00e9m-se em an\u00e1lise cont\u00ednua pela transmiss\u00e3o e pela imprensa desportiva.<\/p>\n","protected":false},"excerpt":{"rendered":"<ul>\n<li>Jos\u00e9 Calado afirmou que, na sua opini\u00e3o, o lance de Zaidu deveria ter sido cart\u00e3o vermelho.<\/li>\n<li>O comentador da CMTV concorda, dizendo que o jogador do FC Porto devia ter visto o vermelho.<\/li>\n<li>A not\u00edcia foi publicada a 15 de mar\u00e7o de 2026, \u00e0s 23:32.<\/li>\n<li>O texto cita ainda opini\u00f5es de figuras p\u00fablicas sobre outros temas, incluindo Ricardo Tavares e Rodolfo Reis.<\/li>\n<li>O conte\u00fado aborda temas variados do portal, sem tomar partido ou emitir julgamentos.<\/li>\n<\/ul>\n","protected":false},"author":2,"featured_media":411381,"comment_status":"closed","ping_status":"closed","sticky":false,"template":"","format":"standard","meta":{"footnotes":""},"categories":[21,24],"tags":[206,4951,152,32,4159,982],"class_list":["post-411375","post","type-post","status-publish","format-standard","has-post-thumbnail","hentry","category-desporto","category-futebol","tag-analise","tag-cartoes-vermelhos","tag-desporto","tag-futebol","tag-jogo","tag-porto"],"yoast_head":"<!-- This site is optimized with the Yoast SEO plugin v27.2 - https:\/\/yoast.com\/product\/yoast-seo-wordpress\/ -->\n<title>Jos\u00e9 Calado diz que lance de Zaidu merece expuls\u00e3o - Portal Tela Portugal<\/title>\n<meta name=\"robots\" content=\"index, follow, max-snippet:-1, max-image-preview:large, max-video-preview:-1\" \/>\n<meta property=\"og:locale\" content=\"pt_PT\" \/>\n<meta property=\"og:type\" content=\"article\" \/>\n<meta property=\"og:title\" content=\"Jos\u00e9 Calado diz que lance de Zaidu merece expuls\u00e3o - Portal Tela Portugal\" \/>\n<meta property=\"og:description\" content=\"Jos\u00e9 Calado afirmou que, na sua opini\u00e3o, o lance de Zaidu deveria ter sido cart\u00e3o vermelho. O comentador da CMTV concorda, dizendo que o jogador do FC Porto devia ter visto o vermelho. A not\u00edcia foi publicada a 15 de mar\u00e7o de 2026, \u00e0s 23:32. O texto cita ainda opini\u00f5es de figuras p\u00fablicas sobre outros temas, incluindo Ricardo Tavares e Rodolfo Reis. O conte\u00fado aborda temas variados do portal, sem tomar partido ou emitir julgamentos.\" \/>\n<meta property=\"og:url\" content=\"https:\/\/portaltela.pt\/noticias\/2026\/03\/15\/jose-calado-diz-que-lance-de-zaidu-merece-expulsao\/\" \/>\n<meta property=\"og:site_name\" content=\"Portal Tela Portugal\" \/>\n<meta property=\"article:published_time\" content=\"2026-03-15T23:32:35+00:00\" \/>\n<meta name=\"author\" content=\"Telinha\" \/>\n<meta name=\"twitter:card\" content=\"summary_large_image\" \/>\n<meta name=\"twitter:label1\" content=\"Escrito por\" \/>\n\t<meta name=\"twitter:data1\" content=\"Telinha\" \/>\n\t<meta name=\"twitter:label2\" content=\"Tempo estimado de leitura\" \/>\n\t<meta name=\"twitter:data2\" content=\"1 minuto\" \/>\n<script type=\"application\/ld+json\" class=\"yoast-schema-graph\">{\"@context\":\"https:\/\/schema.org\",\"@graph\":[{\"@type\":\"Article\",\"@id\":\"https:\/\/portaltela.pt\/noticias\/2026\/03\/15\/jose-calado-diz-que-lance-de-zaidu-merece-expulsao\/#article\",\"isPartOf\":{\"@id\":\"https:\/\/portaltela.pt\/noticias\/2026\/03\/15\/jose-calado-diz-que-lance-de-zaidu-merece-expulsao\/\"},\"author\":{\"name\":\"Telinha\",\"@id\":\"https:\/\/portaltela.pt\/#\/schema\/person\/c4278d4a6028830caff9ee44b42d32ed\"},\"headline\":\"Jos\u00e9 Calado diz que lance de Zaidu merece expuls\u00e3o\",\"datePublished\":\"2026-03-15T23:32:35+00:00\",\"mainEntityOfPage\":{\"@id\":\"https:\/\/portaltela.pt\/noticias\/2026\/03\/15\/jose-calado-diz-que-lance-de-zaidu-merece-expulsao\/\"},\"wordCount\":187,\"image\":{\"@id\":\"https:\/\/portaltela.pt\/noticias\/2026\/03\/15\/jose-calado-diz-que-lance-de-zaidu-merece-expulsao\/#primaryimage\"},\"thumbnailUrl\":\"https:\/\/portaltela.pt\/s.01k8rhncp4jt1\/2026\/03\/img_1280x722uu2026-03-15-23-24-11-2272645.jpg\",\"keywords\":[\"an\u00e1lise\",\"cart\u00f5es vermelhos\",\"desporto\",\"futebol\",\"jogo\",\"Porto\"],\"articleSection\":[\"Desporto\",\"Futebol\"],\"inLanguage\":\"pt-PT\"},{\"@type\":\"WebPage\",\"@id\":\"https:\/\/portaltela.pt\/noticias\/2026\/03\/15\/jose-calado-diz-que-lance-de-zaidu-merece-expulsao\/\",\"url\":\"https:\/\/portaltela.pt\/noticias\/2026\/03\/15\/jose-calado-diz-que-lance-de-zaidu-merece-expulsao\/\",\"name\":\"Jos\u00e9 Calado diz que lance de Zaidu merece expuls\u00e3o - Portal Tela Portugal\",\"isPartOf\":{\"@id\":\"https:\/\/portaltela.pt\/#website\"},\"primaryImageOfPage\":{\"@id\":\"https:\/\/portaltela.pt\/noticias\/2026\/03\/15\/jose-calado-diz-que-lance-de-zaidu-merece-expulsao\/#primaryimage\"},\"image\":{\"@id\":\"https:\/\/portaltela.pt\/noticias\/2026\/03\/15\/jose-calado-diz-que-lance-de-zaidu-merece-expulsao\/#primaryimage\"},\"thumbnailUrl\":\"https:\/\/portaltela.pt\/s.01k8rhncp4jt1\/2026\/03\/img_1280x722uu2026-03-15-23-24-11-2272645.jpg\",\"datePublished\":\"2026-03-15T23:32:35+00:00\",\"author\":{\"@id\":\"https:\/\/portaltela.pt\/#\/schema\/person\/c4278d4a6028830caff9ee44b42d32ed\"},\"breadcrumb\":{\"@id\":\"https:\/\/portaltela.pt\/noticias\/2026\/03\/15\/jose-calado-diz-que-lance-de-zaidu-merece-expulsao\/#breadcrumb\"},\"inLanguage\":\"pt-PT\",\"potentialAction\":[{\"@type\":\"ReadAction\",\"target\":[\"https:\/\/portaltela.pt\/noticias\/2026\/03\/15\/jose-calado-diz-que-lance-de-zaidu-merece-expulsao\/\"]}]},{\"@type\":\"ImageObject\",\"inLanguage\":\"pt-PT\",\"@id\":\"https:\/\/portaltela.pt\/noticias\/2026\/03\/15\/jose-calado-diz-que-lance-de-zaidu-merece-expulsao\/#primaryimage\",\"url\":\"https:\/\/portaltela.pt\/s.01k8rhncp4jt1\/2026\/03\/img_1280x722uu2026-03-15-23-24-11-2272645.jpg\",\"contentUrl\":\"https:\/\/portaltela.pt\/s.01k8rhncp4jt1\/2026\/03\/img_1280x722uu2026-03-15-23-24-11-2272645.jpg\",\"width\":796,\"height\":448,\"caption\":\"Photo\"},{\"@type\":\"BreadcrumbList\",\"@id\":\"https:\/\/portaltela.pt\/noticias\/2026\/03\/15\/jose-calado-diz-que-lance-de-zaidu-merece-expulsao\/#breadcrumb\",\"itemListElement\":[{\"@type\":\"ListItem\",\"position\":1,\"name\":\"In\u00edcio\",\"item\":\"https:\/\/portaltela.pt\/\"},{\"@type\":\"ListItem\",\"position\":2,\"name\":\"Jos\u00e9 Calado diz que lance de Zaidu merece expuls\u00e3o\"}]},{\"@type\":\"WebSite\",\"@id\":\"https:\/\/portaltela.pt\/#website\",\"url\":\"https:\/\/portaltela.pt\/\",\"name\":\"Portal Tela Portugal\",\"description\":\"\",\"potentialAction\":[{\"@type\":\"SearchAction\",\"target\":{\"@type\":\"EntryPoint\",\"urlTemplate\":\"https:\/\/portaltela.pt\/?s={search_term_string}\"},\"query-input\":{\"@type\":\"PropertyValueSpecification\",\"valueRequired\":true,\"valueName\":\"search_term_string\"}}],\"inLanguage\":\"pt-PT\"},{\"@type\":\"Person\",\"@id\":\"https:\/\/portaltela.pt\/#\/schema\/person\/c4278d4a6028830caff9ee44b42d32ed\",\"name\":\"Telinha\",\"image\":{\"@type\":\"ImageObject\",\"inLanguage\":\"pt-PT\",\"@id\":\"https:\/\/portaltela.pt\/s.01k8rhncp4jt1\/2025\/11\/talking-bot-125x125.png\",\"url\":\"https:\/\/portaltela.pt\/s.01k8rhncp4jt1\/2025\/11\/talking-bot-125x125.png\",\"contentUrl\":\"https:\/\/portaltela.pt\/s.01k8rhncp4jt1\/2025\/11\/talking-bot-125x125.png\",\"caption\":\"Telinha\"},\"sameAs\":[\"https:\/\/portaltela.pt\/\"],\"url\":\"https:\/\/portaltela.pt\/por\/367410592786\/\"}]}<\/script>\n<!-- \/ Yoast SEO plugin. -->","yoast_head_json":{"title":"Jos\u00e9 Calado diz que lance de Zaidu merece expuls\u00e3o - Portal Tela Portugal","robots":{"index":"index","follow":"follow","max-snippet":"max-snippet:-1","max-image-preview":"max-image-preview:large","max-video-preview":"max-video-preview:-1"},"og_locale":"pt_PT","og_type":"article","og_title":"Jos\u00e9 Calado diz que lance de Zaidu merece expuls\u00e3o - Portal Tela Portugal","og_description":"Jos\u00e9 Calado afirmou que, na sua opini\u00e3o, o lance de Zaidu deveria ter sido cart\u00e3o vermelho. O comentador da CMTV concorda, dizendo que o jogador do FC Porto devia ter visto o vermelho. A not\u00edcia foi publicada a 15 de mar\u00e7o de 2026, \u00e0s 23:32. O texto cita ainda opini\u00f5es de figuras p\u00fablicas sobre outros temas, incluindo Ricardo Tavares e Rodolfo Reis. O conte\u00fado aborda temas variados do portal, sem tomar partido ou emitir julgamentos.","og_url":"https:\/\/portaltela.pt\/noticias\/2026\/03\/15\/jose-calado-diz-que-lance-de-zaidu-merece-expulsao\/","og_site_name":"Portal Tela Portugal","article_published_time":"2026-03-15T23:32:35+00:00","author":"Telinha","twitter_card":"summary_large_image","twitter_misc":{"Escrito por":"Telinha","Tempo estimado de leitura":"1 minuto"},"schema":{"@context":"https:\/\/schema.org","@graph":[{"@type":"Article","@id":"https:\/\/portaltela.pt\/noticias\/2026\/03\/15\/jose-calado-diz-que-lance-de-zaidu-merece-expulsao\/#article","isPartOf":{"@id":"https:\/\/portaltela.pt\/noticias\/2026\/03\/15\/jose-calado-diz-que-lance-de-zaidu-merece-expulsao\/"},"author":{"name":"Telinha","@id":"https:\/\/portaltela.pt\/#\/schema\/person\/c4278d4a6028830caff9ee44b42d32ed"},"headline":"Jos\u00e9 Calado diz que lance de Zaidu merece expuls\u00e3o","datePublished":"2026-03-15T23:32:35+00:00","mainEntityOfPage":{"@id":"https:\/\/portaltela.pt\/noticias\/2026\/03\/15\/jose-calado-diz-que-lance-de-zaidu-merece-expulsao\/"},"wordCount":187,"image":{"@id":"https:\/\/portaltela.pt\/noticias\/2026\/03\/15\/jose-calado-diz-que-lance-de-zaidu-merece-expulsao\/#primaryimage"},"thumbnailUrl":"https:\/\/portaltela.pt\/s.01k8rhncp4jt1\/2026\/03\/img_1280x722uu2026-03-15-23-24-11-2272645.jpg","keywords":["an\u00e1lise","cart\u00f5es vermelhos","desporto","futebol","jogo","Porto"],"articleSection":["Desporto","Futebol"],"inLanguage":"pt-PT"},{"@type":"WebPage","@id":"https:\/\/portaltela.pt\/noticias\/2026\/03\/15\/jose-calado-diz-que-lance-de-zaidu-merece-expulsao\/","url":"https:\/\/portaltela.pt\/noticias\/2026\/03\/15\/jose-calado-diz-que-lance-de-zaidu-merece-expulsao\/","name":"Jos\u00e9 Calado diz que lance de Zaidu merece expuls\u00e3o - Portal Tela Portugal","isPartOf":{"@id":"https:\/\/portaltela.pt\/#website"},"primaryImageOfPage":{"@id":"https:\/\/portaltela.pt\/noticias\/2026\/03\/15\/jose-calado-diz-que-lance-de-zaidu-merece-expulsao\/#primaryimage"},"image":{"@id":"https:\/\/portaltela.pt\/noticias\/2026\/03\/15\/jose-calado-diz-que-lance-de-zaidu-merece-expulsao\/#primaryimage"},"thumbnailUrl":"https:\/\/portaltela.pt\/s.01k8rhncp4jt1\/2026\/03\/img_1280x722uu2026-03-15-23-24-11-2272645.jpg","datePublished":"2026-03-15T23:32:35+00:00","author":{"@id":"https:\/\/portaltela.pt\/#\/schema\/person\/c4278d4a6028830caff9ee44b42d32ed"},"breadcrumb":{"@id":"https:\/\/portaltela.pt\/noticias\/2026\/03\/15\/jose-calado-diz-que-lance-de-zaidu-merece-expulsao\/#breadcrumb"},"inLanguage":"pt-PT","potentialAction":[{"@type":"ReadAction","target":["https:\/\/portaltela.pt\/noticias\/2026\/03\/15\/jose-calado-diz-que-lance-de-zaidu-merece-expulsao\/"]}]},{"@type":"ImageObject","inLanguage":"pt-PT","@id":"https:\/\/portaltela.pt\/noticias\/2026\/03\/15\/jose-calado-diz-que-lance-de-zaidu-merece-expulsao\/#primaryimage","url":"https:\/\/portaltela.pt\/s.01k8rhncp4jt1\/2026\/03\/img_1280x722uu2026-03-15-23-24-11-2272645.jpg","contentUrl":"https:\/\/portaltela.pt\/s.01k8rhncp4jt1\/2026\/03\/img_1280x722uu2026-03-15-23-24-11-2272645.jpg","width":796,"height":448,"caption":"Photo"},{"@type":"BreadcrumbList","@id":"https:\/\/portaltela.pt\/noticias\/2026\/03\/15\/jose-calado-diz-que-lance-de-zaidu-merece-expulsao\/#breadcrumb","itemListElement":[{"@type":"ListItem","position":1,"name":"In\u00edcio","item":"https:\/\/portaltela.pt\/"},{"@type":"ListItem","position":2,"name":"Jos\u00e9 Calado diz que lance de Zaidu merece expuls\u00e3o"}]},{"@type":"WebSite","@id":"https:\/\/portaltela.pt\/#website","url":"https:\/\/portaltela.pt\/","name":"Portal Tela Portugal","description":"","potentialAction":[{"@type":"SearchAction","target":{"@type":"EntryPoint","urlTemplate":"https:\/\/portaltela.pt\/?s={search_term_string}"},"query-input":{"@type":"PropertyValueSpecification","valueRequired":true,"valueName":"search_term_string"}}],"inLanguage":"pt-PT"},{"@type":"Person","@id":"https:\/\/portaltela.pt\/#\/schema\/person\/c4278d4a6028830caff9ee44b42d32ed","name":"Telinha","image":{"@type":"ImageObject","inLanguage":"pt-PT","@id":"https:\/\/portaltela.pt\/s.01k8rhncp4jt1\/2025\/11\/talking-bot-125x125.png","url":"https:\/\/portaltela.pt\/s.01k8rhncp4jt1\/2025\/11\/talking-bot-125x125.png","contentUrl":"https:\/\/portaltela.pt\/s.01k8rhncp4jt1\/2025\/11\/talking-bot-125x125.png","caption":"Telinha"},"sameAs":["https:\/\/portaltela.pt\/"],"url":"https:\/\/portaltela.pt\/por\/367410592786\/"}]}},"_links":{"self":[{"href":"https:\/\/portaltela.pt\/api\/wp\/v2\/posts\/411375","targetHints":{"allow":["GET"]}}],"collection":[{"href":"https:\/\/portaltela.pt\/api\/wp\/v2\/posts"}],"about":[{"href":"https:\/\/portaltela.pt\/api\/wp\/v2\/types\/post"}],"author":[{"embeddable":true,"href":"https:\/\/portaltela.pt\/api\/wp\/v2\/users\/2"}],"replies":[{"embeddable":true,"href":"https:\/\/portaltela.pt\/api\/wp\/v2\/comments?post=411375"}],"version-history":[{"count":0,"href":"https:\/\/portaltela.pt\/api\/wp\/v2\/posts\/411375\/revisions"}],"wp:featuredmedia":[{"embeddable":true,"href":"https:\/\/portaltela.pt\/api\/wp\/v2\/media\/411381"}],"wp:attachment":[{"href":"https:\/\/portaltela.pt\/api\/wp\/v2\/media?parent=411375"}],"wp:term":[{"taxonomy":"category","embeddable":true,"href":"https:\/\/portaltela.pt\/api\/wp\/v2\/categories?post=411375"},{"taxonomy":"post_tag","embeddable":true,"href":"https:\/\/portaltela.pt\/api\/wp\/v2\/tags?post=411375"}],"curies":[{"name":"wp","href":"https:\/\/api.w.org\/{rel}","templated":true}]}}