{"id":411368,"date":"2026-03-15T20:21:15","date_gmt":"2026-03-15T23:21:15","guid":{"rendered":"https:\/\/portaltela.pt\/noticias\/2026\/03\/15\/liliana-ca-fica-em-sexto-no-lancamento-do-disco-na-taca-da-europa-2\/"},"modified":"2026-03-15T20:21:15","modified_gmt":"2026-03-15T23:21:15","slug":"liliana-ca-fica-em-sexto-no-lancamento-do-disco-na-taca-da-europa-2","status":"publish","type":"post","link":"https:\/\/portaltela.pt\/desporto\/copa-do-mundo\/2026\/03\/15\/liliana-ca-fica-em-sexto-no-lancamento-do-disco-na-taca-da-europa-2\/","title":{"rendered":"Liliana C\u00e1 fica em sexto no lan\u00e7amento do disco na Ta\u00e7a da Europa"},"content":{"rendered":"<p>Portugal despediu-se hoje da Ta\u00e7a da Europa de lan\u00e7amentos em Nic\u00f3sia, Chipre, sem p\u00f3dios no dia final. Liliana C\u00e1 terminou em sexto no disco, com 57,89 m, e Irina Rodrigues foi nona com 56,40 m.<\/p>\n<p>Daria Zabawska, da Pol\u00f3nia, sagrou-se campe\u00e3 no disco com 62,27 m, seguida pela francesa M\u00e9lina Robert-Michon (60,03 m) e pela alem\u00e3 Marike Steinacker (59,72 m).<\/p>\n<p>Leandro Ramos ficou em quinto no lan\u00e7ado de dardo, com 78,61 m, repetindo tr\u00eas lan\u00e7amentos acima dos 75 m. Il\u00edrio Nazar\u00e9, no grupo B, terminou em 19\u00ba com 69,90 m.<\/p>\n<p>D\u00e9cio Andrade alcan\u00e7ou a 13\u00aa posi\u00e7\u00e3o no martelo, a melhor marca da \u00e9poca para o atleta. No sector sub-23, Jo\u00e3o Fernandes destacou-se ao lan\u00e7ar o dardo 70,75 m.<\/p>\n<p>No martelo sub-23, Henrique Gavina terminou 14\u00ba e \u00faltimo, com 40,34 m. No peso feminino, Mariana C\u00e2mara registou 13,04 m, ficando com o melhor registo no quinto ensaio.<\/p>\n<h3>Participa\u00e7\u00e3o portuguesa e panorama<\/h3>\n<p>Portugal encerrou a Ta\u00e7a da Europa com duas medalhas conquistadas no dia anterior. Jessica Inchude conquistou a prata e Eliana Bandeira bronze no peso, ficando apenas atr\u00e1s da alem\u00e3 Katharina Maisch, que fez 18,32 m na primeira tentativa.<\/p>\n<p>A edi\u00e7\u00e3o de 25 anos decorreu neste fim de semana em Nicosia, contando com a presen\u00e7a de 16 atletas portugueses, dos quais 11 seniores e 5 sub-23.<\/p>\n","protected":false},"excerpt":{"rendered":"<ul>\n<li>Liliana C\u00e1 ficou em sexto no disco com 57,89 metros; Irina Rodrigues foi nona com 56,40.<\/li>\n<li>Em Nic\u00f3sia, Daria Zabawska venceu o disco com 62,27 metros; M\u00e9lina Robert-Michon ficou em segundo com 60,03 metros; Marike Steinacker completou o p\u00f3dio com 59,72.<\/li>\n<li>Leandro Ramos terminou em quinto no dardo com 78,61 metros; Il\u00edrio Nazar\u00e9 ficou em 19.\u00ba no grupo B com 69,90.<\/li>\n<li>D\u00e9cio Andrade ficou em 13.\u00ba no martelo com 71,21 metros; Jo\u00e3o Fernandes destacou-se no dardo sub-23 com 70,75 metros.<\/li>\n<li>Portugal encerrou a Ta\u00e7a da Europa de lan\u00e7amentos com duas medalhas no peso \u2014 prata para Jessica Inchude e bronze para Eliana Bandeira \u2014, Mariana C\u00e2mara fechou com 13,04 metros; Katharina Maisch venceu o peso com 18,32 metros; a 25.\u00aa edi\u00e7\u00e3o realizou-se em Nic\u00f3sia, com 16 atletas portugueses (11 seniores e 5 sub-23).<\/li>\n<\/ul>\n","protected":false},"author":2,"featured_media":411372,"comment_status":"closed","ping_status":"closed","sticky":false,"template":"","format":"standard","meta":{"footnotes":""},"categories":[6695,21],"tags":[137,152,2681,129,3611,1014],"class_list":["post-411368","post","type-post","status-publish","format-standard","has-post-thumbnail","hentry","category-copa-do-mundo","category-desporto","tag-atletismo","tag-desporto","tag-desporto-internacional","tag-lancamentos","tag-peso","tag-portugal"],"yoast_head":"<!-- This site is optimized with the Yoast SEO plugin v27.2 - https:\/\/yoast.com\/product\/yoast-seo-wordpress\/ -->\n<title>Liliana C\u00e1 fica em sexto no lan\u00e7amento do disco na Ta\u00e7a da Europa - Portal Tela Portugal<\/title>\n<meta name=\"robots\" content=\"index, follow, max-snippet:-1, max-image-preview:large, max-video-preview:-1\" \/>\n<meta property=\"og:locale\" content=\"pt_PT\" \/>\n<meta property=\"og:type\" content=\"article\" \/>\n<meta property=\"og:title\" content=\"Liliana C\u00e1 fica em sexto no lan\u00e7amento do disco na Ta\u00e7a da Europa - Portal Tela Portugal\" \/>\n<meta property=\"og:description\" content=\"Liliana C\u00e1 ficou em sexto no disco com 57,89 metros; Irina Rodrigues foi nona com 56,40. Em Nic\u00f3sia, Daria Zabawska venceu o disco com 62,27 metros; M\u00e9lina Robert-Michon ficou em segundo com 60,03 metros; Marike Steinacker completou o p\u00f3dio com 59,72. Leandro Ramos terminou em quinto no dardo com 78,61 metros; Il\u00edrio Nazar\u00e9 ficou em 19.\u00ba no grupo B com 69,90. D\u00e9cio Andrade ficou em 13.\u00ba no martelo com 71,21 metros; Jo\u00e3o Fernandes destacou-se no dardo sub-23 com 70,75 metros. Portugal encerrou a Ta\u00e7a da Europa de lan\u00e7amentos com duas medalhas no peso \u2014 prata para Jessica Inchude e bronze para Eliana Bandeira \u2014, Mariana C\u00e2mara fechou com 13,04 metros; Katharina Maisch venceu o peso com 18,32 metros; a 25.\u00aa edi\u00e7\u00e3o realizou-se em Nic\u00f3sia, com 16 atletas portugueses (11 seniores e 5 sub-23).\" \/>\n<meta property=\"og:url\" content=\"https:\/\/portaltela.pt\/noticias\/2026\/03\/15\/liliana-ca-fica-em-sexto-no-lancamento-do-disco-na-taca-da-europa-2\/\" \/>\n<meta property=\"og:site_name\" content=\"Portal Tela Portugal\" \/>\n<meta property=\"article:published_time\" content=\"2026-03-15T23:21:15+00:00\" \/>\n<meta name=\"author\" content=\"Telinha\" \/>\n<meta name=\"twitter:card\" content=\"summary_large_image\" \/>\n<meta name=\"twitter:label1\" content=\"Escrito por\" \/>\n\t<meta name=\"twitter:data1\" content=\"Telinha\" \/>\n\t<meta name=\"twitter:label2\" content=\"Tempo estimado de leitura\" \/>\n\t<meta name=\"twitter:data2\" content=\"1 minuto\" \/>\n<script type=\"application\/ld+json\" class=\"yoast-schema-graph\">{\"@context\":\"https:\/\/schema.org\",\"@graph\":[{\"@type\":\"Article\",\"@id\":\"https:\/\/portaltela.pt\/noticias\/2026\/03\/15\/liliana-ca-fica-em-sexto-no-lancamento-do-disco-na-taca-da-europa-2\/#article\",\"isPartOf\":{\"@id\":\"https:\/\/portaltela.pt\/noticias\/2026\/03\/15\/liliana-ca-fica-em-sexto-no-lancamento-do-disco-na-taca-da-europa-2\/\"},\"author\":{\"name\":\"Telinha\",\"@id\":\"https:\/\/portaltela.pt\/#\/schema\/person\/c4278d4a6028830caff9ee44b42d32ed\"},\"headline\":\"Liliana C\u00e1 fica em sexto no lan\u00e7amento do disco na Ta\u00e7a da Europa\",\"datePublished\":\"2026-03-15T23:21:15+00:00\",\"mainEntityOfPage\":{\"@id\":\"https:\/\/portaltela.pt\/noticias\/2026\/03\/15\/liliana-ca-fica-em-sexto-no-lancamento-do-disco-na-taca-da-europa-2\/\"},\"wordCount\":232,\"image\":{\"@id\":\"https:\/\/portaltela.pt\/noticias\/2026\/03\/15\/liliana-ca-fica-em-sexto-no-lancamento-do-disco-na-taca-da-europa-2\/#primaryimage\"},\"thumbnailUrl\":\"https:\/\/portaltela.pt\/s.01k8rhncp4jt1\/2026\/03\/img_920x518uu2026-03-15-23-20-10-2427272.jpg\",\"keywords\":[\"atletismo\",\"desporto\",\"desporto internacional\",\"lancamentos\",\"peso\",\"Portugal\"],\"articleSection\":[\"Copa do Mundo\",\"Desporto\"],\"inLanguage\":\"pt-PT\"},{\"@type\":\"WebPage\",\"@id\":\"https:\/\/portaltela.pt\/noticias\/2026\/03\/15\/liliana-ca-fica-em-sexto-no-lancamento-do-disco-na-taca-da-europa-2\/\",\"url\":\"https:\/\/portaltela.pt\/noticias\/2026\/03\/15\/liliana-ca-fica-em-sexto-no-lancamento-do-disco-na-taca-da-europa-2\/\",\"name\":\"Liliana C\u00e1 fica em sexto no lan\u00e7amento do disco na Ta\u00e7a da Europa - Portal Tela Portugal\",\"isPartOf\":{\"@id\":\"https:\/\/portaltela.pt\/#website\"},\"primaryImageOfPage\":{\"@id\":\"https:\/\/portaltela.pt\/noticias\/2026\/03\/15\/liliana-ca-fica-em-sexto-no-lancamento-do-disco-na-taca-da-europa-2\/#primaryimage\"},\"image\":{\"@id\":\"https:\/\/portaltela.pt\/noticias\/2026\/03\/15\/liliana-ca-fica-em-sexto-no-lancamento-do-disco-na-taca-da-europa-2\/#primaryimage\"},\"thumbnailUrl\":\"https:\/\/portaltela.pt\/s.01k8rhncp4jt1\/2026\/03\/img_920x518uu2026-03-15-23-20-10-2427272.jpg\",\"datePublished\":\"2026-03-15T23:21:15+00:00\",\"author\":{\"@id\":\"https:\/\/portaltela.pt\/#\/schema\/person\/c4278d4a6028830caff9ee44b42d32ed\"},\"breadcrumb\":{\"@id\":\"https:\/\/portaltela.pt\/noticias\/2026\/03\/15\/liliana-ca-fica-em-sexto-no-lancamento-do-disco-na-taca-da-europa-2\/#breadcrumb\"},\"inLanguage\":\"pt-PT\",\"potentialAction\":[{\"@type\":\"ReadAction\",\"target\":[\"https:\/\/portaltela.pt\/noticias\/2026\/03\/15\/liliana-ca-fica-em-sexto-no-lancamento-do-disco-na-taca-da-europa-2\/\"]}]},{\"@type\":\"ImageObject\",\"inLanguage\":\"pt-PT\",\"@id\":\"https:\/\/portaltela.pt\/noticias\/2026\/03\/15\/liliana-ca-fica-em-sexto-no-lancamento-do-disco-na-taca-da-europa-2\/#primaryimage\",\"url\":\"https:\/\/portaltela.pt\/s.01k8rhncp4jt1\/2026\/03\/img_920x518uu2026-03-15-23-20-10-2427272.jpg\",\"contentUrl\":\"https:\/\/portaltela.pt\/s.01k8rhncp4jt1\/2026\/03\/img_920x518uu2026-03-15-23-20-10-2427272.jpg\",\"width\":796,\"height\":448,\"caption\":\"Liliana C\u00e1 compete no lan\u00e7amento do disco na Ta\u00e7a da Europa\"},{\"@type\":\"BreadcrumbList\",\"@id\":\"https:\/\/portaltela.pt\/noticias\/2026\/03\/15\/liliana-ca-fica-em-sexto-no-lancamento-do-disco-na-taca-da-europa-2\/#breadcrumb\",\"itemListElement\":[{\"@type\":\"ListItem\",\"position\":1,\"name\":\"In\u00edcio\",\"item\":\"https:\/\/portaltela.pt\/\"},{\"@type\":\"ListItem\",\"position\":2,\"name\":\"Liliana C\u00e1 fica em sexto no lan\u00e7amento do disco na Ta\u00e7a da Europa\"}]},{\"@type\":\"WebSite\",\"@id\":\"https:\/\/portaltela.pt\/#website\",\"url\":\"https:\/\/portaltela.pt\/\",\"name\":\"Portal Tela Portugal\",\"description\":\"\",\"potentialAction\":[{\"@type\":\"SearchAction\",\"target\":{\"@type\":\"EntryPoint\",\"urlTemplate\":\"https:\/\/portaltela.pt\/?s={search_term_string}\"},\"query-input\":{\"@type\":\"PropertyValueSpecification\",\"valueRequired\":true,\"valueName\":\"search_term_string\"}}],\"inLanguage\":\"pt-PT\"},{\"@type\":\"Person\",\"@id\":\"https:\/\/portaltela.pt\/#\/schema\/person\/c4278d4a6028830caff9ee44b42d32ed\",\"name\":\"Telinha\",\"image\":{\"@type\":\"ImageObject\",\"inLanguage\":\"pt-PT\",\"@id\":\"https:\/\/portaltela.pt\/s.01k8rhncp4jt1\/2025\/11\/talking-bot-125x125.png\",\"url\":\"https:\/\/portaltela.pt\/s.01k8rhncp4jt1\/2025\/11\/talking-bot-125x125.png\",\"contentUrl\":\"https:\/\/portaltela.pt\/s.01k8rhncp4jt1\/2025\/11\/talking-bot-125x125.png\",\"caption\":\"Telinha\"},\"sameAs\":[\"https:\/\/portaltela.pt\/\"],\"url\":\"https:\/\/portaltela.pt\/por\/367410592786\/\"}]}<\/script>\n<!-- \/ Yoast SEO plugin. -->","yoast_head_json":{"title":"Liliana C\u00e1 fica em sexto no lan\u00e7amento do disco na Ta\u00e7a da Europa - Portal Tela Portugal","robots":{"index":"index","follow":"follow","max-snippet":"max-snippet:-1","max-image-preview":"max-image-preview:large","max-video-preview":"max-video-preview:-1"},"og_locale":"pt_PT","og_type":"article","og_title":"Liliana C\u00e1 fica em sexto no lan\u00e7amento do disco na Ta\u00e7a da Europa - Portal Tela Portugal","og_description":"Liliana C\u00e1 ficou em sexto no disco com 57,89 metros; Irina Rodrigues foi nona com 56,40. Em Nic\u00f3sia, Daria Zabawska venceu o disco com 62,27 metros; M\u00e9lina Robert-Michon ficou em segundo com 60,03 metros; Marike Steinacker completou o p\u00f3dio com 59,72. Leandro Ramos terminou em quinto no dardo com 78,61 metros; Il\u00edrio Nazar\u00e9 ficou em 19.\u00ba no grupo B com 69,90. D\u00e9cio Andrade ficou em 13.\u00ba no martelo com 71,21 metros; Jo\u00e3o Fernandes destacou-se no dardo sub-23 com 70,75 metros. Portugal encerrou a Ta\u00e7a da Europa de lan\u00e7amentos com duas medalhas no peso \u2014 prata para Jessica Inchude e bronze para Eliana Bandeira \u2014, Mariana C\u00e2mara fechou com 13,04 metros; Katharina Maisch venceu o peso com 18,32 metros; a 25.\u00aa edi\u00e7\u00e3o realizou-se em Nic\u00f3sia, com 16 atletas portugueses (11 seniores e 5 sub-23).","og_url":"https:\/\/portaltela.pt\/noticias\/2026\/03\/15\/liliana-ca-fica-em-sexto-no-lancamento-do-disco-na-taca-da-europa-2\/","og_site_name":"Portal Tela Portugal","article_published_time":"2026-03-15T23:21:15+00:00","author":"Telinha","twitter_card":"summary_large_image","twitter_misc":{"Escrito por":"Telinha","Tempo estimado de leitura":"1 minuto"},"schema":{"@context":"https:\/\/schema.org","@graph":[{"@type":"Article","@id":"https:\/\/portaltela.pt\/noticias\/2026\/03\/15\/liliana-ca-fica-em-sexto-no-lancamento-do-disco-na-taca-da-europa-2\/#article","isPartOf":{"@id":"https:\/\/portaltela.pt\/noticias\/2026\/03\/15\/liliana-ca-fica-em-sexto-no-lancamento-do-disco-na-taca-da-europa-2\/"},"author":{"name":"Telinha","@id":"https:\/\/portaltela.pt\/#\/schema\/person\/c4278d4a6028830caff9ee44b42d32ed"},"headline":"Liliana C\u00e1 fica em sexto no lan\u00e7amento do disco na Ta\u00e7a da Europa","datePublished":"2026-03-15T23:21:15+00:00","mainEntityOfPage":{"@id":"https:\/\/portaltela.pt\/noticias\/2026\/03\/15\/liliana-ca-fica-em-sexto-no-lancamento-do-disco-na-taca-da-europa-2\/"},"wordCount":232,"image":{"@id":"https:\/\/portaltela.pt\/noticias\/2026\/03\/15\/liliana-ca-fica-em-sexto-no-lancamento-do-disco-na-taca-da-europa-2\/#primaryimage"},"thumbnailUrl":"https:\/\/portaltela.pt\/s.01k8rhncp4jt1\/2026\/03\/img_920x518uu2026-03-15-23-20-10-2427272.jpg","keywords":["atletismo","desporto","desporto internacional","lancamentos","peso","Portugal"],"articleSection":["Copa do Mundo","Desporto"],"inLanguage":"pt-PT"},{"@type":"WebPage","@id":"https:\/\/portaltela.pt\/noticias\/2026\/03\/15\/liliana-ca-fica-em-sexto-no-lancamento-do-disco-na-taca-da-europa-2\/","url":"https:\/\/portaltela.pt\/noticias\/2026\/03\/15\/liliana-ca-fica-em-sexto-no-lancamento-do-disco-na-taca-da-europa-2\/","name":"Liliana C\u00e1 fica em sexto no lan\u00e7amento do disco na Ta\u00e7a da Europa - Portal Tela Portugal","isPartOf":{"@id":"https:\/\/portaltela.pt\/#website"},"primaryImageOfPage":{"@id":"https:\/\/portaltela.pt\/noticias\/2026\/03\/15\/liliana-ca-fica-em-sexto-no-lancamento-do-disco-na-taca-da-europa-2\/#primaryimage"},"image":{"@id":"https:\/\/portaltela.pt\/noticias\/2026\/03\/15\/liliana-ca-fica-em-sexto-no-lancamento-do-disco-na-taca-da-europa-2\/#primaryimage"},"thumbnailUrl":"https:\/\/portaltela.pt\/s.01k8rhncp4jt1\/2026\/03\/img_920x518uu2026-03-15-23-20-10-2427272.jpg","datePublished":"2026-03-15T23:21:15+00:00","author":{"@id":"https:\/\/portaltela.pt\/#\/schema\/person\/c4278d4a6028830caff9ee44b42d32ed"},"breadcrumb":{"@id":"https:\/\/portaltela.pt\/noticias\/2026\/03\/15\/liliana-ca-fica-em-sexto-no-lancamento-do-disco-na-taca-da-europa-2\/#breadcrumb"},"inLanguage":"pt-PT","potentialAction":[{"@type":"ReadAction","target":["https:\/\/portaltela.pt\/noticias\/2026\/03\/15\/liliana-ca-fica-em-sexto-no-lancamento-do-disco-na-taca-da-europa-2\/"]}]},{"@type":"ImageObject","inLanguage":"pt-PT","@id":"https:\/\/portaltela.pt\/noticias\/2026\/03\/15\/liliana-ca-fica-em-sexto-no-lancamento-do-disco-na-taca-da-europa-2\/#primaryimage","url":"https:\/\/portaltela.pt\/s.01k8rhncp4jt1\/2026\/03\/img_920x518uu2026-03-15-23-20-10-2427272.jpg","contentUrl":"https:\/\/portaltela.pt\/s.01k8rhncp4jt1\/2026\/03\/img_920x518uu2026-03-15-23-20-10-2427272.jpg","width":796,"height":448,"caption":"Liliana C\u00e1 compete no lan\u00e7amento do disco na Ta\u00e7a da Europa"},{"@type":"BreadcrumbList","@id":"https:\/\/portaltela.pt\/noticias\/2026\/03\/15\/liliana-ca-fica-em-sexto-no-lancamento-do-disco-na-taca-da-europa-2\/#breadcrumb","itemListElement":[{"@type":"ListItem","position":1,"name":"In\u00edcio","item":"https:\/\/portaltela.pt\/"},{"@type":"ListItem","position":2,"name":"Liliana C\u00e1 fica em sexto no lan\u00e7amento do disco na Ta\u00e7a da Europa"}]},{"@type":"WebSite","@id":"https:\/\/portaltela.pt\/#website","url":"https:\/\/portaltela.pt\/","name":"Portal Tela Portugal","description":"","potentialAction":[{"@type":"SearchAction","target":{"@type":"EntryPoint","urlTemplate":"https:\/\/portaltela.pt\/?s={search_term_string}"},"query-input":{"@type":"PropertyValueSpecification","valueRequired":true,"valueName":"search_term_string"}}],"inLanguage":"pt-PT"},{"@type":"Person","@id":"https:\/\/portaltela.pt\/#\/schema\/person\/c4278d4a6028830caff9ee44b42d32ed","name":"Telinha","image":{"@type":"ImageObject","inLanguage":"pt-PT","@id":"https:\/\/portaltela.pt\/s.01k8rhncp4jt1\/2025\/11\/talking-bot-125x125.png","url":"https:\/\/portaltela.pt\/s.01k8rhncp4jt1\/2025\/11\/talking-bot-125x125.png","contentUrl":"https:\/\/portaltela.pt\/s.01k8rhncp4jt1\/2025\/11\/talking-bot-125x125.png","caption":"Telinha"},"sameAs":["https:\/\/portaltela.pt\/"],"url":"https:\/\/portaltela.pt\/por\/367410592786\/"}]}},"_links":{"self":[{"href":"https:\/\/portaltela.pt\/api\/wp\/v2\/posts\/411368","targetHints":{"allow":["GET"]}}],"collection":[{"href":"https:\/\/portaltela.pt\/api\/wp\/v2\/posts"}],"about":[{"href":"https:\/\/portaltela.pt\/api\/wp\/v2\/types\/post"}],"author":[{"embeddable":true,"href":"https:\/\/portaltela.pt\/api\/wp\/v2\/users\/2"}],"replies":[{"embeddable":true,"href":"https:\/\/portaltela.pt\/api\/wp\/v2\/comments?post=411368"}],"version-history":[{"count":0,"href":"https:\/\/portaltela.pt\/api\/wp\/v2\/posts\/411368\/revisions"}],"wp:featuredmedia":[{"embeddable":true,"href":"https:\/\/portaltela.pt\/api\/wp\/v2\/media\/411372"}],"wp:attachment":[{"href":"https:\/\/portaltela.pt\/api\/wp\/v2\/media?parent=411368"}],"wp:term":[{"taxonomy":"category","embeddable":true,"href":"https:\/\/portaltela.pt\/api\/wp\/v2\/categories?post=411368"},{"taxonomy":"post_tag","embeddable":true,"href":"https:\/\/portaltela.pt\/api\/wp\/v2\/tags?post=411368"}],"curies":[{"name":"wp","href":"https:\/\/api.w.org\/{rel}","templated":true}]}}