{"id":411367,"date":"2026-03-15T20:16:00","date_gmt":"2026-03-15T23:16:00","guid":{"rendered":"https:\/\/portaltela.pt\/noticias\/2026\/03\/15\/decotes-folhos-e-penas-marcam-a-passadeira-vermelha-dos-oscars\/"},"modified":"2026-03-15T20:16:00","modified_gmt":"2026-03-15T23:16:00","slug":"decotes-folhos-e-penas-marcam-a-passadeira-vermelha-dos-oscars","status":"publish","type":"post","link":"https:\/\/portaltela.pt\/noticias\/2026\/03\/15\/decotes-folhos-e-penas-marcam-a-passadeira-vermelha-dos-oscars\/","title":{"rendered":"Decotes, folhos e penas marcam a passadeira vermelha dos \u00d3scars"},"content":{"rendered":"<p>Em noite de 89\u00aa edi\u00e7\u00e3o dos \u00d3scares, este domingo, 15 de mar\u00e7o, a passadeira vermelha revela vestidos longos em v\u00e1rias cores e decotes profundos, quer no peito, quer nas costas, num dueto entre eleg\u00e2ncia e solenidade.<\/p>\n<p>As cria\u00e7\u00f5es destacam-se pela diversidade de materiais, numa uni\u00e3o de texturas que refor\u00e7a o registo de gala da cerim\u00f3nia, planeado para o momento solene da noite.<\/p>\n<p>A presen\u00e7a internacional \u00e9 evidente, com figuras de v\u00e1rios pa\u00edses a marcar presen\u00e7a na passadeira, refor\u00e7ando a dimens\u00e3o global da entrega de pr\u00e9mios.<\/p>\n<p>Entre os astros que desfilaram, destaca-se o contributo de talentos brasileiros, que voltam a marcar presen\u00e7a, assim como a participa\u00e7\u00e3o de estilistas e convidados de Portugal.<\/p>\n","protected":false},"excerpt":{"rendered":"<ul>\n<li>Na 89\u00aa edi\u00e7\u00e3o dos \u00d3scares, realizada neste domingo, 15 de mar\u00e7o, a passadeira vermelha ficou marcada por vestidos bem compridos em v\u00e1rias cores.<\/li>\n<li>Destacaram-se decotes profundos, tanto no peito como nas costas, em diversas pe\u00e7as.<\/li>\n<li>A diversidade de materiais foi uma das notas da noite, com escolhas que sublinham a eleg\u00e2ncia do momento.<\/li>\n<li>O look geral \u00e9 apresentado como uma celebra\u00e7\u00e3o da eleg\u00e2ncia para o evento solene.<\/li>\n<li>O evento volta a contar com talento do Brasil e, tamb\u00e9m, de Portugal.<\/li>\n<\/ul>\n","protected":false},"author":2,"featured_media":411371,"comment_status":"closed","ping_status":"closed","sticky":false,"template":"","format":"standard","meta":{"footnotes":""},"categories":[1],"tags":[2547,3259,112,3500,135,3430],"class_list":["post-411367","post","type-post","status-publish","format-standard","has-post-thumbnail","hentry","category-noticias","tag-brasil","tag-celebidades","tag-cinema","tag-desfiles-internacionais","tag-moda","tag-oscares"],"yoast_head":"<!-- This site is optimized with the Yoast SEO plugin v27.2 - https:\/\/yoast.com\/product\/yoast-seo-wordpress\/ -->\n<title>Decotes, folhos e penas marcam a passadeira vermelha dos \u00d3scars - Portal Tela Portugal<\/title>\n<meta name=\"robots\" content=\"index, follow, max-snippet:-1, max-image-preview:large, max-video-preview:-1\" \/>\n<meta property=\"og:locale\" content=\"pt_PT\" \/>\n<meta property=\"og:type\" content=\"article\" \/>\n<meta property=\"og:title\" content=\"Decotes, folhos e penas marcam a passadeira vermelha dos \u00d3scars - Portal Tela Portugal\" \/>\n<meta property=\"og:description\" content=\"Na 89\u00aa edi\u00e7\u00e3o dos \u00d3scares, realizada neste domingo, 15 de mar\u00e7o, a passadeira vermelha ficou marcada por vestidos bem compridos em v\u00e1rias cores. Destacaram-se decotes profundos, tanto no peito como nas costas, em diversas pe\u00e7as. A diversidade de materiais foi uma das notas da noite, com escolhas que sublinham a eleg\u00e2ncia do momento. O look geral \u00e9 apresentado como uma celebra\u00e7\u00e3o da eleg\u00e2ncia para o evento solene. O evento volta a contar com talento do Brasil e, tamb\u00e9m, de Portugal.\" \/>\n<meta property=\"og:url\" content=\"https:\/\/portaltela.pt\/noticias\/2026\/03\/15\/decotes-folhos-e-penas-marcam-a-passadeira-vermelha-dos-oscars\/\" \/>\n<meta property=\"og:site_name\" content=\"Portal Tela Portugal\" \/>\n<meta property=\"article:published_time\" content=\"2026-03-15T23:16:00+00:00\" \/>\n<meta name=\"author\" content=\"Telinha\" \/>\n<meta name=\"twitter:card\" content=\"summary_large_image\" \/>\n<meta name=\"twitter:label1\" content=\"Escrito por\" \/>\n\t<meta name=\"twitter:data1\" content=\"Telinha\" \/>\n\t<meta name=\"twitter:label2\" content=\"Tempo estimado de leitura\" \/>\n\t<meta name=\"twitter:data2\" content=\"1 minuto\" \/>\n<script type=\"application\/ld+json\" class=\"yoast-schema-graph\">{\"@context\":\"https:\/\/schema.org\",\"@graph\":[{\"@type\":\"Article\",\"@id\":\"https:\/\/portaltela.pt\/noticias\/2026\/03\/15\/decotes-folhos-e-penas-marcam-a-passadeira-vermelha-dos-oscars\/#article\",\"isPartOf\":{\"@id\":\"https:\/\/portaltela.pt\/noticias\/2026\/03\/15\/decotes-folhos-e-penas-marcam-a-passadeira-vermelha-dos-oscars\/\"},\"author\":{\"name\":\"Telinha\",\"@id\":\"https:\/\/portaltela.pt\/#\/schema\/person\/c4278d4a6028830caff9ee44b42d32ed\"},\"headline\":\"Decotes, folhos e penas marcam a passadeira vermelha dos \u00d3scars\",\"datePublished\":\"2026-03-15T23:16:00+00:00\",\"mainEntityOfPage\":{\"@id\":\"https:\/\/portaltela.pt\/noticias\/2026\/03\/15\/decotes-folhos-e-penas-marcam-a-passadeira-vermelha-dos-oscars\/\"},\"wordCount\":135,\"image\":{\"@id\":\"https:\/\/portaltela.pt\/noticias\/2026\/03\/15\/decotes-folhos-e-penas-marcam-a-passadeira-vermelha-dos-oscars\/#primaryimage\"},\"thumbnailUrl\":\"https:\/\/portaltela.pt\/s.01k8rhncp4jt1\/2026\/03\/image-1019.jpg\",\"keywords\":[\"Brasil\",\"celebidades\",\"cinema\",\"desfiles internacionais\",\"moda\",\"\u00d3scares\"],\"articleSection\":[\"Not\u00edcias\"],\"inLanguage\":\"pt-PT\"},{\"@type\":\"WebPage\",\"@id\":\"https:\/\/portaltela.pt\/noticias\/2026\/03\/15\/decotes-folhos-e-penas-marcam-a-passadeira-vermelha-dos-oscars\/\",\"url\":\"https:\/\/portaltela.pt\/noticias\/2026\/03\/15\/decotes-folhos-e-penas-marcam-a-passadeira-vermelha-dos-oscars\/\",\"name\":\"Decotes, folhos e penas marcam a passadeira vermelha dos \u00d3scars - Portal Tela Portugal\",\"isPartOf\":{\"@id\":\"https:\/\/portaltela.pt\/#website\"},\"primaryImageOfPage\":{\"@id\":\"https:\/\/portaltela.pt\/noticias\/2026\/03\/15\/decotes-folhos-e-penas-marcam-a-passadeira-vermelha-dos-oscars\/#primaryimage\"},\"image\":{\"@id\":\"https:\/\/portaltela.pt\/noticias\/2026\/03\/15\/decotes-folhos-e-penas-marcam-a-passadeira-vermelha-dos-oscars\/#primaryimage\"},\"thumbnailUrl\":\"https:\/\/portaltela.pt\/s.01k8rhncp4jt1\/2026\/03\/image-1019.jpg\",\"datePublished\":\"2026-03-15T23:16:00+00:00\",\"author\":{\"@id\":\"https:\/\/portaltela.pt\/#\/schema\/person\/c4278d4a6028830caff9ee44b42d32ed\"},\"breadcrumb\":{\"@id\":\"https:\/\/portaltela.pt\/noticias\/2026\/03\/15\/decotes-folhos-e-penas-marcam-a-passadeira-vermelha-dos-oscars\/#breadcrumb\"},\"inLanguage\":\"pt-PT\",\"potentialAction\":[{\"@type\":\"ReadAction\",\"target\":[\"https:\/\/portaltela.pt\/noticias\/2026\/03\/15\/decotes-folhos-e-penas-marcam-a-passadeira-vermelha-dos-oscars\/\"]}]},{\"@type\":\"ImageObject\",\"inLanguage\":\"pt-PT\",\"@id\":\"https:\/\/portaltela.pt\/noticias\/2026\/03\/15\/decotes-folhos-e-penas-marcam-a-passadeira-vermelha-dos-oscars\/#primaryimage\",\"url\":\"https:\/\/portaltela.pt\/s.01k8rhncp4jt1\/2026\/03\/image-1019.jpg\",\"contentUrl\":\"https:\/\/portaltela.pt\/s.01k8rhncp4jt1\/2026\/03\/image-1019.jpg\",\"width\":796,\"height\":448,\"caption\":\"Emma Stone, Heidi Klum, Demi Moore, Rose Byrne, Jessie Buckley \u00e0 chegada dos Oscars neste domingo\"},{\"@type\":\"BreadcrumbList\",\"@id\":\"https:\/\/portaltela.pt\/noticias\/2026\/03\/15\/decotes-folhos-e-penas-marcam-a-passadeira-vermelha-dos-oscars\/#breadcrumb\",\"itemListElement\":[{\"@type\":\"ListItem\",\"position\":1,\"name\":\"In\u00edcio\",\"item\":\"https:\/\/portaltela.pt\/\"},{\"@type\":\"ListItem\",\"position\":2,\"name\":\"Decotes, folhos e penas marcam a passadeira vermelha dos \u00d3scars\"}]},{\"@type\":\"WebSite\",\"@id\":\"https:\/\/portaltela.pt\/#website\",\"url\":\"https:\/\/portaltela.pt\/\",\"name\":\"Portal Tela Portugal\",\"description\":\"\",\"potentialAction\":[{\"@type\":\"SearchAction\",\"target\":{\"@type\":\"EntryPoint\",\"urlTemplate\":\"https:\/\/portaltela.pt\/?s={search_term_string}\"},\"query-input\":{\"@type\":\"PropertyValueSpecification\",\"valueRequired\":true,\"valueName\":\"search_term_string\"}}],\"inLanguage\":\"pt-PT\"},{\"@type\":\"Person\",\"@id\":\"https:\/\/portaltela.pt\/#\/schema\/person\/c4278d4a6028830caff9ee44b42d32ed\",\"name\":\"Telinha\",\"image\":{\"@type\":\"ImageObject\",\"inLanguage\":\"pt-PT\",\"@id\":\"https:\/\/portaltela.pt\/s.01k8rhncp4jt1\/2025\/11\/talking-bot-125x125.png\",\"url\":\"https:\/\/portaltela.pt\/s.01k8rhncp4jt1\/2025\/11\/talking-bot-125x125.png\",\"contentUrl\":\"https:\/\/portaltela.pt\/s.01k8rhncp4jt1\/2025\/11\/talking-bot-125x125.png\",\"caption\":\"Telinha\"},\"sameAs\":[\"https:\/\/portaltela.pt\/\"],\"url\":\"https:\/\/portaltela.pt\/por\/367410592786\/\"}]}<\/script>\n<!-- \/ Yoast SEO plugin. -->","yoast_head_json":{"title":"Decotes, folhos e penas marcam a passadeira vermelha dos \u00d3scars - Portal Tela Portugal","robots":{"index":"index","follow":"follow","max-snippet":"max-snippet:-1","max-image-preview":"max-image-preview:large","max-video-preview":"max-video-preview:-1"},"og_locale":"pt_PT","og_type":"article","og_title":"Decotes, folhos e penas marcam a passadeira vermelha dos \u00d3scars - Portal Tela Portugal","og_description":"Na 89\u00aa edi\u00e7\u00e3o dos \u00d3scares, realizada neste domingo, 15 de mar\u00e7o, a passadeira vermelha ficou marcada por vestidos bem compridos em v\u00e1rias cores. Destacaram-se decotes profundos, tanto no peito como nas costas, em diversas pe\u00e7as. A diversidade de materiais foi uma das notas da noite, com escolhas que sublinham a eleg\u00e2ncia do momento. O look geral \u00e9 apresentado como uma celebra\u00e7\u00e3o da eleg\u00e2ncia para o evento solene. O evento volta a contar com talento do Brasil e, tamb\u00e9m, de Portugal.","og_url":"https:\/\/portaltela.pt\/noticias\/2026\/03\/15\/decotes-folhos-e-penas-marcam-a-passadeira-vermelha-dos-oscars\/","og_site_name":"Portal Tela Portugal","article_published_time":"2026-03-15T23:16:00+00:00","author":"Telinha","twitter_card":"summary_large_image","twitter_misc":{"Escrito por":"Telinha","Tempo estimado de leitura":"1 minuto"},"schema":{"@context":"https:\/\/schema.org","@graph":[{"@type":"Article","@id":"https:\/\/portaltela.pt\/noticias\/2026\/03\/15\/decotes-folhos-e-penas-marcam-a-passadeira-vermelha-dos-oscars\/#article","isPartOf":{"@id":"https:\/\/portaltela.pt\/noticias\/2026\/03\/15\/decotes-folhos-e-penas-marcam-a-passadeira-vermelha-dos-oscars\/"},"author":{"name":"Telinha","@id":"https:\/\/portaltela.pt\/#\/schema\/person\/c4278d4a6028830caff9ee44b42d32ed"},"headline":"Decotes, folhos e penas marcam a passadeira vermelha dos \u00d3scars","datePublished":"2026-03-15T23:16:00+00:00","mainEntityOfPage":{"@id":"https:\/\/portaltela.pt\/noticias\/2026\/03\/15\/decotes-folhos-e-penas-marcam-a-passadeira-vermelha-dos-oscars\/"},"wordCount":135,"image":{"@id":"https:\/\/portaltela.pt\/noticias\/2026\/03\/15\/decotes-folhos-e-penas-marcam-a-passadeira-vermelha-dos-oscars\/#primaryimage"},"thumbnailUrl":"https:\/\/portaltela.pt\/s.01k8rhncp4jt1\/2026\/03\/image-1019.jpg","keywords":["Brasil","celebidades","cinema","desfiles internacionais","moda","\u00d3scares"],"articleSection":["Not\u00edcias"],"inLanguage":"pt-PT"},{"@type":"WebPage","@id":"https:\/\/portaltela.pt\/noticias\/2026\/03\/15\/decotes-folhos-e-penas-marcam-a-passadeira-vermelha-dos-oscars\/","url":"https:\/\/portaltela.pt\/noticias\/2026\/03\/15\/decotes-folhos-e-penas-marcam-a-passadeira-vermelha-dos-oscars\/","name":"Decotes, folhos e penas marcam a passadeira vermelha dos \u00d3scars - Portal Tela Portugal","isPartOf":{"@id":"https:\/\/portaltela.pt\/#website"},"primaryImageOfPage":{"@id":"https:\/\/portaltela.pt\/noticias\/2026\/03\/15\/decotes-folhos-e-penas-marcam-a-passadeira-vermelha-dos-oscars\/#primaryimage"},"image":{"@id":"https:\/\/portaltela.pt\/noticias\/2026\/03\/15\/decotes-folhos-e-penas-marcam-a-passadeira-vermelha-dos-oscars\/#primaryimage"},"thumbnailUrl":"https:\/\/portaltela.pt\/s.01k8rhncp4jt1\/2026\/03\/image-1019.jpg","datePublished":"2026-03-15T23:16:00+00:00","author":{"@id":"https:\/\/portaltela.pt\/#\/schema\/person\/c4278d4a6028830caff9ee44b42d32ed"},"breadcrumb":{"@id":"https:\/\/portaltela.pt\/noticias\/2026\/03\/15\/decotes-folhos-e-penas-marcam-a-passadeira-vermelha-dos-oscars\/#breadcrumb"},"inLanguage":"pt-PT","potentialAction":[{"@type":"ReadAction","target":["https:\/\/portaltela.pt\/noticias\/2026\/03\/15\/decotes-folhos-e-penas-marcam-a-passadeira-vermelha-dos-oscars\/"]}]},{"@type":"ImageObject","inLanguage":"pt-PT","@id":"https:\/\/portaltela.pt\/noticias\/2026\/03\/15\/decotes-folhos-e-penas-marcam-a-passadeira-vermelha-dos-oscars\/#primaryimage","url":"https:\/\/portaltela.pt\/s.01k8rhncp4jt1\/2026\/03\/image-1019.jpg","contentUrl":"https:\/\/portaltela.pt\/s.01k8rhncp4jt1\/2026\/03\/image-1019.jpg","width":796,"height":448,"caption":"Emma Stone, Heidi Klum, Demi Moore, Rose Byrne, Jessie Buckley \u00e0 chegada dos Oscars neste domingo"},{"@type":"BreadcrumbList","@id":"https:\/\/portaltela.pt\/noticias\/2026\/03\/15\/decotes-folhos-e-penas-marcam-a-passadeira-vermelha-dos-oscars\/#breadcrumb","itemListElement":[{"@type":"ListItem","position":1,"name":"In\u00edcio","item":"https:\/\/portaltela.pt\/"},{"@type":"ListItem","position":2,"name":"Decotes, folhos e penas marcam a passadeira vermelha dos \u00d3scars"}]},{"@type":"WebSite","@id":"https:\/\/portaltela.pt\/#website","url":"https:\/\/portaltela.pt\/","name":"Portal Tela Portugal","description":"","potentialAction":[{"@type":"SearchAction","target":{"@type":"EntryPoint","urlTemplate":"https:\/\/portaltela.pt\/?s={search_term_string}"},"query-input":{"@type":"PropertyValueSpecification","valueRequired":true,"valueName":"search_term_string"}}],"inLanguage":"pt-PT"},{"@type":"Person","@id":"https:\/\/portaltela.pt\/#\/schema\/person\/c4278d4a6028830caff9ee44b42d32ed","name":"Telinha","image":{"@type":"ImageObject","inLanguage":"pt-PT","@id":"https:\/\/portaltela.pt\/s.01k8rhncp4jt1\/2025\/11\/talking-bot-125x125.png","url":"https:\/\/portaltela.pt\/s.01k8rhncp4jt1\/2025\/11\/talking-bot-125x125.png","contentUrl":"https:\/\/portaltela.pt\/s.01k8rhncp4jt1\/2025\/11\/talking-bot-125x125.png","caption":"Telinha"},"sameAs":["https:\/\/portaltela.pt\/"],"url":"https:\/\/portaltela.pt\/por\/367410592786\/"}]}},"_links":{"self":[{"href":"https:\/\/portaltela.pt\/api\/wp\/v2\/posts\/411367","targetHints":{"allow":["GET"]}}],"collection":[{"href":"https:\/\/portaltela.pt\/api\/wp\/v2\/posts"}],"about":[{"href":"https:\/\/portaltela.pt\/api\/wp\/v2\/types\/post"}],"author":[{"embeddable":true,"href":"https:\/\/portaltela.pt\/api\/wp\/v2\/users\/2"}],"replies":[{"embeddable":true,"href":"https:\/\/portaltela.pt\/api\/wp\/v2\/comments?post=411367"}],"version-history":[{"count":0,"href":"https:\/\/portaltela.pt\/api\/wp\/v2\/posts\/411367\/revisions"}],"wp:featuredmedia":[{"embeddable":true,"href":"https:\/\/portaltela.pt\/api\/wp\/v2\/media\/411371"}],"wp:attachment":[{"href":"https:\/\/portaltela.pt\/api\/wp\/v2\/media?parent=411367"}],"wp:term":[{"taxonomy":"category","embeddable":true,"href":"https:\/\/portaltela.pt\/api\/wp\/v2\/categories?post=411367"},{"taxonomy":"post_tag","embeddable":true,"href":"https:\/\/portaltela.pt\/api\/wp\/v2\/tags?post=411367"}],"curies":[{"name":"wp","href":"https:\/\/api.w.org\/{rel}","templated":true}]}}