{"id":411350,"date":"2026-03-15T19:48:51","date_gmt":"2026-03-15T22:48:51","guid":{"rendered":"https:\/\/portaltela.pt\/noticias\/2026\/03\/15\/gabri-veiga-dedica-vitoria-a-thiago-silva-e-nao-quer-saber-do-sporting\/"},"modified":"2026-03-15T19:48:51","modified_gmt":"2026-03-15T22:48:51","slug":"gabri-veiga-dedica-vitoria-a-thiago-silva-e-nao-quer-saber-do-sporting","status":"publish","type":"post","link":"https:\/\/portaltela.pt\/desporto\/futebol\/2026\/03\/15\/gabri-veiga-dedica-vitoria-a-thiago-silva-e-nao-quer-saber-do-sporting\/","title":{"rendered":"Gabri Veiga dedica vit\u00f3ria a Thiago Silva e n\u00e3o quer saber do Sporting"},"content":{"rendered":"<p>Gabri Veiga abriu o marcador na vit\u00f3ria do FC Porto sobre o Moreirense, por 3-0, em jogo da 26.\u00aa jornada da Liga. A equipa portista aumentou provisoriamente para sete pontos a vantagem sobre o Sporting, cujo encontro desta ronda ficou adiado. Veiga dedicou o triunfo a Thiago Silva, que est\u00e1 ausente por motivos familiares, e assegurou que a sua melhor forma ainda est\u00e1 por vir.<\/p>\n<p>O Porto entrou a cad\u00eancia alta e controlou o encontro desde cedo, impedindo o Moreirense de criar perigo. Com 3 golos sem resposta, a equipa manteve a press\u00e3o e assegurou os tr\u00eas pontos numa jornada em que o Sporting ficou \u00e0 dist\u00e2ncia.<\/p>\n<h3>Dedica\u00e7\u00e3o e foco no campeonato<\/h3>\n<p>Veiga afirmou estar concentrado apenas no seu desempenho e no que a equipa pode fazer nas oito jornadas que restam. Disse que n\u00e3o quer ver o advers\u00e1rio nem as vantagens, e que o objetivo \u00e9 vencer todos os jogos.<\/p>\n<h3>Evolu\u00e7\u00e3o e ambi\u00e7\u00e3o pessoal<\/h3>\n<p>O m\u00e9dio reconheceu que pode ainda melhorar, apesar de ter marcado j\u00e1 five golos e registado nove assist\u00eancias ao longo da \u00e9poca. Refor\u00e7ou a ideia de que pode contribuir mais para o Porto.<\/p>\n<h3>Primeiro golo como pai<\/h3>\n<p>Veiga confirmou que o golo foi o primeiro desde o nascimento do filho, num momento especial para o jogador. Adiantou que espera marcar mais e ajudar a equipa nos \u00faltimos jogos da temporada.<\/p>\n","protected":false},"excerpt":{"rendered":"<ul>\n<li>Gabri Veiga abriu o marcador na vit\u00f3ria do FC Porto por 3-0 sobre o Moreirense, aumentando para sete pontos a vantagem sobre o Sporting, cujo jogo desta jornada ficou adiado.<\/li>\n<li>Veiga dedicou o triunfo a Thiago Silva, ausente devido \u00e0 morte da m\u00e3e, enviando-lhe for\u00e7a.<\/li>\n<li>O jogador disse que n\u00e3o quer saber da vantagem nem do Sporting, enfatizando que a equipa tem de seguir com oito finais pela frente.<\/li>\n<li>Sobre a sua forma, afirmou que ainda pode evoluir e que n\u00e3o considera este o seu melhor rendimento nem que tenha atingido o auge, reconhecendo que pode dar mais.<\/li>\n<li>Confirma que este foi o primeiro golo desde o regresso ao futebol com o tornozelo novo, referindo que espera marcar mais e ajudar a equipa nos \u00faltimos jogos da temporada.<\/li>\n<\/ul>\n","protected":false},"author":2,"featured_media":411353,"comment_status":"closed","ping_status":"closed","sticky":false,"template":"","format":"standard","meta":{"footnotes":""},"categories":[21,24],"tags":[4143,2028,32,982,1652,6442],"class_list":["post-411350","post","type-post","status-publish","format-standard","has-post-thumbnail","hentry","category-desporto","category-futebol","tag-1-liga","tag-fc-porto","tag-futebol","tag-porto","tag-sporting","tag-thiago"],"yoast_head":"<!-- This site is optimized with the Yoast SEO plugin v27.2 - https:\/\/yoast.com\/product\/yoast-seo-wordpress\/ -->\n<title>Gabri Veiga dedica vit\u00f3ria a Thiago Silva e n\u00e3o quer saber do Sporting - Portal Tela Portugal<\/title>\n<meta name=\"robots\" content=\"index, follow, max-snippet:-1, max-image-preview:large, max-video-preview:-1\" \/>\n<meta property=\"og:locale\" content=\"pt_PT\" \/>\n<meta property=\"og:type\" content=\"article\" \/>\n<meta property=\"og:title\" content=\"Gabri Veiga dedica vit\u00f3ria a Thiago Silva e n\u00e3o quer saber do Sporting - Portal Tela Portugal\" \/>\n<meta property=\"og:description\" content=\"Gabri Veiga abriu o marcador na vit\u00f3ria do FC Porto por 3-0 sobre o Moreirense, aumentando para sete pontos a vantagem sobre o Sporting, cujo jogo desta jornada ficou adiado. Veiga dedicou o triunfo a Thiago Silva, ausente devido \u00e0 morte da m\u00e3e, enviando-lhe for\u00e7a. O jogador disse que n\u00e3o quer saber da vantagem nem do Sporting, enfatizando que a equipa tem de seguir com oito finais pela frente. Sobre a sua forma, afirmou que ainda pode evoluir e que n\u00e3o considera este o seu melhor rendimento nem que tenha atingido o auge, reconhecendo que pode dar mais. Confirma que este foi o primeiro golo desde o regresso ao futebol com o tornozelo novo, referindo que espera marcar mais e ajudar a equipa nos \u00faltimos jogos da temporada.\" \/>\n<meta property=\"og:url\" content=\"https:\/\/portaltela.pt\/noticias\/2026\/03\/15\/gabri-veiga-dedica-vitoria-a-thiago-silva-e-nao-quer-saber-do-sporting\/\" \/>\n<meta property=\"og:site_name\" content=\"Portal Tela Portugal\" \/>\n<meta property=\"article:published_time\" content=\"2026-03-15T22:48:51+00:00\" \/>\n<meta name=\"author\" content=\"Telinha\" \/>\n<meta name=\"twitter:card\" content=\"summary_large_image\" \/>\n<meta name=\"twitter:label1\" content=\"Escrito por\" \/>\n\t<meta name=\"twitter:data1\" content=\"Telinha\" \/>\n\t<meta name=\"twitter:label2\" content=\"Tempo estimado de leitura\" \/>\n\t<meta name=\"twitter:data2\" content=\"1 minuto\" \/>\n<script type=\"application\/ld+json\" class=\"yoast-schema-graph\">{\"@context\":\"https:\/\/schema.org\",\"@graph\":[{\"@type\":\"Article\",\"@id\":\"https:\/\/portaltela.pt\/noticias\/2026\/03\/15\/gabri-veiga-dedica-vitoria-a-thiago-silva-e-nao-quer-saber-do-sporting\/#article\",\"isPartOf\":{\"@id\":\"https:\/\/portaltela.pt\/noticias\/2026\/03\/15\/gabri-veiga-dedica-vitoria-a-thiago-silva-e-nao-quer-saber-do-sporting\/\"},\"author\":{\"name\":\"Telinha\",\"@id\":\"https:\/\/portaltela.pt\/#\/schema\/person\/c4278d4a6028830caff9ee44b42d32ed\"},\"headline\":\"Gabri Veiga dedica vit\u00f3ria a Thiago Silva e n\u00e3o quer saber do Sporting\",\"datePublished\":\"2026-03-15T22:48:51+00:00\",\"mainEntityOfPage\":{\"@id\":\"https:\/\/portaltela.pt\/noticias\/2026\/03\/15\/gabri-veiga-dedica-vitoria-a-thiago-silva-e-nao-quer-saber-do-sporting\/\"},\"wordCount\":249,\"image\":{\"@id\":\"https:\/\/portaltela.pt\/noticias\/2026\/03\/15\/gabri-veiga-dedica-vitoria-a-thiago-silva-e-nao-quer-saber-do-sporting\/#primaryimage\"},\"thumbnailUrl\":\"https:\/\/portaltela.pt\/s.01k8rhncp4jt1\/2026\/03\/img_920x518uu2026-03-15-20-56-51-2427228.jpg\",\"keywords\":[\"1. Liga\",\"FC Porto\",\"futebol\",\"Porto\",\"Sporting\",\"Thiago\"],\"articleSection\":[\"Desporto\",\"Futebol\"],\"inLanguage\":\"pt-PT\"},{\"@type\":\"WebPage\",\"@id\":\"https:\/\/portaltela.pt\/noticias\/2026\/03\/15\/gabri-veiga-dedica-vitoria-a-thiago-silva-e-nao-quer-saber-do-sporting\/\",\"url\":\"https:\/\/portaltela.pt\/noticias\/2026\/03\/15\/gabri-veiga-dedica-vitoria-a-thiago-silva-e-nao-quer-saber-do-sporting\/\",\"name\":\"Gabri Veiga dedica vit\u00f3ria a Thiago Silva e n\u00e3o quer saber do Sporting - Portal Tela Portugal\",\"isPartOf\":{\"@id\":\"https:\/\/portaltela.pt\/#website\"},\"primaryImageOfPage\":{\"@id\":\"https:\/\/portaltela.pt\/noticias\/2026\/03\/15\/gabri-veiga-dedica-vitoria-a-thiago-silva-e-nao-quer-saber-do-sporting\/#primaryimage\"},\"image\":{\"@id\":\"https:\/\/portaltela.pt\/noticias\/2026\/03\/15\/gabri-veiga-dedica-vitoria-a-thiago-silva-e-nao-quer-saber-do-sporting\/#primaryimage\"},\"thumbnailUrl\":\"https:\/\/portaltela.pt\/s.01k8rhncp4jt1\/2026\/03\/img_920x518uu2026-03-15-20-56-51-2427228.jpg\",\"datePublished\":\"2026-03-15T22:48:51+00:00\",\"author\":{\"@id\":\"https:\/\/portaltela.pt\/#\/schema\/person\/c4278d4a6028830caff9ee44b42d32ed\"},\"breadcrumb\":{\"@id\":\"https:\/\/portaltela.pt\/noticias\/2026\/03\/15\/gabri-veiga-dedica-vitoria-a-thiago-silva-e-nao-quer-saber-do-sporting\/#breadcrumb\"},\"inLanguage\":\"pt-PT\",\"potentialAction\":[{\"@type\":\"ReadAction\",\"target\":[\"https:\/\/portaltela.pt\/noticias\/2026\/03\/15\/gabri-veiga-dedica-vitoria-a-thiago-silva-e-nao-quer-saber-do-sporting\/\"]}]},{\"@type\":\"ImageObject\",\"inLanguage\":\"pt-PT\",\"@id\":\"https:\/\/portaltela.pt\/noticias\/2026\/03\/15\/gabri-veiga-dedica-vitoria-a-thiago-silva-e-nao-quer-saber-do-sporting\/#primaryimage\",\"url\":\"https:\/\/portaltela.pt\/s.01k8rhncp4jt1\/2026\/03\/img_920x518uu2026-03-15-20-56-51-2427228.jpg\",\"contentUrl\":\"https:\/\/portaltela.pt\/s.01k8rhncp4jt1\/2026\/03\/img_920x518uu2026-03-15-20-56-51-2427228.jpg\",\"width\":796,\"height\":448,\"caption\":\"Gabri Veiga mostra camisola de Thiago Silva\"},{\"@type\":\"BreadcrumbList\",\"@id\":\"https:\/\/portaltela.pt\/noticias\/2026\/03\/15\/gabri-veiga-dedica-vitoria-a-thiago-silva-e-nao-quer-saber-do-sporting\/#breadcrumb\",\"itemListElement\":[{\"@type\":\"ListItem\",\"position\":1,\"name\":\"In\u00edcio\",\"item\":\"https:\/\/portaltela.pt\/\"},{\"@type\":\"ListItem\",\"position\":2,\"name\":\"Gabri Veiga dedica vit\u00f3ria a Thiago Silva e n\u00e3o quer saber do Sporting\"}]},{\"@type\":\"WebSite\",\"@id\":\"https:\/\/portaltela.pt\/#website\",\"url\":\"https:\/\/portaltela.pt\/\",\"name\":\"Portal Tela Portugal\",\"description\":\"\",\"potentialAction\":[{\"@type\":\"SearchAction\",\"target\":{\"@type\":\"EntryPoint\",\"urlTemplate\":\"https:\/\/portaltela.pt\/?s={search_term_string}\"},\"query-input\":{\"@type\":\"PropertyValueSpecification\",\"valueRequired\":true,\"valueName\":\"search_term_string\"}}],\"inLanguage\":\"pt-PT\"},{\"@type\":\"Person\",\"@id\":\"https:\/\/portaltela.pt\/#\/schema\/person\/c4278d4a6028830caff9ee44b42d32ed\",\"name\":\"Telinha\",\"image\":{\"@type\":\"ImageObject\",\"inLanguage\":\"pt-PT\",\"@id\":\"https:\/\/portaltela.pt\/s.01k8rhncp4jt1\/2025\/11\/talking-bot-125x125.png\",\"url\":\"https:\/\/portaltela.pt\/s.01k8rhncp4jt1\/2025\/11\/talking-bot-125x125.png\",\"contentUrl\":\"https:\/\/portaltela.pt\/s.01k8rhncp4jt1\/2025\/11\/talking-bot-125x125.png\",\"caption\":\"Telinha\"},\"sameAs\":[\"https:\/\/portaltela.pt\/\"],\"url\":\"https:\/\/portaltela.pt\/por\/367410592786\/\"}]}<\/script>\n<!-- \/ Yoast SEO plugin. -->","yoast_head_json":{"title":"Gabri Veiga dedica vit\u00f3ria a Thiago Silva e n\u00e3o quer saber do Sporting - Portal Tela Portugal","robots":{"index":"index","follow":"follow","max-snippet":"max-snippet:-1","max-image-preview":"max-image-preview:large","max-video-preview":"max-video-preview:-1"},"og_locale":"pt_PT","og_type":"article","og_title":"Gabri Veiga dedica vit\u00f3ria a Thiago Silva e n\u00e3o quer saber do Sporting - Portal Tela Portugal","og_description":"Gabri Veiga abriu o marcador na vit\u00f3ria do FC Porto por 3-0 sobre o Moreirense, aumentando para sete pontos a vantagem sobre o Sporting, cujo jogo desta jornada ficou adiado. Veiga dedicou o triunfo a Thiago Silva, ausente devido \u00e0 morte da m\u00e3e, enviando-lhe for\u00e7a. O jogador disse que n\u00e3o quer saber da vantagem nem do Sporting, enfatizando que a equipa tem de seguir com oito finais pela frente. Sobre a sua forma, afirmou que ainda pode evoluir e que n\u00e3o considera este o seu melhor rendimento nem que tenha atingido o auge, reconhecendo que pode dar mais. Confirma que este foi o primeiro golo desde o regresso ao futebol com o tornozelo novo, referindo que espera marcar mais e ajudar a equipa nos \u00faltimos jogos da temporada.","og_url":"https:\/\/portaltela.pt\/noticias\/2026\/03\/15\/gabri-veiga-dedica-vitoria-a-thiago-silva-e-nao-quer-saber-do-sporting\/","og_site_name":"Portal Tela Portugal","article_published_time":"2026-03-15T22:48:51+00:00","author":"Telinha","twitter_card":"summary_large_image","twitter_misc":{"Escrito por":"Telinha","Tempo estimado de leitura":"1 minuto"},"schema":{"@context":"https:\/\/schema.org","@graph":[{"@type":"Article","@id":"https:\/\/portaltela.pt\/noticias\/2026\/03\/15\/gabri-veiga-dedica-vitoria-a-thiago-silva-e-nao-quer-saber-do-sporting\/#article","isPartOf":{"@id":"https:\/\/portaltela.pt\/noticias\/2026\/03\/15\/gabri-veiga-dedica-vitoria-a-thiago-silva-e-nao-quer-saber-do-sporting\/"},"author":{"name":"Telinha","@id":"https:\/\/portaltela.pt\/#\/schema\/person\/c4278d4a6028830caff9ee44b42d32ed"},"headline":"Gabri Veiga dedica vit\u00f3ria a Thiago Silva e n\u00e3o quer saber do Sporting","datePublished":"2026-03-15T22:48:51+00:00","mainEntityOfPage":{"@id":"https:\/\/portaltela.pt\/noticias\/2026\/03\/15\/gabri-veiga-dedica-vitoria-a-thiago-silva-e-nao-quer-saber-do-sporting\/"},"wordCount":249,"image":{"@id":"https:\/\/portaltela.pt\/noticias\/2026\/03\/15\/gabri-veiga-dedica-vitoria-a-thiago-silva-e-nao-quer-saber-do-sporting\/#primaryimage"},"thumbnailUrl":"https:\/\/portaltela.pt\/s.01k8rhncp4jt1\/2026\/03\/img_920x518uu2026-03-15-20-56-51-2427228.jpg","keywords":["1. Liga","FC Porto","futebol","Porto","Sporting","Thiago"],"articleSection":["Desporto","Futebol"],"inLanguage":"pt-PT"},{"@type":"WebPage","@id":"https:\/\/portaltela.pt\/noticias\/2026\/03\/15\/gabri-veiga-dedica-vitoria-a-thiago-silva-e-nao-quer-saber-do-sporting\/","url":"https:\/\/portaltela.pt\/noticias\/2026\/03\/15\/gabri-veiga-dedica-vitoria-a-thiago-silva-e-nao-quer-saber-do-sporting\/","name":"Gabri Veiga dedica vit\u00f3ria a Thiago Silva e n\u00e3o quer saber do Sporting - Portal Tela Portugal","isPartOf":{"@id":"https:\/\/portaltela.pt\/#website"},"primaryImageOfPage":{"@id":"https:\/\/portaltela.pt\/noticias\/2026\/03\/15\/gabri-veiga-dedica-vitoria-a-thiago-silva-e-nao-quer-saber-do-sporting\/#primaryimage"},"image":{"@id":"https:\/\/portaltela.pt\/noticias\/2026\/03\/15\/gabri-veiga-dedica-vitoria-a-thiago-silva-e-nao-quer-saber-do-sporting\/#primaryimage"},"thumbnailUrl":"https:\/\/portaltela.pt\/s.01k8rhncp4jt1\/2026\/03\/img_920x518uu2026-03-15-20-56-51-2427228.jpg","datePublished":"2026-03-15T22:48:51+00:00","author":{"@id":"https:\/\/portaltela.pt\/#\/schema\/person\/c4278d4a6028830caff9ee44b42d32ed"},"breadcrumb":{"@id":"https:\/\/portaltela.pt\/noticias\/2026\/03\/15\/gabri-veiga-dedica-vitoria-a-thiago-silva-e-nao-quer-saber-do-sporting\/#breadcrumb"},"inLanguage":"pt-PT","potentialAction":[{"@type":"ReadAction","target":["https:\/\/portaltela.pt\/noticias\/2026\/03\/15\/gabri-veiga-dedica-vitoria-a-thiago-silva-e-nao-quer-saber-do-sporting\/"]}]},{"@type":"ImageObject","inLanguage":"pt-PT","@id":"https:\/\/portaltela.pt\/noticias\/2026\/03\/15\/gabri-veiga-dedica-vitoria-a-thiago-silva-e-nao-quer-saber-do-sporting\/#primaryimage","url":"https:\/\/portaltela.pt\/s.01k8rhncp4jt1\/2026\/03\/img_920x518uu2026-03-15-20-56-51-2427228.jpg","contentUrl":"https:\/\/portaltela.pt\/s.01k8rhncp4jt1\/2026\/03\/img_920x518uu2026-03-15-20-56-51-2427228.jpg","width":796,"height":448,"caption":"Gabri Veiga mostra camisola de Thiago Silva"},{"@type":"BreadcrumbList","@id":"https:\/\/portaltela.pt\/noticias\/2026\/03\/15\/gabri-veiga-dedica-vitoria-a-thiago-silva-e-nao-quer-saber-do-sporting\/#breadcrumb","itemListElement":[{"@type":"ListItem","position":1,"name":"In\u00edcio","item":"https:\/\/portaltela.pt\/"},{"@type":"ListItem","position":2,"name":"Gabri Veiga dedica vit\u00f3ria a Thiago Silva e n\u00e3o quer saber do Sporting"}]},{"@type":"WebSite","@id":"https:\/\/portaltela.pt\/#website","url":"https:\/\/portaltela.pt\/","name":"Portal Tela Portugal","description":"","potentialAction":[{"@type":"SearchAction","target":{"@type":"EntryPoint","urlTemplate":"https:\/\/portaltela.pt\/?s={search_term_string}"},"query-input":{"@type":"PropertyValueSpecification","valueRequired":true,"valueName":"search_term_string"}}],"inLanguage":"pt-PT"},{"@type":"Person","@id":"https:\/\/portaltela.pt\/#\/schema\/person\/c4278d4a6028830caff9ee44b42d32ed","name":"Telinha","image":{"@type":"ImageObject","inLanguage":"pt-PT","@id":"https:\/\/portaltela.pt\/s.01k8rhncp4jt1\/2025\/11\/talking-bot-125x125.png","url":"https:\/\/portaltela.pt\/s.01k8rhncp4jt1\/2025\/11\/talking-bot-125x125.png","contentUrl":"https:\/\/portaltela.pt\/s.01k8rhncp4jt1\/2025\/11\/talking-bot-125x125.png","caption":"Telinha"},"sameAs":["https:\/\/portaltela.pt\/"],"url":"https:\/\/portaltela.pt\/por\/367410592786\/"}]}},"_links":{"self":[{"href":"https:\/\/portaltela.pt\/api\/wp\/v2\/posts\/411350","targetHints":{"allow":["GET"]}}],"collection":[{"href":"https:\/\/portaltela.pt\/api\/wp\/v2\/posts"}],"about":[{"href":"https:\/\/portaltela.pt\/api\/wp\/v2\/types\/post"}],"author":[{"embeddable":true,"href":"https:\/\/portaltela.pt\/api\/wp\/v2\/users\/2"}],"replies":[{"embeddable":true,"href":"https:\/\/portaltela.pt\/api\/wp\/v2\/comments?post=411350"}],"version-history":[{"count":0,"href":"https:\/\/portaltela.pt\/api\/wp\/v2\/posts\/411350\/revisions"}],"wp:featuredmedia":[{"embeddable":true,"href":"https:\/\/portaltela.pt\/api\/wp\/v2\/media\/411353"}],"wp:attachment":[{"href":"https:\/\/portaltela.pt\/api\/wp\/v2\/media?parent=411350"}],"wp:term":[{"taxonomy":"category","embeddable":true,"href":"https:\/\/portaltela.pt\/api\/wp\/v2\/categories?post=411350"},{"taxonomy":"post_tag","embeddable":true,"href":"https:\/\/portaltela.pt\/api\/wp\/v2\/tags?post=411350"}],"curies":[{"name":"wp","href":"https:\/\/api.w.org\/{rel}","templated":true}]}}