{"id":411341,"date":"2026-03-15T19:39:00","date_gmt":"2026-03-15T22:39:00","guid":{"rendered":"https:\/\/portaltela.pt\/noticias\/2026\/03\/15\/sexagenario-condenado-por-trafico-de-canabis-e-posse-de-armas\/"},"modified":"2026-03-15T19:39:00","modified_gmt":"2026-03-15T22:39:00","slug":"sexagenario-condenado-por-trafico-de-canabis-e-posse-de-armas","status":"publish","type":"post","link":"https:\/\/portaltela.pt\/justica\/2026\/03\/15\/sexagenario-condenado-por-trafico-de-canabis-e-posse-de-armas\/","title":{"rendered":"Sexagen\u00e1rio condenado por tr\u00e1fico de can\u00e1bis e posse de armas"},"content":{"rendered":"<p>Um sexagen\u00e1rio foi condenado pelo Tribunal de Beja a cinco anos de pris\u00e3o por tr\u00e1fico de droga e posse de arma proibida. O arguido estava em pris\u00e3o preventiva na cadeia de Beja desde 28 de abril de 2025 e foi libertado no dia da leitura da senten\u00e7a, com pena suspensa.<\/p>\n<p>A GNR identificou, na habita\u00e7\u00e3o em S\u00e3o Lu\u00eds, Odemira, embrulhos com 5,6 kg de cannabis, 4940 euros, uma espingarda ca\u00e7adeira e uma pistola Glock, al\u00e9m de armas brancas, duas balan\u00e7as, m\u00e1quina de embalar a v\u00e1cuo, esteiras de secagem e sacos de pl\u00e1stico.<\/p>\n<h3>Condena\u00e7\u00e3o e fundamenta\u00e7\u00e3o<\/h3>\n<p>O tribunal considerou parcialmente comprovada a posse da droga e das armas, a idade e o estado de sa\u00fade do r\u00e9u, bem como a aus\u00eancia de eventual reincid\u00eancia. Em cima da suspens\u00e3o, o juiz explicou que n\u00e3o dever\u00e1 voltar a cometer crime, caso contr\u00e1rio cumpre a pena.<\/p>\n<p>O arguido j\u00e1 tinha antecedentes por consumo de estupefacientes. Sustentou que n\u00e3o enviou droga para a Su\u00ed\u00e7a, conforme alegado, afirmando que a den\u00fancia foi uma vingan\u00e7a; o caso ao qual se referia resultou na absolvi\u00e7\u00e3o.<\/p>\n<h3>Defesa e leitura da senten\u00e7a<\/h3>\n<p>O advogado de defesa argumentou por uma condena\u00e7\u00e3o por tr\u00e1fico de menor gravidade com pena suspensa, sem priva\u00e7\u00e3o de liberdade, o que acabou por ocorrer. O Tribunal decidiu manter a suspens\u00e3o da pena com condi\u00e7\u00f5es a cumprir.<\/p>\n","protected":false},"excerpt":{"rendered":"<ul>\n<li>Um sexagen\u00e1rio foi condenado pelo Tribunal de Beja a cinco anos de pris\u00e3o por tr\u00e1fico de droga e posse de arma proibida; estava em pris\u00e3o preventiva desde 28 de abril de 2025 e foi libertado no dia da leitura da senten\u00e7a, com pena suspensa.<\/li>\n<li>A GNR encontrou na habita\u00e7\u00e3o em S\u00e3o Lu\u00eds, Odemira, 5,6 quilos de can\u00e1bis, 4.940 euros, uma espingarda ca\u00e7adeira e uma pistola Glock, al\u00e9m de armas brancas, duas balan\u00e7as de precis\u00e3o, m\u00e1quina de embalar a v\u00e1cuo, esteiras de secagem e sacos de pl\u00e1stico.<\/li>\n<li>A suspens\u00e3o da pena baseou-se na confiss\u00e3o em parte da posse da droga e das armas, na idade e no estado de sa\u00fade do arguido, e na cren\u00e7a de que n\u00e3o voltar\u00e1 a delinquir; ficou a avisado de que, se reincidir, volta para a cadeia.<\/li>\n<li>O arguido negou o envio de droga para a Su\u00ed\u00e7a, alegando que a den\u00fancia seria uma vingan\u00e7a; foi absolvido desse crime.<\/li>\n<li>A defesa pretendeu uma condena\u00e7\u00e3o por tr\u00e1fico de menor gravidade com pena suspensa, sem priva\u00e7\u00e3o de liberdade, o que acabou por ser acolhido pelo tribunal.<\/li>\n<\/ul>\n","protected":false},"author":2,"featured_media":411345,"comment_status":"closed","ping_status":"closed","sticky":false,"template":"","format":"standard","meta":{"footnotes":""},"categories":[6907,6815],"tags":[124,943,6543,147,1648,96],"class_list":["post-411341","post","type-post","status-publish","format-standard","has-post-thumbnail","hentry","category-crime","category-justica","tag-arma-de-fogo","tag-beja","tag-condenacao","tag-crime","tag-odemira","tag-trafico-de-droga"],"yoast_head":"<!-- This site is optimized with the Yoast SEO plugin v27.2 - https:\/\/yoast.com\/product\/yoast-seo-wordpress\/ -->\n<title>Sexagen\u00e1rio condenado por tr\u00e1fico de can\u00e1bis e posse de armas - Portal Tela Portugal<\/title>\n<meta name=\"robots\" content=\"index, follow, max-snippet:-1, max-image-preview:large, max-video-preview:-1\" \/>\n<meta property=\"og:locale\" content=\"pt_PT\" \/>\n<meta property=\"og:type\" content=\"article\" \/>\n<meta property=\"og:title\" content=\"Sexagen\u00e1rio condenado por tr\u00e1fico de can\u00e1bis e posse de armas - Portal Tela Portugal\" \/>\n<meta property=\"og:description\" content=\"Um sexagen\u00e1rio foi condenado pelo Tribunal de Beja a cinco anos de pris\u00e3o por tr\u00e1fico de droga e posse de arma proibida; estava em pris\u00e3o preventiva desde 28 de abril de 2025 e foi libertado no dia da leitura da senten\u00e7a, com pena suspensa. A GNR encontrou na habita\u00e7\u00e3o em S\u00e3o Lu\u00eds, Odemira, 5,6 quilos de can\u00e1bis, 4.940 euros, uma espingarda ca\u00e7adeira e uma pistola Glock, al\u00e9m de armas brancas, duas balan\u00e7as de precis\u00e3o, m\u00e1quina de embalar a v\u00e1cuo, esteiras de secagem e sacos de pl\u00e1stico. A suspens\u00e3o da pena baseou-se na confiss\u00e3o em parte da posse da droga e das armas, na idade e no estado de sa\u00fade do arguido, e na cren\u00e7a de que n\u00e3o voltar\u00e1 a delinquir; ficou a avisado de que, se reincidir, volta para a cadeia. O arguido negou o envio de droga para a Su\u00ed\u00e7a, alegando que a den\u00fancia seria uma vingan\u00e7a; foi absolvido desse crime. A defesa pretendeu uma condena\u00e7\u00e3o por tr\u00e1fico de menor gravidade com pena suspensa, sem priva\u00e7\u00e3o de liberdade, o que acabou por ser acolhido pelo tribunal.\" \/>\n<meta property=\"og:url\" content=\"https:\/\/portaltela.pt\/noticias\/2026\/03\/15\/sexagenario-condenado-por-trafico-de-canabis-e-posse-de-armas\/\" \/>\n<meta property=\"og:site_name\" content=\"Portal Tela Portugal\" \/>\n<meta property=\"article:published_time\" content=\"2026-03-15T22:39:00+00:00\" \/>\n<meta name=\"author\" content=\"Telinha\" \/>\n<meta name=\"twitter:card\" content=\"summary_large_image\" \/>\n<meta name=\"twitter:label1\" content=\"Escrito por\" \/>\n\t<meta name=\"twitter:data1\" content=\"Telinha\" \/>\n\t<meta name=\"twitter:label2\" content=\"Tempo estimado de leitura\" \/>\n\t<meta name=\"twitter:data2\" content=\"1 minuto\" \/>\n<script type=\"application\/ld+json\" class=\"yoast-schema-graph\">{\"@context\":\"https:\/\/schema.org\",\"@graph\":[{\"@type\":\"Article\",\"@id\":\"https:\/\/portaltela.pt\/noticias\/2026\/03\/15\/sexagenario-condenado-por-trafico-de-canabis-e-posse-de-armas\/#article\",\"isPartOf\":{\"@id\":\"https:\/\/portaltela.pt\/noticias\/2026\/03\/15\/sexagenario-condenado-por-trafico-de-canabis-e-posse-de-armas\/\"},\"author\":{\"name\":\"Telinha\",\"@id\":\"https:\/\/portaltela.pt\/#\/schema\/person\/c4278d4a6028830caff9ee44b42d32ed\"},\"headline\":\"Sexagen\u00e1rio condenado por tr\u00e1fico de can\u00e1bis e posse de armas\",\"datePublished\":\"2026-03-15T22:39:00+00:00\",\"mainEntityOfPage\":{\"@id\":\"https:\/\/portaltela.pt\/noticias\/2026\/03\/15\/sexagenario-condenado-por-trafico-de-canabis-e-posse-de-armas\/\"},\"wordCount\":262,\"image\":{\"@id\":\"https:\/\/portaltela.pt\/noticias\/2026\/03\/15\/sexagenario-condenado-por-trafico-de-canabis-e-posse-de-armas\/#primaryimage\"},\"thumbnailUrl\":\"https:\/\/portaltela.pt\/s.01k8rhncp4jt1\/2026\/03\/image-1016.jpg\",\"keywords\":[\"arma de fogo\",\"Beja\",\"condena\u00e7\u00e3o\",\"crime\",\"Odemira\",\"tr\u00e1fico de droga\"],\"articleSection\":[\"Crime\",\"Justi\u00e7a\"],\"inLanguage\":\"pt-PT\"},{\"@type\":\"WebPage\",\"@id\":\"https:\/\/portaltela.pt\/noticias\/2026\/03\/15\/sexagenario-condenado-por-trafico-de-canabis-e-posse-de-armas\/\",\"url\":\"https:\/\/portaltela.pt\/noticias\/2026\/03\/15\/sexagenario-condenado-por-trafico-de-canabis-e-posse-de-armas\/\",\"name\":\"Sexagen\u00e1rio condenado por tr\u00e1fico de can\u00e1bis e posse de armas - Portal Tela Portugal\",\"isPartOf\":{\"@id\":\"https:\/\/portaltela.pt\/#website\"},\"primaryImageOfPage\":{\"@id\":\"https:\/\/portaltela.pt\/noticias\/2026\/03\/15\/sexagenario-condenado-por-trafico-de-canabis-e-posse-de-armas\/#primaryimage\"},\"image\":{\"@id\":\"https:\/\/portaltela.pt\/noticias\/2026\/03\/15\/sexagenario-condenado-por-trafico-de-canabis-e-posse-de-armas\/#primaryimage\"},\"thumbnailUrl\":\"https:\/\/portaltela.pt\/s.01k8rhncp4jt1\/2026\/03\/image-1016.jpg\",\"datePublished\":\"2026-03-15T22:39:00+00:00\",\"author\":{\"@id\":\"https:\/\/portaltela.pt\/#\/schema\/person\/c4278d4a6028830caff9ee44b42d32ed\"},\"breadcrumb\":{\"@id\":\"https:\/\/portaltela.pt\/noticias\/2026\/03\/15\/sexagenario-condenado-por-trafico-de-canabis-e-posse-de-armas\/#breadcrumb\"},\"inLanguage\":\"pt-PT\",\"potentialAction\":[{\"@type\":\"ReadAction\",\"target\":[\"https:\/\/portaltela.pt\/noticias\/2026\/03\/15\/sexagenario-condenado-por-trafico-de-canabis-e-posse-de-armas\/\"]}]},{\"@type\":\"ImageObject\",\"inLanguage\":\"pt-PT\",\"@id\":\"https:\/\/portaltela.pt\/noticias\/2026\/03\/15\/sexagenario-condenado-por-trafico-de-canabis-e-posse-de-armas\/#primaryimage\",\"url\":\"https:\/\/portaltela.pt\/s.01k8rhncp4jt1\/2026\/03\/image-1016.jpg\",\"contentUrl\":\"https:\/\/portaltela.pt\/s.01k8rhncp4jt1\/2026\/03\/image-1016.jpg\",\"width\":796,\"height\":448,\"caption\":\"Arguido alegou que a can\u00e1bis era para o seu consumo\"},{\"@type\":\"BreadcrumbList\",\"@id\":\"https:\/\/portaltela.pt\/noticias\/2026\/03\/15\/sexagenario-condenado-por-trafico-de-canabis-e-posse-de-armas\/#breadcrumb\",\"itemListElement\":[{\"@type\":\"ListItem\",\"position\":1,\"name\":\"In\u00edcio\",\"item\":\"https:\/\/portaltela.pt\/\"},{\"@type\":\"ListItem\",\"position\":2,\"name\":\"Sexagen\u00e1rio condenado por tr\u00e1fico de can\u00e1bis e posse de armas\"}]},{\"@type\":\"WebSite\",\"@id\":\"https:\/\/portaltela.pt\/#website\",\"url\":\"https:\/\/portaltela.pt\/\",\"name\":\"Portal Tela Portugal\",\"description\":\"\",\"potentialAction\":[{\"@type\":\"SearchAction\",\"target\":{\"@type\":\"EntryPoint\",\"urlTemplate\":\"https:\/\/portaltela.pt\/?s={search_term_string}\"},\"query-input\":{\"@type\":\"PropertyValueSpecification\",\"valueRequired\":true,\"valueName\":\"search_term_string\"}}],\"inLanguage\":\"pt-PT\"},{\"@type\":\"Person\",\"@id\":\"https:\/\/portaltela.pt\/#\/schema\/person\/c4278d4a6028830caff9ee44b42d32ed\",\"name\":\"Telinha\",\"image\":{\"@type\":\"ImageObject\",\"inLanguage\":\"pt-PT\",\"@id\":\"https:\/\/portaltela.pt\/s.01k8rhncp4jt1\/2025\/11\/talking-bot-125x125.png\",\"url\":\"https:\/\/portaltela.pt\/s.01k8rhncp4jt1\/2025\/11\/talking-bot-125x125.png\",\"contentUrl\":\"https:\/\/portaltela.pt\/s.01k8rhncp4jt1\/2025\/11\/talking-bot-125x125.png\",\"caption\":\"Telinha\"},\"sameAs\":[\"https:\/\/portaltela.pt\/\"],\"url\":\"https:\/\/portaltela.pt\/por\/367410592786\/\"}]}<\/script>\n<!-- \/ Yoast SEO plugin. -->","yoast_head_json":{"title":"Sexagen\u00e1rio condenado por tr\u00e1fico de can\u00e1bis e posse de armas - Portal Tela Portugal","robots":{"index":"index","follow":"follow","max-snippet":"max-snippet:-1","max-image-preview":"max-image-preview:large","max-video-preview":"max-video-preview:-1"},"og_locale":"pt_PT","og_type":"article","og_title":"Sexagen\u00e1rio condenado por tr\u00e1fico de can\u00e1bis e posse de armas - Portal Tela Portugal","og_description":"Um sexagen\u00e1rio foi condenado pelo Tribunal de Beja a cinco anos de pris\u00e3o por tr\u00e1fico de droga e posse de arma proibida; estava em pris\u00e3o preventiva desde 28 de abril de 2025 e foi libertado no dia da leitura da senten\u00e7a, com pena suspensa. A GNR encontrou na habita\u00e7\u00e3o em S\u00e3o Lu\u00eds, Odemira, 5,6 quilos de can\u00e1bis, 4.940 euros, uma espingarda ca\u00e7adeira e uma pistola Glock, al\u00e9m de armas brancas, duas balan\u00e7as de precis\u00e3o, m\u00e1quina de embalar a v\u00e1cuo, esteiras de secagem e sacos de pl\u00e1stico. A suspens\u00e3o da pena baseou-se na confiss\u00e3o em parte da posse da droga e das armas, na idade e no estado de sa\u00fade do arguido, e na cren\u00e7a de que n\u00e3o voltar\u00e1 a delinquir; ficou a avisado de que, se reincidir, volta para a cadeia. O arguido negou o envio de droga para a Su\u00ed\u00e7a, alegando que a den\u00fancia seria uma vingan\u00e7a; foi absolvido desse crime. A defesa pretendeu uma condena\u00e7\u00e3o por tr\u00e1fico de menor gravidade com pena suspensa, sem priva\u00e7\u00e3o de liberdade, o que acabou por ser acolhido pelo tribunal.","og_url":"https:\/\/portaltela.pt\/noticias\/2026\/03\/15\/sexagenario-condenado-por-trafico-de-canabis-e-posse-de-armas\/","og_site_name":"Portal Tela Portugal","article_published_time":"2026-03-15T22:39:00+00:00","author":"Telinha","twitter_card":"summary_large_image","twitter_misc":{"Escrito por":"Telinha","Tempo estimado de leitura":"1 minuto"},"schema":{"@context":"https:\/\/schema.org","@graph":[{"@type":"Article","@id":"https:\/\/portaltela.pt\/noticias\/2026\/03\/15\/sexagenario-condenado-por-trafico-de-canabis-e-posse-de-armas\/#article","isPartOf":{"@id":"https:\/\/portaltela.pt\/noticias\/2026\/03\/15\/sexagenario-condenado-por-trafico-de-canabis-e-posse-de-armas\/"},"author":{"name":"Telinha","@id":"https:\/\/portaltela.pt\/#\/schema\/person\/c4278d4a6028830caff9ee44b42d32ed"},"headline":"Sexagen\u00e1rio condenado por tr\u00e1fico de can\u00e1bis e posse de armas","datePublished":"2026-03-15T22:39:00+00:00","mainEntityOfPage":{"@id":"https:\/\/portaltela.pt\/noticias\/2026\/03\/15\/sexagenario-condenado-por-trafico-de-canabis-e-posse-de-armas\/"},"wordCount":262,"image":{"@id":"https:\/\/portaltela.pt\/noticias\/2026\/03\/15\/sexagenario-condenado-por-trafico-de-canabis-e-posse-de-armas\/#primaryimage"},"thumbnailUrl":"https:\/\/portaltela.pt\/s.01k8rhncp4jt1\/2026\/03\/image-1016.jpg","keywords":["arma de fogo","Beja","condena\u00e7\u00e3o","crime","Odemira","tr\u00e1fico de droga"],"articleSection":["Crime","Justi\u00e7a"],"inLanguage":"pt-PT"},{"@type":"WebPage","@id":"https:\/\/portaltela.pt\/noticias\/2026\/03\/15\/sexagenario-condenado-por-trafico-de-canabis-e-posse-de-armas\/","url":"https:\/\/portaltela.pt\/noticias\/2026\/03\/15\/sexagenario-condenado-por-trafico-de-canabis-e-posse-de-armas\/","name":"Sexagen\u00e1rio condenado por tr\u00e1fico de can\u00e1bis e posse de armas - Portal Tela Portugal","isPartOf":{"@id":"https:\/\/portaltela.pt\/#website"},"primaryImageOfPage":{"@id":"https:\/\/portaltela.pt\/noticias\/2026\/03\/15\/sexagenario-condenado-por-trafico-de-canabis-e-posse-de-armas\/#primaryimage"},"image":{"@id":"https:\/\/portaltela.pt\/noticias\/2026\/03\/15\/sexagenario-condenado-por-trafico-de-canabis-e-posse-de-armas\/#primaryimage"},"thumbnailUrl":"https:\/\/portaltela.pt\/s.01k8rhncp4jt1\/2026\/03\/image-1016.jpg","datePublished":"2026-03-15T22:39:00+00:00","author":{"@id":"https:\/\/portaltela.pt\/#\/schema\/person\/c4278d4a6028830caff9ee44b42d32ed"},"breadcrumb":{"@id":"https:\/\/portaltela.pt\/noticias\/2026\/03\/15\/sexagenario-condenado-por-trafico-de-canabis-e-posse-de-armas\/#breadcrumb"},"inLanguage":"pt-PT","potentialAction":[{"@type":"ReadAction","target":["https:\/\/portaltela.pt\/noticias\/2026\/03\/15\/sexagenario-condenado-por-trafico-de-canabis-e-posse-de-armas\/"]}]},{"@type":"ImageObject","inLanguage":"pt-PT","@id":"https:\/\/portaltela.pt\/noticias\/2026\/03\/15\/sexagenario-condenado-por-trafico-de-canabis-e-posse-de-armas\/#primaryimage","url":"https:\/\/portaltela.pt\/s.01k8rhncp4jt1\/2026\/03\/image-1016.jpg","contentUrl":"https:\/\/portaltela.pt\/s.01k8rhncp4jt1\/2026\/03\/image-1016.jpg","width":796,"height":448,"caption":"Arguido alegou que a can\u00e1bis era para o seu consumo"},{"@type":"BreadcrumbList","@id":"https:\/\/portaltela.pt\/noticias\/2026\/03\/15\/sexagenario-condenado-por-trafico-de-canabis-e-posse-de-armas\/#breadcrumb","itemListElement":[{"@type":"ListItem","position":1,"name":"In\u00edcio","item":"https:\/\/portaltela.pt\/"},{"@type":"ListItem","position":2,"name":"Sexagen\u00e1rio condenado por tr\u00e1fico de can\u00e1bis e posse de armas"}]},{"@type":"WebSite","@id":"https:\/\/portaltela.pt\/#website","url":"https:\/\/portaltela.pt\/","name":"Portal Tela Portugal","description":"","potentialAction":[{"@type":"SearchAction","target":{"@type":"EntryPoint","urlTemplate":"https:\/\/portaltela.pt\/?s={search_term_string}"},"query-input":{"@type":"PropertyValueSpecification","valueRequired":true,"valueName":"search_term_string"}}],"inLanguage":"pt-PT"},{"@type":"Person","@id":"https:\/\/portaltela.pt\/#\/schema\/person\/c4278d4a6028830caff9ee44b42d32ed","name":"Telinha","image":{"@type":"ImageObject","inLanguage":"pt-PT","@id":"https:\/\/portaltela.pt\/s.01k8rhncp4jt1\/2025\/11\/talking-bot-125x125.png","url":"https:\/\/portaltela.pt\/s.01k8rhncp4jt1\/2025\/11\/talking-bot-125x125.png","contentUrl":"https:\/\/portaltela.pt\/s.01k8rhncp4jt1\/2025\/11\/talking-bot-125x125.png","caption":"Telinha"},"sameAs":["https:\/\/portaltela.pt\/"],"url":"https:\/\/portaltela.pt\/por\/367410592786\/"}]}},"_links":{"self":[{"href":"https:\/\/portaltela.pt\/api\/wp\/v2\/posts\/411341","targetHints":{"allow":["GET"]}}],"collection":[{"href":"https:\/\/portaltela.pt\/api\/wp\/v2\/posts"}],"about":[{"href":"https:\/\/portaltela.pt\/api\/wp\/v2\/types\/post"}],"author":[{"embeddable":true,"href":"https:\/\/portaltela.pt\/api\/wp\/v2\/users\/2"}],"replies":[{"embeddable":true,"href":"https:\/\/portaltela.pt\/api\/wp\/v2\/comments?post=411341"}],"version-history":[{"count":0,"href":"https:\/\/portaltela.pt\/api\/wp\/v2\/posts\/411341\/revisions"}],"wp:featuredmedia":[{"embeddable":true,"href":"https:\/\/portaltela.pt\/api\/wp\/v2\/media\/411345"}],"wp:attachment":[{"href":"https:\/\/portaltela.pt\/api\/wp\/v2\/media?parent=411341"}],"wp:term":[{"taxonomy":"category","embeddable":true,"href":"https:\/\/portaltela.pt\/api\/wp\/v2\/categories?post=411341"},{"taxonomy":"post_tag","embeddable":true,"href":"https:\/\/portaltela.pt\/api\/wp\/v2\/tags?post=411341"}],"curies":[{"name":"wp","href":"https:\/\/api.w.org\/{rel}","templated":true}]}}