{"id":411325,"date":"2026-03-15T19:06:59","date_gmt":"2026-03-15T22:06:59","guid":{"rendered":"https:\/\/portaltela.pt\/noticias\/2026\/03\/15\/henrique-rocha-perde-a-final-do-challenger-de-santiago\/"},"modified":"2026-03-15T19:06:59","modified_gmt":"2026-03-15T22:06:59","slug":"henrique-rocha-perde-a-final-do-challenger-de-santiago","status":"publish","type":"post","link":"https:\/\/portaltela.pt\/desporto\/futebol\/2026\/03\/15\/henrique-rocha-perde-a-final-do-challenger-de-santiago\/","title":{"rendered":"Henrique Rocha perde a final do Challenger de Santiago"},"content":{"rendered":"<p>O tenista portugu\u00eas Henrique Rocha perdeu hoje a final do challenger de Santiago, no Chile, frente ao argentino Genaro Alberto Olivieri. A final terminou em dois sets, com 6-4 em ambos, disputados em 1 hora e 52 minutos.<\/p>\n<p>Rocha, 169.\u00ba do mundo, vinha de nove vit\u00f3rias consecutivas e disputava a segunda final de challenger na mesma semana, depois do t\u00edtulo alcan\u00e7ado em Bras\u00edlia. Olivieri, 226.\u00ba, bateu o advers\u00e1rio para conquistar o trof\u00e9u.<\/p>\n<p>Por constru\u00e7\u00e3o recente de ranking, Rocha dever\u00e1 aproximar-se do seu melhor posicionamento de sempre, com a previs\u00e3o de ocupar o 131.\u00ba lugar da hierarquia ATP. O jogador j\u00e1 tem t\u00edtulos no circuito challenger em M\u00farcia (2024), Matsuyama (2025) e Bras\u00edlia (2026).<\/p>\n<h3>Desempenho e contexto<\/h3>\n<p>Rocha entrou em Santiago com ritmo vitorioso, mas n\u00e3o conseguiu manter a vantagem frente ao rival argentino. A vit\u00f3ria de Olivieri acrescenta mais um t\u00edtulo internacional \u00e0 temporada do argentino.<\/p>\n<p>Este resultado encerra a participa\u00e7\u00e3o de Rocha na edi\u00e7\u00e3o atual do challenger de Santiago, mantendo o foco do atleta na pr\u00f3xima competi\u00e7\u00e3o do circuito e no objetivo de consolidar o pico de ranking.<\/p>\n","protected":false},"excerpt":{"rendered":"<ul>\n<li>Henrique Rocha perdeu a final do challenger de Santiago do Chile frente ao argentino Genaro Alberto Olivieri, em dois sets: 6-4, 6-4, num encontro com dura\u00e7\u00e3o de 1 hora e 52 minutos.<\/li>\n<li>Esta foi a segunda final consecutiva de Rocha no circuito challenger, ap\u00f3s ter vencido o t\u00edtulo em Bras\u00edlia.<\/li>\n<li>Rocha, atualmente 169.\u00ba do mundo, vinha de nove vit\u00f3rias seguidas antes da final. Olivieri \u00e9 226.\u00ba na hierarquia.<\/li>\n<li>Rocha j\u00e1 disputou seis finais no challenger, com t\u00edtulos em Murcia (Espanha) em 2024, Matsuyama (Jap\u00e3o) em 2025 e Bras\u00edlia em 2026.<\/li>\n<li>Com a presen\u00e7a na final de Santiago e o t\u00edtulo de Bras\u00edlia, Rocha dever\u00e1 subir ao seu melhor ranking de sempre, atingindo virtualmente o 131.\u00ba lugar da ATP.<\/li>\n<\/ul>\n","protected":false},"author":2,"featured_media":411327,"comment_status":"closed","ping_status":"closed","sticky":false,"template":"","format":"standard","meta":{"footnotes":""},"categories":[21,24],"tags":[2732,2747,2681,1014,2713,7232],"class_list":["post-411325","post","type-post","status-publish","format-standard","has-post-thumbnail","hentry","category-desporto","category-futebol","tag-argentina","tag-chile","tag-desporto-internacional","tag-portugal","tag-tenistas","tag-tenistas-internacionais"],"yoast_head":"<!-- This site is optimized with the Yoast SEO plugin v27.2 - https:\/\/yoast.com\/product\/yoast-seo-wordpress\/ -->\n<title>Henrique Rocha perde a final do Challenger de Santiago - Portal Tela Portugal<\/title>\n<meta name=\"robots\" content=\"index, follow, max-snippet:-1, max-image-preview:large, max-video-preview:-1\" \/>\n<meta property=\"og:locale\" content=\"pt_PT\" \/>\n<meta property=\"og:type\" content=\"article\" \/>\n<meta property=\"og:title\" content=\"Henrique Rocha perde a final do Challenger de Santiago - Portal Tela Portugal\" \/>\n<meta property=\"og:description\" content=\"Henrique Rocha perdeu a final do challenger de Santiago do Chile frente ao argentino Genaro Alberto Olivieri, em dois sets: 6-4, 6-4, num encontro com dura\u00e7\u00e3o de 1 hora e 52 minutos. Esta foi a segunda final consecutiva de Rocha no circuito challenger, ap\u00f3s ter vencido o t\u00edtulo em Bras\u00edlia. Rocha, atualmente 169.\u00ba do mundo, vinha de nove vit\u00f3rias seguidas antes da final. Olivieri \u00e9 226.\u00ba na hierarquia. Rocha j\u00e1 disputou seis finais no challenger, com t\u00edtulos em Murcia (Espanha) em 2024, Matsuyama (Jap\u00e3o) em 2025 e Bras\u00edlia em 2026. Com a presen\u00e7a na final de Santiago e o t\u00edtulo de Bras\u00edlia, Rocha dever\u00e1 subir ao seu melhor ranking de sempre, atingindo virtualmente o 131.\u00ba lugar da ATP.\" \/>\n<meta property=\"og:url\" content=\"https:\/\/portaltela.pt\/noticias\/2026\/03\/15\/henrique-rocha-perde-a-final-do-challenger-de-santiago\/\" \/>\n<meta property=\"og:site_name\" content=\"Portal Tela Portugal\" \/>\n<meta property=\"article:published_time\" content=\"2026-03-15T22:06:59+00:00\" \/>\n<meta name=\"author\" content=\"Telinha\" \/>\n<meta name=\"twitter:card\" content=\"summary_large_image\" \/>\n<meta name=\"twitter:label1\" content=\"Escrito por\" \/>\n\t<meta name=\"twitter:data1\" content=\"Telinha\" \/>\n\t<meta name=\"twitter:label2\" content=\"Tempo estimado de leitura\" \/>\n\t<meta name=\"twitter:data2\" content=\"1 minuto\" \/>\n<script type=\"application\/ld+json\" class=\"yoast-schema-graph\">{\"@context\":\"https:\/\/schema.org\",\"@graph\":[{\"@type\":\"Article\",\"@id\":\"https:\/\/portaltela.pt\/noticias\/2026\/03\/15\/henrique-rocha-perde-a-final-do-challenger-de-santiago\/#article\",\"isPartOf\":{\"@id\":\"https:\/\/portaltela.pt\/noticias\/2026\/03\/15\/henrique-rocha-perde-a-final-do-challenger-de-santiago\/\"},\"author\":{\"name\":\"Telinha\",\"@id\":\"https:\/\/portaltela.pt\/#\/schema\/person\/c4278d4a6028830caff9ee44b42d32ed\"},\"headline\":\"Henrique Rocha perde a final do Challenger de Santiago\",\"datePublished\":\"2026-03-15T22:06:59+00:00\",\"mainEntityOfPage\":{\"@id\":\"https:\/\/portaltela.pt\/noticias\/2026\/03\/15\/henrique-rocha-perde-a-final-do-challenger-de-santiago\/\"},\"wordCount\":198,\"image\":{\"@id\":\"https:\/\/portaltela.pt\/noticias\/2026\/03\/15\/henrique-rocha-perde-a-final-do-challenger-de-santiago\/#primaryimage\"},\"thumbnailUrl\":\"https:\/\/portaltela.pt\/s.01k8rhncp4jt1\/2026\/03\/img_920x518uu2026-01-18-17-29-01-2415564.jpg\",\"keywords\":[\"Argentina\",\"Chile\",\"desporto internacional\",\"Portugal\",\"tenistas\",\"tenistas internacionais\"],\"articleSection\":[\"Desporto\",\"Futebol\"],\"inLanguage\":\"pt-PT\"},{\"@type\":\"WebPage\",\"@id\":\"https:\/\/portaltela.pt\/noticias\/2026\/03\/15\/henrique-rocha-perde-a-final-do-challenger-de-santiago\/\",\"url\":\"https:\/\/portaltela.pt\/noticias\/2026\/03\/15\/henrique-rocha-perde-a-final-do-challenger-de-santiago\/\",\"name\":\"Henrique Rocha perde a final do Challenger de Santiago - Portal Tela Portugal\",\"isPartOf\":{\"@id\":\"https:\/\/portaltela.pt\/#website\"},\"primaryImageOfPage\":{\"@id\":\"https:\/\/portaltela.pt\/noticias\/2026\/03\/15\/henrique-rocha-perde-a-final-do-challenger-de-santiago\/#primaryimage\"},\"image\":{\"@id\":\"https:\/\/portaltela.pt\/noticias\/2026\/03\/15\/henrique-rocha-perde-a-final-do-challenger-de-santiago\/#primaryimage\"},\"thumbnailUrl\":\"https:\/\/portaltela.pt\/s.01k8rhncp4jt1\/2026\/03\/img_920x518uu2026-01-18-17-29-01-2415564.jpg\",\"datePublished\":\"2026-03-15T22:06:59+00:00\",\"author\":{\"@id\":\"https:\/\/portaltela.pt\/#\/schema\/person\/c4278d4a6028830caff9ee44b42d32ed\"},\"breadcrumb\":{\"@id\":\"https:\/\/portaltela.pt\/noticias\/2026\/03\/15\/henrique-rocha-perde-a-final-do-challenger-de-santiago\/#breadcrumb\"},\"inLanguage\":\"pt-PT\",\"potentialAction\":[{\"@type\":\"ReadAction\",\"target\":[\"https:\/\/portaltela.pt\/noticias\/2026\/03\/15\/henrique-rocha-perde-a-final-do-challenger-de-santiago\/\"]}]},{\"@type\":\"ImageObject\",\"inLanguage\":\"pt-PT\",\"@id\":\"https:\/\/portaltela.pt\/noticias\/2026\/03\/15\/henrique-rocha-perde-a-final-do-challenger-de-santiago\/#primaryimage\",\"url\":\"https:\/\/portaltela.pt\/s.01k8rhncp4jt1\/2026\/03\/img_920x518uu2026-01-18-17-29-01-2415564.jpg\",\"contentUrl\":\"https:\/\/portaltela.pt\/s.01k8rhncp4jt1\/2026\/03\/img_920x518uu2026-01-18-17-29-01-2415564.jpg\",\"width\":796,\"height\":448,\"caption\":\"Henrique Rocha\"},{\"@type\":\"BreadcrumbList\",\"@id\":\"https:\/\/portaltela.pt\/noticias\/2026\/03\/15\/henrique-rocha-perde-a-final-do-challenger-de-santiago\/#breadcrumb\",\"itemListElement\":[{\"@type\":\"ListItem\",\"position\":1,\"name\":\"In\u00edcio\",\"item\":\"https:\/\/portaltela.pt\/\"},{\"@type\":\"ListItem\",\"position\":2,\"name\":\"Henrique Rocha perde a final do Challenger de Santiago\"}]},{\"@type\":\"WebSite\",\"@id\":\"https:\/\/portaltela.pt\/#website\",\"url\":\"https:\/\/portaltela.pt\/\",\"name\":\"Portal Tela Portugal\",\"description\":\"\",\"potentialAction\":[{\"@type\":\"SearchAction\",\"target\":{\"@type\":\"EntryPoint\",\"urlTemplate\":\"https:\/\/portaltela.pt\/?s={search_term_string}\"},\"query-input\":{\"@type\":\"PropertyValueSpecification\",\"valueRequired\":true,\"valueName\":\"search_term_string\"}}],\"inLanguage\":\"pt-PT\"},{\"@type\":\"Person\",\"@id\":\"https:\/\/portaltela.pt\/#\/schema\/person\/c4278d4a6028830caff9ee44b42d32ed\",\"name\":\"Telinha\",\"image\":{\"@type\":\"ImageObject\",\"inLanguage\":\"pt-PT\",\"@id\":\"https:\/\/portaltela.pt\/s.01k8rhncp4jt1\/2025\/11\/talking-bot-125x125.png\",\"url\":\"https:\/\/portaltela.pt\/s.01k8rhncp4jt1\/2025\/11\/talking-bot-125x125.png\",\"contentUrl\":\"https:\/\/portaltela.pt\/s.01k8rhncp4jt1\/2025\/11\/talking-bot-125x125.png\",\"caption\":\"Telinha\"},\"sameAs\":[\"https:\/\/portaltela.pt\/\"],\"url\":\"https:\/\/portaltela.pt\/por\/367410592786\/\"}]}<\/script>\n<!-- \/ Yoast SEO plugin. -->","yoast_head_json":{"title":"Henrique Rocha perde a final do Challenger de Santiago - Portal Tela Portugal","robots":{"index":"index","follow":"follow","max-snippet":"max-snippet:-1","max-image-preview":"max-image-preview:large","max-video-preview":"max-video-preview:-1"},"og_locale":"pt_PT","og_type":"article","og_title":"Henrique Rocha perde a final do Challenger de Santiago - Portal Tela Portugal","og_description":"Henrique Rocha perdeu a final do challenger de Santiago do Chile frente ao argentino Genaro Alberto Olivieri, em dois sets: 6-4, 6-4, num encontro com dura\u00e7\u00e3o de 1 hora e 52 minutos. Esta foi a segunda final consecutiva de Rocha no circuito challenger, ap\u00f3s ter vencido o t\u00edtulo em Bras\u00edlia. Rocha, atualmente 169.\u00ba do mundo, vinha de nove vit\u00f3rias seguidas antes da final. Olivieri \u00e9 226.\u00ba na hierarquia. Rocha j\u00e1 disputou seis finais no challenger, com t\u00edtulos em Murcia (Espanha) em 2024, Matsuyama (Jap\u00e3o) em 2025 e Bras\u00edlia em 2026. Com a presen\u00e7a na final de Santiago e o t\u00edtulo de Bras\u00edlia, Rocha dever\u00e1 subir ao seu melhor ranking de sempre, atingindo virtualmente o 131.\u00ba lugar da ATP.","og_url":"https:\/\/portaltela.pt\/noticias\/2026\/03\/15\/henrique-rocha-perde-a-final-do-challenger-de-santiago\/","og_site_name":"Portal Tela Portugal","article_published_time":"2026-03-15T22:06:59+00:00","author":"Telinha","twitter_card":"summary_large_image","twitter_misc":{"Escrito por":"Telinha","Tempo estimado de leitura":"1 minuto"},"schema":{"@context":"https:\/\/schema.org","@graph":[{"@type":"Article","@id":"https:\/\/portaltela.pt\/noticias\/2026\/03\/15\/henrique-rocha-perde-a-final-do-challenger-de-santiago\/#article","isPartOf":{"@id":"https:\/\/portaltela.pt\/noticias\/2026\/03\/15\/henrique-rocha-perde-a-final-do-challenger-de-santiago\/"},"author":{"name":"Telinha","@id":"https:\/\/portaltela.pt\/#\/schema\/person\/c4278d4a6028830caff9ee44b42d32ed"},"headline":"Henrique Rocha perde a final do Challenger de Santiago","datePublished":"2026-03-15T22:06:59+00:00","mainEntityOfPage":{"@id":"https:\/\/portaltela.pt\/noticias\/2026\/03\/15\/henrique-rocha-perde-a-final-do-challenger-de-santiago\/"},"wordCount":198,"image":{"@id":"https:\/\/portaltela.pt\/noticias\/2026\/03\/15\/henrique-rocha-perde-a-final-do-challenger-de-santiago\/#primaryimage"},"thumbnailUrl":"https:\/\/portaltela.pt\/s.01k8rhncp4jt1\/2026\/03\/img_920x518uu2026-01-18-17-29-01-2415564.jpg","keywords":["Argentina","Chile","desporto internacional","Portugal","tenistas","tenistas internacionais"],"articleSection":["Desporto","Futebol"],"inLanguage":"pt-PT"},{"@type":"WebPage","@id":"https:\/\/portaltela.pt\/noticias\/2026\/03\/15\/henrique-rocha-perde-a-final-do-challenger-de-santiago\/","url":"https:\/\/portaltela.pt\/noticias\/2026\/03\/15\/henrique-rocha-perde-a-final-do-challenger-de-santiago\/","name":"Henrique Rocha perde a final do Challenger de Santiago - Portal Tela Portugal","isPartOf":{"@id":"https:\/\/portaltela.pt\/#website"},"primaryImageOfPage":{"@id":"https:\/\/portaltela.pt\/noticias\/2026\/03\/15\/henrique-rocha-perde-a-final-do-challenger-de-santiago\/#primaryimage"},"image":{"@id":"https:\/\/portaltela.pt\/noticias\/2026\/03\/15\/henrique-rocha-perde-a-final-do-challenger-de-santiago\/#primaryimage"},"thumbnailUrl":"https:\/\/portaltela.pt\/s.01k8rhncp4jt1\/2026\/03\/img_920x518uu2026-01-18-17-29-01-2415564.jpg","datePublished":"2026-03-15T22:06:59+00:00","author":{"@id":"https:\/\/portaltela.pt\/#\/schema\/person\/c4278d4a6028830caff9ee44b42d32ed"},"breadcrumb":{"@id":"https:\/\/portaltela.pt\/noticias\/2026\/03\/15\/henrique-rocha-perde-a-final-do-challenger-de-santiago\/#breadcrumb"},"inLanguage":"pt-PT","potentialAction":[{"@type":"ReadAction","target":["https:\/\/portaltela.pt\/noticias\/2026\/03\/15\/henrique-rocha-perde-a-final-do-challenger-de-santiago\/"]}]},{"@type":"ImageObject","inLanguage":"pt-PT","@id":"https:\/\/portaltela.pt\/noticias\/2026\/03\/15\/henrique-rocha-perde-a-final-do-challenger-de-santiago\/#primaryimage","url":"https:\/\/portaltela.pt\/s.01k8rhncp4jt1\/2026\/03\/img_920x518uu2026-01-18-17-29-01-2415564.jpg","contentUrl":"https:\/\/portaltela.pt\/s.01k8rhncp4jt1\/2026\/03\/img_920x518uu2026-01-18-17-29-01-2415564.jpg","width":796,"height":448,"caption":"Henrique Rocha"},{"@type":"BreadcrumbList","@id":"https:\/\/portaltela.pt\/noticias\/2026\/03\/15\/henrique-rocha-perde-a-final-do-challenger-de-santiago\/#breadcrumb","itemListElement":[{"@type":"ListItem","position":1,"name":"In\u00edcio","item":"https:\/\/portaltela.pt\/"},{"@type":"ListItem","position":2,"name":"Henrique Rocha perde a final do Challenger de Santiago"}]},{"@type":"WebSite","@id":"https:\/\/portaltela.pt\/#website","url":"https:\/\/portaltela.pt\/","name":"Portal Tela Portugal","description":"","potentialAction":[{"@type":"SearchAction","target":{"@type":"EntryPoint","urlTemplate":"https:\/\/portaltela.pt\/?s={search_term_string}"},"query-input":{"@type":"PropertyValueSpecification","valueRequired":true,"valueName":"search_term_string"}}],"inLanguage":"pt-PT"},{"@type":"Person","@id":"https:\/\/portaltela.pt\/#\/schema\/person\/c4278d4a6028830caff9ee44b42d32ed","name":"Telinha","image":{"@type":"ImageObject","inLanguage":"pt-PT","@id":"https:\/\/portaltela.pt\/s.01k8rhncp4jt1\/2025\/11\/talking-bot-125x125.png","url":"https:\/\/portaltela.pt\/s.01k8rhncp4jt1\/2025\/11\/talking-bot-125x125.png","contentUrl":"https:\/\/portaltela.pt\/s.01k8rhncp4jt1\/2025\/11\/talking-bot-125x125.png","caption":"Telinha"},"sameAs":["https:\/\/portaltela.pt\/"],"url":"https:\/\/portaltela.pt\/por\/367410592786\/"}]}},"_links":{"self":[{"href":"https:\/\/portaltela.pt\/api\/wp\/v2\/posts\/411325","targetHints":{"allow":["GET"]}}],"collection":[{"href":"https:\/\/portaltela.pt\/api\/wp\/v2\/posts"}],"about":[{"href":"https:\/\/portaltela.pt\/api\/wp\/v2\/types\/post"}],"author":[{"embeddable":true,"href":"https:\/\/portaltela.pt\/api\/wp\/v2\/users\/2"}],"replies":[{"embeddable":true,"href":"https:\/\/portaltela.pt\/api\/wp\/v2\/comments?post=411325"}],"version-history":[{"count":0,"href":"https:\/\/portaltela.pt\/api\/wp\/v2\/posts\/411325\/revisions"}],"wp:featuredmedia":[{"embeddable":true,"href":"https:\/\/portaltela.pt\/api\/wp\/v2\/media\/411327"}],"wp:attachment":[{"href":"https:\/\/portaltela.pt\/api\/wp\/v2\/media?parent=411325"}],"wp:term":[{"taxonomy":"category","embeddable":true,"href":"https:\/\/portaltela.pt\/api\/wp\/v2\/categories?post=411325"},{"taxonomy":"post_tag","embeddable":true,"href":"https:\/\/portaltela.pt\/api\/wp\/v2\/tags?post=411325"}],"curies":[{"name":"wp","href":"https:\/\/api.w.org\/{rel}","templated":true}]}}