{"id":411318,"date":"2026-03-15T18:44:00","date_gmt":"2026-03-15T21:44:00","guid":{"rendered":"https:\/\/portaltela.pt\/noticias\/2026\/03\/15\/benfica-conquista-taca-da-liga-de-futsal-pela-quinta-vez\/"},"modified":"2026-03-15T18:44:00","modified_gmt":"2026-03-15T21:44:00","slug":"benfica-conquista-taca-da-liga-de-futsal-pela-quinta-vez","status":"publish","type":"post","link":"https:\/\/portaltela.pt\/desporto\/futebol\/2026\/03\/15\/benfica-conquista-taca-da-liga-de-futsal-pela-quinta-vez\/","title":{"rendered":"Benfica conquista Ta\u00e7a da Liga de futsal pela quinta vez"},"content":{"rendered":"<p>O Benfica venceu a final da Ta\u00e7a da Liga de futsal 2025\/26, goleando o El\u00e9ctrico por 7-1 em Gondomar, neste domingo. A conquista marca o quinto t\u00edtulo na prova para os encarnados, numa decis\u00e3o disputada em terreno neutro.<\/p>\n<p>Logo aos 10 segundos, Carlos Monteiro abriu o marcador, e Jacar\u00e9 aumentou aos 11 minutos. O primeiro tempo fechou com 3-0, ap\u00f3s Tchuda aos 17 minutos e Silvestre Ferreira aos 27.<\/p>\n<p>No segundo tempo, Silvestre Ferreira bisou aos 39 minutos, seguido de Arthur aos 36 e Kutchy aos 38, fechando o placar de 7-1. Simi Saiotti apontou para o El\u00e9ctrico aos 29.<\/p>\n<h3>Marcadores da final<\/h3>\n<ul>\n<li>Benfica: Carlos Monteiro (10s), Jacar\u00e9 (11&#8242;), Tchuda (17&#8242;), Silvestre Ferreira (27&#8242;), Silvestre Ferreira (39&#8242;), Arthur (36&#8242;), Kutchy (38&#8242;)<\/li>\n<li>El\u00e9ctrico: Simi Saiotti (29&#8242;)<\/li>\n<\/ul>\n<p>O Benfica soma assim o quinto t\u00edtulo na Ta\u00e7a da Liga, repetindo as vit\u00f3rias de 2017\/18, 2018\/19, 2019\/20 e 2022\/23. O Sporting soma seis ta\u00e7as na hist\u00f3ria da competi\u00e7\u00e3o, que permanece dominada pelos grandes da capital.<\/p>\n","protected":false},"excerpt":{"rendered":"<ul>\n<li>Benfica venceu a Ta\u00e7a da Liga de futsal edi\u00e7\u00e3o 2025\/26, ao golear o El\u00e9ctrico por 7-1 na final disputada em Gondomar.<\/li>\n<li>Os golos dos encarnados foram de Carlos Monteiro, Jacar\u00e9, Tchuda, Silvestre Ferreira (duas vezes), Arthur e Kutchy; ao intervalo j\u00e1 vencia por 3-0.<\/li>\n<li>Simi Saiotti marcou para o El\u00e9ctrico aos 29 minutos.<\/li>\n<li>Com este t\u00edtulo, o Benfica soma cinco conquistas na competi\u00e7\u00e3o (2017\/18, 2018\/19, 2019\/20, 2022\/23 e 2025\/26) e fica a um trof\u00e9u do Sporting, que tem seis.<\/li>\n<li>A prova continua a ser dominada pelos grandes da capital.<\/li>\n<\/ul>\n","protected":false},"author":2,"featured_media":411323,"comment_status":"closed","ping_status":"closed","sticky":false,"template":"","format":"standard","meta":{"footnotes":""},"categories":[21,24],"tags":[1946,4326,161,1243,982,1172],"class_list":["post-411318","post","type-post","status-publish","format-standard","has-post-thumbnail","hentry","category-desporto","category-futebol","tag-benfica","tag-electrico","tag-futsal","tag-gondomar","tag-porto","tag-taca-da-liga"],"yoast_head":"<!-- This site is optimized with the Yoast SEO plugin v27.2 - https:\/\/yoast.com\/product\/yoast-seo-wordpress\/ -->\n<title>Benfica conquista Ta\u00e7a da Liga de futsal pela quinta vez - Portal Tela Portugal<\/title>\n<meta name=\"robots\" content=\"index, follow, max-snippet:-1, max-image-preview:large, max-video-preview:-1\" \/>\n<meta property=\"og:locale\" content=\"pt_PT\" \/>\n<meta property=\"og:type\" content=\"article\" \/>\n<meta property=\"og:title\" content=\"Benfica conquista Ta\u00e7a da Liga de futsal pela quinta vez - Portal Tela Portugal\" \/>\n<meta property=\"og:description\" content=\"Benfica venceu a Ta\u00e7a da Liga de futsal edi\u00e7\u00e3o 2025\/26, ao golear o El\u00e9ctrico por 7-1 na final disputada em Gondomar. Os golos dos encarnados foram de Carlos Monteiro, Jacar\u00e9, Tchuda, Silvestre Ferreira (duas vezes), Arthur e Kutchy; ao intervalo j\u00e1 vencia por 3-0. Simi Saiotti marcou para o El\u00e9ctrico aos 29 minutos. Com este t\u00edtulo, o Benfica soma cinco conquistas na competi\u00e7\u00e3o (2017\/18, 2018\/19, 2019\/20, 2022\/23 e 2025\/26) e fica a um trof\u00e9u do Sporting, que tem seis. A prova continua a ser dominada pelos grandes da capital.\" \/>\n<meta property=\"og:url\" content=\"https:\/\/portaltela.pt\/noticias\/2026\/03\/15\/benfica-conquista-taca-da-liga-de-futsal-pela-quinta-vez\/\" \/>\n<meta property=\"og:site_name\" content=\"Portal Tela Portugal\" \/>\n<meta property=\"article:published_time\" content=\"2026-03-15T21:44:00+00:00\" \/>\n<meta name=\"author\" content=\"Telinha\" \/>\n<meta name=\"twitter:card\" content=\"summary_large_image\" \/>\n<meta name=\"twitter:label1\" content=\"Escrito por\" \/>\n\t<meta name=\"twitter:data1\" content=\"Telinha\" \/>\n\t<meta name=\"twitter:label2\" content=\"Tempo estimado de leitura\" \/>\n\t<meta name=\"twitter:data2\" content=\"1 minuto\" \/>\n<script type=\"application\/ld+json\" class=\"yoast-schema-graph\">{\"@context\":\"https:\/\/schema.org\",\"@graph\":[{\"@type\":\"Article\",\"@id\":\"https:\/\/portaltela.pt\/noticias\/2026\/03\/15\/benfica-conquista-taca-da-liga-de-futsal-pela-quinta-vez\/#article\",\"isPartOf\":{\"@id\":\"https:\/\/portaltela.pt\/noticias\/2026\/03\/15\/benfica-conquista-taca-da-liga-de-futsal-pela-quinta-vez\/\"},\"author\":{\"name\":\"Telinha\",\"@id\":\"https:\/\/portaltela.pt\/#\/schema\/person\/c4278d4a6028830caff9ee44b42d32ed\"},\"headline\":\"Benfica conquista Ta\u00e7a da Liga de futsal pela quinta vez\",\"datePublished\":\"2026-03-15T21:44:00+00:00\",\"mainEntityOfPage\":{\"@id\":\"https:\/\/portaltela.pt\/noticias\/2026\/03\/15\/benfica-conquista-taca-da-liga-de-futsal-pela-quinta-vez\/\"},\"wordCount\":165,\"image\":{\"@id\":\"https:\/\/portaltela.pt\/noticias\/2026\/03\/15\/benfica-conquista-taca-da-liga-de-futsal-pela-quinta-vez\/#primaryimage\"},\"thumbnailUrl\":\"https:\/\/portaltela.pt\/s.01k8rhncp4jt1\/2026\/03\/image-1013.jpg\",\"keywords\":[\"Benfica\",\"El\u00e9ctrico\",\"futsal\",\"Gondomar\",\"Porto\",\"Ta\u00e7a da Liga\"],\"articleSection\":[\"Desporto\",\"Futebol\"],\"inLanguage\":\"pt-PT\"},{\"@type\":\"WebPage\",\"@id\":\"https:\/\/portaltela.pt\/noticias\/2026\/03\/15\/benfica-conquista-taca-da-liga-de-futsal-pela-quinta-vez\/\",\"url\":\"https:\/\/portaltela.pt\/noticias\/2026\/03\/15\/benfica-conquista-taca-da-liga-de-futsal-pela-quinta-vez\/\",\"name\":\"Benfica conquista Ta\u00e7a da Liga de futsal pela quinta vez - Portal Tela Portugal\",\"isPartOf\":{\"@id\":\"https:\/\/portaltela.pt\/#website\"},\"primaryImageOfPage\":{\"@id\":\"https:\/\/portaltela.pt\/noticias\/2026\/03\/15\/benfica-conquista-taca-da-liga-de-futsal-pela-quinta-vez\/#primaryimage\"},\"image\":{\"@id\":\"https:\/\/portaltela.pt\/noticias\/2026\/03\/15\/benfica-conquista-taca-da-liga-de-futsal-pela-quinta-vez\/#primaryimage\"},\"thumbnailUrl\":\"https:\/\/portaltela.pt\/s.01k8rhncp4jt1\/2026\/03\/image-1013.jpg\",\"datePublished\":\"2026-03-15T21:44:00+00:00\",\"author\":{\"@id\":\"https:\/\/portaltela.pt\/#\/schema\/person\/c4278d4a6028830caff9ee44b42d32ed\"},\"breadcrumb\":{\"@id\":\"https:\/\/portaltela.pt\/noticias\/2026\/03\/15\/benfica-conquista-taca-da-liga-de-futsal-pela-quinta-vez\/#breadcrumb\"},\"inLanguage\":\"pt-PT\",\"potentialAction\":[{\"@type\":\"ReadAction\",\"target\":[\"https:\/\/portaltela.pt\/noticias\/2026\/03\/15\/benfica-conquista-taca-da-liga-de-futsal-pela-quinta-vez\/\"]}]},{\"@type\":\"ImageObject\",\"inLanguage\":\"pt-PT\",\"@id\":\"https:\/\/portaltela.pt\/noticias\/2026\/03\/15\/benfica-conquista-taca-da-liga-de-futsal-pela-quinta-vez\/#primaryimage\",\"url\":\"https:\/\/portaltela.pt\/s.01k8rhncp4jt1\/2026\/03\/image-1013.jpg\",\"contentUrl\":\"https:\/\/portaltela.pt\/s.01k8rhncp4jt1\/2026\/03\/image-1013.jpg\",\"width\":796,\"height\":448,\"caption\":\"Encarnados tiraram foto de equipa\"},{\"@type\":\"BreadcrumbList\",\"@id\":\"https:\/\/portaltela.pt\/noticias\/2026\/03\/15\/benfica-conquista-taca-da-liga-de-futsal-pela-quinta-vez\/#breadcrumb\",\"itemListElement\":[{\"@type\":\"ListItem\",\"position\":1,\"name\":\"In\u00edcio\",\"item\":\"https:\/\/portaltela.pt\/\"},{\"@type\":\"ListItem\",\"position\":2,\"name\":\"Benfica conquista Ta\u00e7a da Liga de futsal pela quinta vez\"}]},{\"@type\":\"WebSite\",\"@id\":\"https:\/\/portaltela.pt\/#website\",\"url\":\"https:\/\/portaltela.pt\/\",\"name\":\"Portal Tela Portugal\",\"description\":\"\",\"potentialAction\":[{\"@type\":\"SearchAction\",\"target\":{\"@type\":\"EntryPoint\",\"urlTemplate\":\"https:\/\/portaltela.pt\/?s={search_term_string}\"},\"query-input\":{\"@type\":\"PropertyValueSpecification\",\"valueRequired\":true,\"valueName\":\"search_term_string\"}}],\"inLanguage\":\"pt-PT\"},{\"@type\":\"Person\",\"@id\":\"https:\/\/portaltela.pt\/#\/schema\/person\/c4278d4a6028830caff9ee44b42d32ed\",\"name\":\"Telinha\",\"image\":{\"@type\":\"ImageObject\",\"inLanguage\":\"pt-PT\",\"@id\":\"https:\/\/portaltela.pt\/s.01k8rhncp4jt1\/2025\/11\/talking-bot-125x125.png\",\"url\":\"https:\/\/portaltela.pt\/s.01k8rhncp4jt1\/2025\/11\/talking-bot-125x125.png\",\"contentUrl\":\"https:\/\/portaltela.pt\/s.01k8rhncp4jt1\/2025\/11\/talking-bot-125x125.png\",\"caption\":\"Telinha\"},\"sameAs\":[\"https:\/\/portaltela.pt\/\"],\"url\":\"https:\/\/portaltela.pt\/por\/367410592786\/\"}]}<\/script>\n<!-- \/ Yoast SEO plugin. -->","yoast_head_json":{"title":"Benfica conquista Ta\u00e7a da Liga de futsal pela quinta vez - Portal Tela Portugal","robots":{"index":"index","follow":"follow","max-snippet":"max-snippet:-1","max-image-preview":"max-image-preview:large","max-video-preview":"max-video-preview:-1"},"og_locale":"pt_PT","og_type":"article","og_title":"Benfica conquista Ta\u00e7a da Liga de futsal pela quinta vez - Portal Tela Portugal","og_description":"Benfica venceu a Ta\u00e7a da Liga de futsal edi\u00e7\u00e3o 2025\/26, ao golear o El\u00e9ctrico por 7-1 na final disputada em Gondomar. Os golos dos encarnados foram de Carlos Monteiro, Jacar\u00e9, Tchuda, Silvestre Ferreira (duas vezes), Arthur e Kutchy; ao intervalo j\u00e1 vencia por 3-0. Simi Saiotti marcou para o El\u00e9ctrico aos 29 minutos. Com este t\u00edtulo, o Benfica soma cinco conquistas na competi\u00e7\u00e3o (2017\/18, 2018\/19, 2019\/20, 2022\/23 e 2025\/26) e fica a um trof\u00e9u do Sporting, que tem seis. A prova continua a ser dominada pelos grandes da capital.","og_url":"https:\/\/portaltela.pt\/noticias\/2026\/03\/15\/benfica-conquista-taca-da-liga-de-futsal-pela-quinta-vez\/","og_site_name":"Portal Tela Portugal","article_published_time":"2026-03-15T21:44:00+00:00","author":"Telinha","twitter_card":"summary_large_image","twitter_misc":{"Escrito por":"Telinha","Tempo estimado de leitura":"1 minuto"},"schema":{"@context":"https:\/\/schema.org","@graph":[{"@type":"Article","@id":"https:\/\/portaltela.pt\/noticias\/2026\/03\/15\/benfica-conquista-taca-da-liga-de-futsal-pela-quinta-vez\/#article","isPartOf":{"@id":"https:\/\/portaltela.pt\/noticias\/2026\/03\/15\/benfica-conquista-taca-da-liga-de-futsal-pela-quinta-vez\/"},"author":{"name":"Telinha","@id":"https:\/\/portaltela.pt\/#\/schema\/person\/c4278d4a6028830caff9ee44b42d32ed"},"headline":"Benfica conquista Ta\u00e7a da Liga de futsal pela quinta vez","datePublished":"2026-03-15T21:44:00+00:00","mainEntityOfPage":{"@id":"https:\/\/portaltela.pt\/noticias\/2026\/03\/15\/benfica-conquista-taca-da-liga-de-futsal-pela-quinta-vez\/"},"wordCount":165,"image":{"@id":"https:\/\/portaltela.pt\/noticias\/2026\/03\/15\/benfica-conquista-taca-da-liga-de-futsal-pela-quinta-vez\/#primaryimage"},"thumbnailUrl":"https:\/\/portaltela.pt\/s.01k8rhncp4jt1\/2026\/03\/image-1013.jpg","keywords":["Benfica","El\u00e9ctrico","futsal","Gondomar","Porto","Ta\u00e7a da Liga"],"articleSection":["Desporto","Futebol"],"inLanguage":"pt-PT"},{"@type":"WebPage","@id":"https:\/\/portaltela.pt\/noticias\/2026\/03\/15\/benfica-conquista-taca-da-liga-de-futsal-pela-quinta-vez\/","url":"https:\/\/portaltela.pt\/noticias\/2026\/03\/15\/benfica-conquista-taca-da-liga-de-futsal-pela-quinta-vez\/","name":"Benfica conquista Ta\u00e7a da Liga de futsal pela quinta vez - Portal Tela Portugal","isPartOf":{"@id":"https:\/\/portaltela.pt\/#website"},"primaryImageOfPage":{"@id":"https:\/\/portaltela.pt\/noticias\/2026\/03\/15\/benfica-conquista-taca-da-liga-de-futsal-pela-quinta-vez\/#primaryimage"},"image":{"@id":"https:\/\/portaltela.pt\/noticias\/2026\/03\/15\/benfica-conquista-taca-da-liga-de-futsal-pela-quinta-vez\/#primaryimage"},"thumbnailUrl":"https:\/\/portaltela.pt\/s.01k8rhncp4jt1\/2026\/03\/image-1013.jpg","datePublished":"2026-03-15T21:44:00+00:00","author":{"@id":"https:\/\/portaltela.pt\/#\/schema\/person\/c4278d4a6028830caff9ee44b42d32ed"},"breadcrumb":{"@id":"https:\/\/portaltela.pt\/noticias\/2026\/03\/15\/benfica-conquista-taca-da-liga-de-futsal-pela-quinta-vez\/#breadcrumb"},"inLanguage":"pt-PT","potentialAction":[{"@type":"ReadAction","target":["https:\/\/portaltela.pt\/noticias\/2026\/03\/15\/benfica-conquista-taca-da-liga-de-futsal-pela-quinta-vez\/"]}]},{"@type":"ImageObject","inLanguage":"pt-PT","@id":"https:\/\/portaltela.pt\/noticias\/2026\/03\/15\/benfica-conquista-taca-da-liga-de-futsal-pela-quinta-vez\/#primaryimage","url":"https:\/\/portaltela.pt\/s.01k8rhncp4jt1\/2026\/03\/image-1013.jpg","contentUrl":"https:\/\/portaltela.pt\/s.01k8rhncp4jt1\/2026\/03\/image-1013.jpg","width":796,"height":448,"caption":"Encarnados tiraram foto de equipa"},{"@type":"BreadcrumbList","@id":"https:\/\/portaltela.pt\/noticias\/2026\/03\/15\/benfica-conquista-taca-da-liga-de-futsal-pela-quinta-vez\/#breadcrumb","itemListElement":[{"@type":"ListItem","position":1,"name":"In\u00edcio","item":"https:\/\/portaltela.pt\/"},{"@type":"ListItem","position":2,"name":"Benfica conquista Ta\u00e7a da Liga de futsal pela quinta vez"}]},{"@type":"WebSite","@id":"https:\/\/portaltela.pt\/#website","url":"https:\/\/portaltela.pt\/","name":"Portal Tela Portugal","description":"","potentialAction":[{"@type":"SearchAction","target":{"@type":"EntryPoint","urlTemplate":"https:\/\/portaltela.pt\/?s={search_term_string}"},"query-input":{"@type":"PropertyValueSpecification","valueRequired":true,"valueName":"search_term_string"}}],"inLanguage":"pt-PT"},{"@type":"Person","@id":"https:\/\/portaltela.pt\/#\/schema\/person\/c4278d4a6028830caff9ee44b42d32ed","name":"Telinha","image":{"@type":"ImageObject","inLanguage":"pt-PT","@id":"https:\/\/portaltela.pt\/s.01k8rhncp4jt1\/2025\/11\/talking-bot-125x125.png","url":"https:\/\/portaltela.pt\/s.01k8rhncp4jt1\/2025\/11\/talking-bot-125x125.png","contentUrl":"https:\/\/portaltela.pt\/s.01k8rhncp4jt1\/2025\/11\/talking-bot-125x125.png","caption":"Telinha"},"sameAs":["https:\/\/portaltela.pt\/"],"url":"https:\/\/portaltela.pt\/por\/367410592786\/"}]}},"_links":{"self":[{"href":"https:\/\/portaltela.pt\/api\/wp\/v2\/posts\/411318","targetHints":{"allow":["GET"]}}],"collection":[{"href":"https:\/\/portaltela.pt\/api\/wp\/v2\/posts"}],"about":[{"href":"https:\/\/portaltela.pt\/api\/wp\/v2\/types\/post"}],"author":[{"embeddable":true,"href":"https:\/\/portaltela.pt\/api\/wp\/v2\/users\/2"}],"replies":[{"embeddable":true,"href":"https:\/\/portaltela.pt\/api\/wp\/v2\/comments?post=411318"}],"version-history":[{"count":0,"href":"https:\/\/portaltela.pt\/api\/wp\/v2\/posts\/411318\/revisions"}],"wp:featuredmedia":[{"embeddable":true,"href":"https:\/\/portaltela.pt\/api\/wp\/v2\/media\/411323"}],"wp:attachment":[{"href":"https:\/\/portaltela.pt\/api\/wp\/v2\/media?parent=411318"}],"wp:term":[{"taxonomy":"category","embeddable":true,"href":"https:\/\/portaltela.pt\/api\/wp\/v2\/categories?post=411318"},{"taxonomy":"post_tag","embeddable":true,"href":"https:\/\/portaltela.pt\/api\/wp\/v2\/tags?post=411318"}],"curies":[{"name":"wp","href":"https:\/\/api.w.org\/{rel}","templated":true}]}}