{"id":411305,"date":"2026-03-15T18:35:00","date_gmt":"2026-03-15T21:35:00","guid":{"rendered":"https:\/\/portaltela.pt\/noticias\/2026\/03\/15\/novos-orgaos-sociais-do-sporting-tomam-posse-no-jose-alvalade\/"},"modified":"2026-03-15T18:35:00","modified_gmt":"2026-03-15T21:35:00","slug":"novos-orgaos-sociais-do-sporting-tomam-posse-no-jose-alvalade","status":"publish","type":"post","link":"https:\/\/portaltela.pt\/desporto\/futebol\/2026\/03\/15\/novos-orgaos-sociais-do-sporting-tomam-posse-no-jose-alvalade\/","title":{"rendered":"Novos \u00f3rg\u00e3os sociais do Sporting tomam posse no Jos\u00e9 Alvalade"},"content":{"rendered":"<p>O Sporting j\u00e1 tem data marcada para a tomada de posse dos novos \u00f3rg\u00e3os sociais. A cerim\u00f3nia ocorre ap\u00f3s a rece\u00e7\u00e3o ao Bodo\/Glimt, jogo da Liga dos Campe\u00f5es, na ter\u00e7a-feira \u00e0s 17h45, no Est\u00e1dio Jos\u00e9 Alvalade.<\/p>\n<p>A Lista B, liderada por Frederico Varandas, venceu as elei\u00e7\u00f5es para o quadri\u00e9nio 2026-2030 com cerca de 90% dos votos. O grupo assume o Conselho Diretivo no pr\u00f3ximo mandato.<\/p>\n<p>Aos restantes \u00f3rg\u00e3os, pertencem Pedro Almeida Cabral, que substitui Jo\u00e3o Palma na Mesa da Assembleia Geral, e Jo\u00e3o Teives, que ficar\u00e1 no Conselho Fiscal e Disciplinar. A posse est\u00e1 agendada para as 18h00 de quarta-feira.<\/p>\n<h3>Posse marcada<\/h3>\n<p>O cen\u00e1rio da cerim\u00f3nia ser\u00e1 o Audit\u00f3rio Artur Agostinho, localizado no Est\u00e1dio Jos\u00e9 Alvalade. A organiza\u00e7\u00e3o confirmou que a cerim\u00f3nia seguir\u00e1 o registo oficial e o formato comum em aquisi\u00e7\u00f5es de lideran\u00e7a no clube.<\/p>\n","protected":false},"excerpt":{"rendered":"<ul>\n<li>A Lista B, liderada por Frederico Varandas, venceu as elei\u00e7\u00f5es do Sporting para o quadri\u00e9nio 2026-2030, com quase 90% dos votos.<\/li>\n<li>Os novos \u00f3rg\u00e3os sociais ficam assim compostos: Frederico Varandas no Conselho Diretivo, Pedro Almeida Cabral na Mesa da Assembleia Geral e Jo\u00e3o Teives no Conselho Fiscal e Disciplinar.<\/li>\n<li>A tomada de posse est\u00e1 marcada para quarta-feira, a partir das 18h00, no Audit\u00f3rio Artur Agostinho do Est\u00e1dio Jos\u00e9 Alvalade.<\/li>\n<li>A cerim\u00f3nia ocorre ap\u00f3s a rece\u00e7\u00e3o ao Bodo\/Glint, jogo da Liga dos Campe\u00f5es, que se realiza na ter\u00e7a-feira \u00e0s 17h45.<\/li>\n<li>O an\u00fancio foi feito por comunica\u00e7\u00e3o oficial do clube aos jornalistas.<\/li>\n<\/ul>\n","protected":false},"author":2,"featured_media":411308,"comment_status":"closed","ping_status":"closed","sticky":false,"template":"","format":"standard","meta":{"footnotes":""},"categories":[21,24],"tags":[1588,2937,6419,68,32,1652],"class_list":["post-411305","post","type-post","status-publish","format-standard","has-post-thumbnail","hentry","category-desporto","category-futebol","tag-alvalade","tag-assembleia-geral","tag-conselho-diretivo","tag-eleicoes","tag-futebol","tag-sporting"],"yoast_head":"<!-- This site is optimized with the Yoast SEO plugin v27.2 - https:\/\/yoast.com\/product\/yoast-seo-wordpress\/ -->\n<title>Novos \u00f3rg\u00e3os sociais do Sporting tomam posse no Jos\u00e9 Alvalade - Portal Tela Portugal<\/title>\n<meta name=\"robots\" content=\"index, follow, max-snippet:-1, max-image-preview:large, max-video-preview:-1\" \/>\n<meta property=\"og:locale\" content=\"pt_PT\" \/>\n<meta property=\"og:type\" content=\"article\" \/>\n<meta property=\"og:title\" content=\"Novos \u00f3rg\u00e3os sociais do Sporting tomam posse no Jos\u00e9 Alvalade - Portal Tela Portugal\" \/>\n<meta property=\"og:description\" content=\"A Lista B, liderada por Frederico Varandas, venceu as elei\u00e7\u00f5es do Sporting para o quadri\u00e9nio 2026-2030, com quase 90% dos votos. Os novos \u00f3rg\u00e3os sociais ficam assim compostos: Frederico Varandas no Conselho Diretivo, Pedro Almeida Cabral na Mesa da Assembleia Geral e Jo\u00e3o Teives no Conselho Fiscal e Disciplinar. A tomada de posse est\u00e1 marcada para quarta-feira, a partir das 18h00, no Audit\u00f3rio Artur Agostinho do Est\u00e1dio Jos\u00e9 Alvalade. A cerim\u00f3nia ocorre ap\u00f3s a rece\u00e7\u00e3o ao Bodo\/Glint, jogo da Liga dos Campe\u00f5es, que se realiza na ter\u00e7a-feira \u00e0s 17h45. O an\u00fancio foi feito por comunica\u00e7\u00e3o oficial do clube aos jornalistas.\" \/>\n<meta property=\"og:url\" content=\"https:\/\/portaltela.pt\/noticias\/2026\/03\/15\/novos-orgaos-sociais-do-sporting-tomam-posse-no-jose-alvalade\/\" \/>\n<meta property=\"og:site_name\" content=\"Portal Tela Portugal\" \/>\n<meta property=\"article:published_time\" content=\"2026-03-15T21:35:00+00:00\" \/>\n<meta name=\"author\" content=\"Telinha\" \/>\n<meta name=\"twitter:card\" content=\"summary_large_image\" \/>\n<meta name=\"twitter:label1\" content=\"Escrito por\" \/>\n\t<meta name=\"twitter:data1\" content=\"Telinha\" \/>\n\t<meta name=\"twitter:label2\" content=\"Tempo estimado de leitura\" \/>\n\t<meta name=\"twitter:data2\" content=\"1 minuto\" \/>\n<script type=\"application\/ld+json\" class=\"yoast-schema-graph\">{\"@context\":\"https:\/\/schema.org\",\"@graph\":[{\"@type\":\"Article\",\"@id\":\"https:\/\/portaltela.pt\/noticias\/2026\/03\/15\/novos-orgaos-sociais-do-sporting-tomam-posse-no-jose-alvalade\/#article\",\"isPartOf\":{\"@id\":\"https:\/\/portaltela.pt\/noticias\/2026\/03\/15\/novos-orgaos-sociais-do-sporting-tomam-posse-no-jose-alvalade\/\"},\"author\":{\"name\":\"Telinha\",\"@id\":\"https:\/\/portaltela.pt\/#\/schema\/person\/c4278d4a6028830caff9ee44b42d32ed\"},\"headline\":\"Novos \u00f3rg\u00e3os sociais do Sporting tomam posse no Jos\u00e9 Alvalade\",\"datePublished\":\"2026-03-15T21:35:00+00:00\",\"mainEntityOfPage\":{\"@id\":\"https:\/\/portaltela.pt\/noticias\/2026\/03\/15\/novos-orgaos-sociais-do-sporting-tomam-posse-no-jose-alvalade\/\"},\"wordCount\":168,\"image\":{\"@id\":\"https:\/\/portaltela.pt\/noticias\/2026\/03\/15\/novos-orgaos-sociais-do-sporting-tomam-posse-no-jose-alvalade\/#primaryimage\"},\"thumbnailUrl\":\"https:\/\/portaltela.pt\/s.01k8rhncp4jt1\/2026\/03\/img_920x518uu2026-03-15-21-23-08-2427236.jpg\",\"keywords\":[\"Alvalade\",\"Assembleia Geral\",\"Conselho Diretivo\",\"elei\u00e7\u00f5es\",\"futebol\",\"Sporting\"],\"articleSection\":[\"Desporto\",\"Futebol\"],\"inLanguage\":\"pt-PT\"},{\"@type\":\"WebPage\",\"@id\":\"https:\/\/portaltela.pt\/noticias\/2026\/03\/15\/novos-orgaos-sociais-do-sporting-tomam-posse-no-jose-alvalade\/\",\"url\":\"https:\/\/portaltela.pt\/noticias\/2026\/03\/15\/novos-orgaos-sociais-do-sporting-tomam-posse-no-jose-alvalade\/\",\"name\":\"Novos \u00f3rg\u00e3os sociais do Sporting tomam posse no Jos\u00e9 Alvalade - Portal Tela Portugal\",\"isPartOf\":{\"@id\":\"https:\/\/portaltela.pt\/#website\"},\"primaryImageOfPage\":{\"@id\":\"https:\/\/portaltela.pt\/noticias\/2026\/03\/15\/novos-orgaos-sociais-do-sporting-tomam-posse-no-jose-alvalade\/#primaryimage\"},\"image\":{\"@id\":\"https:\/\/portaltela.pt\/noticias\/2026\/03\/15\/novos-orgaos-sociais-do-sporting-tomam-posse-no-jose-alvalade\/#primaryimage\"},\"thumbnailUrl\":\"https:\/\/portaltela.pt\/s.01k8rhncp4jt1\/2026\/03\/img_920x518uu2026-03-15-21-23-08-2427236.jpg\",\"datePublished\":\"2026-03-15T21:35:00+00:00\",\"author\":{\"@id\":\"https:\/\/portaltela.pt\/#\/schema\/person\/c4278d4a6028830caff9ee44b42d32ed\"},\"breadcrumb\":{\"@id\":\"https:\/\/portaltela.pt\/noticias\/2026\/03\/15\/novos-orgaos-sociais-do-sporting-tomam-posse-no-jose-alvalade\/#breadcrumb\"},\"inLanguage\":\"pt-PT\",\"potentialAction\":[{\"@type\":\"ReadAction\",\"target\":[\"https:\/\/portaltela.pt\/noticias\/2026\/03\/15\/novos-orgaos-sociais-do-sporting-tomam-posse-no-jose-alvalade\/\"]}]},{\"@type\":\"ImageObject\",\"inLanguage\":\"pt-PT\",\"@id\":\"https:\/\/portaltela.pt\/noticias\/2026\/03\/15\/novos-orgaos-sociais-do-sporting-tomam-posse-no-jose-alvalade\/#primaryimage\",\"url\":\"https:\/\/portaltela.pt\/s.01k8rhncp4jt1\/2026\/03\/img_920x518uu2026-03-15-21-23-08-2427236.jpg\",\"contentUrl\":\"https:\/\/portaltela.pt\/s.01k8rhncp4jt1\/2026\/03\/img_920x518uu2026-03-15-21-23-08-2427236.jpg\",\"width\":796,\"height\":448,\"caption\":\"Pedro Almeida Cabral (\u00e0 direita de Frederico Varandas), \u00e9 o novo l\u00edder da MAG; Jo\u00e3o Teives mant\u00e9m presid\u00eancia do Conselho Fiscal e Disciplinar\"},{\"@type\":\"BreadcrumbList\",\"@id\":\"https:\/\/portaltela.pt\/noticias\/2026\/03\/15\/novos-orgaos-sociais-do-sporting-tomam-posse-no-jose-alvalade\/#breadcrumb\",\"itemListElement\":[{\"@type\":\"ListItem\",\"position\":1,\"name\":\"In\u00edcio\",\"item\":\"https:\/\/portaltela.pt\/\"},{\"@type\":\"ListItem\",\"position\":2,\"name\":\"Novos \u00f3rg\u00e3os sociais do Sporting tomam posse no Jos\u00e9 Alvalade\"}]},{\"@type\":\"WebSite\",\"@id\":\"https:\/\/portaltela.pt\/#website\",\"url\":\"https:\/\/portaltela.pt\/\",\"name\":\"Portal Tela Portugal\",\"description\":\"\",\"potentialAction\":[{\"@type\":\"SearchAction\",\"target\":{\"@type\":\"EntryPoint\",\"urlTemplate\":\"https:\/\/portaltela.pt\/?s={search_term_string}\"},\"query-input\":{\"@type\":\"PropertyValueSpecification\",\"valueRequired\":true,\"valueName\":\"search_term_string\"}}],\"inLanguage\":\"pt-PT\"},{\"@type\":\"Person\",\"@id\":\"https:\/\/portaltela.pt\/#\/schema\/person\/c4278d4a6028830caff9ee44b42d32ed\",\"name\":\"Telinha\",\"image\":{\"@type\":\"ImageObject\",\"inLanguage\":\"pt-PT\",\"@id\":\"https:\/\/portaltela.pt\/s.01k8rhncp4jt1\/2025\/11\/talking-bot-125x125.png\",\"url\":\"https:\/\/portaltela.pt\/s.01k8rhncp4jt1\/2025\/11\/talking-bot-125x125.png\",\"contentUrl\":\"https:\/\/portaltela.pt\/s.01k8rhncp4jt1\/2025\/11\/talking-bot-125x125.png\",\"caption\":\"Telinha\"},\"sameAs\":[\"https:\/\/portaltela.pt\/\"],\"url\":\"https:\/\/portaltela.pt\/por\/367410592786\/\"}]}<\/script>\n<!-- \/ Yoast SEO plugin. -->","yoast_head_json":{"title":"Novos \u00f3rg\u00e3os sociais do Sporting tomam posse no Jos\u00e9 Alvalade - Portal Tela Portugal","robots":{"index":"index","follow":"follow","max-snippet":"max-snippet:-1","max-image-preview":"max-image-preview:large","max-video-preview":"max-video-preview:-1"},"og_locale":"pt_PT","og_type":"article","og_title":"Novos \u00f3rg\u00e3os sociais do Sporting tomam posse no Jos\u00e9 Alvalade - Portal Tela Portugal","og_description":"A Lista B, liderada por Frederico Varandas, venceu as elei\u00e7\u00f5es do Sporting para o quadri\u00e9nio 2026-2030, com quase 90% dos votos. Os novos \u00f3rg\u00e3os sociais ficam assim compostos: Frederico Varandas no Conselho Diretivo, Pedro Almeida Cabral na Mesa da Assembleia Geral e Jo\u00e3o Teives no Conselho Fiscal e Disciplinar. A tomada de posse est\u00e1 marcada para quarta-feira, a partir das 18h00, no Audit\u00f3rio Artur Agostinho do Est\u00e1dio Jos\u00e9 Alvalade. A cerim\u00f3nia ocorre ap\u00f3s a rece\u00e7\u00e3o ao Bodo\/Glint, jogo da Liga dos Campe\u00f5es, que se realiza na ter\u00e7a-feira \u00e0s 17h45. O an\u00fancio foi feito por comunica\u00e7\u00e3o oficial do clube aos jornalistas.","og_url":"https:\/\/portaltela.pt\/noticias\/2026\/03\/15\/novos-orgaos-sociais-do-sporting-tomam-posse-no-jose-alvalade\/","og_site_name":"Portal Tela Portugal","article_published_time":"2026-03-15T21:35:00+00:00","author":"Telinha","twitter_card":"summary_large_image","twitter_misc":{"Escrito por":"Telinha","Tempo estimado de leitura":"1 minuto"},"schema":{"@context":"https:\/\/schema.org","@graph":[{"@type":"Article","@id":"https:\/\/portaltela.pt\/noticias\/2026\/03\/15\/novos-orgaos-sociais-do-sporting-tomam-posse-no-jose-alvalade\/#article","isPartOf":{"@id":"https:\/\/portaltela.pt\/noticias\/2026\/03\/15\/novos-orgaos-sociais-do-sporting-tomam-posse-no-jose-alvalade\/"},"author":{"name":"Telinha","@id":"https:\/\/portaltela.pt\/#\/schema\/person\/c4278d4a6028830caff9ee44b42d32ed"},"headline":"Novos \u00f3rg\u00e3os sociais do Sporting tomam posse no Jos\u00e9 Alvalade","datePublished":"2026-03-15T21:35:00+00:00","mainEntityOfPage":{"@id":"https:\/\/portaltela.pt\/noticias\/2026\/03\/15\/novos-orgaos-sociais-do-sporting-tomam-posse-no-jose-alvalade\/"},"wordCount":168,"image":{"@id":"https:\/\/portaltela.pt\/noticias\/2026\/03\/15\/novos-orgaos-sociais-do-sporting-tomam-posse-no-jose-alvalade\/#primaryimage"},"thumbnailUrl":"https:\/\/portaltela.pt\/s.01k8rhncp4jt1\/2026\/03\/img_920x518uu2026-03-15-21-23-08-2427236.jpg","keywords":["Alvalade","Assembleia Geral","Conselho Diretivo","elei\u00e7\u00f5es","futebol","Sporting"],"articleSection":["Desporto","Futebol"],"inLanguage":"pt-PT"},{"@type":"WebPage","@id":"https:\/\/portaltela.pt\/noticias\/2026\/03\/15\/novos-orgaos-sociais-do-sporting-tomam-posse-no-jose-alvalade\/","url":"https:\/\/portaltela.pt\/noticias\/2026\/03\/15\/novos-orgaos-sociais-do-sporting-tomam-posse-no-jose-alvalade\/","name":"Novos \u00f3rg\u00e3os sociais do Sporting tomam posse no Jos\u00e9 Alvalade - Portal Tela Portugal","isPartOf":{"@id":"https:\/\/portaltela.pt\/#website"},"primaryImageOfPage":{"@id":"https:\/\/portaltela.pt\/noticias\/2026\/03\/15\/novos-orgaos-sociais-do-sporting-tomam-posse-no-jose-alvalade\/#primaryimage"},"image":{"@id":"https:\/\/portaltela.pt\/noticias\/2026\/03\/15\/novos-orgaos-sociais-do-sporting-tomam-posse-no-jose-alvalade\/#primaryimage"},"thumbnailUrl":"https:\/\/portaltela.pt\/s.01k8rhncp4jt1\/2026\/03\/img_920x518uu2026-03-15-21-23-08-2427236.jpg","datePublished":"2026-03-15T21:35:00+00:00","author":{"@id":"https:\/\/portaltela.pt\/#\/schema\/person\/c4278d4a6028830caff9ee44b42d32ed"},"breadcrumb":{"@id":"https:\/\/portaltela.pt\/noticias\/2026\/03\/15\/novos-orgaos-sociais-do-sporting-tomam-posse-no-jose-alvalade\/#breadcrumb"},"inLanguage":"pt-PT","potentialAction":[{"@type":"ReadAction","target":["https:\/\/portaltela.pt\/noticias\/2026\/03\/15\/novos-orgaos-sociais-do-sporting-tomam-posse-no-jose-alvalade\/"]}]},{"@type":"ImageObject","inLanguage":"pt-PT","@id":"https:\/\/portaltela.pt\/noticias\/2026\/03\/15\/novos-orgaos-sociais-do-sporting-tomam-posse-no-jose-alvalade\/#primaryimage","url":"https:\/\/portaltela.pt\/s.01k8rhncp4jt1\/2026\/03\/img_920x518uu2026-03-15-21-23-08-2427236.jpg","contentUrl":"https:\/\/portaltela.pt\/s.01k8rhncp4jt1\/2026\/03\/img_920x518uu2026-03-15-21-23-08-2427236.jpg","width":796,"height":448,"caption":"Pedro Almeida Cabral (\u00e0 direita de Frederico Varandas), \u00e9 o novo l\u00edder da MAG; Jo\u00e3o Teives mant\u00e9m presid\u00eancia do Conselho Fiscal e Disciplinar"},{"@type":"BreadcrumbList","@id":"https:\/\/portaltela.pt\/noticias\/2026\/03\/15\/novos-orgaos-sociais-do-sporting-tomam-posse-no-jose-alvalade\/#breadcrumb","itemListElement":[{"@type":"ListItem","position":1,"name":"In\u00edcio","item":"https:\/\/portaltela.pt\/"},{"@type":"ListItem","position":2,"name":"Novos \u00f3rg\u00e3os sociais do Sporting tomam posse no Jos\u00e9 Alvalade"}]},{"@type":"WebSite","@id":"https:\/\/portaltela.pt\/#website","url":"https:\/\/portaltela.pt\/","name":"Portal Tela Portugal","description":"","potentialAction":[{"@type":"SearchAction","target":{"@type":"EntryPoint","urlTemplate":"https:\/\/portaltela.pt\/?s={search_term_string}"},"query-input":{"@type":"PropertyValueSpecification","valueRequired":true,"valueName":"search_term_string"}}],"inLanguage":"pt-PT"},{"@type":"Person","@id":"https:\/\/portaltela.pt\/#\/schema\/person\/c4278d4a6028830caff9ee44b42d32ed","name":"Telinha","image":{"@type":"ImageObject","inLanguage":"pt-PT","@id":"https:\/\/portaltela.pt\/s.01k8rhncp4jt1\/2025\/11\/talking-bot-125x125.png","url":"https:\/\/portaltela.pt\/s.01k8rhncp4jt1\/2025\/11\/talking-bot-125x125.png","contentUrl":"https:\/\/portaltela.pt\/s.01k8rhncp4jt1\/2025\/11\/talking-bot-125x125.png","caption":"Telinha"},"sameAs":["https:\/\/portaltela.pt\/"],"url":"https:\/\/portaltela.pt\/por\/367410592786\/"}]}},"_links":{"self":[{"href":"https:\/\/portaltela.pt\/api\/wp\/v2\/posts\/411305","targetHints":{"allow":["GET"]}}],"collection":[{"href":"https:\/\/portaltela.pt\/api\/wp\/v2\/posts"}],"about":[{"href":"https:\/\/portaltela.pt\/api\/wp\/v2\/types\/post"}],"author":[{"embeddable":true,"href":"https:\/\/portaltela.pt\/api\/wp\/v2\/users\/2"}],"replies":[{"embeddable":true,"href":"https:\/\/portaltela.pt\/api\/wp\/v2\/comments?post=411305"}],"version-history":[{"count":0,"href":"https:\/\/portaltela.pt\/api\/wp\/v2\/posts\/411305\/revisions"}],"wp:featuredmedia":[{"embeddable":true,"href":"https:\/\/portaltela.pt\/api\/wp\/v2\/media\/411308"}],"wp:attachment":[{"href":"https:\/\/portaltela.pt\/api\/wp\/v2\/media?parent=411305"}],"wp:term":[{"taxonomy":"category","embeddable":true,"href":"https:\/\/portaltela.pt\/api\/wp\/v2\/categories?post=411305"},{"taxonomy":"post_tag","embeddable":true,"href":"https:\/\/portaltela.pt\/api\/wp\/v2\/tags?post=411305"}],"curies":[{"name":"wp","href":"https:\/\/api.w.org\/{rel}","templated":true}]}}