{"id":411287,"date":"2026-03-15T18:24:00","date_gmt":"2026-03-15T21:24:00","guid":{"rendered":"https:\/\/portaltela.pt\/noticias\/2026\/03\/15\/rafael-leao-irrita-se-com-substituicao-pede-explicacoes-e-afasta-allegri\/"},"modified":"2026-03-15T18:24:00","modified_gmt":"2026-03-15T21:24:00","slug":"rafael-leao-irrita-se-com-substituicao-pede-explicacoes-e-afasta-allegri","status":"publish","type":"post","link":"https:\/\/portaltela.pt\/desporto\/futebol\/2026\/03\/15\/rafael-leao-irrita-se-com-substituicao-pede-explicacoes-e-afasta-allegri\/","title":{"rendered":"Rafael Le\u00e3o irrita-se com substitui\u00e7\u00e3o, pede explica\u00e7\u00f5es e afasta Allegri"},"content":{"rendered":"<p>Rafael Le\u00e3o ficou irritado depois de ser substituted aos 67 minutos do encontro Lazio-Milan, disputado neste domingo. O internacional portugu\u00eas pediu explica\u00e7\u00f5es ao treinador Massimiliano Allegri, de forma vis\u00edvel durante o regresso ao banco.<\/p>\n<p>Quando Allegri tentou abra\u00e7\u00e1-lo, Le\u00e3o afastou-o em duas ocasi\u00f5es distintas, segundo relatos. A rea\u00e7\u00e3o ocorreu ap\u00f3s a decis\u00e3o de substitui\u00e7\u00e3o ter sido comunicada pela equipa t\u00e9cnica.<\/p>\n<p>O epis\u00f3dio tem sido muito comentado em It\u00e1lia, com aten\u00e7\u00e3o concentrada na gest\u00e3o de Le\u00e3o durante o encontro e nas rela\u00e7\u00f5es do jogador com o corpo t\u00e9cnico.<\/p>\n<p>N\u00e3o foram divulgados detalhes oficiais sobre o motivo da substitui\u00e7\u00e3o nem sobre eventuais consequ\u00eancias internas no grupo ou no plantel. O tema continua a gerar debate entre adeptos e comentadores.<\/p>\n","protected":false},"excerpt":{"rendered":"<ul>\n<li>Rafael Le\u00e3o foi substitu\u00eddo aos 67 minutos no Lazio-Milan deste domingo.<\/li>\n<li>O internacional portugu\u00eas mostrou desagrado e pediu explica\u00e7\u00f5es ao treinador Massimiliano Allegri.<\/li>\n<li>Quando Allegri tentou abra\u00e7\u00e1-lo, Le\u00e3o afastou-o em duas ocasi\u00f5es.<\/li>\n<li>A situa\u00e7\u00e3o est\u00e1 a gerar grande discuss\u00e3o na It\u00e1lia.<\/li>\n<li>O epis\u00f3dio ficou registado em v\u00eddeos divulgados pela imprensa.<\/li>\n<\/ul>\n","protected":false},"author":2,"featured_media":411289,"comment_status":"closed","ping_status":"closed","sticky":false,"template":"","format":"standard","meta":{"footnotes":""},"categories":[21,24],"tags":[152,32,1857,242,1875,2673],"class_list":["post-411287","post","type-post","status-publish","format-standard","has-post-thumbnail","hentry","category-desporto","category-futebol","tag-desporto","tag-futebol","tag-italia","tag-jogadores","tag-leao","tag-rafael-leao"],"yoast_head":"<!-- This site is optimized with the Yoast SEO plugin v27.2 - https:\/\/yoast.com\/product\/yoast-seo-wordpress\/ -->\n<title>Rafael Le\u00e3o irrita-se com substitui\u00e7\u00e3o, pede explica\u00e7\u00f5es e afasta Allegri - Portal Tela Portugal<\/title>\n<meta name=\"robots\" content=\"index, follow, max-snippet:-1, max-image-preview:large, max-video-preview:-1\" \/>\n<meta property=\"og:locale\" content=\"pt_PT\" \/>\n<meta property=\"og:type\" content=\"article\" \/>\n<meta property=\"og:title\" content=\"Rafael Le\u00e3o irrita-se com substitui\u00e7\u00e3o, pede explica\u00e7\u00f5es e afasta Allegri - Portal Tela Portugal\" \/>\n<meta property=\"og:description\" content=\"Rafael Le\u00e3o foi substitu\u00eddo aos 67 minutos no Lazio-Milan deste domingo. O internacional portugu\u00eas mostrou desagrado e pediu explica\u00e7\u00f5es ao treinador Massimiliano Allegri. Quando Allegri tentou abra\u00e7\u00e1-lo, Le\u00e3o afastou-o em duas ocasi\u00f5es. A situa\u00e7\u00e3o est\u00e1 a gerar grande discuss\u00e3o na It\u00e1lia. O epis\u00f3dio ficou registado em v\u00eddeos divulgados pela imprensa.\" \/>\n<meta property=\"og:url\" content=\"https:\/\/portaltela.pt\/noticias\/2026\/03\/15\/rafael-leao-irrita-se-com-substituicao-pede-explicacoes-e-afasta-allegri\/\" \/>\n<meta property=\"og:site_name\" content=\"Portal Tela Portugal\" \/>\n<meta property=\"article:published_time\" content=\"2026-03-15T21:24:00+00:00\" \/>\n<meta name=\"author\" content=\"Telinha\" \/>\n<meta name=\"twitter:card\" content=\"summary_large_image\" \/>\n<meta name=\"twitter:label1\" content=\"Escrito por\" \/>\n\t<meta name=\"twitter:data1\" content=\"Telinha\" \/>\n\t<meta name=\"twitter:label2\" content=\"Tempo estimado de leitura\" \/>\n\t<meta name=\"twitter:data2\" content=\"1 minuto\" \/>\n<script type=\"application\/ld+json\" class=\"yoast-schema-graph\">{\"@context\":\"https:\/\/schema.org\",\"@graph\":[{\"@type\":\"Article\",\"@id\":\"https:\/\/portaltela.pt\/noticias\/2026\/03\/15\/rafael-leao-irrita-se-com-substituicao-pede-explicacoes-e-afasta-allegri\/#article\",\"isPartOf\":{\"@id\":\"https:\/\/portaltela.pt\/noticias\/2026\/03\/15\/rafael-leao-irrita-se-com-substituicao-pede-explicacoes-e-afasta-allegri\/\"},\"author\":{\"name\":\"Telinha\",\"@id\":\"https:\/\/portaltela.pt\/#\/schema\/person\/c4278d4a6028830caff9ee44b42d32ed\"},\"headline\":\"Rafael Le\u00e3o irrita-se com substitui\u00e7\u00e3o, pede explica\u00e7\u00f5es e afasta Allegri\",\"datePublished\":\"2026-03-15T21:24:00+00:00\",\"mainEntityOfPage\":{\"@id\":\"https:\/\/portaltela.pt\/noticias\/2026\/03\/15\/rafael-leao-irrita-se-com-substituicao-pede-explicacoes-e-afasta-allegri\/\"},\"wordCount\":151,\"image\":{\"@id\":\"https:\/\/portaltela.pt\/noticias\/2026\/03\/15\/rafael-leao-irrita-se-com-substituicao-pede-explicacoes-e-afasta-allegri\/#primaryimage\"},\"thumbnailUrl\":\"https:\/\/portaltela.pt\/s.01k8rhncp4jt1\/2026\/03\/img_920x518uu2026-03-15-21-23-51-2427237.jpg\",\"keywords\":[\"desporto\",\"futebol\",\"It\u00e1lia\",\"jogadores\",\"Le\u00e3o\",\"Rafael Le\u00e3o\"],\"articleSection\":[\"Desporto\",\"Futebol\"],\"inLanguage\":\"pt-PT\"},{\"@type\":\"WebPage\",\"@id\":\"https:\/\/portaltela.pt\/noticias\/2026\/03\/15\/rafael-leao-irrita-se-com-substituicao-pede-explicacoes-e-afasta-allegri\/\",\"url\":\"https:\/\/portaltela.pt\/noticias\/2026\/03\/15\/rafael-leao-irrita-se-com-substituicao-pede-explicacoes-e-afasta-allegri\/\",\"name\":\"Rafael Le\u00e3o irrita-se com substitui\u00e7\u00e3o, pede explica\u00e7\u00f5es e afasta Allegri - Portal Tela Portugal\",\"isPartOf\":{\"@id\":\"https:\/\/portaltela.pt\/#website\"},\"primaryImageOfPage\":{\"@id\":\"https:\/\/portaltela.pt\/noticias\/2026\/03\/15\/rafael-leao-irrita-se-com-substituicao-pede-explicacoes-e-afasta-allegri\/#primaryimage\"},\"image\":{\"@id\":\"https:\/\/portaltela.pt\/noticias\/2026\/03\/15\/rafael-leao-irrita-se-com-substituicao-pede-explicacoes-e-afasta-allegri\/#primaryimage\"},\"thumbnailUrl\":\"https:\/\/portaltela.pt\/s.01k8rhncp4jt1\/2026\/03\/img_920x518uu2026-03-15-21-23-51-2427237.jpg\",\"datePublished\":\"2026-03-15T21:24:00+00:00\",\"author\":{\"@id\":\"https:\/\/portaltela.pt\/#\/schema\/person\/c4278d4a6028830caff9ee44b42d32ed\"},\"breadcrumb\":{\"@id\":\"https:\/\/portaltela.pt\/noticias\/2026\/03\/15\/rafael-leao-irrita-se-com-substituicao-pede-explicacoes-e-afasta-allegri\/#breadcrumb\"},\"inLanguage\":\"pt-PT\",\"potentialAction\":[{\"@type\":\"ReadAction\",\"target\":[\"https:\/\/portaltela.pt\/noticias\/2026\/03\/15\/rafael-leao-irrita-se-com-substituicao-pede-explicacoes-e-afasta-allegri\/\"]}]},{\"@type\":\"ImageObject\",\"inLanguage\":\"pt-PT\",\"@id\":\"https:\/\/portaltela.pt\/noticias\/2026\/03\/15\/rafael-leao-irrita-se-com-substituicao-pede-explicacoes-e-afasta-allegri\/#primaryimage\",\"url\":\"https:\/\/portaltela.pt\/s.01k8rhncp4jt1\/2026\/03\/img_920x518uu2026-03-15-21-23-51-2427237.jpg\",\"contentUrl\":\"https:\/\/portaltela.pt\/s.01k8rhncp4jt1\/2026\/03\/img_920x518uu2026-03-15-21-23-51-2427237.jpg\",\"width\":796,\"height\":448,\"caption\":\"Rafael Le\u00e3o n\u00e3o escondeu o desagrado ap\u00f3s ser substitu\u00eddo: pediu explica\u00e7\u00f5es e at\u00e9 afastou Allegri\"},{\"@type\":\"BreadcrumbList\",\"@id\":\"https:\/\/portaltela.pt\/noticias\/2026\/03\/15\/rafael-leao-irrita-se-com-substituicao-pede-explicacoes-e-afasta-allegri\/#breadcrumb\",\"itemListElement\":[{\"@type\":\"ListItem\",\"position\":1,\"name\":\"In\u00edcio\",\"item\":\"https:\/\/portaltela.pt\/\"},{\"@type\":\"ListItem\",\"position\":2,\"name\":\"Rafael Le\u00e3o irrita-se com substitui\u00e7\u00e3o, pede explica\u00e7\u00f5es e afasta Allegri\"}]},{\"@type\":\"WebSite\",\"@id\":\"https:\/\/portaltela.pt\/#website\",\"url\":\"https:\/\/portaltela.pt\/\",\"name\":\"Portal Tela Portugal\",\"description\":\"\",\"potentialAction\":[{\"@type\":\"SearchAction\",\"target\":{\"@type\":\"EntryPoint\",\"urlTemplate\":\"https:\/\/portaltela.pt\/?s={search_term_string}\"},\"query-input\":{\"@type\":\"PropertyValueSpecification\",\"valueRequired\":true,\"valueName\":\"search_term_string\"}}],\"inLanguage\":\"pt-PT\"},{\"@type\":\"Person\",\"@id\":\"https:\/\/portaltela.pt\/#\/schema\/person\/c4278d4a6028830caff9ee44b42d32ed\",\"name\":\"Telinha\",\"image\":{\"@type\":\"ImageObject\",\"inLanguage\":\"pt-PT\",\"@id\":\"https:\/\/portaltela.pt\/s.01k8rhncp4jt1\/2025\/11\/talking-bot-125x125.png\",\"url\":\"https:\/\/portaltela.pt\/s.01k8rhncp4jt1\/2025\/11\/talking-bot-125x125.png\",\"contentUrl\":\"https:\/\/portaltela.pt\/s.01k8rhncp4jt1\/2025\/11\/talking-bot-125x125.png\",\"caption\":\"Telinha\"},\"sameAs\":[\"https:\/\/portaltela.pt\/\"],\"url\":\"https:\/\/portaltela.pt\/por\/367410592786\/\"}]}<\/script>\n<!-- \/ Yoast SEO plugin. -->","yoast_head_json":{"title":"Rafael Le\u00e3o irrita-se com substitui\u00e7\u00e3o, pede explica\u00e7\u00f5es e afasta Allegri - Portal Tela Portugal","robots":{"index":"index","follow":"follow","max-snippet":"max-snippet:-1","max-image-preview":"max-image-preview:large","max-video-preview":"max-video-preview:-1"},"og_locale":"pt_PT","og_type":"article","og_title":"Rafael Le\u00e3o irrita-se com substitui\u00e7\u00e3o, pede explica\u00e7\u00f5es e afasta Allegri - Portal Tela Portugal","og_description":"Rafael Le\u00e3o foi substitu\u00eddo aos 67 minutos no Lazio-Milan deste domingo. O internacional portugu\u00eas mostrou desagrado e pediu explica\u00e7\u00f5es ao treinador Massimiliano Allegri. Quando Allegri tentou abra\u00e7\u00e1-lo, Le\u00e3o afastou-o em duas ocasi\u00f5es. A situa\u00e7\u00e3o est\u00e1 a gerar grande discuss\u00e3o na It\u00e1lia. O epis\u00f3dio ficou registado em v\u00eddeos divulgados pela imprensa.","og_url":"https:\/\/portaltela.pt\/noticias\/2026\/03\/15\/rafael-leao-irrita-se-com-substituicao-pede-explicacoes-e-afasta-allegri\/","og_site_name":"Portal Tela Portugal","article_published_time":"2026-03-15T21:24:00+00:00","author":"Telinha","twitter_card":"summary_large_image","twitter_misc":{"Escrito por":"Telinha","Tempo estimado de leitura":"1 minuto"},"schema":{"@context":"https:\/\/schema.org","@graph":[{"@type":"Article","@id":"https:\/\/portaltela.pt\/noticias\/2026\/03\/15\/rafael-leao-irrita-se-com-substituicao-pede-explicacoes-e-afasta-allegri\/#article","isPartOf":{"@id":"https:\/\/portaltela.pt\/noticias\/2026\/03\/15\/rafael-leao-irrita-se-com-substituicao-pede-explicacoes-e-afasta-allegri\/"},"author":{"name":"Telinha","@id":"https:\/\/portaltela.pt\/#\/schema\/person\/c4278d4a6028830caff9ee44b42d32ed"},"headline":"Rafael Le\u00e3o irrita-se com substitui\u00e7\u00e3o, pede explica\u00e7\u00f5es e afasta Allegri","datePublished":"2026-03-15T21:24:00+00:00","mainEntityOfPage":{"@id":"https:\/\/portaltela.pt\/noticias\/2026\/03\/15\/rafael-leao-irrita-se-com-substituicao-pede-explicacoes-e-afasta-allegri\/"},"wordCount":151,"image":{"@id":"https:\/\/portaltela.pt\/noticias\/2026\/03\/15\/rafael-leao-irrita-se-com-substituicao-pede-explicacoes-e-afasta-allegri\/#primaryimage"},"thumbnailUrl":"https:\/\/portaltela.pt\/s.01k8rhncp4jt1\/2026\/03\/img_920x518uu2026-03-15-21-23-51-2427237.jpg","keywords":["desporto","futebol","It\u00e1lia","jogadores","Le\u00e3o","Rafael Le\u00e3o"],"articleSection":["Desporto","Futebol"],"inLanguage":"pt-PT"},{"@type":"WebPage","@id":"https:\/\/portaltela.pt\/noticias\/2026\/03\/15\/rafael-leao-irrita-se-com-substituicao-pede-explicacoes-e-afasta-allegri\/","url":"https:\/\/portaltela.pt\/noticias\/2026\/03\/15\/rafael-leao-irrita-se-com-substituicao-pede-explicacoes-e-afasta-allegri\/","name":"Rafael Le\u00e3o irrita-se com substitui\u00e7\u00e3o, pede explica\u00e7\u00f5es e afasta Allegri - Portal Tela Portugal","isPartOf":{"@id":"https:\/\/portaltela.pt\/#website"},"primaryImageOfPage":{"@id":"https:\/\/portaltela.pt\/noticias\/2026\/03\/15\/rafael-leao-irrita-se-com-substituicao-pede-explicacoes-e-afasta-allegri\/#primaryimage"},"image":{"@id":"https:\/\/portaltela.pt\/noticias\/2026\/03\/15\/rafael-leao-irrita-se-com-substituicao-pede-explicacoes-e-afasta-allegri\/#primaryimage"},"thumbnailUrl":"https:\/\/portaltela.pt\/s.01k8rhncp4jt1\/2026\/03\/img_920x518uu2026-03-15-21-23-51-2427237.jpg","datePublished":"2026-03-15T21:24:00+00:00","author":{"@id":"https:\/\/portaltela.pt\/#\/schema\/person\/c4278d4a6028830caff9ee44b42d32ed"},"breadcrumb":{"@id":"https:\/\/portaltela.pt\/noticias\/2026\/03\/15\/rafael-leao-irrita-se-com-substituicao-pede-explicacoes-e-afasta-allegri\/#breadcrumb"},"inLanguage":"pt-PT","potentialAction":[{"@type":"ReadAction","target":["https:\/\/portaltela.pt\/noticias\/2026\/03\/15\/rafael-leao-irrita-se-com-substituicao-pede-explicacoes-e-afasta-allegri\/"]}]},{"@type":"ImageObject","inLanguage":"pt-PT","@id":"https:\/\/portaltela.pt\/noticias\/2026\/03\/15\/rafael-leao-irrita-se-com-substituicao-pede-explicacoes-e-afasta-allegri\/#primaryimage","url":"https:\/\/portaltela.pt\/s.01k8rhncp4jt1\/2026\/03\/img_920x518uu2026-03-15-21-23-51-2427237.jpg","contentUrl":"https:\/\/portaltela.pt\/s.01k8rhncp4jt1\/2026\/03\/img_920x518uu2026-03-15-21-23-51-2427237.jpg","width":796,"height":448,"caption":"Rafael Le\u00e3o n\u00e3o escondeu o desagrado ap\u00f3s ser substitu\u00eddo: pediu explica\u00e7\u00f5es e at\u00e9 afastou Allegri"},{"@type":"BreadcrumbList","@id":"https:\/\/portaltela.pt\/noticias\/2026\/03\/15\/rafael-leao-irrita-se-com-substituicao-pede-explicacoes-e-afasta-allegri\/#breadcrumb","itemListElement":[{"@type":"ListItem","position":1,"name":"In\u00edcio","item":"https:\/\/portaltela.pt\/"},{"@type":"ListItem","position":2,"name":"Rafael Le\u00e3o irrita-se com substitui\u00e7\u00e3o, pede explica\u00e7\u00f5es e afasta Allegri"}]},{"@type":"WebSite","@id":"https:\/\/portaltela.pt\/#website","url":"https:\/\/portaltela.pt\/","name":"Portal Tela Portugal","description":"","potentialAction":[{"@type":"SearchAction","target":{"@type":"EntryPoint","urlTemplate":"https:\/\/portaltela.pt\/?s={search_term_string}"},"query-input":{"@type":"PropertyValueSpecification","valueRequired":true,"valueName":"search_term_string"}}],"inLanguage":"pt-PT"},{"@type":"Person","@id":"https:\/\/portaltela.pt\/#\/schema\/person\/c4278d4a6028830caff9ee44b42d32ed","name":"Telinha","image":{"@type":"ImageObject","inLanguage":"pt-PT","@id":"https:\/\/portaltela.pt\/s.01k8rhncp4jt1\/2025\/11\/talking-bot-125x125.png","url":"https:\/\/portaltela.pt\/s.01k8rhncp4jt1\/2025\/11\/talking-bot-125x125.png","contentUrl":"https:\/\/portaltela.pt\/s.01k8rhncp4jt1\/2025\/11\/talking-bot-125x125.png","caption":"Telinha"},"sameAs":["https:\/\/portaltela.pt\/"],"url":"https:\/\/portaltela.pt\/por\/367410592786\/"}]}},"_links":{"self":[{"href":"https:\/\/portaltela.pt\/api\/wp\/v2\/posts\/411287","targetHints":{"allow":["GET"]}}],"collection":[{"href":"https:\/\/portaltela.pt\/api\/wp\/v2\/posts"}],"about":[{"href":"https:\/\/portaltela.pt\/api\/wp\/v2\/types\/post"}],"author":[{"embeddable":true,"href":"https:\/\/portaltela.pt\/api\/wp\/v2\/users\/2"}],"replies":[{"embeddable":true,"href":"https:\/\/portaltela.pt\/api\/wp\/v2\/comments?post=411287"}],"version-history":[{"count":0,"href":"https:\/\/portaltela.pt\/api\/wp\/v2\/posts\/411287\/revisions"}],"wp:featuredmedia":[{"embeddable":true,"href":"https:\/\/portaltela.pt\/api\/wp\/v2\/media\/411289"}],"wp:attachment":[{"href":"https:\/\/portaltela.pt\/api\/wp\/v2\/media?parent=411287"}],"wp:term":[{"taxonomy":"category","embeddable":true,"href":"https:\/\/portaltela.pt\/api\/wp\/v2\/categories?post=411287"},{"taxonomy":"post_tag","embeddable":true,"href":"https:\/\/portaltela.pt\/api\/wp\/v2\/tags?post=411287"}],"curies":[{"name":"wp","href":"https:\/\/api.w.org\/{rel}","templated":true}]}}