{"id":411283,"date":"2026-03-15T18:01:00","date_gmt":"2026-03-15T21:01:00","guid":{"rendered":"https:\/\/portaltela.pt\/noticias\/2026\/03\/15\/resistencia-do-irao-e-motivos-incoerentes-atrasam-solucao-para-a-guerra\/"},"modified":"2026-03-15T18:01:00","modified_gmt":"2026-03-15T21:01:00","slug":"resistencia-do-irao-e-motivos-incoerentes-atrasam-solucao-para-a-guerra","status":"publish","type":"post","link":"https:\/\/portaltela.pt\/guerra\/2026\/03\/15\/resistencia-do-irao-e-motivos-incoerentes-atrasam-solucao-para-a-guerra\/","title":{"rendered":"Resist\u00eancia do Ir\u00e3o e motivos incoerentes atrasam solu\u00e7\u00e3o para a guerra"},"content":{"rendered":"<p>O incidente de hoje envolve destro\u00e7os de um m\u00edssil iraniano que atingiram um pr\u00e9dio habitacional nos arredores de Telavive, em Israel. O ataque ocorre num contexto de escalada no M\u00e9dio Oriente.<\/p>\n<p>Donald Trump apresentou v\u00e1rias explica\u00e7\u00f5es para o in\u00edcio do ataque ao Ir\u00e3o, numa tentativa de justificar a opera\u00e7\u00e3o. As mensagens t\u00eam gerado controv\u00e9rsia entre analistas e jornalistas.<\/p>\n<p>Um especialista citado pelo JN afirma que a comunica\u00e7\u00e3o das autoridades enfrenta falta de foco, dificultando a constru\u00e7\u00e3o de uma narrativa de sucesso no conflito.<\/p>\n<h3>Desdobramentos e avalia\u00e7\u00f5es<\/h3>\n<p>Fontes da Casa Branca dizem que as capacidades defensivas do Ir\u00e3o podem ter sido subvalorizadas, o impacto econ\u00f3mico do ataque n\u00e3o foi devidamente avaliado e parece faltar uma estrat\u00e9gia de sa\u00edda clara. Estas perspetivas sinalizam ambiguidades na fase inicial do confronto.<\/p>\n<p>Analistas acrescentam que a aus\u00eancia de objetivos bem definidos de curto prazo contribui para a incerteza sobre os pr\u00f3ximos passos e sobre o desfecho a m\u00e9dio prazo do conflito.<\/p>\n","protected":false},"excerpt":{"rendered":"<ul>\n<li>O ataque ao Ir\u00e3o \u00e9 explicado por Donald Trump com v\u00e1rias vers\u00f5es sobre o in\u00edcio do conflito e a alegada vit\u00f3ria, segundo o JN.<\/li>\n<li>Um especialista citado pelo JN diz que a falta de foco complica (dificulta) criar uma narrativa de sucesso.<\/li>\n<li>O desenrolar da guerra exp\u00f5e desorganiza\u00e7\u00e3o na comunica\u00e7\u00e3o inicial do conflito, com mensagens contradit\u00f3rias.<\/li>\n<li>Relatos de v\u00e1rias reda\u00e7\u00f5es com fontes na Casa Branca indicam que as capacidades defensivas do Ir\u00e3o foram subvalorizadas.<\/li>\n<li>Constatou-se que n\u00e3o houve boa avalia\u00e7\u00e3o do impacto econ\u00f3mico do ataque nem uma estrat\u00e9gia de sa\u00edda.<\/li>\n<\/ul>\n","protected":false},"author":2,"featured_media":411284,"comment_status":"closed","ping_status":"closed","sticky":false,"template":"","format":"standard","meta":{"footnotes":""},"categories":[6790,6804],"tags":[2198,4953,62,3153,3708,2871],"class_list":["post-411283","post","type-post","status-publish","format-standard","has-post-thumbnail","hentry","category-conflitos","category-guerra","tag-conflitos-internacionais","tag-donald-trump","tag-guerra","tag-ira","tag-israel","tag-telavive"],"yoast_head":"<!-- This site is optimized with the Yoast SEO plugin v27.2 - https:\/\/yoast.com\/product\/yoast-seo-wordpress\/ -->\n<title>Resist\u00eancia do Ir\u00e3o e motivos incoerentes atrasam solu\u00e7\u00e3o para a guerra - Portal Tela Portugal<\/title>\n<meta name=\"robots\" content=\"index, follow, max-snippet:-1, max-image-preview:large, max-video-preview:-1\" \/>\n<meta property=\"og:locale\" content=\"pt_PT\" \/>\n<meta property=\"og:type\" content=\"article\" \/>\n<meta property=\"og:title\" content=\"Resist\u00eancia do Ir\u00e3o e motivos incoerentes atrasam solu\u00e7\u00e3o para a guerra - Portal Tela Portugal\" \/>\n<meta property=\"og:description\" content=\"O ataque ao Ir\u00e3o \u00e9 explicado por Donald Trump com v\u00e1rias vers\u00f5es sobre o in\u00edcio do conflito e a alegada vit\u00f3ria, segundo o JN. Um especialista citado pelo JN diz que a falta de foco complica (dificulta) criar uma narrativa de sucesso. O desenrolar da guerra exp\u00f5e desorganiza\u00e7\u00e3o na comunica\u00e7\u00e3o inicial do conflito, com mensagens contradit\u00f3rias. Relatos de v\u00e1rias reda\u00e7\u00f5es com fontes na Casa Branca indicam que as capacidades defensivas do Ir\u00e3o foram subvalorizadas. Constatou-se que n\u00e3o houve boa avalia\u00e7\u00e3o do impacto econ\u00f3mico do ataque nem uma estrat\u00e9gia de sa\u00edda.\" \/>\n<meta property=\"og:url\" content=\"https:\/\/portaltela.pt\/noticias\/2026\/03\/15\/resistencia-do-irao-e-motivos-incoerentes-atrasam-solucao-para-a-guerra\/\" \/>\n<meta property=\"og:site_name\" content=\"Portal Tela Portugal\" \/>\n<meta property=\"article:published_time\" content=\"2026-03-15T21:01:00+00:00\" \/>\n<meta name=\"author\" content=\"Telinha\" \/>\n<meta name=\"twitter:card\" content=\"summary_large_image\" \/>\n<meta name=\"twitter:label1\" content=\"Escrito por\" \/>\n\t<meta name=\"twitter:data1\" content=\"Telinha\" \/>\n\t<meta name=\"twitter:label2\" content=\"Tempo estimado de leitura\" \/>\n\t<meta name=\"twitter:data2\" content=\"1 minuto\" \/>\n<script type=\"application\/ld+json\" class=\"yoast-schema-graph\">{\"@context\":\"https:\/\/schema.org\",\"@graph\":[{\"@type\":\"Article\",\"@id\":\"https:\/\/portaltela.pt\/noticias\/2026\/03\/15\/resistencia-do-irao-e-motivos-incoerentes-atrasam-solucao-para-a-guerra\/#article\",\"isPartOf\":{\"@id\":\"https:\/\/portaltela.pt\/noticias\/2026\/03\/15\/resistencia-do-irao-e-motivos-incoerentes-atrasam-solucao-para-a-guerra\/\"},\"author\":{\"name\":\"Telinha\",\"@id\":\"https:\/\/portaltela.pt\/#\/schema\/person\/c4278d4a6028830caff9ee44b42d32ed\"},\"headline\":\"Resist\u00eancia do Ir\u00e3o e motivos incoerentes atrasam solu\u00e7\u00e3o para a guerra\",\"datePublished\":\"2026-03-15T21:01:00+00:00\",\"mainEntityOfPage\":{\"@id\":\"https:\/\/portaltela.pt\/noticias\/2026\/03\/15\/resistencia-do-irao-e-motivos-incoerentes-atrasam-solucao-para-a-guerra\/\"},\"wordCount\":192,\"image\":{\"@id\":\"https:\/\/portaltela.pt\/noticias\/2026\/03\/15\/resistencia-do-irao-e-motivos-incoerentes-atrasam-solucao-para-a-guerra\/#primaryimage\"},\"thumbnailUrl\":\"https:\/\/portaltela.pt\/s.01k8rhncp4jt1\/2026\/03\/image-1009.jpg\",\"keywords\":[\"conflitos internacionais\",\"Donald Trump\",\"guerra\",\"Ir\u00e3\",\"Israel\",\"Telavive\"],\"articleSection\":[\"Conflitos\",\"Guerra\"],\"inLanguage\":\"pt-PT\"},{\"@type\":\"WebPage\",\"@id\":\"https:\/\/portaltela.pt\/noticias\/2026\/03\/15\/resistencia-do-irao-e-motivos-incoerentes-atrasam-solucao-para-a-guerra\/\",\"url\":\"https:\/\/portaltela.pt\/noticias\/2026\/03\/15\/resistencia-do-irao-e-motivos-incoerentes-atrasam-solucao-para-a-guerra\/\",\"name\":\"Resist\u00eancia do Ir\u00e3o e motivos incoerentes atrasam solu\u00e7\u00e3o para a guerra - Portal Tela Portugal\",\"isPartOf\":{\"@id\":\"https:\/\/portaltela.pt\/#website\"},\"primaryImageOfPage\":{\"@id\":\"https:\/\/portaltela.pt\/noticias\/2026\/03\/15\/resistencia-do-irao-e-motivos-incoerentes-atrasam-solucao-para-a-guerra\/#primaryimage\"},\"image\":{\"@id\":\"https:\/\/portaltela.pt\/noticias\/2026\/03\/15\/resistencia-do-irao-e-motivos-incoerentes-atrasam-solucao-para-a-guerra\/#primaryimage\"},\"thumbnailUrl\":\"https:\/\/portaltela.pt\/s.01k8rhncp4jt1\/2026\/03\/image-1009.jpg\",\"datePublished\":\"2026-03-15T21:01:00+00:00\",\"author\":{\"@id\":\"https:\/\/portaltela.pt\/#\/schema\/person\/c4278d4a6028830caff9ee44b42d32ed\"},\"breadcrumb\":{\"@id\":\"https:\/\/portaltela.pt\/noticias\/2026\/03\/15\/resistencia-do-irao-e-motivos-incoerentes-atrasam-solucao-para-a-guerra\/#breadcrumb\"},\"inLanguage\":\"pt-PT\",\"potentialAction\":[{\"@type\":\"ReadAction\",\"target\":[\"https:\/\/portaltela.pt\/noticias\/2026\/03\/15\/resistencia-do-irao-e-motivos-incoerentes-atrasam-solucao-para-a-guerra\/\"]}]},{\"@type\":\"ImageObject\",\"inLanguage\":\"pt-PT\",\"@id\":\"https:\/\/portaltela.pt\/noticias\/2026\/03\/15\/resistencia-do-irao-e-motivos-incoerentes-atrasam-solucao-para-a-guerra\/#primaryimage\",\"url\":\"https:\/\/portaltela.pt\/s.01k8rhncp4jt1\/2026\/03\/image-1009.jpg\",\"contentUrl\":\"https:\/\/portaltela.pt\/s.01k8rhncp4jt1\/2026\/03\/image-1009.jpg\",\"width\":796,\"height\":448,\"caption\":\"Destro\u00e7os de m\u00edssil iraniano atingiram, este domingo, um pr\u00e9dio habitacional nos arredores de Telavive, em Israel\"},{\"@type\":\"BreadcrumbList\",\"@id\":\"https:\/\/portaltela.pt\/noticias\/2026\/03\/15\/resistencia-do-irao-e-motivos-incoerentes-atrasam-solucao-para-a-guerra\/#breadcrumb\",\"itemListElement\":[{\"@type\":\"ListItem\",\"position\":1,\"name\":\"In\u00edcio\",\"item\":\"https:\/\/portaltela.pt\/\"},{\"@type\":\"ListItem\",\"position\":2,\"name\":\"Resist\u00eancia do Ir\u00e3o e motivos incoerentes atrasam solu\u00e7\u00e3o para a guerra\"}]},{\"@type\":\"WebSite\",\"@id\":\"https:\/\/portaltela.pt\/#website\",\"url\":\"https:\/\/portaltela.pt\/\",\"name\":\"Portal Tela Portugal\",\"description\":\"\",\"potentialAction\":[{\"@type\":\"SearchAction\",\"target\":{\"@type\":\"EntryPoint\",\"urlTemplate\":\"https:\/\/portaltela.pt\/?s={search_term_string}\"},\"query-input\":{\"@type\":\"PropertyValueSpecification\",\"valueRequired\":true,\"valueName\":\"search_term_string\"}}],\"inLanguage\":\"pt-PT\"},{\"@type\":\"Person\",\"@id\":\"https:\/\/portaltela.pt\/#\/schema\/person\/c4278d4a6028830caff9ee44b42d32ed\",\"name\":\"Telinha\",\"image\":{\"@type\":\"ImageObject\",\"inLanguage\":\"pt-PT\",\"@id\":\"https:\/\/portaltela.pt\/s.01k8rhncp4jt1\/2025\/11\/talking-bot-125x125.png\",\"url\":\"https:\/\/portaltela.pt\/s.01k8rhncp4jt1\/2025\/11\/talking-bot-125x125.png\",\"contentUrl\":\"https:\/\/portaltela.pt\/s.01k8rhncp4jt1\/2025\/11\/talking-bot-125x125.png\",\"caption\":\"Telinha\"},\"sameAs\":[\"https:\/\/portaltela.pt\/\"],\"url\":\"https:\/\/portaltela.pt\/por\/367410592786\/\"}]}<\/script>\n<!-- \/ Yoast SEO plugin. -->","yoast_head_json":{"title":"Resist\u00eancia do Ir\u00e3o e motivos incoerentes atrasam solu\u00e7\u00e3o para a guerra - Portal Tela Portugal","robots":{"index":"index","follow":"follow","max-snippet":"max-snippet:-1","max-image-preview":"max-image-preview:large","max-video-preview":"max-video-preview:-1"},"og_locale":"pt_PT","og_type":"article","og_title":"Resist\u00eancia do Ir\u00e3o e motivos incoerentes atrasam solu\u00e7\u00e3o para a guerra - Portal Tela Portugal","og_description":"O ataque ao Ir\u00e3o \u00e9 explicado por Donald Trump com v\u00e1rias vers\u00f5es sobre o in\u00edcio do conflito e a alegada vit\u00f3ria, segundo o JN. Um especialista citado pelo JN diz que a falta de foco complica (dificulta) criar uma narrativa de sucesso. O desenrolar da guerra exp\u00f5e desorganiza\u00e7\u00e3o na comunica\u00e7\u00e3o inicial do conflito, com mensagens contradit\u00f3rias. Relatos de v\u00e1rias reda\u00e7\u00f5es com fontes na Casa Branca indicam que as capacidades defensivas do Ir\u00e3o foram subvalorizadas. Constatou-se que n\u00e3o houve boa avalia\u00e7\u00e3o do impacto econ\u00f3mico do ataque nem uma estrat\u00e9gia de sa\u00edda.","og_url":"https:\/\/portaltela.pt\/noticias\/2026\/03\/15\/resistencia-do-irao-e-motivos-incoerentes-atrasam-solucao-para-a-guerra\/","og_site_name":"Portal Tela Portugal","article_published_time":"2026-03-15T21:01:00+00:00","author":"Telinha","twitter_card":"summary_large_image","twitter_misc":{"Escrito por":"Telinha","Tempo estimado de leitura":"1 minuto"},"schema":{"@context":"https:\/\/schema.org","@graph":[{"@type":"Article","@id":"https:\/\/portaltela.pt\/noticias\/2026\/03\/15\/resistencia-do-irao-e-motivos-incoerentes-atrasam-solucao-para-a-guerra\/#article","isPartOf":{"@id":"https:\/\/portaltela.pt\/noticias\/2026\/03\/15\/resistencia-do-irao-e-motivos-incoerentes-atrasam-solucao-para-a-guerra\/"},"author":{"name":"Telinha","@id":"https:\/\/portaltela.pt\/#\/schema\/person\/c4278d4a6028830caff9ee44b42d32ed"},"headline":"Resist\u00eancia do Ir\u00e3o e motivos incoerentes atrasam solu\u00e7\u00e3o para a guerra","datePublished":"2026-03-15T21:01:00+00:00","mainEntityOfPage":{"@id":"https:\/\/portaltela.pt\/noticias\/2026\/03\/15\/resistencia-do-irao-e-motivos-incoerentes-atrasam-solucao-para-a-guerra\/"},"wordCount":192,"image":{"@id":"https:\/\/portaltela.pt\/noticias\/2026\/03\/15\/resistencia-do-irao-e-motivos-incoerentes-atrasam-solucao-para-a-guerra\/#primaryimage"},"thumbnailUrl":"https:\/\/portaltela.pt\/s.01k8rhncp4jt1\/2026\/03\/image-1009.jpg","keywords":["conflitos internacionais","Donald Trump","guerra","Ir\u00e3","Israel","Telavive"],"articleSection":["Conflitos","Guerra"],"inLanguage":"pt-PT"},{"@type":"WebPage","@id":"https:\/\/portaltela.pt\/noticias\/2026\/03\/15\/resistencia-do-irao-e-motivos-incoerentes-atrasam-solucao-para-a-guerra\/","url":"https:\/\/portaltela.pt\/noticias\/2026\/03\/15\/resistencia-do-irao-e-motivos-incoerentes-atrasam-solucao-para-a-guerra\/","name":"Resist\u00eancia do Ir\u00e3o e motivos incoerentes atrasam solu\u00e7\u00e3o para a guerra - Portal Tela Portugal","isPartOf":{"@id":"https:\/\/portaltela.pt\/#website"},"primaryImageOfPage":{"@id":"https:\/\/portaltela.pt\/noticias\/2026\/03\/15\/resistencia-do-irao-e-motivos-incoerentes-atrasam-solucao-para-a-guerra\/#primaryimage"},"image":{"@id":"https:\/\/portaltela.pt\/noticias\/2026\/03\/15\/resistencia-do-irao-e-motivos-incoerentes-atrasam-solucao-para-a-guerra\/#primaryimage"},"thumbnailUrl":"https:\/\/portaltela.pt\/s.01k8rhncp4jt1\/2026\/03\/image-1009.jpg","datePublished":"2026-03-15T21:01:00+00:00","author":{"@id":"https:\/\/portaltela.pt\/#\/schema\/person\/c4278d4a6028830caff9ee44b42d32ed"},"breadcrumb":{"@id":"https:\/\/portaltela.pt\/noticias\/2026\/03\/15\/resistencia-do-irao-e-motivos-incoerentes-atrasam-solucao-para-a-guerra\/#breadcrumb"},"inLanguage":"pt-PT","potentialAction":[{"@type":"ReadAction","target":["https:\/\/portaltela.pt\/noticias\/2026\/03\/15\/resistencia-do-irao-e-motivos-incoerentes-atrasam-solucao-para-a-guerra\/"]}]},{"@type":"ImageObject","inLanguage":"pt-PT","@id":"https:\/\/portaltela.pt\/noticias\/2026\/03\/15\/resistencia-do-irao-e-motivos-incoerentes-atrasam-solucao-para-a-guerra\/#primaryimage","url":"https:\/\/portaltela.pt\/s.01k8rhncp4jt1\/2026\/03\/image-1009.jpg","contentUrl":"https:\/\/portaltela.pt\/s.01k8rhncp4jt1\/2026\/03\/image-1009.jpg","width":796,"height":448,"caption":"Destro\u00e7os de m\u00edssil iraniano atingiram, este domingo, um pr\u00e9dio habitacional nos arredores de Telavive, em Israel"},{"@type":"BreadcrumbList","@id":"https:\/\/portaltela.pt\/noticias\/2026\/03\/15\/resistencia-do-irao-e-motivos-incoerentes-atrasam-solucao-para-a-guerra\/#breadcrumb","itemListElement":[{"@type":"ListItem","position":1,"name":"In\u00edcio","item":"https:\/\/portaltela.pt\/"},{"@type":"ListItem","position":2,"name":"Resist\u00eancia do Ir\u00e3o e motivos incoerentes atrasam solu\u00e7\u00e3o para a guerra"}]},{"@type":"WebSite","@id":"https:\/\/portaltela.pt\/#website","url":"https:\/\/portaltela.pt\/","name":"Portal Tela Portugal","description":"","potentialAction":[{"@type":"SearchAction","target":{"@type":"EntryPoint","urlTemplate":"https:\/\/portaltela.pt\/?s={search_term_string}"},"query-input":{"@type":"PropertyValueSpecification","valueRequired":true,"valueName":"search_term_string"}}],"inLanguage":"pt-PT"},{"@type":"Person","@id":"https:\/\/portaltela.pt\/#\/schema\/person\/c4278d4a6028830caff9ee44b42d32ed","name":"Telinha","image":{"@type":"ImageObject","inLanguage":"pt-PT","@id":"https:\/\/portaltela.pt\/s.01k8rhncp4jt1\/2025\/11\/talking-bot-125x125.png","url":"https:\/\/portaltela.pt\/s.01k8rhncp4jt1\/2025\/11\/talking-bot-125x125.png","contentUrl":"https:\/\/portaltela.pt\/s.01k8rhncp4jt1\/2025\/11\/talking-bot-125x125.png","caption":"Telinha"},"sameAs":["https:\/\/portaltela.pt\/"],"url":"https:\/\/portaltela.pt\/por\/367410592786\/"}]}},"_links":{"self":[{"href":"https:\/\/portaltela.pt\/api\/wp\/v2\/posts\/411283","targetHints":{"allow":["GET"]}}],"collection":[{"href":"https:\/\/portaltela.pt\/api\/wp\/v2\/posts"}],"about":[{"href":"https:\/\/portaltela.pt\/api\/wp\/v2\/types\/post"}],"author":[{"embeddable":true,"href":"https:\/\/portaltela.pt\/api\/wp\/v2\/users\/2"}],"replies":[{"embeddable":true,"href":"https:\/\/portaltela.pt\/api\/wp\/v2\/comments?post=411283"}],"version-history":[{"count":0,"href":"https:\/\/portaltela.pt\/api\/wp\/v2\/posts\/411283\/revisions"}],"wp:featuredmedia":[{"embeddable":true,"href":"https:\/\/portaltela.pt\/api\/wp\/v2\/media\/411284"}],"wp:attachment":[{"href":"https:\/\/portaltela.pt\/api\/wp\/v2\/media?parent=411283"}],"wp:term":[{"taxonomy":"category","embeddable":true,"href":"https:\/\/portaltela.pt\/api\/wp\/v2\/categories?post=411283"},{"taxonomy":"post_tag","embeddable":true,"href":"https:\/\/portaltela.pt\/api\/wp\/v2\/tags?post=411283"}],"curies":[{"name":"wp","href":"https:\/\/api.w.org\/{rel}","templated":true}]}}