{"id":411261,"date":"2026-03-15T17:19:07","date_gmt":"2026-03-15T20:19:07","guid":{"rendered":"https:\/\/portaltela.pt\/noticias\/2026\/03\/15\/treinador-do-electrico-admite-orgulho-apos-derrota-frente-ao-benfica\/"},"modified":"2026-03-15T17:19:07","modified_gmt":"2026-03-15T20:19:07","slug":"treinador-do-electrico-admite-orgulho-apos-derrota-frente-ao-benfica","status":"publish","type":"post","link":"https:\/\/portaltela.pt\/desporto\/futebol\/2026\/03\/15\/treinador-do-electrico-admite-orgulho-apos-derrota-frente-ao-benfica\/","title":{"rendered":"Treinador do El\u00e9ctrico admite orgulho ap\u00f3s derrota frente ao Benfica"},"content":{"rendered":"<p>O El\u00e9ctrico sofreu uma derrota expressiva na final da Ta\u00e7a da Liga frente ao Benfica, com o placar a registar 1-7. A equipa de Ponte de Sor realizou a final, diante de um advers\u00e1rio bem organizado, acabando por n\u00e3o evitar um resultado desfavor\u00e1vel. O encontro destacou-se pela diferen\u00e7a pontual no marcador.<\/p>\n<p>Jorge Monteiro, treinador do El\u00e9ctrico, enalteceu a entrega dos jogadores, o apoio dos adeptos e o comportamento da equipa ao longo da semana, que incluiu quatro jogos em oito dias. O t\u00e9cnico destacou ainda o papel vital do p\u00fablico, dos t\u00e9cnicos e dos atletas na jornada da competi\u00e7\u00e3o.<\/p>\n<p>O treinador afirmou que a campanha na Ta\u00e7a da Liga traz motiva\u00e7\u00e3o para o resto da \u00e9poca, apesar do esfor\u00e7o f\u00edsico da equipa. Referiu ainda limita\u00e7\u00f5es no plantel, incluindo a aus\u00eancia de Simi Saiotti no pr\u00f3ximo desafio com o Benfica. O El\u00e9ctrico continua na luta pela Liga Placard e pensa j\u00e1 nos playoff, com foco na recupera\u00e7\u00e3o dos atletas.<\/p>\n<h3>Rea\u00e7\u00e3o e perspetivas<\/h3>\n<p>A an\u00e1lise de Monteiro frisa que a equipa merece manter-se na Liga Placard pela ess\u00eancia e pelo desempenho demonstrado ao longo da competi\u00e7\u00e3o. O clube pretende manter a estabilidade, recuperar fisicamente os jogadores e seguir com objetivos claros para as jornadas seguintes. O pr\u00f3ximo encontro com o Benfica est\u00e1 agendado para o s\u00e1bado seguinte, mantendo o foco na recupera\u00e7\u00e3o e na continuidade do projeto desportivo.<\/p>\n","protected":false},"excerpt":{"rendered":"<ul>\n<li>O El\u00e9ctrico perdeu a final da Ta\u00e7a da Liga com o Benfica, por 1-7, em Ponte de Sor.<\/li>\n<li>O treinador Jorge Monteiro revelou sentir-se orgulhoso da presta\u00e7\u00e3o da equipa, destacando o apoio dos adeptos e a gest\u00e3o de quatro jogos em oito dias.<\/li>\n<li>Disse que o m\u00e9rito \u00e9 dos jogadores e que n\u00e3o gosta de perder, mesmo diante de advers\u00e1rios de maior talento.<\/li>\n<li>Anunciou que n\u00e3o pode contar com Saiotti no pr\u00f3ximo jogo com o Benfica, no s\u00e1bado, e que a equipa est\u00e1 f\u00edsica e mentalmente exausta, mas segue dispon\u00edvel para recuperar.<\/li>\n<li>Refor\u00e7ou o objetivo de manter a equipa na Liga Placard e seguir para o playoff, mantendo a esperan\u00e7a de festa novamente.<\/li>\n<\/ul>\n","protected":false},"author":2,"featured_media":411263,"comment_status":"closed","ping_status":"closed","sticky":false,"template":"","format":"standard","meta":{"footnotes":""},"categories":[21,24],"tags":[2533,1946,4326,32,125,1172],"class_list":["post-411261","post","type-post","status-publish","format-standard","has-post-thumbnail","hentry","category-desporto","category-futebol","tag-adeptos","tag-benfica","tag-electrico","tag-futebol","tag-playoffs","tag-taca-da-liga"],"yoast_head":"<!-- This site is optimized with the Yoast SEO plugin v27.2 - https:\/\/yoast.com\/product\/yoast-seo-wordpress\/ -->\n<title>Treinador do El\u00e9ctrico admite orgulho ap\u00f3s derrota frente ao Benfica - Portal Tela Portugal<\/title>\n<meta name=\"robots\" content=\"index, follow, max-snippet:-1, max-image-preview:large, max-video-preview:-1\" \/>\n<meta property=\"og:locale\" content=\"pt_PT\" \/>\n<meta property=\"og:type\" content=\"article\" \/>\n<meta property=\"og:title\" content=\"Treinador do El\u00e9ctrico admite orgulho ap\u00f3s derrota frente ao Benfica - Portal Tela Portugal\" \/>\n<meta property=\"og:description\" content=\"O El\u00e9ctrico perdeu a final da Ta\u00e7a da Liga com o Benfica, por 1-7, em Ponte de Sor. O treinador Jorge Monteiro revelou sentir-se orgulhoso da presta\u00e7\u00e3o da equipa, destacando o apoio dos adeptos e a gest\u00e3o de quatro jogos em oito dias. Disse que o m\u00e9rito \u00e9 dos jogadores e que n\u00e3o gosta de perder, mesmo diante de advers\u00e1rios de maior talento. Anunciou que n\u00e3o pode contar com Saiotti no pr\u00f3ximo jogo com o Benfica, no s\u00e1bado, e que a equipa est\u00e1 f\u00edsica e mentalmente exausta, mas segue dispon\u00edvel para recuperar. Refor\u00e7ou o objetivo de manter a equipa na Liga Placard e seguir para o playoff, mantendo a esperan\u00e7a de festa novamente.\" \/>\n<meta property=\"og:url\" content=\"https:\/\/portaltela.pt\/noticias\/2026\/03\/15\/treinador-do-electrico-admite-orgulho-apos-derrota-frente-ao-benfica\/\" \/>\n<meta property=\"og:site_name\" content=\"Portal Tela Portugal\" \/>\n<meta property=\"article:published_time\" content=\"2026-03-15T20:19:07+00:00\" \/>\n<meta name=\"author\" content=\"Telinha\" \/>\n<meta name=\"twitter:card\" content=\"summary_large_image\" \/>\n<meta name=\"twitter:label1\" content=\"Escrito por\" \/>\n\t<meta name=\"twitter:data1\" content=\"Telinha\" \/>\n\t<meta name=\"twitter:label2\" content=\"Tempo estimado de leitura\" \/>\n\t<meta name=\"twitter:data2\" content=\"1 minuto\" \/>\n<script type=\"application\/ld+json\" class=\"yoast-schema-graph\">{\"@context\":\"https:\/\/schema.org\",\"@graph\":[{\"@type\":\"Article\",\"@id\":\"https:\/\/portaltela.pt\/noticias\/2026\/03\/15\/treinador-do-electrico-admite-orgulho-apos-derrota-frente-ao-benfica\/#article\",\"isPartOf\":{\"@id\":\"https:\/\/portaltela.pt\/noticias\/2026\/03\/15\/treinador-do-electrico-admite-orgulho-apos-derrota-frente-ao-benfica\/\"},\"author\":{\"name\":\"Telinha\",\"@id\":\"https:\/\/portaltela.pt\/#\/schema\/person\/c4278d4a6028830caff9ee44b42d32ed\"},\"headline\":\"Treinador do El\u00e9ctrico admite orgulho ap\u00f3s derrota frente ao Benfica\",\"datePublished\":\"2026-03-15T20:19:07+00:00\",\"mainEntityOfPage\":{\"@id\":\"https:\/\/portaltela.pt\/noticias\/2026\/03\/15\/treinador-do-electrico-admite-orgulho-apos-derrota-frente-ao-benfica\/\"},\"wordCount\":265,\"image\":{\"@id\":\"https:\/\/portaltela.pt\/noticias\/2026\/03\/15\/treinador-do-electrico-admite-orgulho-apos-derrota-frente-ao-benfica\/#primaryimage\"},\"thumbnailUrl\":\"https:\/\/portaltela.pt\/s.01k8rhncp4jt1\/2026\/03\/img_920x518uu2026-03-15-20-10-42-2427219.jpg\",\"keywords\":[\"adeptos\",\"Benfica\",\"El\u00e9ctrico\",\"futebol\",\"playoffs\",\"Ta\u00e7a da Liga\"],\"articleSection\":[\"Desporto\",\"Futebol\"],\"inLanguage\":\"pt-PT\"},{\"@type\":\"WebPage\",\"@id\":\"https:\/\/portaltela.pt\/noticias\/2026\/03\/15\/treinador-do-electrico-admite-orgulho-apos-derrota-frente-ao-benfica\/\",\"url\":\"https:\/\/portaltela.pt\/noticias\/2026\/03\/15\/treinador-do-electrico-admite-orgulho-apos-derrota-frente-ao-benfica\/\",\"name\":\"Treinador do El\u00e9ctrico admite orgulho ap\u00f3s derrota frente ao Benfica - Portal Tela Portugal\",\"isPartOf\":{\"@id\":\"https:\/\/portaltela.pt\/#website\"},\"primaryImageOfPage\":{\"@id\":\"https:\/\/portaltela.pt\/noticias\/2026\/03\/15\/treinador-do-electrico-admite-orgulho-apos-derrota-frente-ao-benfica\/#primaryimage\"},\"image\":{\"@id\":\"https:\/\/portaltela.pt\/noticias\/2026\/03\/15\/treinador-do-electrico-admite-orgulho-apos-derrota-frente-ao-benfica\/#primaryimage\"},\"thumbnailUrl\":\"https:\/\/portaltela.pt\/s.01k8rhncp4jt1\/2026\/03\/img_920x518uu2026-03-15-20-10-42-2427219.jpg\",\"datePublished\":\"2026-03-15T20:19:07+00:00\",\"author\":{\"@id\":\"https:\/\/portaltela.pt\/#\/schema\/person\/c4278d4a6028830caff9ee44b42d32ed\"},\"breadcrumb\":{\"@id\":\"https:\/\/portaltela.pt\/noticias\/2026\/03\/15\/treinador-do-electrico-admite-orgulho-apos-derrota-frente-ao-benfica\/#breadcrumb\"},\"inLanguage\":\"pt-PT\",\"potentialAction\":[{\"@type\":\"ReadAction\",\"target\":[\"https:\/\/portaltela.pt\/noticias\/2026\/03\/15\/treinador-do-electrico-admite-orgulho-apos-derrota-frente-ao-benfica\/\"]}]},{\"@type\":\"ImageObject\",\"inLanguage\":\"pt-PT\",\"@id\":\"https:\/\/portaltela.pt\/noticias\/2026\/03\/15\/treinador-do-electrico-admite-orgulho-apos-derrota-frente-ao-benfica\/#primaryimage\",\"url\":\"https:\/\/portaltela.pt\/s.01k8rhncp4jt1\/2026\/03\/img_920x518uu2026-03-15-20-10-42-2427219.jpg\",\"contentUrl\":\"https:\/\/portaltela.pt\/s.01k8rhncp4jt1\/2026\/03\/img_920x518uu2026-03-15-20-10-42-2427219.jpg\",\"width\":796,\"height\":448,\"caption\":\"Jorge Monteiro, treinador do El\u00e9ctrico\"},{\"@type\":\"BreadcrumbList\",\"@id\":\"https:\/\/portaltela.pt\/noticias\/2026\/03\/15\/treinador-do-electrico-admite-orgulho-apos-derrota-frente-ao-benfica\/#breadcrumb\",\"itemListElement\":[{\"@type\":\"ListItem\",\"position\":1,\"name\":\"In\u00edcio\",\"item\":\"https:\/\/portaltela.pt\/\"},{\"@type\":\"ListItem\",\"position\":2,\"name\":\"Treinador do El\u00e9ctrico admite orgulho ap\u00f3s derrota frente ao Benfica\"}]},{\"@type\":\"WebSite\",\"@id\":\"https:\/\/portaltela.pt\/#website\",\"url\":\"https:\/\/portaltela.pt\/\",\"name\":\"Portal Tela Portugal\",\"description\":\"\",\"potentialAction\":[{\"@type\":\"SearchAction\",\"target\":{\"@type\":\"EntryPoint\",\"urlTemplate\":\"https:\/\/portaltela.pt\/?s={search_term_string}\"},\"query-input\":{\"@type\":\"PropertyValueSpecification\",\"valueRequired\":true,\"valueName\":\"search_term_string\"}}],\"inLanguage\":\"pt-PT\"},{\"@type\":\"Person\",\"@id\":\"https:\/\/portaltela.pt\/#\/schema\/person\/c4278d4a6028830caff9ee44b42d32ed\",\"name\":\"Telinha\",\"image\":{\"@type\":\"ImageObject\",\"inLanguage\":\"pt-PT\",\"@id\":\"https:\/\/portaltela.pt\/s.01k8rhncp4jt1\/2025\/11\/talking-bot-125x125.png\",\"url\":\"https:\/\/portaltela.pt\/s.01k8rhncp4jt1\/2025\/11\/talking-bot-125x125.png\",\"contentUrl\":\"https:\/\/portaltela.pt\/s.01k8rhncp4jt1\/2025\/11\/talking-bot-125x125.png\",\"caption\":\"Telinha\"},\"sameAs\":[\"https:\/\/portaltela.pt\/\"],\"url\":\"https:\/\/portaltela.pt\/por\/367410592786\/\"}]}<\/script>\n<!-- \/ Yoast SEO plugin. -->","yoast_head_json":{"title":"Treinador do El\u00e9ctrico admite orgulho ap\u00f3s derrota frente ao Benfica - Portal Tela Portugal","robots":{"index":"index","follow":"follow","max-snippet":"max-snippet:-1","max-image-preview":"max-image-preview:large","max-video-preview":"max-video-preview:-1"},"og_locale":"pt_PT","og_type":"article","og_title":"Treinador do El\u00e9ctrico admite orgulho ap\u00f3s derrota frente ao Benfica - Portal Tela Portugal","og_description":"O El\u00e9ctrico perdeu a final da Ta\u00e7a da Liga com o Benfica, por 1-7, em Ponte de Sor. O treinador Jorge Monteiro revelou sentir-se orgulhoso da presta\u00e7\u00e3o da equipa, destacando o apoio dos adeptos e a gest\u00e3o de quatro jogos em oito dias. Disse que o m\u00e9rito \u00e9 dos jogadores e que n\u00e3o gosta de perder, mesmo diante de advers\u00e1rios de maior talento. Anunciou que n\u00e3o pode contar com Saiotti no pr\u00f3ximo jogo com o Benfica, no s\u00e1bado, e que a equipa est\u00e1 f\u00edsica e mentalmente exausta, mas segue dispon\u00edvel para recuperar. Refor\u00e7ou o objetivo de manter a equipa na Liga Placard e seguir para o playoff, mantendo a esperan\u00e7a de festa novamente.","og_url":"https:\/\/portaltela.pt\/noticias\/2026\/03\/15\/treinador-do-electrico-admite-orgulho-apos-derrota-frente-ao-benfica\/","og_site_name":"Portal Tela Portugal","article_published_time":"2026-03-15T20:19:07+00:00","author":"Telinha","twitter_card":"summary_large_image","twitter_misc":{"Escrito por":"Telinha","Tempo estimado de leitura":"1 minuto"},"schema":{"@context":"https:\/\/schema.org","@graph":[{"@type":"Article","@id":"https:\/\/portaltela.pt\/noticias\/2026\/03\/15\/treinador-do-electrico-admite-orgulho-apos-derrota-frente-ao-benfica\/#article","isPartOf":{"@id":"https:\/\/portaltela.pt\/noticias\/2026\/03\/15\/treinador-do-electrico-admite-orgulho-apos-derrota-frente-ao-benfica\/"},"author":{"name":"Telinha","@id":"https:\/\/portaltela.pt\/#\/schema\/person\/c4278d4a6028830caff9ee44b42d32ed"},"headline":"Treinador do El\u00e9ctrico admite orgulho ap\u00f3s derrota frente ao Benfica","datePublished":"2026-03-15T20:19:07+00:00","mainEntityOfPage":{"@id":"https:\/\/portaltela.pt\/noticias\/2026\/03\/15\/treinador-do-electrico-admite-orgulho-apos-derrota-frente-ao-benfica\/"},"wordCount":265,"image":{"@id":"https:\/\/portaltela.pt\/noticias\/2026\/03\/15\/treinador-do-electrico-admite-orgulho-apos-derrota-frente-ao-benfica\/#primaryimage"},"thumbnailUrl":"https:\/\/portaltela.pt\/s.01k8rhncp4jt1\/2026\/03\/img_920x518uu2026-03-15-20-10-42-2427219.jpg","keywords":["adeptos","Benfica","El\u00e9ctrico","futebol","playoffs","Ta\u00e7a da Liga"],"articleSection":["Desporto","Futebol"],"inLanguage":"pt-PT"},{"@type":"WebPage","@id":"https:\/\/portaltela.pt\/noticias\/2026\/03\/15\/treinador-do-electrico-admite-orgulho-apos-derrota-frente-ao-benfica\/","url":"https:\/\/portaltela.pt\/noticias\/2026\/03\/15\/treinador-do-electrico-admite-orgulho-apos-derrota-frente-ao-benfica\/","name":"Treinador do El\u00e9ctrico admite orgulho ap\u00f3s derrota frente ao Benfica - Portal Tela Portugal","isPartOf":{"@id":"https:\/\/portaltela.pt\/#website"},"primaryImageOfPage":{"@id":"https:\/\/portaltela.pt\/noticias\/2026\/03\/15\/treinador-do-electrico-admite-orgulho-apos-derrota-frente-ao-benfica\/#primaryimage"},"image":{"@id":"https:\/\/portaltela.pt\/noticias\/2026\/03\/15\/treinador-do-electrico-admite-orgulho-apos-derrota-frente-ao-benfica\/#primaryimage"},"thumbnailUrl":"https:\/\/portaltela.pt\/s.01k8rhncp4jt1\/2026\/03\/img_920x518uu2026-03-15-20-10-42-2427219.jpg","datePublished":"2026-03-15T20:19:07+00:00","author":{"@id":"https:\/\/portaltela.pt\/#\/schema\/person\/c4278d4a6028830caff9ee44b42d32ed"},"breadcrumb":{"@id":"https:\/\/portaltela.pt\/noticias\/2026\/03\/15\/treinador-do-electrico-admite-orgulho-apos-derrota-frente-ao-benfica\/#breadcrumb"},"inLanguage":"pt-PT","potentialAction":[{"@type":"ReadAction","target":["https:\/\/portaltela.pt\/noticias\/2026\/03\/15\/treinador-do-electrico-admite-orgulho-apos-derrota-frente-ao-benfica\/"]}]},{"@type":"ImageObject","inLanguage":"pt-PT","@id":"https:\/\/portaltela.pt\/noticias\/2026\/03\/15\/treinador-do-electrico-admite-orgulho-apos-derrota-frente-ao-benfica\/#primaryimage","url":"https:\/\/portaltela.pt\/s.01k8rhncp4jt1\/2026\/03\/img_920x518uu2026-03-15-20-10-42-2427219.jpg","contentUrl":"https:\/\/portaltela.pt\/s.01k8rhncp4jt1\/2026\/03\/img_920x518uu2026-03-15-20-10-42-2427219.jpg","width":796,"height":448,"caption":"Jorge Monteiro, treinador do El\u00e9ctrico"},{"@type":"BreadcrumbList","@id":"https:\/\/portaltela.pt\/noticias\/2026\/03\/15\/treinador-do-electrico-admite-orgulho-apos-derrota-frente-ao-benfica\/#breadcrumb","itemListElement":[{"@type":"ListItem","position":1,"name":"In\u00edcio","item":"https:\/\/portaltela.pt\/"},{"@type":"ListItem","position":2,"name":"Treinador do El\u00e9ctrico admite orgulho ap\u00f3s derrota frente ao Benfica"}]},{"@type":"WebSite","@id":"https:\/\/portaltela.pt\/#website","url":"https:\/\/portaltela.pt\/","name":"Portal Tela Portugal","description":"","potentialAction":[{"@type":"SearchAction","target":{"@type":"EntryPoint","urlTemplate":"https:\/\/portaltela.pt\/?s={search_term_string}"},"query-input":{"@type":"PropertyValueSpecification","valueRequired":true,"valueName":"search_term_string"}}],"inLanguage":"pt-PT"},{"@type":"Person","@id":"https:\/\/portaltela.pt\/#\/schema\/person\/c4278d4a6028830caff9ee44b42d32ed","name":"Telinha","image":{"@type":"ImageObject","inLanguage":"pt-PT","@id":"https:\/\/portaltela.pt\/s.01k8rhncp4jt1\/2025\/11\/talking-bot-125x125.png","url":"https:\/\/portaltela.pt\/s.01k8rhncp4jt1\/2025\/11\/talking-bot-125x125.png","contentUrl":"https:\/\/portaltela.pt\/s.01k8rhncp4jt1\/2025\/11\/talking-bot-125x125.png","caption":"Telinha"},"sameAs":["https:\/\/portaltela.pt\/"],"url":"https:\/\/portaltela.pt\/por\/367410592786\/"}]}},"_links":{"self":[{"href":"https:\/\/portaltela.pt\/api\/wp\/v2\/posts\/411261","targetHints":{"allow":["GET"]}}],"collection":[{"href":"https:\/\/portaltela.pt\/api\/wp\/v2\/posts"}],"about":[{"href":"https:\/\/portaltela.pt\/api\/wp\/v2\/types\/post"}],"author":[{"embeddable":true,"href":"https:\/\/portaltela.pt\/api\/wp\/v2\/users\/2"}],"replies":[{"embeddable":true,"href":"https:\/\/portaltela.pt\/api\/wp\/v2\/comments?post=411261"}],"version-history":[{"count":0,"href":"https:\/\/portaltela.pt\/api\/wp\/v2\/posts\/411261\/revisions"}],"wp:featuredmedia":[{"embeddable":true,"href":"https:\/\/portaltela.pt\/api\/wp\/v2\/media\/411263"}],"wp:attachment":[{"href":"https:\/\/portaltela.pt\/api\/wp\/v2\/media?parent=411261"}],"wp:term":[{"taxonomy":"category","embeddable":true,"href":"https:\/\/portaltela.pt\/api\/wp\/v2\/categories?post=411261"},{"taxonomy":"post_tag","embeddable":true,"href":"https:\/\/portaltela.pt\/api\/wp\/v2\/tags?post=411261"}],"curies":[{"name":"wp","href":"https:\/\/api.w.org\/{rel}","templated":true}]}}