{"id":411256,"date":"2026-03-15T17:06:00","date_gmt":"2026-03-15T20:06:00","guid":{"rendered":"https:\/\/portaltela.pt\/noticias\/2026\/03\/15\/cassiano-klein-e-o-benfica-conquistam-a-taca-da-liga\/"},"modified":"2026-03-15T17:06:00","modified_gmt":"2026-03-15T20:06:00","slug":"cassiano-klein-e-o-benfica-conquistam-a-taca-da-liga","status":"publish","type":"post","link":"https:\/\/portaltela.pt\/desporto\/futebol\/2026\/03\/15\/cassiano-klein-e-o-benfica-conquistam-a-taca-da-liga\/","title":{"rendered":"Cassiano Klein e o Benfica conquistam a Ta\u00e7a da Liga"},"content":{"rendered":"<p>O Benfica sagrou-se campe\u00e3o da Ta\u00e7a da Liga masculina de futsal ao vencer o El\u00e9ctrico por 7-1, na final-8 disputada em Gondomar. A goleada valeu aos encarnados o quinto trof\u00e9u neste torneio.<\/p>\n<p>A vit\u00f3ria confirmou o dom\u00ednio encarnado ao longo da fase final, com o conjunto a dominar o encontro do in\u00edcio ao fim e a ampliar a vantagem ao longo dos 40 minutos de jogo. O El\u00e9ctrico conseguiu apenas um tento, frente a uma equipa do Benfica determinada a assegurar o t\u00edtulo.<\/p>\n<p>Cassiano Klein, t\u00e9cnico das \u00e1guias, mostrou-se satisfeito com o desempenho da equipa e com a entrega dos jogadores. O treinador mencionou que a equipa entrou na prova com um objetivo claro ap\u00f3s uma semana dif\u00edcil e reconheceu o esfor\u00e7o coletivo ao longo de toda a final-8. Klein destacou a luta de cada atleta em quadra e frisou que o grupo tem aprendido e evolu\u00eddo para uma \u00e9poca desafiante pela frente.<\/p>\n","protected":false},"excerpt":{"rendered":"<ul>\n<li>Benfica goleou o El\u00e9ctrico por 7-1 na final-8 da Ta\u00e7a da Liga de futsal, em Gondomar, e conquistou o trof\u00e9u pela quinta vez.<\/li>\n<li>O treinador Cassiano Klein elogiou a entrega do grupo ao longo da final e da competi\u00e7\u00e3o.<\/li>\n<li>Klein descreveu a equipa como aquela que \u201cluta por cada mil\u00edmetro na quadra\u201d.<\/li>\n<li>O t\u00e9cnico revelou que houve uma semana dif\u00edcil, mas na sexta-feira houve um grande jogo e hoje foi incr\u00edvel.<\/li>\n<li>A vit\u00f3ria marca o primeiro t\u00edtulo de Cassiano Klein na Ta\u00e7a da Liga pelo Benfica.<\/li>\n<\/ul>\n","protected":false},"author":2,"featured_media":411258,"comment_status":"closed","ping_status":"closed","sticky":false,"template":"","format":"standard","meta":{"footnotes":""},"categories":[21,24],"tags":[1946,4326,161,1243,1172],"class_list":["post-411256","post","type-post","status-publish","format-standard","has-post-thumbnail","hentry","category-desporto","category-futebol","tag-benfica","tag-electrico","tag-futsal","tag-gondomar","tag-taca-da-liga"],"yoast_head":"<!-- This site is optimized with the Yoast SEO plugin v27.2 - https:\/\/yoast.com\/product\/yoast-seo-wordpress\/ -->\n<title>Cassiano Klein e o Benfica conquistam a Ta\u00e7a da Liga - Portal Tela Portugal<\/title>\n<meta name=\"robots\" content=\"index, follow, max-snippet:-1, max-image-preview:large, max-video-preview:-1\" \/>\n<meta property=\"og:locale\" content=\"pt_PT\" \/>\n<meta property=\"og:type\" content=\"article\" \/>\n<meta property=\"og:title\" content=\"Cassiano Klein e o Benfica conquistam a Ta\u00e7a da Liga - Portal Tela Portugal\" \/>\n<meta property=\"og:description\" content=\"Benfica goleou o El\u00e9ctrico por 7-1 na final-8 da Ta\u00e7a da Liga de futsal, em Gondomar, e conquistou o trof\u00e9u pela quinta vez. O treinador Cassiano Klein elogiou a entrega do grupo ao longo da final e da competi\u00e7\u00e3o. Klein descreveu a equipa como aquela que \u201cluta por cada mil\u00edmetro na quadra\u201d. O t\u00e9cnico revelou que houve uma semana dif\u00edcil, mas na sexta-feira houve um grande jogo e hoje foi incr\u00edvel. A vit\u00f3ria marca o primeiro t\u00edtulo de Cassiano Klein na Ta\u00e7a da Liga pelo Benfica.\" \/>\n<meta property=\"og:url\" content=\"https:\/\/portaltela.pt\/noticias\/2026\/03\/15\/cassiano-klein-e-o-benfica-conquistam-a-taca-da-liga\/\" \/>\n<meta property=\"og:site_name\" content=\"Portal Tela Portugal\" \/>\n<meta property=\"article:published_time\" content=\"2026-03-15T20:06:00+00:00\" \/>\n<meta name=\"author\" content=\"Telinha\" \/>\n<meta name=\"twitter:card\" content=\"summary_large_image\" \/>\n<meta name=\"twitter:label1\" content=\"Escrito por\" \/>\n\t<meta name=\"twitter:data1\" content=\"Telinha\" \/>\n\t<meta name=\"twitter:label2\" content=\"Tempo estimado de leitura\" \/>\n\t<meta name=\"twitter:data2\" content=\"1 minuto\" \/>\n<script type=\"application\/ld+json\" class=\"yoast-schema-graph\">{\"@context\":\"https:\/\/schema.org\",\"@graph\":[{\"@type\":\"Article\",\"@id\":\"https:\/\/portaltela.pt\/noticias\/2026\/03\/15\/cassiano-klein-e-o-benfica-conquistam-a-taca-da-liga\/#article\",\"isPartOf\":{\"@id\":\"https:\/\/portaltela.pt\/noticias\/2026\/03\/15\/cassiano-klein-e-o-benfica-conquistam-a-taca-da-liga\/\"},\"author\":{\"name\":\"Telinha\",\"@id\":\"https:\/\/portaltela.pt\/#\/schema\/person\/c4278d4a6028830caff9ee44b42d32ed\"},\"headline\":\"Cassiano Klein e o Benfica conquistam a Ta\u00e7a da Liga\",\"datePublished\":\"2026-03-15T20:06:00+00:00\",\"mainEntityOfPage\":{\"@id\":\"https:\/\/portaltela.pt\/noticias\/2026\/03\/15\/cassiano-klein-e-o-benfica-conquistam-a-taca-da-liga\/\"},\"wordCount\":177,\"image\":{\"@id\":\"https:\/\/portaltela.pt\/noticias\/2026\/03\/15\/cassiano-klein-e-o-benfica-conquistam-a-taca-da-liga\/#primaryimage\"},\"thumbnailUrl\":\"https:\/\/portaltela.pt\/s.01k8rhncp4jt1\/2026\/03\/img_920x518uu2026-03-15-20-02-20-2427215.jpg\",\"keywords\":[\"Benfica\",\"El\u00e9ctrico\",\"futsal\",\"Gondomar\",\"Ta\u00e7a da Liga\"],\"articleSection\":[\"Desporto\",\"Futebol\"],\"inLanguage\":\"pt-PT\"},{\"@type\":\"WebPage\",\"@id\":\"https:\/\/portaltela.pt\/noticias\/2026\/03\/15\/cassiano-klein-e-o-benfica-conquistam-a-taca-da-liga\/\",\"url\":\"https:\/\/portaltela.pt\/noticias\/2026\/03\/15\/cassiano-klein-e-o-benfica-conquistam-a-taca-da-liga\/\",\"name\":\"Cassiano Klein e o Benfica conquistam a Ta\u00e7a da Liga - Portal Tela Portugal\",\"isPartOf\":{\"@id\":\"https:\/\/portaltela.pt\/#website\"},\"primaryImageOfPage\":{\"@id\":\"https:\/\/portaltela.pt\/noticias\/2026\/03\/15\/cassiano-klein-e-o-benfica-conquistam-a-taca-da-liga\/#primaryimage\"},\"image\":{\"@id\":\"https:\/\/portaltela.pt\/noticias\/2026\/03\/15\/cassiano-klein-e-o-benfica-conquistam-a-taca-da-liga\/#primaryimage\"},\"thumbnailUrl\":\"https:\/\/portaltela.pt\/s.01k8rhncp4jt1\/2026\/03\/img_920x518uu2026-03-15-20-02-20-2427215.jpg\",\"datePublished\":\"2026-03-15T20:06:00+00:00\",\"author\":{\"@id\":\"https:\/\/portaltela.pt\/#\/schema\/person\/c4278d4a6028830caff9ee44b42d32ed\"},\"breadcrumb\":{\"@id\":\"https:\/\/portaltela.pt\/noticias\/2026\/03\/15\/cassiano-klein-e-o-benfica-conquistam-a-taca-da-liga\/#breadcrumb\"},\"inLanguage\":\"pt-PT\",\"potentialAction\":[{\"@type\":\"ReadAction\",\"target\":[\"https:\/\/portaltela.pt\/noticias\/2026\/03\/15\/cassiano-klein-e-o-benfica-conquistam-a-taca-da-liga\/\"]}]},{\"@type\":\"ImageObject\",\"inLanguage\":\"pt-PT\",\"@id\":\"https:\/\/portaltela.pt\/noticias\/2026\/03\/15\/cassiano-klein-e-o-benfica-conquistam-a-taca-da-liga\/#primaryimage\",\"url\":\"https:\/\/portaltela.pt\/s.01k8rhncp4jt1\/2026\/03\/img_920x518uu2026-03-15-20-02-20-2427215.jpg\",\"contentUrl\":\"https:\/\/portaltela.pt\/s.01k8rhncp4jt1\/2026\/03\/img_920x518uu2026-03-15-20-02-20-2427215.jpg\",\"width\":796,\"height\":448,\"caption\":\"Cassiano Klein d\u00e1 indica\u00e7\u00f5es durante a final\"},{\"@type\":\"BreadcrumbList\",\"@id\":\"https:\/\/portaltela.pt\/noticias\/2026\/03\/15\/cassiano-klein-e-o-benfica-conquistam-a-taca-da-liga\/#breadcrumb\",\"itemListElement\":[{\"@type\":\"ListItem\",\"position\":1,\"name\":\"In\u00edcio\",\"item\":\"https:\/\/portaltela.pt\/\"},{\"@type\":\"ListItem\",\"position\":2,\"name\":\"Cassiano Klein e o Benfica conquistam a Ta\u00e7a da Liga\"}]},{\"@type\":\"WebSite\",\"@id\":\"https:\/\/portaltela.pt\/#website\",\"url\":\"https:\/\/portaltela.pt\/\",\"name\":\"Portal Tela Portugal\",\"description\":\"\",\"potentialAction\":[{\"@type\":\"SearchAction\",\"target\":{\"@type\":\"EntryPoint\",\"urlTemplate\":\"https:\/\/portaltela.pt\/?s={search_term_string}\"},\"query-input\":{\"@type\":\"PropertyValueSpecification\",\"valueRequired\":true,\"valueName\":\"search_term_string\"}}],\"inLanguage\":\"pt-PT\"},{\"@type\":\"Person\",\"@id\":\"https:\/\/portaltela.pt\/#\/schema\/person\/c4278d4a6028830caff9ee44b42d32ed\",\"name\":\"Telinha\",\"image\":{\"@type\":\"ImageObject\",\"inLanguage\":\"pt-PT\",\"@id\":\"https:\/\/portaltela.pt\/s.01k8rhncp4jt1\/2025\/11\/talking-bot-125x125.png\",\"url\":\"https:\/\/portaltela.pt\/s.01k8rhncp4jt1\/2025\/11\/talking-bot-125x125.png\",\"contentUrl\":\"https:\/\/portaltela.pt\/s.01k8rhncp4jt1\/2025\/11\/talking-bot-125x125.png\",\"caption\":\"Telinha\"},\"sameAs\":[\"https:\/\/portaltela.pt\/\"],\"url\":\"https:\/\/portaltela.pt\/por\/367410592786\/\"}]}<\/script>\n<!-- \/ Yoast SEO plugin. -->","yoast_head_json":{"title":"Cassiano Klein e o Benfica conquistam a Ta\u00e7a da Liga - Portal Tela Portugal","robots":{"index":"index","follow":"follow","max-snippet":"max-snippet:-1","max-image-preview":"max-image-preview:large","max-video-preview":"max-video-preview:-1"},"og_locale":"pt_PT","og_type":"article","og_title":"Cassiano Klein e o Benfica conquistam a Ta\u00e7a da Liga - Portal Tela Portugal","og_description":"Benfica goleou o El\u00e9ctrico por 7-1 na final-8 da Ta\u00e7a da Liga de futsal, em Gondomar, e conquistou o trof\u00e9u pela quinta vez. O treinador Cassiano Klein elogiou a entrega do grupo ao longo da final e da competi\u00e7\u00e3o. Klein descreveu a equipa como aquela que \u201cluta por cada mil\u00edmetro na quadra\u201d. O t\u00e9cnico revelou que houve uma semana dif\u00edcil, mas na sexta-feira houve um grande jogo e hoje foi incr\u00edvel. A vit\u00f3ria marca o primeiro t\u00edtulo de Cassiano Klein na Ta\u00e7a da Liga pelo Benfica.","og_url":"https:\/\/portaltela.pt\/noticias\/2026\/03\/15\/cassiano-klein-e-o-benfica-conquistam-a-taca-da-liga\/","og_site_name":"Portal Tela Portugal","article_published_time":"2026-03-15T20:06:00+00:00","author":"Telinha","twitter_card":"summary_large_image","twitter_misc":{"Escrito por":"Telinha","Tempo estimado de leitura":"1 minuto"},"schema":{"@context":"https:\/\/schema.org","@graph":[{"@type":"Article","@id":"https:\/\/portaltela.pt\/noticias\/2026\/03\/15\/cassiano-klein-e-o-benfica-conquistam-a-taca-da-liga\/#article","isPartOf":{"@id":"https:\/\/portaltela.pt\/noticias\/2026\/03\/15\/cassiano-klein-e-o-benfica-conquistam-a-taca-da-liga\/"},"author":{"name":"Telinha","@id":"https:\/\/portaltela.pt\/#\/schema\/person\/c4278d4a6028830caff9ee44b42d32ed"},"headline":"Cassiano Klein e o Benfica conquistam a Ta\u00e7a da Liga","datePublished":"2026-03-15T20:06:00+00:00","mainEntityOfPage":{"@id":"https:\/\/portaltela.pt\/noticias\/2026\/03\/15\/cassiano-klein-e-o-benfica-conquistam-a-taca-da-liga\/"},"wordCount":177,"image":{"@id":"https:\/\/portaltela.pt\/noticias\/2026\/03\/15\/cassiano-klein-e-o-benfica-conquistam-a-taca-da-liga\/#primaryimage"},"thumbnailUrl":"https:\/\/portaltela.pt\/s.01k8rhncp4jt1\/2026\/03\/img_920x518uu2026-03-15-20-02-20-2427215.jpg","keywords":["Benfica","El\u00e9ctrico","futsal","Gondomar","Ta\u00e7a da Liga"],"articleSection":["Desporto","Futebol"],"inLanguage":"pt-PT"},{"@type":"WebPage","@id":"https:\/\/portaltela.pt\/noticias\/2026\/03\/15\/cassiano-klein-e-o-benfica-conquistam-a-taca-da-liga\/","url":"https:\/\/portaltela.pt\/noticias\/2026\/03\/15\/cassiano-klein-e-o-benfica-conquistam-a-taca-da-liga\/","name":"Cassiano Klein e o Benfica conquistam a Ta\u00e7a da Liga - Portal Tela Portugal","isPartOf":{"@id":"https:\/\/portaltela.pt\/#website"},"primaryImageOfPage":{"@id":"https:\/\/portaltela.pt\/noticias\/2026\/03\/15\/cassiano-klein-e-o-benfica-conquistam-a-taca-da-liga\/#primaryimage"},"image":{"@id":"https:\/\/portaltela.pt\/noticias\/2026\/03\/15\/cassiano-klein-e-o-benfica-conquistam-a-taca-da-liga\/#primaryimage"},"thumbnailUrl":"https:\/\/portaltela.pt\/s.01k8rhncp4jt1\/2026\/03\/img_920x518uu2026-03-15-20-02-20-2427215.jpg","datePublished":"2026-03-15T20:06:00+00:00","author":{"@id":"https:\/\/portaltela.pt\/#\/schema\/person\/c4278d4a6028830caff9ee44b42d32ed"},"breadcrumb":{"@id":"https:\/\/portaltela.pt\/noticias\/2026\/03\/15\/cassiano-klein-e-o-benfica-conquistam-a-taca-da-liga\/#breadcrumb"},"inLanguage":"pt-PT","potentialAction":[{"@type":"ReadAction","target":["https:\/\/portaltela.pt\/noticias\/2026\/03\/15\/cassiano-klein-e-o-benfica-conquistam-a-taca-da-liga\/"]}]},{"@type":"ImageObject","inLanguage":"pt-PT","@id":"https:\/\/portaltela.pt\/noticias\/2026\/03\/15\/cassiano-klein-e-o-benfica-conquistam-a-taca-da-liga\/#primaryimage","url":"https:\/\/portaltela.pt\/s.01k8rhncp4jt1\/2026\/03\/img_920x518uu2026-03-15-20-02-20-2427215.jpg","contentUrl":"https:\/\/portaltela.pt\/s.01k8rhncp4jt1\/2026\/03\/img_920x518uu2026-03-15-20-02-20-2427215.jpg","width":796,"height":448,"caption":"Cassiano Klein d\u00e1 indica\u00e7\u00f5es durante a final"},{"@type":"BreadcrumbList","@id":"https:\/\/portaltela.pt\/noticias\/2026\/03\/15\/cassiano-klein-e-o-benfica-conquistam-a-taca-da-liga\/#breadcrumb","itemListElement":[{"@type":"ListItem","position":1,"name":"In\u00edcio","item":"https:\/\/portaltela.pt\/"},{"@type":"ListItem","position":2,"name":"Cassiano Klein e o Benfica conquistam a Ta\u00e7a da Liga"}]},{"@type":"WebSite","@id":"https:\/\/portaltela.pt\/#website","url":"https:\/\/portaltela.pt\/","name":"Portal Tela Portugal","description":"","potentialAction":[{"@type":"SearchAction","target":{"@type":"EntryPoint","urlTemplate":"https:\/\/portaltela.pt\/?s={search_term_string}"},"query-input":{"@type":"PropertyValueSpecification","valueRequired":true,"valueName":"search_term_string"}}],"inLanguage":"pt-PT"},{"@type":"Person","@id":"https:\/\/portaltela.pt\/#\/schema\/person\/c4278d4a6028830caff9ee44b42d32ed","name":"Telinha","image":{"@type":"ImageObject","inLanguage":"pt-PT","@id":"https:\/\/portaltela.pt\/s.01k8rhncp4jt1\/2025\/11\/talking-bot-125x125.png","url":"https:\/\/portaltela.pt\/s.01k8rhncp4jt1\/2025\/11\/talking-bot-125x125.png","contentUrl":"https:\/\/portaltela.pt\/s.01k8rhncp4jt1\/2025\/11\/talking-bot-125x125.png","caption":"Telinha"},"sameAs":["https:\/\/portaltela.pt\/"],"url":"https:\/\/portaltela.pt\/por\/367410592786\/"}]}},"_links":{"self":[{"href":"https:\/\/portaltela.pt\/api\/wp\/v2\/posts\/411256","targetHints":{"allow":["GET"]}}],"collection":[{"href":"https:\/\/portaltela.pt\/api\/wp\/v2\/posts"}],"about":[{"href":"https:\/\/portaltela.pt\/api\/wp\/v2\/types\/post"}],"author":[{"embeddable":true,"href":"https:\/\/portaltela.pt\/api\/wp\/v2\/users\/2"}],"replies":[{"embeddable":true,"href":"https:\/\/portaltela.pt\/api\/wp\/v2\/comments?post=411256"}],"version-history":[{"count":0,"href":"https:\/\/portaltela.pt\/api\/wp\/v2\/posts\/411256\/revisions"}],"wp:featuredmedia":[{"embeddable":true,"href":"https:\/\/portaltela.pt\/api\/wp\/v2\/media\/411258"}],"wp:attachment":[{"href":"https:\/\/portaltela.pt\/api\/wp\/v2\/media?parent=411256"}],"wp:term":[{"taxonomy":"category","embeddable":true,"href":"https:\/\/portaltela.pt\/api\/wp\/v2\/categories?post=411256"},{"taxonomy":"post_tag","embeddable":true,"href":"https:\/\/portaltela.pt\/api\/wp\/v2\/tags?post=411256"}],"curies":[{"name":"wp","href":"https:\/\/api.w.org\/{rel}","templated":true}]}}