{"id":411243,"date":"2026-03-15T16:49:00","date_gmt":"2026-03-15T19:49:00","guid":{"rendered":"https:\/\/portaltela.pt\/noticias\/2026\/03\/15\/ventura-critica-a-reforma-milionaria-de-centeno\/"},"modified":"2026-03-15T16:49:00","modified_gmt":"2026-03-15T19:49:00","slug":"ventura-critica-a-reforma-milionaria-de-centeno","status":"publish","type":"post","link":"https:\/\/portaltela.pt\/noticias\/politica\/2026\/03\/15\/ventura-critica-a-reforma-milionaria-de-centeno\/","title":{"rendered":"Ventura critica a reforma milion\u00e1ria de Centeno"},"content":{"rendered":"<p>O l\u00edder do Chega, Andr\u00e9 Ventura, anunciou que vai convocar o governador do Banco de Portugal, \u00c1lvaro Santos Pereira, \u00e0 Assembleia da Rep\u00fablica para explicar os detalhes da reforma de M\u00e1rio Centeno. A convoca\u00e7\u00e3o visa esclarecer a natureza do acordo.<\/p>\n<p>\u00c9 apresentado como uma situa\u00e7\u00e3o invulgar: uma reforma aos 59 anos, com o Banco de Portugal a financiar parte do regime de pens\u00f5es. O partido pretende ouvir o respons\u00e1vel da institui\u00e7\u00e3o para compreender o enquadramento legal e financeiro.<\/p>\n<p>A not\u00edcia foi adiantada na sexta-feira pela publica\u00e7\u00e3o Eco, que revelou o acordo entre Centeno e o banco central. Pela informa\u00e7\u00e3o divulgada, Centeno passa a integrar o leque de pensionistas com remunera\u00e7\u00f5es elevadas aos 59 anos.<\/p>\n<p>O Correio da Manh\u00e3 contactou o Banco de Portugal para obter detalhes sobre o montante da pens\u00e3o, mas n\u00e3o recebeu resposta, segundo o jornal. O banco central n\u00e3o confirmou nem negou o acordo at\u00e9 ao momento.<\/p>\n<p>Centeno manteve-se na institui\u00e7\u00e3o ap\u00f3s terminar o mandato como governador, entre 2020 e 2025, prosseguindo fun\u00e7\u00f5es como consultor antes da atualiza\u00e7\u00e3o anunciada. A reforma em causa vem a p\u00fablico num contexto de escrut\u00ednio sobre pens\u00f5es de altos cargos.<\/p>\n","protected":false},"excerpt":{"rendered":"<ul>\n<li>O l\u00edder do Chega, Andr\u00e9 Ventura, anunciou que vai chamar o governador do Banco de Portugal, \u00c1lvaro Santos Pereira, ao parlamento para explicar a reforma milion\u00e1ria de M\u00e1rio Centeno.<\/li>\n<li>Ventura descreveu a situa\u00e7\u00e3o como invulgar, afirmando que a reforma aos 59 anos precisa de explica\u00e7\u00e3o no Parlamento, j\u00e1 que o Banco de Portugal usa dinheiros p\u00fablicos.<\/li>\n<li>A pol\u00e9mica adv\u00e9m da not\u00edcia do Eco, que revelou que Centeno chegou a acordo com a institui\u00e7\u00e3o para avan\u00e7ar para a reforma, tornando-se pensionista milion\u00e1rio aos 59.<\/li>\n<li>O Correio da Manh\u00e3 contactou o banco central para conhecer os detalhes do acordo, incluindo o valor da pens\u00e3o, mas n\u00e3o obteve resposta.<\/li>\n<li>Centeno, que cumpriu o mandato de governador entre 2020 e 2025, manteve-se a trabalhar na institui\u00e7\u00e3o como consultor.<\/li>\n<\/ul>\n","protected":false},"author":2,"featured_media":411248,"comment_status":"closed","ping_status":"closed","sticky":false,"template":"","format":"standard","meta":{"footnotes":""},"categories":[1,5],"tags":[4365,2142,34,2205,6180,2832],"class_list":["post-411243","post","type-post","status-publish","format-standard","has-post-thumbnail","hentry","category-noticias","category-politica","tag-banco-de-portugal","tag-chega","tag-governo","tag-pensionistas","tag-pensoes","tag-politica"],"yoast_head":"<!-- This site is optimized with the Yoast SEO plugin v27.2 - https:\/\/yoast.com\/product\/yoast-seo-wordpress\/ -->\n<title>Ventura critica a reforma milion\u00e1ria de Centeno - Portal Tela Portugal<\/title>\n<meta name=\"robots\" content=\"index, follow, max-snippet:-1, max-image-preview:large, max-video-preview:-1\" \/>\n<meta property=\"og:locale\" content=\"pt_PT\" \/>\n<meta property=\"og:type\" content=\"article\" \/>\n<meta property=\"og:title\" content=\"Ventura critica a reforma milion\u00e1ria de Centeno - Portal Tela Portugal\" \/>\n<meta property=\"og:description\" content=\"O l\u00edder do Chega, Andr\u00e9 Ventura, anunciou que vai chamar o governador do Banco de Portugal, \u00c1lvaro Santos Pereira, ao parlamento para explicar a reforma milion\u00e1ria de M\u00e1rio Centeno. Ventura descreveu a situa\u00e7\u00e3o como invulgar, afirmando que a reforma aos 59 anos precisa de explica\u00e7\u00e3o no Parlamento, j\u00e1 que o Banco de Portugal usa dinheiros p\u00fablicos. A pol\u00e9mica adv\u00e9m da not\u00edcia do Eco, que revelou que Centeno chegou a acordo com a institui\u00e7\u00e3o para avan\u00e7ar para a reforma, tornando-se pensionista milion\u00e1rio aos 59. O Correio da Manh\u00e3 contactou o banco central para conhecer os detalhes do acordo, incluindo o valor da pens\u00e3o, mas n\u00e3o obteve resposta. Centeno, que cumpriu o mandato de governador entre 2020 e 2025, manteve-se a trabalhar na institui\u00e7\u00e3o como consultor.\" \/>\n<meta property=\"og:url\" content=\"https:\/\/portaltela.pt\/noticias\/2026\/03\/15\/ventura-critica-a-reforma-milionaria-de-centeno\/\" \/>\n<meta property=\"og:site_name\" content=\"Portal Tela Portugal\" \/>\n<meta property=\"article:published_time\" content=\"2026-03-15T19:49:00+00:00\" \/>\n<meta name=\"author\" content=\"Telinha\" \/>\n<meta name=\"twitter:card\" content=\"summary_large_image\" \/>\n<meta name=\"twitter:label1\" content=\"Escrito por\" \/>\n\t<meta name=\"twitter:data1\" content=\"Telinha\" \/>\n\t<meta name=\"twitter:label2\" content=\"Tempo estimado de leitura\" \/>\n\t<meta name=\"twitter:data2\" content=\"1 minuto\" \/>\n<script type=\"application\/ld+json\" class=\"yoast-schema-graph\">{\"@context\":\"https:\/\/schema.org\",\"@graph\":[{\"@type\":\"Article\",\"@id\":\"https:\/\/portaltela.pt\/noticias\/2026\/03\/15\/ventura-critica-a-reforma-milionaria-de-centeno\/#article\",\"isPartOf\":{\"@id\":\"https:\/\/portaltela.pt\/noticias\/2026\/03\/15\/ventura-critica-a-reforma-milionaria-de-centeno\/\"},\"author\":{\"name\":\"Telinha\",\"@id\":\"https:\/\/portaltela.pt\/#\/schema\/person\/c4278d4a6028830caff9ee44b42d32ed\"},\"headline\":\"Ventura critica a reforma milion\u00e1ria de Centeno\",\"datePublished\":\"2026-03-15T19:49:00+00:00\",\"mainEntityOfPage\":{\"@id\":\"https:\/\/portaltela.pt\/noticias\/2026\/03\/15\/ventura-critica-a-reforma-milionaria-de-centeno\/\"},\"wordCount\":212,\"image\":{\"@id\":\"https:\/\/portaltela.pt\/noticias\/2026\/03\/15\/ventura-critica-a-reforma-milionaria-de-centeno\/#primaryimage\"},\"thumbnailUrl\":\"https:\/\/portaltela.pt\/s.01k8rhncp4jt1\/2026\/03\/img_1280x721uu2026-02-05-17-00-02-2265007.jpg\",\"keywords\":[\"Banco de Portugal\",\"CHEGA\",\"governo\",\"pensionistas\",\"pens\u00f5es\",\"pol\u00edtica\"],\"articleSection\":[\"Not\u00edcias\",\"Pol\u00edtica\"],\"inLanguage\":\"pt-PT\"},{\"@type\":\"WebPage\",\"@id\":\"https:\/\/portaltela.pt\/noticias\/2026\/03\/15\/ventura-critica-a-reforma-milionaria-de-centeno\/\",\"url\":\"https:\/\/portaltela.pt\/noticias\/2026\/03\/15\/ventura-critica-a-reforma-milionaria-de-centeno\/\",\"name\":\"Ventura critica a reforma milion\u00e1ria de Centeno - Portal Tela Portugal\",\"isPartOf\":{\"@id\":\"https:\/\/portaltela.pt\/#website\"},\"primaryImageOfPage\":{\"@id\":\"https:\/\/portaltela.pt\/noticias\/2026\/03\/15\/ventura-critica-a-reforma-milionaria-de-centeno\/#primaryimage\"},\"image\":{\"@id\":\"https:\/\/portaltela.pt\/noticias\/2026\/03\/15\/ventura-critica-a-reforma-milionaria-de-centeno\/#primaryimage\"},\"thumbnailUrl\":\"https:\/\/portaltela.pt\/s.01k8rhncp4jt1\/2026\/03\/img_1280x721uu2026-02-05-17-00-02-2265007.jpg\",\"datePublished\":\"2026-03-15T19:49:00+00:00\",\"author\":{\"@id\":\"https:\/\/portaltela.pt\/#\/schema\/person\/c4278d4a6028830caff9ee44b42d32ed\"},\"breadcrumb\":{\"@id\":\"https:\/\/portaltela.pt\/noticias\/2026\/03\/15\/ventura-critica-a-reforma-milionaria-de-centeno\/#breadcrumb\"},\"inLanguage\":\"pt-PT\",\"potentialAction\":[{\"@type\":\"ReadAction\",\"target\":[\"https:\/\/portaltela.pt\/noticias\/2026\/03\/15\/ventura-critica-a-reforma-milionaria-de-centeno\/\"]}]},{\"@type\":\"ImageObject\",\"inLanguage\":\"pt-PT\",\"@id\":\"https:\/\/portaltela.pt\/noticias\/2026\/03\/15\/ventura-critica-a-reforma-milionaria-de-centeno\/#primaryimage\",\"url\":\"https:\/\/portaltela.pt\/s.01k8rhncp4jt1\/2026\/03\/img_1280x721uu2026-02-05-17-00-02-2265007.jpg\",\"contentUrl\":\"https:\/\/portaltela.pt\/s.01k8rhncp4jt1\/2026\/03\/img_1280x721uu2026-02-05-17-00-02-2265007.jpg\",\"width\":796,\"height\":448,\"caption\":\"Andr\u00e9 Ventura, presidente do Chega\"},{\"@type\":\"BreadcrumbList\",\"@id\":\"https:\/\/portaltela.pt\/noticias\/2026\/03\/15\/ventura-critica-a-reforma-milionaria-de-centeno\/#breadcrumb\",\"itemListElement\":[{\"@type\":\"ListItem\",\"position\":1,\"name\":\"In\u00edcio\",\"item\":\"https:\/\/portaltela.pt\/\"},{\"@type\":\"ListItem\",\"position\":2,\"name\":\"Ventura critica a reforma milion\u00e1ria de Centeno\"}]},{\"@type\":\"WebSite\",\"@id\":\"https:\/\/portaltela.pt\/#website\",\"url\":\"https:\/\/portaltela.pt\/\",\"name\":\"Portal Tela Portugal\",\"description\":\"\",\"potentialAction\":[{\"@type\":\"SearchAction\",\"target\":{\"@type\":\"EntryPoint\",\"urlTemplate\":\"https:\/\/portaltela.pt\/?s={search_term_string}\"},\"query-input\":{\"@type\":\"PropertyValueSpecification\",\"valueRequired\":true,\"valueName\":\"search_term_string\"}}],\"inLanguage\":\"pt-PT\"},{\"@type\":\"Person\",\"@id\":\"https:\/\/portaltela.pt\/#\/schema\/person\/c4278d4a6028830caff9ee44b42d32ed\",\"name\":\"Telinha\",\"image\":{\"@type\":\"ImageObject\",\"inLanguage\":\"pt-PT\",\"@id\":\"https:\/\/portaltela.pt\/s.01k8rhncp4jt1\/2025\/11\/talking-bot-125x125.png\",\"url\":\"https:\/\/portaltela.pt\/s.01k8rhncp4jt1\/2025\/11\/talking-bot-125x125.png\",\"contentUrl\":\"https:\/\/portaltela.pt\/s.01k8rhncp4jt1\/2025\/11\/talking-bot-125x125.png\",\"caption\":\"Telinha\"},\"sameAs\":[\"https:\/\/portaltela.pt\/\"],\"url\":\"https:\/\/portaltela.pt\/por\/367410592786\/\"}]}<\/script>\n<!-- \/ Yoast SEO plugin. -->","yoast_head_json":{"title":"Ventura critica a reforma milion\u00e1ria de Centeno - Portal Tela Portugal","robots":{"index":"index","follow":"follow","max-snippet":"max-snippet:-1","max-image-preview":"max-image-preview:large","max-video-preview":"max-video-preview:-1"},"og_locale":"pt_PT","og_type":"article","og_title":"Ventura critica a reforma milion\u00e1ria de Centeno - Portal Tela Portugal","og_description":"O l\u00edder do Chega, Andr\u00e9 Ventura, anunciou que vai chamar o governador do Banco de Portugal, \u00c1lvaro Santos Pereira, ao parlamento para explicar a reforma milion\u00e1ria de M\u00e1rio Centeno. Ventura descreveu a situa\u00e7\u00e3o como invulgar, afirmando que a reforma aos 59 anos precisa de explica\u00e7\u00e3o no Parlamento, j\u00e1 que o Banco de Portugal usa dinheiros p\u00fablicos. A pol\u00e9mica adv\u00e9m da not\u00edcia do Eco, que revelou que Centeno chegou a acordo com a institui\u00e7\u00e3o para avan\u00e7ar para a reforma, tornando-se pensionista milion\u00e1rio aos 59. O Correio da Manh\u00e3 contactou o banco central para conhecer os detalhes do acordo, incluindo o valor da pens\u00e3o, mas n\u00e3o obteve resposta. Centeno, que cumpriu o mandato de governador entre 2020 e 2025, manteve-se a trabalhar na institui\u00e7\u00e3o como consultor.","og_url":"https:\/\/portaltela.pt\/noticias\/2026\/03\/15\/ventura-critica-a-reforma-milionaria-de-centeno\/","og_site_name":"Portal Tela Portugal","article_published_time":"2026-03-15T19:49:00+00:00","author":"Telinha","twitter_card":"summary_large_image","twitter_misc":{"Escrito por":"Telinha","Tempo estimado de leitura":"1 minuto"},"schema":{"@context":"https:\/\/schema.org","@graph":[{"@type":"Article","@id":"https:\/\/portaltela.pt\/noticias\/2026\/03\/15\/ventura-critica-a-reforma-milionaria-de-centeno\/#article","isPartOf":{"@id":"https:\/\/portaltela.pt\/noticias\/2026\/03\/15\/ventura-critica-a-reforma-milionaria-de-centeno\/"},"author":{"name":"Telinha","@id":"https:\/\/portaltela.pt\/#\/schema\/person\/c4278d4a6028830caff9ee44b42d32ed"},"headline":"Ventura critica a reforma milion\u00e1ria de Centeno","datePublished":"2026-03-15T19:49:00+00:00","mainEntityOfPage":{"@id":"https:\/\/portaltela.pt\/noticias\/2026\/03\/15\/ventura-critica-a-reforma-milionaria-de-centeno\/"},"wordCount":212,"image":{"@id":"https:\/\/portaltela.pt\/noticias\/2026\/03\/15\/ventura-critica-a-reforma-milionaria-de-centeno\/#primaryimage"},"thumbnailUrl":"https:\/\/portaltela.pt\/s.01k8rhncp4jt1\/2026\/03\/img_1280x721uu2026-02-05-17-00-02-2265007.jpg","keywords":["Banco de Portugal","CHEGA","governo","pensionistas","pens\u00f5es","pol\u00edtica"],"articleSection":["Not\u00edcias","Pol\u00edtica"],"inLanguage":"pt-PT"},{"@type":"WebPage","@id":"https:\/\/portaltela.pt\/noticias\/2026\/03\/15\/ventura-critica-a-reforma-milionaria-de-centeno\/","url":"https:\/\/portaltela.pt\/noticias\/2026\/03\/15\/ventura-critica-a-reforma-milionaria-de-centeno\/","name":"Ventura critica a reforma milion\u00e1ria de Centeno - Portal Tela Portugal","isPartOf":{"@id":"https:\/\/portaltela.pt\/#website"},"primaryImageOfPage":{"@id":"https:\/\/portaltela.pt\/noticias\/2026\/03\/15\/ventura-critica-a-reforma-milionaria-de-centeno\/#primaryimage"},"image":{"@id":"https:\/\/portaltela.pt\/noticias\/2026\/03\/15\/ventura-critica-a-reforma-milionaria-de-centeno\/#primaryimage"},"thumbnailUrl":"https:\/\/portaltela.pt\/s.01k8rhncp4jt1\/2026\/03\/img_1280x721uu2026-02-05-17-00-02-2265007.jpg","datePublished":"2026-03-15T19:49:00+00:00","author":{"@id":"https:\/\/portaltela.pt\/#\/schema\/person\/c4278d4a6028830caff9ee44b42d32ed"},"breadcrumb":{"@id":"https:\/\/portaltela.pt\/noticias\/2026\/03\/15\/ventura-critica-a-reforma-milionaria-de-centeno\/#breadcrumb"},"inLanguage":"pt-PT","potentialAction":[{"@type":"ReadAction","target":["https:\/\/portaltela.pt\/noticias\/2026\/03\/15\/ventura-critica-a-reforma-milionaria-de-centeno\/"]}]},{"@type":"ImageObject","inLanguage":"pt-PT","@id":"https:\/\/portaltela.pt\/noticias\/2026\/03\/15\/ventura-critica-a-reforma-milionaria-de-centeno\/#primaryimage","url":"https:\/\/portaltela.pt\/s.01k8rhncp4jt1\/2026\/03\/img_1280x721uu2026-02-05-17-00-02-2265007.jpg","contentUrl":"https:\/\/portaltela.pt\/s.01k8rhncp4jt1\/2026\/03\/img_1280x721uu2026-02-05-17-00-02-2265007.jpg","width":796,"height":448,"caption":"Andr\u00e9 Ventura, presidente do Chega"},{"@type":"BreadcrumbList","@id":"https:\/\/portaltela.pt\/noticias\/2026\/03\/15\/ventura-critica-a-reforma-milionaria-de-centeno\/#breadcrumb","itemListElement":[{"@type":"ListItem","position":1,"name":"In\u00edcio","item":"https:\/\/portaltela.pt\/"},{"@type":"ListItem","position":2,"name":"Ventura critica a reforma milion\u00e1ria de Centeno"}]},{"@type":"WebSite","@id":"https:\/\/portaltela.pt\/#website","url":"https:\/\/portaltela.pt\/","name":"Portal Tela Portugal","description":"","potentialAction":[{"@type":"SearchAction","target":{"@type":"EntryPoint","urlTemplate":"https:\/\/portaltela.pt\/?s={search_term_string}"},"query-input":{"@type":"PropertyValueSpecification","valueRequired":true,"valueName":"search_term_string"}}],"inLanguage":"pt-PT"},{"@type":"Person","@id":"https:\/\/portaltela.pt\/#\/schema\/person\/c4278d4a6028830caff9ee44b42d32ed","name":"Telinha","image":{"@type":"ImageObject","inLanguage":"pt-PT","@id":"https:\/\/portaltela.pt\/s.01k8rhncp4jt1\/2025\/11\/talking-bot-125x125.png","url":"https:\/\/portaltela.pt\/s.01k8rhncp4jt1\/2025\/11\/talking-bot-125x125.png","contentUrl":"https:\/\/portaltela.pt\/s.01k8rhncp4jt1\/2025\/11\/talking-bot-125x125.png","caption":"Telinha"},"sameAs":["https:\/\/portaltela.pt\/"],"url":"https:\/\/portaltela.pt\/por\/367410592786\/"}]}},"_links":{"self":[{"href":"https:\/\/portaltela.pt\/api\/wp\/v2\/posts\/411243","targetHints":{"allow":["GET"]}}],"collection":[{"href":"https:\/\/portaltela.pt\/api\/wp\/v2\/posts"}],"about":[{"href":"https:\/\/portaltela.pt\/api\/wp\/v2\/types\/post"}],"author":[{"embeddable":true,"href":"https:\/\/portaltela.pt\/api\/wp\/v2\/users\/2"}],"replies":[{"embeddable":true,"href":"https:\/\/portaltela.pt\/api\/wp\/v2\/comments?post=411243"}],"version-history":[{"count":0,"href":"https:\/\/portaltela.pt\/api\/wp\/v2\/posts\/411243\/revisions"}],"wp:featuredmedia":[{"embeddable":true,"href":"https:\/\/portaltela.pt\/api\/wp\/v2\/media\/411248"}],"wp:attachment":[{"href":"https:\/\/portaltela.pt\/api\/wp\/v2\/media?parent=411243"}],"wp:term":[{"taxonomy":"category","embeddable":true,"href":"https:\/\/portaltela.pt\/api\/wp\/v2\/categories?post=411243"},{"taxonomy":"post_tag","embeddable":true,"href":"https:\/\/portaltela.pt\/api\/wp\/v2\/tags?post=411243"}],"curies":[{"name":"wp","href":"https:\/\/api.w.org\/{rel}","templated":true}]}}