{"id":411233,"date":"2026-03-15T16:32:00","date_gmt":"2026-03-15T19:32:00","guid":{"rendered":"https:\/\/portaltela.pt\/noticias\/2026\/03\/15\/freguesia-menos-populosa-de-murca-celebra-as-raizes-da-terra\/"},"modified":"2026-03-15T16:32:00","modified_gmt":"2026-03-15T19:32:00","slug":"freguesia-menos-populosa-de-murca-celebra-as-raizes-da-terra","status":"publish","type":"post","link":"https:\/\/portaltela.pt\/sociedade\/2026\/03\/15\/freguesia-menos-populosa-de-murca-celebra-as-raizes-da-terra\/","title":{"rendered":"Freguesia menos populosa de Mur\u00e7a celebra as ra\u00edzes da terra"},"content":{"rendered":"<p>A freguesia de Jou, a maior em \u00e1rea entre as freguesias de Mur\u00e7a, celebrou pela primeira vez as suas ra\u00edzes, valorizando a tradi\u00e7\u00e3o agr\u00edcola e de ca\u00e7a. O evento ocorreu este domingo, realizado pela Junta de Freguesia sob a lideran\u00e7a de Lu\u00eds Damas Noura.<\/p>\n<p>A iniciativa atraiu um n\u00famero de visitantes superior ao total de habitantes da freguesia. Al\u00e9m de residentes, estiveram presentes ca\u00e7adores de v\u00e1rias regi\u00f5es do Norte do pa\u00eds, que costumam deslocar-se \u00e0 regi\u00e3o para atividades cineg\u00e9ticas.<\/p>\n<p>O programa incluiu comes e bebes, barracas de produtos locais e um passeio de comboio pela freguesia. Destaque para uma largada de perdizes e fais\u00f5es, aves que tinham desaparecido da regi\u00e3o ap\u00f3s os inc\u00eandios de 2022 que destru\u00edram grande parte da floresta local.<\/p>\n<h3>Detalhes do evento<\/h3>\n<p>A organiza\u00e7\u00e3o da junta planeou atividades para todas as idades, com foco na promo\u00e7\u00e3o de refer\u00eancias locais. A festa manteve o car\u00e1ter comunit\u00e1rio e vinculou a popula\u00e7\u00e3o \u00e0 mem\u00f3ria agr\u00edcola e cineg\u00e9tica da regi\u00e3o.<\/p>\n<p>Fotos: \u00d3scar Queir\u00f3s<\/p>\n","protected":false},"excerpt":{"rendered":"<ul>\n<li>A freguesia de Jou, em Mur\u00e7a, maior em \u00e1rea mas menos populosa, celebrou pela primeira vez as suas ra\u00edzes com uma mostra de produtos locais organizada pela junta de freguesia.<\/li>\n<li>A participa\u00e7\u00e3o incluiu forasteiros de \u00e1reas vizinhas e ca\u00e7adores do Norte do pa\u00eds, que costumam deambular pela regi\u00e3o.<\/li>\n<li>O Largo do Toural, centro da freguesia, esteve cheio desde o amanhecer, com p\u00fablico muito superior ao n\u00famero de habitantes.<\/li>\n<li>No programa estavam comes e bebes, barracas de produtos locais e um comboio tur\u00edstico pela localidade.<\/li>\n<li>Tamb\u00e9m houve uma largada de dezenas de perdizes e Fais\u00f5es, aves que tinham desaparecido ap\u00f3s os inc\u00eandios de 2022 que destru\u00edram grande parte da fauna e da floresta da freguesia.<\/li>\n<\/ul>\n","protected":false},"author":2,"featured_media":411235,"comment_status":"closed","ping_status":"closed","sticky":false,"template":"","format":"standard","meta":{"footnotes":""},"categories":[6725,6871],"tags":[4914,778,3035,3424,2765,169],"class_list":["post-411233","post","type-post","status-publish","format-standard","has-post-thumbnail","hentry","category-meio-ambiente","category-sociedade","tag-a-agricultura","tag-comida","tag-comunidade","tag-freguesias","tag-norte","tag-turismo"],"yoast_head":"<!-- This site is optimized with the Yoast SEO plugin v27.2 - https:\/\/yoast.com\/product\/yoast-seo-wordpress\/ -->\n<title>Freguesia menos populosa de Mur\u00e7a celebra as ra\u00edzes da terra - Portal Tela Portugal<\/title>\n<meta name=\"robots\" content=\"index, follow, max-snippet:-1, max-image-preview:large, max-video-preview:-1\" \/>\n<meta property=\"og:locale\" content=\"pt_PT\" \/>\n<meta property=\"og:type\" content=\"article\" \/>\n<meta property=\"og:title\" content=\"Freguesia menos populosa de Mur\u00e7a celebra as ra\u00edzes da terra - Portal Tela Portugal\" \/>\n<meta property=\"og:description\" content=\"A freguesia de Jou, em Mur\u00e7a, maior em \u00e1rea mas menos populosa, celebrou pela primeira vez as suas ra\u00edzes com uma mostra de produtos locais organizada pela junta de freguesia. A participa\u00e7\u00e3o incluiu forasteiros de \u00e1reas vizinhas e ca\u00e7adores do Norte do pa\u00eds, que costumam deambular pela regi\u00e3o. O Largo do Toural, centro da freguesia, esteve cheio desde o amanhecer, com p\u00fablico muito superior ao n\u00famero de habitantes. No programa estavam comes e bebes, barracas de produtos locais e um comboio tur\u00edstico pela localidade. Tamb\u00e9m houve uma largada de dezenas de perdizes e Fais\u00f5es, aves que tinham desaparecido ap\u00f3s os inc\u00eandios de 2022 que destru\u00edram grande parte da fauna e da floresta da freguesia.\" \/>\n<meta property=\"og:url\" content=\"https:\/\/portaltela.pt\/noticias\/2026\/03\/15\/freguesia-menos-populosa-de-murca-celebra-as-raizes-da-terra\/\" \/>\n<meta property=\"og:site_name\" content=\"Portal Tela Portugal\" \/>\n<meta property=\"article:published_time\" content=\"2026-03-15T19:32:00+00:00\" \/>\n<meta name=\"author\" content=\"Telinha\" \/>\n<meta name=\"twitter:card\" content=\"summary_large_image\" \/>\n<meta name=\"twitter:label1\" content=\"Escrito por\" \/>\n\t<meta name=\"twitter:data1\" content=\"Telinha\" \/>\n\t<meta name=\"twitter:label2\" content=\"Tempo estimado de leitura\" \/>\n\t<meta name=\"twitter:data2\" content=\"1 minuto\" \/>\n<script type=\"application\/ld+json\" class=\"yoast-schema-graph\">{\"@context\":\"https:\/\/schema.org\",\"@graph\":[{\"@type\":\"Article\",\"@id\":\"https:\/\/portaltela.pt\/noticias\/2026\/03\/15\/freguesia-menos-populosa-de-murca-celebra-as-raizes-da-terra\/#article\",\"isPartOf\":{\"@id\":\"https:\/\/portaltela.pt\/noticias\/2026\/03\/15\/freguesia-menos-populosa-de-murca-celebra-as-raizes-da-terra\/\"},\"author\":{\"name\":\"Telinha\",\"@id\":\"https:\/\/portaltela.pt\/#\/schema\/person\/c4278d4a6028830caff9ee44b42d32ed\"},\"headline\":\"Freguesia menos populosa de Mur\u00e7a celebra as ra\u00edzes da terra\",\"datePublished\":\"2026-03-15T19:32:00+00:00\",\"mainEntityOfPage\":{\"@id\":\"https:\/\/portaltela.pt\/noticias\/2026\/03\/15\/freguesia-menos-populosa-de-murca-celebra-as-raizes-da-terra\/\"},\"wordCount\":202,\"image\":{\"@id\":\"https:\/\/portaltela.pt\/noticias\/2026\/03\/15\/freguesia-menos-populosa-de-murca-celebra-as-raizes-da-terra\/#primaryimage\"},\"thumbnailUrl\":\"https:\/\/portaltela.pt\/s.01k8rhncp4jt1\/2026\/03\/image-65.webp\",\"keywords\":[\"A agricultura\",\"comida\",\"comunidade\",\"freguesias\",\"Norte\",\"turismo\"],\"articleSection\":[\"Meio Ambiente\",\"Sociedade\"],\"inLanguage\":\"pt-PT\"},{\"@type\":\"WebPage\",\"@id\":\"https:\/\/portaltela.pt\/noticias\/2026\/03\/15\/freguesia-menos-populosa-de-murca-celebra-as-raizes-da-terra\/\",\"url\":\"https:\/\/portaltela.pt\/noticias\/2026\/03\/15\/freguesia-menos-populosa-de-murca-celebra-as-raizes-da-terra\/\",\"name\":\"Freguesia menos populosa de Mur\u00e7a celebra as ra\u00edzes da terra - Portal Tela Portugal\",\"isPartOf\":{\"@id\":\"https:\/\/portaltela.pt\/#website\"},\"primaryImageOfPage\":{\"@id\":\"https:\/\/portaltela.pt\/noticias\/2026\/03\/15\/freguesia-menos-populosa-de-murca-celebra-as-raizes-da-terra\/#primaryimage\"},\"image\":{\"@id\":\"https:\/\/portaltela.pt\/noticias\/2026\/03\/15\/freguesia-menos-populosa-de-murca-celebra-as-raizes-da-terra\/#primaryimage\"},\"thumbnailUrl\":\"https:\/\/portaltela.pt\/s.01k8rhncp4jt1\/2026\/03\/image-65.webp\",\"datePublished\":\"2026-03-15T19:32:00+00:00\",\"author\":{\"@id\":\"https:\/\/portaltela.pt\/#\/schema\/person\/c4278d4a6028830caff9ee44b42d32ed\"},\"breadcrumb\":{\"@id\":\"https:\/\/portaltela.pt\/noticias\/2026\/03\/15\/freguesia-menos-populosa-de-murca-celebra-as-raizes-da-terra\/#breadcrumb\"},\"inLanguage\":\"pt-PT\",\"potentialAction\":[{\"@type\":\"ReadAction\",\"target\":[\"https:\/\/portaltela.pt\/noticias\/2026\/03\/15\/freguesia-menos-populosa-de-murca-celebra-as-raizes-da-terra\/\"]}]},{\"@type\":\"ImageObject\",\"inLanguage\":\"pt-PT\",\"@id\":\"https:\/\/portaltela.pt\/noticias\/2026\/03\/15\/freguesia-menos-populosa-de-murca-celebra-as-raizes-da-terra\/#primaryimage\",\"url\":\"https:\/\/portaltela.pt\/s.01k8rhncp4jt1\/2026\/03\/image-65.webp\",\"contentUrl\":\"https:\/\/portaltela.pt\/s.01k8rhncp4jt1\/2026\/03\/image-65.webp\",\"width\":1200,\"height\":1269,\"caption\":\"Foto: \u00d3scar Queir\u00f3s\"},{\"@type\":\"BreadcrumbList\",\"@id\":\"https:\/\/portaltela.pt\/noticias\/2026\/03\/15\/freguesia-menos-populosa-de-murca-celebra-as-raizes-da-terra\/#breadcrumb\",\"itemListElement\":[{\"@type\":\"ListItem\",\"position\":1,\"name\":\"In\u00edcio\",\"item\":\"https:\/\/portaltela.pt\/\"},{\"@type\":\"ListItem\",\"position\":2,\"name\":\"Freguesia menos populosa de Mur\u00e7a celebra as ra\u00edzes da terra\"}]},{\"@type\":\"WebSite\",\"@id\":\"https:\/\/portaltela.pt\/#website\",\"url\":\"https:\/\/portaltela.pt\/\",\"name\":\"Portal Tela Portugal\",\"description\":\"\",\"potentialAction\":[{\"@type\":\"SearchAction\",\"target\":{\"@type\":\"EntryPoint\",\"urlTemplate\":\"https:\/\/portaltela.pt\/?s={search_term_string}\"},\"query-input\":{\"@type\":\"PropertyValueSpecification\",\"valueRequired\":true,\"valueName\":\"search_term_string\"}}],\"inLanguage\":\"pt-PT\"},{\"@type\":\"Person\",\"@id\":\"https:\/\/portaltela.pt\/#\/schema\/person\/c4278d4a6028830caff9ee44b42d32ed\",\"name\":\"Telinha\",\"image\":{\"@type\":\"ImageObject\",\"inLanguage\":\"pt-PT\",\"@id\":\"https:\/\/portaltela.pt\/s.01k8rhncp4jt1\/2025\/11\/talking-bot-125x125.png\",\"url\":\"https:\/\/portaltela.pt\/s.01k8rhncp4jt1\/2025\/11\/talking-bot-125x125.png\",\"contentUrl\":\"https:\/\/portaltela.pt\/s.01k8rhncp4jt1\/2025\/11\/talking-bot-125x125.png\",\"caption\":\"Telinha\"},\"sameAs\":[\"https:\/\/portaltela.pt\/\"],\"url\":\"https:\/\/portaltela.pt\/por\/367410592786\/\"}]}<\/script>\n<!-- \/ Yoast SEO plugin. -->","yoast_head_json":{"title":"Freguesia menos populosa de Mur\u00e7a celebra as ra\u00edzes da terra - Portal Tela Portugal","robots":{"index":"index","follow":"follow","max-snippet":"max-snippet:-1","max-image-preview":"max-image-preview:large","max-video-preview":"max-video-preview:-1"},"og_locale":"pt_PT","og_type":"article","og_title":"Freguesia menos populosa de Mur\u00e7a celebra as ra\u00edzes da terra - Portal Tela Portugal","og_description":"A freguesia de Jou, em Mur\u00e7a, maior em \u00e1rea mas menos populosa, celebrou pela primeira vez as suas ra\u00edzes com uma mostra de produtos locais organizada pela junta de freguesia. A participa\u00e7\u00e3o incluiu forasteiros de \u00e1reas vizinhas e ca\u00e7adores do Norte do pa\u00eds, que costumam deambular pela regi\u00e3o. O Largo do Toural, centro da freguesia, esteve cheio desde o amanhecer, com p\u00fablico muito superior ao n\u00famero de habitantes. No programa estavam comes e bebes, barracas de produtos locais e um comboio tur\u00edstico pela localidade. Tamb\u00e9m houve uma largada de dezenas de perdizes e Fais\u00f5es, aves que tinham desaparecido ap\u00f3s os inc\u00eandios de 2022 que destru\u00edram grande parte da fauna e da floresta da freguesia.","og_url":"https:\/\/portaltela.pt\/noticias\/2026\/03\/15\/freguesia-menos-populosa-de-murca-celebra-as-raizes-da-terra\/","og_site_name":"Portal Tela Portugal","article_published_time":"2026-03-15T19:32:00+00:00","author":"Telinha","twitter_card":"summary_large_image","twitter_misc":{"Escrito por":"Telinha","Tempo estimado de leitura":"1 minuto"},"schema":{"@context":"https:\/\/schema.org","@graph":[{"@type":"Article","@id":"https:\/\/portaltela.pt\/noticias\/2026\/03\/15\/freguesia-menos-populosa-de-murca-celebra-as-raizes-da-terra\/#article","isPartOf":{"@id":"https:\/\/portaltela.pt\/noticias\/2026\/03\/15\/freguesia-menos-populosa-de-murca-celebra-as-raizes-da-terra\/"},"author":{"name":"Telinha","@id":"https:\/\/portaltela.pt\/#\/schema\/person\/c4278d4a6028830caff9ee44b42d32ed"},"headline":"Freguesia menos populosa de Mur\u00e7a celebra as ra\u00edzes da terra","datePublished":"2026-03-15T19:32:00+00:00","mainEntityOfPage":{"@id":"https:\/\/portaltela.pt\/noticias\/2026\/03\/15\/freguesia-menos-populosa-de-murca-celebra-as-raizes-da-terra\/"},"wordCount":202,"image":{"@id":"https:\/\/portaltela.pt\/noticias\/2026\/03\/15\/freguesia-menos-populosa-de-murca-celebra-as-raizes-da-terra\/#primaryimage"},"thumbnailUrl":"https:\/\/portaltela.pt\/s.01k8rhncp4jt1\/2026\/03\/image-65.webp","keywords":["A agricultura","comida","comunidade","freguesias","Norte","turismo"],"articleSection":["Meio Ambiente","Sociedade"],"inLanguage":"pt-PT"},{"@type":"WebPage","@id":"https:\/\/portaltela.pt\/noticias\/2026\/03\/15\/freguesia-menos-populosa-de-murca-celebra-as-raizes-da-terra\/","url":"https:\/\/portaltela.pt\/noticias\/2026\/03\/15\/freguesia-menos-populosa-de-murca-celebra-as-raizes-da-terra\/","name":"Freguesia menos populosa de Mur\u00e7a celebra as ra\u00edzes da terra - Portal Tela Portugal","isPartOf":{"@id":"https:\/\/portaltela.pt\/#website"},"primaryImageOfPage":{"@id":"https:\/\/portaltela.pt\/noticias\/2026\/03\/15\/freguesia-menos-populosa-de-murca-celebra-as-raizes-da-terra\/#primaryimage"},"image":{"@id":"https:\/\/portaltela.pt\/noticias\/2026\/03\/15\/freguesia-menos-populosa-de-murca-celebra-as-raizes-da-terra\/#primaryimage"},"thumbnailUrl":"https:\/\/portaltela.pt\/s.01k8rhncp4jt1\/2026\/03\/image-65.webp","datePublished":"2026-03-15T19:32:00+00:00","author":{"@id":"https:\/\/portaltela.pt\/#\/schema\/person\/c4278d4a6028830caff9ee44b42d32ed"},"breadcrumb":{"@id":"https:\/\/portaltela.pt\/noticias\/2026\/03\/15\/freguesia-menos-populosa-de-murca-celebra-as-raizes-da-terra\/#breadcrumb"},"inLanguage":"pt-PT","potentialAction":[{"@type":"ReadAction","target":["https:\/\/portaltela.pt\/noticias\/2026\/03\/15\/freguesia-menos-populosa-de-murca-celebra-as-raizes-da-terra\/"]}]},{"@type":"ImageObject","inLanguage":"pt-PT","@id":"https:\/\/portaltela.pt\/noticias\/2026\/03\/15\/freguesia-menos-populosa-de-murca-celebra-as-raizes-da-terra\/#primaryimage","url":"https:\/\/portaltela.pt\/s.01k8rhncp4jt1\/2026\/03\/image-65.webp","contentUrl":"https:\/\/portaltela.pt\/s.01k8rhncp4jt1\/2026\/03\/image-65.webp","width":1200,"height":1269,"caption":"Foto: \u00d3scar Queir\u00f3s"},{"@type":"BreadcrumbList","@id":"https:\/\/portaltela.pt\/noticias\/2026\/03\/15\/freguesia-menos-populosa-de-murca-celebra-as-raizes-da-terra\/#breadcrumb","itemListElement":[{"@type":"ListItem","position":1,"name":"In\u00edcio","item":"https:\/\/portaltela.pt\/"},{"@type":"ListItem","position":2,"name":"Freguesia menos populosa de Mur\u00e7a celebra as ra\u00edzes da terra"}]},{"@type":"WebSite","@id":"https:\/\/portaltela.pt\/#website","url":"https:\/\/portaltela.pt\/","name":"Portal Tela Portugal","description":"","potentialAction":[{"@type":"SearchAction","target":{"@type":"EntryPoint","urlTemplate":"https:\/\/portaltela.pt\/?s={search_term_string}"},"query-input":{"@type":"PropertyValueSpecification","valueRequired":true,"valueName":"search_term_string"}}],"inLanguage":"pt-PT"},{"@type":"Person","@id":"https:\/\/portaltela.pt\/#\/schema\/person\/c4278d4a6028830caff9ee44b42d32ed","name":"Telinha","image":{"@type":"ImageObject","inLanguage":"pt-PT","@id":"https:\/\/portaltela.pt\/s.01k8rhncp4jt1\/2025\/11\/talking-bot-125x125.png","url":"https:\/\/portaltela.pt\/s.01k8rhncp4jt1\/2025\/11\/talking-bot-125x125.png","contentUrl":"https:\/\/portaltela.pt\/s.01k8rhncp4jt1\/2025\/11\/talking-bot-125x125.png","caption":"Telinha"},"sameAs":["https:\/\/portaltela.pt\/"],"url":"https:\/\/portaltela.pt\/por\/367410592786\/"}]}},"_links":{"self":[{"href":"https:\/\/portaltela.pt\/api\/wp\/v2\/posts\/411233","targetHints":{"allow":["GET"]}}],"collection":[{"href":"https:\/\/portaltela.pt\/api\/wp\/v2\/posts"}],"about":[{"href":"https:\/\/portaltela.pt\/api\/wp\/v2\/types\/post"}],"author":[{"embeddable":true,"href":"https:\/\/portaltela.pt\/api\/wp\/v2\/users\/2"}],"replies":[{"embeddable":true,"href":"https:\/\/portaltela.pt\/api\/wp\/v2\/comments?post=411233"}],"version-history":[{"count":0,"href":"https:\/\/portaltela.pt\/api\/wp\/v2\/posts\/411233\/revisions"}],"wp:featuredmedia":[{"embeddable":true,"href":"https:\/\/portaltela.pt\/api\/wp\/v2\/media\/411235"}],"wp:attachment":[{"href":"https:\/\/portaltela.pt\/api\/wp\/v2\/media?parent=411233"}],"wp:term":[{"taxonomy":"category","embeddable":true,"href":"https:\/\/portaltela.pt\/api\/wp\/v2\/categories?post=411233"},{"taxonomy":"post_tag","embeddable":true,"href":"https:\/\/portaltela.pt\/api\/wp\/v2\/tags?post=411233"}],"curies":[{"name":"wp","href":"https:\/\/api.w.org\/{rel}","templated":true}]}}