{"id":411221,"date":"2026-03-15T16:27:00","date_gmt":"2026-03-15T19:27:00","guid":{"rendered":"https:\/\/portaltela.pt\/noticias\/2026\/03\/15\/castela-e-leao-centro-direita-espanhola-refem-de-radicais\/"},"modified":"2026-03-15T16:27:00","modified_gmt":"2026-03-15T19:27:00","slug":"castela-e-leao-centro-direita-espanhola-refem-de-radicais","status":"publish","type":"post","link":"https:\/\/portaltela.pt\/noticias\/politica\/2026\/03\/15\/castela-e-leao-centro-direita-espanhola-refem-de-radicais\/","title":{"rendered":"Castela e Le\u00e3o: centro-direita espanhola ref\u00e9m de radicais"},"content":{"rendered":"<p>O Partido Popular (PP), de centro-direita, venceu as elei\u00e7\u00f5es em Castela e Le\u00e3o, a maior regi\u00e3o aut\u00f3noma de Espanha. A vota\u00e7\u00e3o ocorreu neste domingo, num ciclo de elei\u00e7\u00f5es regionais que se arrasta pelo pa\u00eds. O resultado consolida o PP no poder, num quadro em que o Vox cresce.<\/p>\n<p>Apesar da vit\u00f3ria do PP, o crescimento do Vox complica as negocia\u00e7\u00f5es para a forma\u00e7\u00e3o de governo. O partido radical refor\u00e7a a sua posi\u00e7\u00e3o, anunciando exig\u00eancias mais firmes para apoiar qualquer mayor\u00eda de direita.<\/p>\n<h3>Contexto regional<\/h3>\n<p>A imprensa descreve o momento como uma repeti\u00e7\u00e3o do padr\u00e3o observado em outras regi\u00f5es: vit\u00f3ria do PP, com o Vox a ampliar o espa\u00e7o de influ\u00eancia. As negocia\u00e7\u00f5es continuam pendentes, com aten\u00e7\u00f5es voltadas para poss\u00edveis acordos entre as forma\u00e7\u00f5es \u00e0 direita.<\/p>\n<h3>Implica\u00e7\u00f5es pol\u00edticas<\/h3>\n<p>Observa-se que o aumento de exig\u00eancias do Vox pode dificultar acordos est\u00e1veis a curto prazo. O cen\u00e1rio aponta para negocia\u00e7\u00f5es intensas entre partidos para formar governos regionais em v\u00e1rias comunidades.<\/p>\n","protected":false},"excerpt":{"rendered":"<ul>\n<li>Em Castela e Le\u00e3o, no domingo, o Partido Popular (PP) voltou a vencer, assegurando a maior regi\u00e3o de Espanha.<\/li>\n<li>O crescimento do Vox fortalece-se e dever\u00e1 exigir mais concess\u00f5es para garantir um governo de direita.<\/li>\n<li>O resultado mant\u00e9m o padr\u00e3o de elei\u00e7\u00f5es regionais e antev\u00ea negocia\u00e7\u00f5es para a forma\u00e7\u00e3o de governos ainda por concluir.<\/li>\n<li>O cen\u00e1rio indica que o PP poder\u00e1 precisar de apoio do Vox para consolidar alian\u00e7as regionais.<\/li>\n<li>As expectativas apontam para exig\u00eancias mais acentuadas por parte do Vox nas negocia\u00e7\u00f5es de governa\u00e7\u00e3o.<\/li>\n<\/ul>\n","protected":false},"author":2,"featured_media":411226,"comment_status":"closed","ping_status":"closed","sticky":false,"template":"","format":"standard","meta":{"footnotes":""},"categories":[1,5],"tags":[68,2031,34,1732,2832,5711],"class_list":["post-411221","post","type-post","status-publish","format-standard","has-post-thumbnail","hentry","category-noticias","category-politica","tag-eleicoes","tag-espanha","tag-governo","tag-partidos","tag-politica","tag-pp"],"yoast_head":"<!-- This site is optimized with the Yoast SEO plugin v27.2 - https:\/\/yoast.com\/product\/yoast-seo-wordpress\/ -->\n<title>Castela e Le\u00e3o: centro-direita espanhola ref\u00e9m de radicais - Portal Tela Portugal<\/title>\n<meta name=\"robots\" content=\"index, follow, max-snippet:-1, max-image-preview:large, max-video-preview:-1\" \/>\n<meta property=\"og:locale\" content=\"pt_PT\" \/>\n<meta property=\"og:type\" content=\"article\" \/>\n<meta property=\"og:title\" content=\"Castela e Le\u00e3o: centro-direita espanhola ref\u00e9m de radicais - Portal Tela Portugal\" \/>\n<meta property=\"og:description\" content=\"Em Castela e Le\u00e3o, no domingo, o Partido Popular (PP) voltou a vencer, assegurando a maior regi\u00e3o de Espanha. O crescimento do Vox fortalece-se e dever\u00e1 exigir mais concess\u00f5es para garantir um governo de direita. O resultado mant\u00e9m o padr\u00e3o de elei\u00e7\u00f5es regionais e antev\u00ea negocia\u00e7\u00f5es para a forma\u00e7\u00e3o de governos ainda por concluir. O cen\u00e1rio indica que o PP poder\u00e1 precisar de apoio do Vox para consolidar alian\u00e7as regionais. As expectativas apontam para exig\u00eancias mais acentuadas por parte do Vox nas negocia\u00e7\u00f5es de governa\u00e7\u00e3o.\" \/>\n<meta property=\"og:url\" content=\"https:\/\/portaltela.pt\/noticias\/2026\/03\/15\/castela-e-leao-centro-direita-espanhola-refem-de-radicais\/\" \/>\n<meta property=\"og:site_name\" content=\"Portal Tela Portugal\" \/>\n<meta property=\"article:published_time\" content=\"2026-03-15T19:27:00+00:00\" \/>\n<meta name=\"author\" content=\"Telinha\" \/>\n<meta name=\"twitter:card\" content=\"summary_large_image\" \/>\n<meta name=\"twitter:label1\" content=\"Escrito por\" \/>\n\t<meta name=\"twitter:data1\" content=\"Telinha\" \/>\n\t<meta name=\"twitter:label2\" content=\"Tempo estimado de leitura\" \/>\n\t<meta name=\"twitter:data2\" content=\"1 minuto\" \/>\n<script type=\"application\/ld+json\" class=\"yoast-schema-graph\">{\"@context\":\"https:\/\/schema.org\",\"@graph\":[{\"@type\":\"Article\",\"@id\":\"https:\/\/portaltela.pt\/noticias\/2026\/03\/15\/castela-e-leao-centro-direita-espanhola-refem-de-radicais\/#article\",\"isPartOf\":{\"@id\":\"https:\/\/portaltela.pt\/noticias\/2026\/03\/15\/castela-e-leao-centro-direita-espanhola-refem-de-radicais\/\"},\"author\":{\"name\":\"Telinha\",\"@id\":\"https:\/\/portaltela.pt\/#\/schema\/person\/c4278d4a6028830caff9ee44b42d32ed\"},\"headline\":\"Castela e Le\u00e3o: centro-direita espanhola ref\u00e9m de radicais\",\"datePublished\":\"2026-03-15T19:27:00+00:00\",\"mainEntityOfPage\":{\"@id\":\"https:\/\/portaltela.pt\/noticias\/2026\/03\/15\/castela-e-leao-centro-direita-espanhola-refem-de-radicais\/\"},\"wordCount\":197,\"image\":{\"@id\":\"https:\/\/portaltela.pt\/noticias\/2026\/03\/15\/castela-e-leao-centro-direita-espanhola-refem-de-radicais\/#primaryimage\"},\"thumbnailUrl\":\"https:\/\/portaltela.pt\/s.01k8rhncp4jt1\/2026\/03\/2074342.jpg\",\"keywords\":[\"elei\u00e7\u00f5es\",\"Espanha\",\"governo\",\"partidos\",\"pol\u00edtica\",\"PP\"],\"articleSection\":[\"Not\u00edcias\",\"Pol\u00edtica\"],\"inLanguage\":\"pt-PT\"},{\"@type\":\"WebPage\",\"@id\":\"https:\/\/portaltela.pt\/noticias\/2026\/03\/15\/castela-e-leao-centro-direita-espanhola-refem-de-radicais\/\",\"url\":\"https:\/\/portaltela.pt\/noticias\/2026\/03\/15\/castela-e-leao-centro-direita-espanhola-refem-de-radicais\/\",\"name\":\"Castela e Le\u00e3o: centro-direita espanhola ref\u00e9m de radicais - Portal Tela Portugal\",\"isPartOf\":{\"@id\":\"https:\/\/portaltela.pt\/#website\"},\"primaryImageOfPage\":{\"@id\":\"https:\/\/portaltela.pt\/noticias\/2026\/03\/15\/castela-e-leao-centro-direita-espanhola-refem-de-radicais\/#primaryimage\"},\"image\":{\"@id\":\"https:\/\/portaltela.pt\/noticias\/2026\/03\/15\/castela-e-leao-centro-direita-espanhola-refem-de-radicais\/#primaryimage\"},\"thumbnailUrl\":\"https:\/\/portaltela.pt\/s.01k8rhncp4jt1\/2026\/03\/2074342.jpg\",\"datePublished\":\"2026-03-15T19:27:00+00:00\",\"author\":{\"@id\":\"https:\/\/portaltela.pt\/#\/schema\/person\/c4278d4a6028830caff9ee44b42d32ed\"},\"breadcrumb\":{\"@id\":\"https:\/\/portaltela.pt\/noticias\/2026\/03\/15\/castela-e-leao-centro-direita-espanhola-refem-de-radicais\/#breadcrumb\"},\"inLanguage\":\"pt-PT\",\"potentialAction\":[{\"@type\":\"ReadAction\",\"target\":[\"https:\/\/portaltela.pt\/noticias\/2026\/03\/15\/castela-e-leao-centro-direita-espanhola-refem-de-radicais\/\"]}]},{\"@type\":\"ImageObject\",\"inLanguage\":\"pt-PT\",\"@id\":\"https:\/\/portaltela.pt\/noticias\/2026\/03\/15\/castela-e-leao-centro-direita-espanhola-refem-de-radicais\/#primaryimage\",\"url\":\"https:\/\/portaltela.pt\/s.01k8rhncp4jt1\/2026\/03\/2074342.jpg\",\"contentUrl\":\"https:\/\/portaltela.pt\/s.01k8rhncp4jt1\/2026\/03\/2074342.jpg\",\"width\":796,\"height\":448,\"caption\":\"O l\u00edder regional do PP, Alfonso Fern\u00e1ndez Ma\u00f1ueco (\u00e0 esquerda), com o l\u00edder nacional do partido, Alberto N\u00fa\u00f1ez Feij\u00f3o, num acto de campanha para estas elei\u00e7\u00f5es\"},{\"@type\":\"BreadcrumbList\",\"@id\":\"https:\/\/portaltela.pt\/noticias\/2026\/03\/15\/castela-e-leao-centro-direita-espanhola-refem-de-radicais\/#breadcrumb\",\"itemListElement\":[{\"@type\":\"ListItem\",\"position\":1,\"name\":\"In\u00edcio\",\"item\":\"https:\/\/portaltela.pt\/\"},{\"@type\":\"ListItem\",\"position\":2,\"name\":\"Castela e Le\u00e3o: centro-direita espanhola ref\u00e9m de radicais\"}]},{\"@type\":\"WebSite\",\"@id\":\"https:\/\/portaltela.pt\/#website\",\"url\":\"https:\/\/portaltela.pt\/\",\"name\":\"Portal Tela Portugal\",\"description\":\"\",\"potentialAction\":[{\"@type\":\"SearchAction\",\"target\":{\"@type\":\"EntryPoint\",\"urlTemplate\":\"https:\/\/portaltela.pt\/?s={search_term_string}\"},\"query-input\":{\"@type\":\"PropertyValueSpecification\",\"valueRequired\":true,\"valueName\":\"search_term_string\"}}],\"inLanguage\":\"pt-PT\"},{\"@type\":\"Person\",\"@id\":\"https:\/\/portaltela.pt\/#\/schema\/person\/c4278d4a6028830caff9ee44b42d32ed\",\"name\":\"Telinha\",\"image\":{\"@type\":\"ImageObject\",\"inLanguage\":\"pt-PT\",\"@id\":\"https:\/\/portaltela.pt\/s.01k8rhncp4jt1\/2025\/11\/talking-bot-125x125.png\",\"url\":\"https:\/\/portaltela.pt\/s.01k8rhncp4jt1\/2025\/11\/talking-bot-125x125.png\",\"contentUrl\":\"https:\/\/portaltela.pt\/s.01k8rhncp4jt1\/2025\/11\/talking-bot-125x125.png\",\"caption\":\"Telinha\"},\"sameAs\":[\"https:\/\/portaltela.pt\/\"],\"url\":\"https:\/\/portaltela.pt\/por\/367410592786\/\"}]}<\/script>\n<!-- \/ Yoast SEO plugin. -->","yoast_head_json":{"title":"Castela e Le\u00e3o: centro-direita espanhola ref\u00e9m de radicais - Portal Tela Portugal","robots":{"index":"index","follow":"follow","max-snippet":"max-snippet:-1","max-image-preview":"max-image-preview:large","max-video-preview":"max-video-preview:-1"},"og_locale":"pt_PT","og_type":"article","og_title":"Castela e Le\u00e3o: centro-direita espanhola ref\u00e9m de radicais - Portal Tela Portugal","og_description":"Em Castela e Le\u00e3o, no domingo, o Partido Popular (PP) voltou a vencer, assegurando a maior regi\u00e3o de Espanha. O crescimento do Vox fortalece-se e dever\u00e1 exigir mais concess\u00f5es para garantir um governo de direita. O resultado mant\u00e9m o padr\u00e3o de elei\u00e7\u00f5es regionais e antev\u00ea negocia\u00e7\u00f5es para a forma\u00e7\u00e3o de governos ainda por concluir. O cen\u00e1rio indica que o PP poder\u00e1 precisar de apoio do Vox para consolidar alian\u00e7as regionais. As expectativas apontam para exig\u00eancias mais acentuadas por parte do Vox nas negocia\u00e7\u00f5es de governa\u00e7\u00e3o.","og_url":"https:\/\/portaltela.pt\/noticias\/2026\/03\/15\/castela-e-leao-centro-direita-espanhola-refem-de-radicais\/","og_site_name":"Portal Tela Portugal","article_published_time":"2026-03-15T19:27:00+00:00","author":"Telinha","twitter_card":"summary_large_image","twitter_misc":{"Escrito por":"Telinha","Tempo estimado de leitura":"1 minuto"},"schema":{"@context":"https:\/\/schema.org","@graph":[{"@type":"Article","@id":"https:\/\/portaltela.pt\/noticias\/2026\/03\/15\/castela-e-leao-centro-direita-espanhola-refem-de-radicais\/#article","isPartOf":{"@id":"https:\/\/portaltela.pt\/noticias\/2026\/03\/15\/castela-e-leao-centro-direita-espanhola-refem-de-radicais\/"},"author":{"name":"Telinha","@id":"https:\/\/portaltela.pt\/#\/schema\/person\/c4278d4a6028830caff9ee44b42d32ed"},"headline":"Castela e Le\u00e3o: centro-direita espanhola ref\u00e9m de radicais","datePublished":"2026-03-15T19:27:00+00:00","mainEntityOfPage":{"@id":"https:\/\/portaltela.pt\/noticias\/2026\/03\/15\/castela-e-leao-centro-direita-espanhola-refem-de-radicais\/"},"wordCount":197,"image":{"@id":"https:\/\/portaltela.pt\/noticias\/2026\/03\/15\/castela-e-leao-centro-direita-espanhola-refem-de-radicais\/#primaryimage"},"thumbnailUrl":"https:\/\/portaltela.pt\/s.01k8rhncp4jt1\/2026\/03\/2074342.jpg","keywords":["elei\u00e7\u00f5es","Espanha","governo","partidos","pol\u00edtica","PP"],"articleSection":["Not\u00edcias","Pol\u00edtica"],"inLanguage":"pt-PT"},{"@type":"WebPage","@id":"https:\/\/portaltela.pt\/noticias\/2026\/03\/15\/castela-e-leao-centro-direita-espanhola-refem-de-radicais\/","url":"https:\/\/portaltela.pt\/noticias\/2026\/03\/15\/castela-e-leao-centro-direita-espanhola-refem-de-radicais\/","name":"Castela e Le\u00e3o: centro-direita espanhola ref\u00e9m de radicais - Portal Tela Portugal","isPartOf":{"@id":"https:\/\/portaltela.pt\/#website"},"primaryImageOfPage":{"@id":"https:\/\/portaltela.pt\/noticias\/2026\/03\/15\/castela-e-leao-centro-direita-espanhola-refem-de-radicais\/#primaryimage"},"image":{"@id":"https:\/\/portaltela.pt\/noticias\/2026\/03\/15\/castela-e-leao-centro-direita-espanhola-refem-de-radicais\/#primaryimage"},"thumbnailUrl":"https:\/\/portaltela.pt\/s.01k8rhncp4jt1\/2026\/03\/2074342.jpg","datePublished":"2026-03-15T19:27:00+00:00","author":{"@id":"https:\/\/portaltela.pt\/#\/schema\/person\/c4278d4a6028830caff9ee44b42d32ed"},"breadcrumb":{"@id":"https:\/\/portaltela.pt\/noticias\/2026\/03\/15\/castela-e-leao-centro-direita-espanhola-refem-de-radicais\/#breadcrumb"},"inLanguage":"pt-PT","potentialAction":[{"@type":"ReadAction","target":["https:\/\/portaltela.pt\/noticias\/2026\/03\/15\/castela-e-leao-centro-direita-espanhola-refem-de-radicais\/"]}]},{"@type":"ImageObject","inLanguage":"pt-PT","@id":"https:\/\/portaltela.pt\/noticias\/2026\/03\/15\/castela-e-leao-centro-direita-espanhola-refem-de-radicais\/#primaryimage","url":"https:\/\/portaltela.pt\/s.01k8rhncp4jt1\/2026\/03\/2074342.jpg","contentUrl":"https:\/\/portaltela.pt\/s.01k8rhncp4jt1\/2026\/03\/2074342.jpg","width":796,"height":448,"caption":"O l\u00edder regional do PP, Alfonso Fern\u00e1ndez Ma\u00f1ueco (\u00e0 esquerda), com o l\u00edder nacional do partido, Alberto N\u00fa\u00f1ez Feij\u00f3o, num acto de campanha para estas elei\u00e7\u00f5es"},{"@type":"BreadcrumbList","@id":"https:\/\/portaltela.pt\/noticias\/2026\/03\/15\/castela-e-leao-centro-direita-espanhola-refem-de-radicais\/#breadcrumb","itemListElement":[{"@type":"ListItem","position":1,"name":"In\u00edcio","item":"https:\/\/portaltela.pt\/"},{"@type":"ListItem","position":2,"name":"Castela e Le\u00e3o: centro-direita espanhola ref\u00e9m de radicais"}]},{"@type":"WebSite","@id":"https:\/\/portaltela.pt\/#website","url":"https:\/\/portaltela.pt\/","name":"Portal Tela Portugal","description":"","potentialAction":[{"@type":"SearchAction","target":{"@type":"EntryPoint","urlTemplate":"https:\/\/portaltela.pt\/?s={search_term_string}"},"query-input":{"@type":"PropertyValueSpecification","valueRequired":true,"valueName":"search_term_string"}}],"inLanguage":"pt-PT"},{"@type":"Person","@id":"https:\/\/portaltela.pt\/#\/schema\/person\/c4278d4a6028830caff9ee44b42d32ed","name":"Telinha","image":{"@type":"ImageObject","inLanguage":"pt-PT","@id":"https:\/\/portaltela.pt\/s.01k8rhncp4jt1\/2025\/11\/talking-bot-125x125.png","url":"https:\/\/portaltela.pt\/s.01k8rhncp4jt1\/2025\/11\/talking-bot-125x125.png","contentUrl":"https:\/\/portaltela.pt\/s.01k8rhncp4jt1\/2025\/11\/talking-bot-125x125.png","caption":"Telinha"},"sameAs":["https:\/\/portaltela.pt\/"],"url":"https:\/\/portaltela.pt\/por\/367410592786\/"}]}},"_links":{"self":[{"href":"https:\/\/portaltela.pt\/api\/wp\/v2\/posts\/411221","targetHints":{"allow":["GET"]}}],"collection":[{"href":"https:\/\/portaltela.pt\/api\/wp\/v2\/posts"}],"about":[{"href":"https:\/\/portaltela.pt\/api\/wp\/v2\/types\/post"}],"author":[{"embeddable":true,"href":"https:\/\/portaltela.pt\/api\/wp\/v2\/users\/2"}],"replies":[{"embeddable":true,"href":"https:\/\/portaltela.pt\/api\/wp\/v2\/comments?post=411221"}],"version-history":[{"count":0,"href":"https:\/\/portaltela.pt\/api\/wp\/v2\/posts\/411221\/revisions"}],"wp:featuredmedia":[{"embeddable":true,"href":"https:\/\/portaltela.pt\/api\/wp\/v2\/media\/411226"}],"wp:attachment":[{"href":"https:\/\/portaltela.pt\/api\/wp\/v2\/media?parent=411221"}],"wp:term":[{"taxonomy":"category","embeddable":true,"href":"https:\/\/portaltela.pt\/api\/wp\/v2\/categories?post=411221"},{"taxonomy":"post_tag","embeddable":true,"href":"https:\/\/portaltela.pt\/api\/wp\/v2\/tags?post=411221"}],"curies":[{"name":"wp","href":"https:\/\/api.w.org\/{rel}","templated":true}]}}