{"id":411213,"date":"2026-03-15T16:03:00","date_gmt":"2026-03-15T19:03:00","guid":{"rendered":"https:\/\/portaltela.pt\/noticias\/2026\/03\/15\/rivais-na-hungria-promovem-grandes-comicios-antes-das-eleicoes-de-abril\/"},"modified":"2026-03-15T16:03:00","modified_gmt":"2026-03-15T19:03:00","slug":"rivais-na-hungria-promovem-grandes-comicios-antes-das-eleicoes-de-abril","status":"publish","type":"post","link":"https:\/\/portaltela.pt\/noticias\/internacional\/2026\/03\/15\/rivais-na-hungria-promovem-grandes-comicios-antes-das-eleicoes-de-abril\/","title":{"rendered":"Rivais na Hungria promovem grandes com\u00edcios antes das elei\u00e7\u00f5es de Abril"},"content":{"rendered":"<p>No mesmo dia nacional de 15 de Mar\u00e7o, Hungria viveu dois com\u00edcios rivais em clima de campanha. Viktor Orb\u00e1n impulsionou uma chamada a uma vota\u00e7\u00e3o hist\u00f3rica para 12 de Abril, dizendo que a na\u00e7\u00e3o enfrenta uma escolha entre paz e guerra. Do outro lado, a oposi\u00e7\u00e3o organizada pelo Tisza mobilizou dezenas de milhares de apoiantes em uma pra\u00e7a monumental de Budapeste.<\/p>\n<p>Orb\u00e1n argumentou que o pr\u00f3ximo governo tem uma responsabilidade hist\u00f3rica e que a vit\u00f3ria deve superar a de 2022. O Fidesz falou de robustez econ\u00f3mica e de manter a Hungria afastada de confrontos com a R\u00fassia, mantendo rela\u00e7\u00f5es com Moscovo. A oposi\u00e7\u00e3o negou liga\u00e7\u00f5es a planos agressivos contra a Ucr\u00e2nia.<\/p>\n<p>Os com\u00edcios consolidaram a divis\u00e3o pol\u00edtica no pa\u00eds. O apoio ao Fidesz manifestou-se numa pra\u00e7a diante do Parlamento, com participantes a exaltar Orb\u00e1n como o melhor pol\u00edtico da Europa. Do lado oposicionista, a manifesta\u00e7\u00e3o estendeu-se por uma avenida que liga o Dan\u00fabio \u00e0 Pra\u00e7a dos Her\u00f3is.<\/p>\n<p>As sondagens destacam vantagem para o Tisza em v\u00e1rias medi\u00e7\u00f5es, embora o Fidesz discuta m\u00e9todos de pesquisa e poss\u00edveis v\u00ednculos de financiamento. Magyar criticou a narrativa de Orb\u00e1n sobre a Ucr\u00e2nia, classificando-a como propaganda e prometendo referendo que envolve a ades\u00e3o de Kiev \u00e0 UE.<\/p>\n<p>Magyar, num discurso num local hist\u00f3rico de resist\u00eancia a tropas russas, refor\u00e7ou que a Hungria pertence \u00e0 UE e \u00e0 NATO. Em rela\u00e7\u00e3o a Orb\u00e1n, afirmou que o objetivo \u00e9 manter o poder e acusou o primeiro-ministro de manipular a perce\u00e7\u00e3o p\u00fablica sobre guerra e seguran\u00e7a.<\/p>\n<p>Entre os apoiantes da oposi\u00e7\u00e3o, algumas vozes veem o pleito como uma oportunidade decisiva. Uma apoianta afirmou que o pa\u00eds n\u00e3o pode suportar mais quatro anos do governo atual, refletindo o clima de descontentamento entre parte do eleitorado.<\/p>\n","protected":false},"excerpt":{"rendered":"<ul>\n<li>O primeiro-ministro Viktor Orb\u00e1n chamou a elei\u00e7\u00e3o de 12 de abril de \u201chist\u00f3rica\u201d e pediu mobiliza\u00e7\u00e3o dos eleitores.<\/li>\n<li>Os apoiantes da oposi\u00e7\u00e3o, liderados pelo Tisza de P\u00e9ter Magyar, organizaram um grande com\u00edcio rival, numa altura decisiva da campanha.<\/li>\n<li>As sondagens sugerem vantagem para o Tisza, apesar de Orb\u00e1n afirmar que a vota\u00e7\u00e3o representa uma escolha entre guerra e paz.<\/li>\n<li>Orb\u00e1n acusa a oposi\u00e7\u00e3o de conspirar para arrastar a Hungria para a guerra na Ucr\u00e2nia; a oposi\u00e7\u00e3o nega.<\/li>\n<li>Magyar afirma que a Hungria pertence \u00e0 Uni\u00e3o Europeia e \u00e0 NATO, e critica a posi\u00e7\u00e3o de Orb\u00e1n sobre a Ucr\u00e2nia, com o com\u00edcio a evidenciar profundas divis\u00f5es no pa\u00eds.<\/li>\n<\/ul>\n","protected":false},"author":2,"featured_media":411219,"comment_status":"closed","ping_status":"closed","sticky":false,"template":"","format":"standard","meta":{"footnotes":""},"categories":[4,7127],"tags":[823,68,2487,2579,2832,2055],"class_list":["post-411213","post","type-post","status-publish","format-standard","has-post-thumbnail","hentry","category-internacional","category-politica-internacional","tag-campanha","tag-eleicoes","tag-europa","tag-hungria","tag-politica","tag-uniao-europeia"],"yoast_head":"<!-- This site is optimized with the Yoast SEO plugin v27.2 - https:\/\/yoast.com\/product\/yoast-seo-wordpress\/ -->\n<title>Rivais na Hungria promovem grandes com\u00edcios antes das elei\u00e7\u00f5es de Abril - Portal Tela Portugal<\/title>\n<meta name=\"robots\" content=\"index, follow, max-snippet:-1, max-image-preview:large, max-video-preview:-1\" \/>\n<meta property=\"og:locale\" content=\"pt_PT\" \/>\n<meta property=\"og:type\" content=\"article\" \/>\n<meta property=\"og:title\" content=\"Rivais na Hungria promovem grandes com\u00edcios antes das elei\u00e7\u00f5es de Abril - Portal Tela Portugal\" \/>\n<meta property=\"og:description\" content=\"O primeiro-ministro Viktor Orb\u00e1n chamou a elei\u00e7\u00e3o de 12 de abril de \u201chist\u00f3rica\u201d e pediu mobiliza\u00e7\u00e3o dos eleitores. Os apoiantes da oposi\u00e7\u00e3o, liderados pelo Tisza de P\u00e9ter Magyar, organizaram um grande com\u00edcio rival, numa altura decisiva da campanha. As sondagens sugerem vantagem para o Tisza, apesar de Orb\u00e1n afirmar que a vota\u00e7\u00e3o representa uma escolha entre guerra e paz. Orb\u00e1n acusa a oposi\u00e7\u00e3o de conspirar para arrastar a Hungria para a guerra na Ucr\u00e2nia; a oposi\u00e7\u00e3o nega. Magyar afirma que a Hungria pertence \u00e0 Uni\u00e3o Europeia e \u00e0 NATO, e critica a posi\u00e7\u00e3o de Orb\u00e1n sobre a Ucr\u00e2nia, com o com\u00edcio a evidenciar profundas divis\u00f5es no pa\u00eds.\" \/>\n<meta property=\"og:url\" content=\"https:\/\/portaltela.pt\/noticias\/2026\/03\/15\/rivais-na-hungria-promovem-grandes-comicios-antes-das-eleicoes-de-abril\/\" \/>\n<meta property=\"og:site_name\" content=\"Portal Tela Portugal\" \/>\n<meta property=\"article:published_time\" content=\"2026-03-15T19:03:00+00:00\" \/>\n<meta name=\"author\" content=\"Telinha\" \/>\n<meta name=\"twitter:card\" content=\"summary_large_image\" \/>\n<meta name=\"twitter:label1\" content=\"Escrito por\" \/>\n\t<meta name=\"twitter:data1\" content=\"Telinha\" \/>\n\t<meta name=\"twitter:label2\" content=\"Tempo estimado de leitura\" \/>\n\t<meta name=\"twitter:data2\" content=\"2 minutos\" \/>\n<script type=\"application\/ld+json\" class=\"yoast-schema-graph\">{\"@context\":\"https:\/\/schema.org\",\"@graph\":[{\"@type\":\"Article\",\"@id\":\"https:\/\/portaltela.pt\/noticias\/2026\/03\/15\/rivais-na-hungria-promovem-grandes-comicios-antes-das-eleicoes-de-abril\/#article\",\"isPartOf\":{\"@id\":\"https:\/\/portaltela.pt\/noticias\/2026\/03\/15\/rivais-na-hungria-promovem-grandes-comicios-antes-das-eleicoes-de-abril\/\"},\"author\":{\"name\":\"Telinha\",\"@id\":\"https:\/\/portaltela.pt\/#\/schema\/person\/c4278d4a6028830caff9ee44b42d32ed\"},\"headline\":\"Rivais na Hungria promovem grandes com\u00edcios antes das elei\u00e7\u00f5es de Abril\",\"datePublished\":\"2026-03-15T19:03:00+00:00\",\"mainEntityOfPage\":{\"@id\":\"https:\/\/portaltela.pt\/noticias\/2026\/03\/15\/rivais-na-hungria-promovem-grandes-comicios-antes-das-eleicoes-de-abril\/\"},\"wordCount\":339,\"image\":{\"@id\":\"https:\/\/portaltela.pt\/noticias\/2026\/03\/15\/rivais-na-hungria-promovem-grandes-comicios-antes-das-eleicoes-de-abril\/#primaryimage\"},\"thumbnailUrl\":\"https:\/\/portaltela.pt\/s.01k8rhncp4jt1\/2026\/03\/2074344.jpg\",\"keywords\":[\"campanha\",\"elei\u00e7\u00f5es\",\"Europa\",\"Hungria\",\"pol\u00edtica\",\"Uni\u00e3o Europeia\"],\"articleSection\":[\"Internacional\",\"Pol\u00edtica Internacional\"],\"inLanguage\":\"pt-PT\"},{\"@type\":\"WebPage\",\"@id\":\"https:\/\/portaltela.pt\/noticias\/2026\/03\/15\/rivais-na-hungria-promovem-grandes-comicios-antes-das-eleicoes-de-abril\/\",\"url\":\"https:\/\/portaltela.pt\/noticias\/2026\/03\/15\/rivais-na-hungria-promovem-grandes-comicios-antes-das-eleicoes-de-abril\/\",\"name\":\"Rivais na Hungria promovem grandes com\u00edcios antes das elei\u00e7\u00f5es de Abril - Portal Tela Portugal\",\"isPartOf\":{\"@id\":\"https:\/\/portaltela.pt\/#website\"},\"primaryImageOfPage\":{\"@id\":\"https:\/\/portaltela.pt\/noticias\/2026\/03\/15\/rivais-na-hungria-promovem-grandes-comicios-antes-das-eleicoes-de-abril\/#primaryimage\"},\"image\":{\"@id\":\"https:\/\/portaltela.pt\/noticias\/2026\/03\/15\/rivais-na-hungria-promovem-grandes-comicios-antes-das-eleicoes-de-abril\/#primaryimage\"},\"thumbnailUrl\":\"https:\/\/portaltela.pt\/s.01k8rhncp4jt1\/2026\/03\/2074344.jpg\",\"datePublished\":\"2026-03-15T19:03:00+00:00\",\"author\":{\"@id\":\"https:\/\/portaltela.pt\/#\/schema\/person\/c4278d4a6028830caff9ee44b42d32ed\"},\"breadcrumb\":{\"@id\":\"https:\/\/portaltela.pt\/noticias\/2026\/03\/15\/rivais-na-hungria-promovem-grandes-comicios-antes-das-eleicoes-de-abril\/#breadcrumb\"},\"inLanguage\":\"pt-PT\",\"potentialAction\":[{\"@type\":\"ReadAction\",\"target\":[\"https:\/\/portaltela.pt\/noticias\/2026\/03\/15\/rivais-na-hungria-promovem-grandes-comicios-antes-das-eleicoes-de-abril\/\"]}]},{\"@type\":\"ImageObject\",\"inLanguage\":\"pt-PT\",\"@id\":\"https:\/\/portaltela.pt\/noticias\/2026\/03\/15\/rivais-na-hungria-promovem-grandes-comicios-antes-das-eleicoes-de-abril\/#primaryimage\",\"url\":\"https:\/\/portaltela.pt\/s.01k8rhncp4jt1\/2026\/03\/2074344.jpg\",\"contentUrl\":\"https:\/\/portaltela.pt\/s.01k8rhncp4jt1\/2026\/03\/2074344.jpg\",\"width\":796,\"height\":448,\"caption\":\"Viktor Orb\u00e1n este domingo em Budapeste\"},{\"@type\":\"BreadcrumbList\",\"@id\":\"https:\/\/portaltela.pt\/noticias\/2026\/03\/15\/rivais-na-hungria-promovem-grandes-comicios-antes-das-eleicoes-de-abril\/#breadcrumb\",\"itemListElement\":[{\"@type\":\"ListItem\",\"position\":1,\"name\":\"In\u00edcio\",\"item\":\"https:\/\/portaltela.pt\/\"},{\"@type\":\"ListItem\",\"position\":2,\"name\":\"Rivais na Hungria promovem grandes com\u00edcios antes das elei\u00e7\u00f5es de Abril\"}]},{\"@type\":\"WebSite\",\"@id\":\"https:\/\/portaltela.pt\/#website\",\"url\":\"https:\/\/portaltela.pt\/\",\"name\":\"Portal Tela Portugal\",\"description\":\"\",\"potentialAction\":[{\"@type\":\"SearchAction\",\"target\":{\"@type\":\"EntryPoint\",\"urlTemplate\":\"https:\/\/portaltela.pt\/?s={search_term_string}\"},\"query-input\":{\"@type\":\"PropertyValueSpecification\",\"valueRequired\":true,\"valueName\":\"search_term_string\"}}],\"inLanguage\":\"pt-PT\"},{\"@type\":\"Person\",\"@id\":\"https:\/\/portaltela.pt\/#\/schema\/person\/c4278d4a6028830caff9ee44b42d32ed\",\"name\":\"Telinha\",\"image\":{\"@type\":\"ImageObject\",\"inLanguage\":\"pt-PT\",\"@id\":\"https:\/\/portaltela.pt\/s.01k8rhncp4jt1\/2025\/11\/talking-bot-125x125.png\",\"url\":\"https:\/\/portaltela.pt\/s.01k8rhncp4jt1\/2025\/11\/talking-bot-125x125.png\",\"contentUrl\":\"https:\/\/portaltela.pt\/s.01k8rhncp4jt1\/2025\/11\/talking-bot-125x125.png\",\"caption\":\"Telinha\"},\"sameAs\":[\"https:\/\/portaltela.pt\/\"],\"url\":\"https:\/\/portaltela.pt\/por\/367410592786\/\"}]}<\/script>\n<!-- \/ Yoast SEO plugin. -->","yoast_head_json":{"title":"Rivais na Hungria promovem grandes com\u00edcios antes das elei\u00e7\u00f5es de Abril - Portal Tela Portugal","robots":{"index":"index","follow":"follow","max-snippet":"max-snippet:-1","max-image-preview":"max-image-preview:large","max-video-preview":"max-video-preview:-1"},"og_locale":"pt_PT","og_type":"article","og_title":"Rivais na Hungria promovem grandes com\u00edcios antes das elei\u00e7\u00f5es de Abril - Portal Tela Portugal","og_description":"O primeiro-ministro Viktor Orb\u00e1n chamou a elei\u00e7\u00e3o de 12 de abril de \u201chist\u00f3rica\u201d e pediu mobiliza\u00e7\u00e3o dos eleitores. Os apoiantes da oposi\u00e7\u00e3o, liderados pelo Tisza de P\u00e9ter Magyar, organizaram um grande com\u00edcio rival, numa altura decisiva da campanha. As sondagens sugerem vantagem para o Tisza, apesar de Orb\u00e1n afirmar que a vota\u00e7\u00e3o representa uma escolha entre guerra e paz. Orb\u00e1n acusa a oposi\u00e7\u00e3o de conspirar para arrastar a Hungria para a guerra na Ucr\u00e2nia; a oposi\u00e7\u00e3o nega. Magyar afirma que a Hungria pertence \u00e0 Uni\u00e3o Europeia e \u00e0 NATO, e critica a posi\u00e7\u00e3o de Orb\u00e1n sobre a Ucr\u00e2nia, com o com\u00edcio a evidenciar profundas divis\u00f5es no pa\u00eds.","og_url":"https:\/\/portaltela.pt\/noticias\/2026\/03\/15\/rivais-na-hungria-promovem-grandes-comicios-antes-das-eleicoes-de-abril\/","og_site_name":"Portal Tela Portugal","article_published_time":"2026-03-15T19:03:00+00:00","author":"Telinha","twitter_card":"summary_large_image","twitter_misc":{"Escrito por":"Telinha","Tempo estimado de leitura":"2 minutos"},"schema":{"@context":"https:\/\/schema.org","@graph":[{"@type":"Article","@id":"https:\/\/portaltela.pt\/noticias\/2026\/03\/15\/rivais-na-hungria-promovem-grandes-comicios-antes-das-eleicoes-de-abril\/#article","isPartOf":{"@id":"https:\/\/portaltela.pt\/noticias\/2026\/03\/15\/rivais-na-hungria-promovem-grandes-comicios-antes-das-eleicoes-de-abril\/"},"author":{"name":"Telinha","@id":"https:\/\/portaltela.pt\/#\/schema\/person\/c4278d4a6028830caff9ee44b42d32ed"},"headline":"Rivais na Hungria promovem grandes com\u00edcios antes das elei\u00e7\u00f5es de Abril","datePublished":"2026-03-15T19:03:00+00:00","mainEntityOfPage":{"@id":"https:\/\/portaltela.pt\/noticias\/2026\/03\/15\/rivais-na-hungria-promovem-grandes-comicios-antes-das-eleicoes-de-abril\/"},"wordCount":339,"image":{"@id":"https:\/\/portaltela.pt\/noticias\/2026\/03\/15\/rivais-na-hungria-promovem-grandes-comicios-antes-das-eleicoes-de-abril\/#primaryimage"},"thumbnailUrl":"https:\/\/portaltela.pt\/s.01k8rhncp4jt1\/2026\/03\/2074344.jpg","keywords":["campanha","elei\u00e7\u00f5es","Europa","Hungria","pol\u00edtica","Uni\u00e3o Europeia"],"articleSection":["Internacional","Pol\u00edtica Internacional"],"inLanguage":"pt-PT"},{"@type":"WebPage","@id":"https:\/\/portaltela.pt\/noticias\/2026\/03\/15\/rivais-na-hungria-promovem-grandes-comicios-antes-das-eleicoes-de-abril\/","url":"https:\/\/portaltela.pt\/noticias\/2026\/03\/15\/rivais-na-hungria-promovem-grandes-comicios-antes-das-eleicoes-de-abril\/","name":"Rivais na Hungria promovem grandes com\u00edcios antes das elei\u00e7\u00f5es de Abril - Portal Tela Portugal","isPartOf":{"@id":"https:\/\/portaltela.pt\/#website"},"primaryImageOfPage":{"@id":"https:\/\/portaltela.pt\/noticias\/2026\/03\/15\/rivais-na-hungria-promovem-grandes-comicios-antes-das-eleicoes-de-abril\/#primaryimage"},"image":{"@id":"https:\/\/portaltela.pt\/noticias\/2026\/03\/15\/rivais-na-hungria-promovem-grandes-comicios-antes-das-eleicoes-de-abril\/#primaryimage"},"thumbnailUrl":"https:\/\/portaltela.pt\/s.01k8rhncp4jt1\/2026\/03\/2074344.jpg","datePublished":"2026-03-15T19:03:00+00:00","author":{"@id":"https:\/\/portaltela.pt\/#\/schema\/person\/c4278d4a6028830caff9ee44b42d32ed"},"breadcrumb":{"@id":"https:\/\/portaltela.pt\/noticias\/2026\/03\/15\/rivais-na-hungria-promovem-grandes-comicios-antes-das-eleicoes-de-abril\/#breadcrumb"},"inLanguage":"pt-PT","potentialAction":[{"@type":"ReadAction","target":["https:\/\/portaltela.pt\/noticias\/2026\/03\/15\/rivais-na-hungria-promovem-grandes-comicios-antes-das-eleicoes-de-abril\/"]}]},{"@type":"ImageObject","inLanguage":"pt-PT","@id":"https:\/\/portaltela.pt\/noticias\/2026\/03\/15\/rivais-na-hungria-promovem-grandes-comicios-antes-das-eleicoes-de-abril\/#primaryimage","url":"https:\/\/portaltela.pt\/s.01k8rhncp4jt1\/2026\/03\/2074344.jpg","contentUrl":"https:\/\/portaltela.pt\/s.01k8rhncp4jt1\/2026\/03\/2074344.jpg","width":796,"height":448,"caption":"Viktor Orb\u00e1n este domingo em Budapeste"},{"@type":"BreadcrumbList","@id":"https:\/\/portaltela.pt\/noticias\/2026\/03\/15\/rivais-na-hungria-promovem-grandes-comicios-antes-das-eleicoes-de-abril\/#breadcrumb","itemListElement":[{"@type":"ListItem","position":1,"name":"In\u00edcio","item":"https:\/\/portaltela.pt\/"},{"@type":"ListItem","position":2,"name":"Rivais na Hungria promovem grandes com\u00edcios antes das elei\u00e7\u00f5es de Abril"}]},{"@type":"WebSite","@id":"https:\/\/portaltela.pt\/#website","url":"https:\/\/portaltela.pt\/","name":"Portal Tela Portugal","description":"","potentialAction":[{"@type":"SearchAction","target":{"@type":"EntryPoint","urlTemplate":"https:\/\/portaltela.pt\/?s={search_term_string}"},"query-input":{"@type":"PropertyValueSpecification","valueRequired":true,"valueName":"search_term_string"}}],"inLanguage":"pt-PT"},{"@type":"Person","@id":"https:\/\/portaltela.pt\/#\/schema\/person\/c4278d4a6028830caff9ee44b42d32ed","name":"Telinha","image":{"@type":"ImageObject","inLanguage":"pt-PT","@id":"https:\/\/portaltela.pt\/s.01k8rhncp4jt1\/2025\/11\/talking-bot-125x125.png","url":"https:\/\/portaltela.pt\/s.01k8rhncp4jt1\/2025\/11\/talking-bot-125x125.png","contentUrl":"https:\/\/portaltela.pt\/s.01k8rhncp4jt1\/2025\/11\/talking-bot-125x125.png","caption":"Telinha"},"sameAs":["https:\/\/portaltela.pt\/"],"url":"https:\/\/portaltela.pt\/por\/367410592786\/"}]}},"_links":{"self":[{"href":"https:\/\/portaltela.pt\/api\/wp\/v2\/posts\/411213","targetHints":{"allow":["GET"]}}],"collection":[{"href":"https:\/\/portaltela.pt\/api\/wp\/v2\/posts"}],"about":[{"href":"https:\/\/portaltela.pt\/api\/wp\/v2\/types\/post"}],"author":[{"embeddable":true,"href":"https:\/\/portaltela.pt\/api\/wp\/v2\/users\/2"}],"replies":[{"embeddable":true,"href":"https:\/\/portaltela.pt\/api\/wp\/v2\/comments?post=411213"}],"version-history":[{"count":0,"href":"https:\/\/portaltela.pt\/api\/wp\/v2\/posts\/411213\/revisions"}],"wp:featuredmedia":[{"embeddable":true,"href":"https:\/\/portaltela.pt\/api\/wp\/v2\/media\/411219"}],"wp:attachment":[{"href":"https:\/\/portaltela.pt\/api\/wp\/v2\/media?parent=411213"}],"wp:term":[{"taxonomy":"category","embeddable":true,"href":"https:\/\/portaltela.pt\/api\/wp\/v2\/categories?post=411213"},{"taxonomy":"post_tag","embeddable":true,"href":"https:\/\/portaltela.pt\/api\/wp\/v2\/tags?post=411213"}],"curies":[{"name":"wp","href":"https:\/\/api.w.org\/{rel}","templated":true}]}}