{"id":411212,"date":"2026-03-15T16:19:00","date_gmt":"2026-03-15T19:19:00","guid":{"rendered":"https:\/\/portaltela.pt\/noticias\/2026\/03\/15\/mocambique-sem-registo-de-raptos-ha-cinco-meses-afirma-pr\/"},"modified":"2026-03-15T16:19:00","modified_gmt":"2026-03-15T19:19:00","slug":"mocambique-sem-registo-de-raptos-ha-cinco-meses-afirma-pr","status":"publish","type":"post","link":"https:\/\/portaltela.pt\/policia\/2026\/03\/15\/mocambique-sem-registo-de-raptos-ha-cinco-meses-afirma-pr\/","title":{"rendered":"Mo\u00e7ambique sem registo de raptos h\u00e1 cinco meses, afirma PR"},"content":{"rendered":"<p>Mo\u00e7ambique n\u00e3o regista, segundo o Presidente da Rep\u00fablica, casos de rapto h\u00e1 cinco meses. A afirma\u00e7\u00e3o foi recebida como indicativa de melhoria na perce\u00e7\u00e3o de seguran\u00e7a p\u00fablica, sem detalhar metodologias de verifica\u00e7\u00e3o ou fontes oficiais adicionais.<\/p>\n<p>O an\u00fancio implica que, desde h\u00e1 cinco meses, n\u00e3o houve registos oficiais de rapto no pa\u00eds, segundo a comunica\u00e7\u00e3o presidencial. N\u00e3o foram fornecidos n\u00fameros, localidades ou per\u00edmetros de refer\u00eancia que possam sustentar de forma independente a afirma\u00e7\u00e3o.<\/p>\n<p>A comunica\u00e7\u00e3o do Chefe de Estado surge em meio a um contexto de avalia\u00e7\u00e3o de seguran\u00e7a interna, sem indica\u00e7\u00e3o de medidas complementares ou compromissos futuros. N\u00e3o foram revelados dados operacionais nem informa\u00e7\u00f5es sobre investiga\u00e7\u00f5es em curso.<\/p>\n","protected":false},"excerpt":{"rendered":"<ul>\n<li>Mo\u00e7ambique n\u00e3o regista casos de rapto h\u00e1 cinco meses, segundo o presidente da Rep\u00fablica.<\/li>\n<li>A informa\u00e7\u00e3o resulta de declara\u00e7\u00f5es oficiais do chefe de Estado.<\/li>\n<li>O conte\u00fado completo da not\u00edcia est\u00e1 dispon\u00edvel apenas para subscritores.<\/li>\n<li>Para aceder ao texto integral, \u00e9 necess\u00e1rio fazer login ou subscrever.<\/li>\n<\/ul>\n","protected":false},"author":2,"featured_media":411218,"comment_status":"closed","ping_status":"closed","sticky":false,"template":"","format":"standard","meta":{"footnotes":""},"categories":[6907,6781],"tags":[1911,30,4332,7162,6896,250],"class_list":["post-411212","post","type-post","status-publish","format-standard","has-post-thumbnail","hentry","category-crime","category-policia","tag-mocambique","tag-presidente","tag-rapto-agravado","tag-rapto-qualificado","tag-seguranca-interna","tag-seguranca-publica"],"yoast_head":"<!-- This site is optimized with the Yoast SEO plugin v27.2 - https:\/\/yoast.com\/product\/yoast-seo-wordpress\/ -->\n<title>Mo\u00e7ambique sem registo de raptos h\u00e1 cinco meses, afirma PR - Portal Tela Portugal<\/title>\n<meta name=\"robots\" content=\"index, follow, max-snippet:-1, max-image-preview:large, max-video-preview:-1\" \/>\n<meta property=\"og:locale\" content=\"pt_PT\" \/>\n<meta property=\"og:type\" content=\"article\" \/>\n<meta property=\"og:title\" content=\"Mo\u00e7ambique sem registo de raptos h\u00e1 cinco meses, afirma PR - Portal Tela Portugal\" \/>\n<meta property=\"og:description\" content=\"Mo\u00e7ambique n\u00e3o regista casos de rapto h\u00e1 cinco meses, segundo o presidente da Rep\u00fablica. A informa\u00e7\u00e3o resulta de declara\u00e7\u00f5es oficiais do chefe de Estado. O conte\u00fado completo da not\u00edcia est\u00e1 dispon\u00edvel apenas para subscritores. Para aceder ao texto integral, \u00e9 necess\u00e1rio fazer login ou subscrever.\" \/>\n<meta property=\"og:url\" content=\"https:\/\/portaltela.pt\/noticias\/2026\/03\/15\/mocambique-sem-registo-de-raptos-ha-cinco-meses-afirma-pr\/\" \/>\n<meta property=\"og:site_name\" content=\"Portal Tela Portugal\" \/>\n<meta property=\"article:published_time\" content=\"2026-03-15T19:19:00+00:00\" \/>\n<meta name=\"author\" content=\"Telinha\" \/>\n<meta name=\"twitter:card\" content=\"summary_large_image\" \/>\n<meta name=\"twitter:label1\" content=\"Escrito por\" \/>\n\t<meta name=\"twitter:data1\" content=\"Telinha\" \/>\n\t<meta name=\"twitter:label2\" content=\"Tempo estimado de leitura\" \/>\n\t<meta name=\"twitter:data2\" content=\"1 minuto\" \/>\n<script type=\"application\/ld+json\" class=\"yoast-schema-graph\">{\"@context\":\"https:\/\/schema.org\",\"@graph\":[{\"@type\":\"Article\",\"@id\":\"https:\/\/portaltela.pt\/noticias\/2026\/03\/15\/mocambique-sem-registo-de-raptos-ha-cinco-meses-afirma-pr\/#article\",\"isPartOf\":{\"@id\":\"https:\/\/portaltela.pt\/noticias\/2026\/03\/15\/mocambique-sem-registo-de-raptos-ha-cinco-meses-afirma-pr\/\"},\"author\":{\"name\":\"Telinha\",\"@id\":\"https:\/\/portaltela.pt\/#\/schema\/person\/c4278d4a6028830caff9ee44b42d32ed\"},\"headline\":\"Mo\u00e7ambique sem registo de raptos h\u00e1 cinco meses, afirma PR\",\"datePublished\":\"2026-03-15T19:19:00+00:00\",\"mainEntityOfPage\":{\"@id\":\"https:\/\/portaltela.pt\/noticias\/2026\/03\/15\/mocambique-sem-registo-de-raptos-ha-cinco-meses-afirma-pr\/\"},\"wordCount\":144,\"image\":{\"@id\":\"https:\/\/portaltela.pt\/noticias\/2026\/03\/15\/mocambique-sem-registo-de-raptos-ha-cinco-meses-afirma-pr\/#primaryimage\"},\"thumbnailUrl\":\"https:\/\/portaltela.pt\/s.01k8rhncp4jt1\/2026\/03\/CACHE_780X1200_ANALOG_WATERMARKED_46169050_2717773_08122025055553-1.jpg\",\"keywords\":[\"Mo\u00e7ambique\",\"presidente\",\"rapto agravado\",\"rapto qualificado\",\"seguran\u00e7a interna\",\"seguran\u00e7a p\u00fablica\"],\"articleSection\":[\"Crime\",\"Pol\u00edcia\"],\"inLanguage\":\"pt-PT\"},{\"@type\":\"WebPage\",\"@id\":\"https:\/\/portaltela.pt\/noticias\/2026\/03\/15\/mocambique-sem-registo-de-raptos-ha-cinco-meses-afirma-pr\/\",\"url\":\"https:\/\/portaltela.pt\/noticias\/2026\/03\/15\/mocambique-sem-registo-de-raptos-ha-cinco-meses-afirma-pr\/\",\"name\":\"Mo\u00e7ambique sem registo de raptos h\u00e1 cinco meses, afirma PR - Portal Tela Portugal\",\"isPartOf\":{\"@id\":\"https:\/\/portaltela.pt\/#website\"},\"primaryImageOfPage\":{\"@id\":\"https:\/\/portaltela.pt\/noticias\/2026\/03\/15\/mocambique-sem-registo-de-raptos-ha-cinco-meses-afirma-pr\/#primaryimage\"},\"image\":{\"@id\":\"https:\/\/portaltela.pt\/noticias\/2026\/03\/15\/mocambique-sem-registo-de-raptos-ha-cinco-meses-afirma-pr\/#primaryimage\"},\"thumbnailUrl\":\"https:\/\/portaltela.pt\/s.01k8rhncp4jt1\/2026\/03\/CACHE_780X1200_ANALOG_WATERMARKED_46169050_2717773_08122025055553-1.jpg\",\"datePublished\":\"2026-03-15T19:19:00+00:00\",\"author\":{\"@id\":\"https:\/\/portaltela.pt\/#\/schema\/person\/c4278d4a6028830caff9ee44b42d32ed\"},\"breadcrumb\":{\"@id\":\"https:\/\/portaltela.pt\/noticias\/2026\/03\/15\/mocambique-sem-registo-de-raptos-ha-cinco-meses-afirma-pr\/#breadcrumb\"},\"inLanguage\":\"pt-PT\",\"potentialAction\":[{\"@type\":\"ReadAction\",\"target\":[\"https:\/\/portaltela.pt\/noticias\/2026\/03\/15\/mocambique-sem-registo-de-raptos-ha-cinco-meses-afirma-pr\/\"]}]},{\"@type\":\"ImageObject\",\"inLanguage\":\"pt-PT\",\"@id\":\"https:\/\/portaltela.pt\/noticias\/2026\/03\/15\/mocambique-sem-registo-de-raptos-ha-cinco-meses-afirma-pr\/#primaryimage\",\"url\":\"https:\/\/portaltela.pt\/s.01k8rhncp4jt1\/2026\/03\/CACHE_780X1200_ANALOG_WATERMARKED_46169050_2717773_08122025055553-1.jpg\",\"contentUrl\":\"https:\/\/portaltela.pt\/s.01k8rhncp4jt1\/2026\/03\/CACHE_780X1200_ANALOG_WATERMARKED_46169050_2717773_08122025055553-1.jpg\",\"width\":796,\"height\":448,\"caption\":\"Mo\u00e7ambique sem registo de casos de raptos h\u00e1 cinco meses \u2013 PR\"},{\"@type\":\"BreadcrumbList\",\"@id\":\"https:\/\/portaltela.pt\/noticias\/2026\/03\/15\/mocambique-sem-registo-de-raptos-ha-cinco-meses-afirma-pr\/#breadcrumb\",\"itemListElement\":[{\"@type\":\"ListItem\",\"position\":1,\"name\":\"In\u00edcio\",\"item\":\"https:\/\/portaltela.pt\/\"},{\"@type\":\"ListItem\",\"position\":2,\"name\":\"Mo\u00e7ambique sem registo de raptos h\u00e1 cinco meses, afirma PR\"}]},{\"@type\":\"WebSite\",\"@id\":\"https:\/\/portaltela.pt\/#website\",\"url\":\"https:\/\/portaltela.pt\/\",\"name\":\"Portal Tela Portugal\",\"description\":\"\",\"potentialAction\":[{\"@type\":\"SearchAction\",\"target\":{\"@type\":\"EntryPoint\",\"urlTemplate\":\"https:\/\/portaltela.pt\/?s={search_term_string}\"},\"query-input\":{\"@type\":\"PropertyValueSpecification\",\"valueRequired\":true,\"valueName\":\"search_term_string\"}}],\"inLanguage\":\"pt-PT\"},{\"@type\":\"Person\",\"@id\":\"https:\/\/portaltela.pt\/#\/schema\/person\/c4278d4a6028830caff9ee44b42d32ed\",\"name\":\"Telinha\",\"image\":{\"@type\":\"ImageObject\",\"inLanguage\":\"pt-PT\",\"@id\":\"https:\/\/portaltela.pt\/s.01k8rhncp4jt1\/2025\/11\/talking-bot-125x125.png\",\"url\":\"https:\/\/portaltela.pt\/s.01k8rhncp4jt1\/2025\/11\/talking-bot-125x125.png\",\"contentUrl\":\"https:\/\/portaltela.pt\/s.01k8rhncp4jt1\/2025\/11\/talking-bot-125x125.png\",\"caption\":\"Telinha\"},\"sameAs\":[\"https:\/\/portaltela.pt\/\"],\"url\":\"https:\/\/portaltela.pt\/por\/367410592786\/\"}]}<\/script>\n<!-- \/ Yoast SEO plugin. -->","yoast_head_json":{"title":"Mo\u00e7ambique sem registo de raptos h\u00e1 cinco meses, afirma PR - Portal Tela Portugal","robots":{"index":"index","follow":"follow","max-snippet":"max-snippet:-1","max-image-preview":"max-image-preview:large","max-video-preview":"max-video-preview:-1"},"og_locale":"pt_PT","og_type":"article","og_title":"Mo\u00e7ambique sem registo de raptos h\u00e1 cinco meses, afirma PR - Portal Tela Portugal","og_description":"Mo\u00e7ambique n\u00e3o regista casos de rapto h\u00e1 cinco meses, segundo o presidente da Rep\u00fablica. A informa\u00e7\u00e3o resulta de declara\u00e7\u00f5es oficiais do chefe de Estado. O conte\u00fado completo da not\u00edcia est\u00e1 dispon\u00edvel apenas para subscritores. Para aceder ao texto integral, \u00e9 necess\u00e1rio fazer login ou subscrever.","og_url":"https:\/\/portaltela.pt\/noticias\/2026\/03\/15\/mocambique-sem-registo-de-raptos-ha-cinco-meses-afirma-pr\/","og_site_name":"Portal Tela Portugal","article_published_time":"2026-03-15T19:19:00+00:00","author":"Telinha","twitter_card":"summary_large_image","twitter_misc":{"Escrito por":"Telinha","Tempo estimado de leitura":"1 minuto"},"schema":{"@context":"https:\/\/schema.org","@graph":[{"@type":"Article","@id":"https:\/\/portaltela.pt\/noticias\/2026\/03\/15\/mocambique-sem-registo-de-raptos-ha-cinco-meses-afirma-pr\/#article","isPartOf":{"@id":"https:\/\/portaltela.pt\/noticias\/2026\/03\/15\/mocambique-sem-registo-de-raptos-ha-cinco-meses-afirma-pr\/"},"author":{"name":"Telinha","@id":"https:\/\/portaltela.pt\/#\/schema\/person\/c4278d4a6028830caff9ee44b42d32ed"},"headline":"Mo\u00e7ambique sem registo de raptos h\u00e1 cinco meses, afirma PR","datePublished":"2026-03-15T19:19:00+00:00","mainEntityOfPage":{"@id":"https:\/\/portaltela.pt\/noticias\/2026\/03\/15\/mocambique-sem-registo-de-raptos-ha-cinco-meses-afirma-pr\/"},"wordCount":144,"image":{"@id":"https:\/\/portaltela.pt\/noticias\/2026\/03\/15\/mocambique-sem-registo-de-raptos-ha-cinco-meses-afirma-pr\/#primaryimage"},"thumbnailUrl":"https:\/\/portaltela.pt\/s.01k8rhncp4jt1\/2026\/03\/CACHE_780X1200_ANALOG_WATERMARKED_46169050_2717773_08122025055553-1.jpg","keywords":["Mo\u00e7ambique","presidente","rapto agravado","rapto qualificado","seguran\u00e7a interna","seguran\u00e7a p\u00fablica"],"articleSection":["Crime","Pol\u00edcia"],"inLanguage":"pt-PT"},{"@type":"WebPage","@id":"https:\/\/portaltela.pt\/noticias\/2026\/03\/15\/mocambique-sem-registo-de-raptos-ha-cinco-meses-afirma-pr\/","url":"https:\/\/portaltela.pt\/noticias\/2026\/03\/15\/mocambique-sem-registo-de-raptos-ha-cinco-meses-afirma-pr\/","name":"Mo\u00e7ambique sem registo de raptos h\u00e1 cinco meses, afirma PR - Portal Tela Portugal","isPartOf":{"@id":"https:\/\/portaltela.pt\/#website"},"primaryImageOfPage":{"@id":"https:\/\/portaltela.pt\/noticias\/2026\/03\/15\/mocambique-sem-registo-de-raptos-ha-cinco-meses-afirma-pr\/#primaryimage"},"image":{"@id":"https:\/\/portaltela.pt\/noticias\/2026\/03\/15\/mocambique-sem-registo-de-raptos-ha-cinco-meses-afirma-pr\/#primaryimage"},"thumbnailUrl":"https:\/\/portaltela.pt\/s.01k8rhncp4jt1\/2026\/03\/CACHE_780X1200_ANALOG_WATERMARKED_46169050_2717773_08122025055553-1.jpg","datePublished":"2026-03-15T19:19:00+00:00","author":{"@id":"https:\/\/portaltela.pt\/#\/schema\/person\/c4278d4a6028830caff9ee44b42d32ed"},"breadcrumb":{"@id":"https:\/\/portaltela.pt\/noticias\/2026\/03\/15\/mocambique-sem-registo-de-raptos-ha-cinco-meses-afirma-pr\/#breadcrumb"},"inLanguage":"pt-PT","potentialAction":[{"@type":"ReadAction","target":["https:\/\/portaltela.pt\/noticias\/2026\/03\/15\/mocambique-sem-registo-de-raptos-ha-cinco-meses-afirma-pr\/"]}]},{"@type":"ImageObject","inLanguage":"pt-PT","@id":"https:\/\/portaltela.pt\/noticias\/2026\/03\/15\/mocambique-sem-registo-de-raptos-ha-cinco-meses-afirma-pr\/#primaryimage","url":"https:\/\/portaltela.pt\/s.01k8rhncp4jt1\/2026\/03\/CACHE_780X1200_ANALOG_WATERMARKED_46169050_2717773_08122025055553-1.jpg","contentUrl":"https:\/\/portaltela.pt\/s.01k8rhncp4jt1\/2026\/03\/CACHE_780X1200_ANALOG_WATERMARKED_46169050_2717773_08122025055553-1.jpg","width":796,"height":448,"caption":"Mo\u00e7ambique sem registo de casos de raptos h\u00e1 cinco meses \u2013 PR"},{"@type":"BreadcrumbList","@id":"https:\/\/portaltela.pt\/noticias\/2026\/03\/15\/mocambique-sem-registo-de-raptos-ha-cinco-meses-afirma-pr\/#breadcrumb","itemListElement":[{"@type":"ListItem","position":1,"name":"In\u00edcio","item":"https:\/\/portaltela.pt\/"},{"@type":"ListItem","position":2,"name":"Mo\u00e7ambique sem registo de raptos h\u00e1 cinco meses, afirma PR"}]},{"@type":"WebSite","@id":"https:\/\/portaltela.pt\/#website","url":"https:\/\/portaltela.pt\/","name":"Portal Tela Portugal","description":"","potentialAction":[{"@type":"SearchAction","target":{"@type":"EntryPoint","urlTemplate":"https:\/\/portaltela.pt\/?s={search_term_string}"},"query-input":{"@type":"PropertyValueSpecification","valueRequired":true,"valueName":"search_term_string"}}],"inLanguage":"pt-PT"},{"@type":"Person","@id":"https:\/\/portaltela.pt\/#\/schema\/person\/c4278d4a6028830caff9ee44b42d32ed","name":"Telinha","image":{"@type":"ImageObject","inLanguage":"pt-PT","@id":"https:\/\/portaltela.pt\/s.01k8rhncp4jt1\/2025\/11\/talking-bot-125x125.png","url":"https:\/\/portaltela.pt\/s.01k8rhncp4jt1\/2025\/11\/talking-bot-125x125.png","contentUrl":"https:\/\/portaltela.pt\/s.01k8rhncp4jt1\/2025\/11\/talking-bot-125x125.png","caption":"Telinha"},"sameAs":["https:\/\/portaltela.pt\/"],"url":"https:\/\/portaltela.pt\/por\/367410592786\/"}]}},"_links":{"self":[{"href":"https:\/\/portaltela.pt\/api\/wp\/v2\/posts\/411212","targetHints":{"allow":["GET"]}}],"collection":[{"href":"https:\/\/portaltela.pt\/api\/wp\/v2\/posts"}],"about":[{"href":"https:\/\/portaltela.pt\/api\/wp\/v2\/types\/post"}],"author":[{"embeddable":true,"href":"https:\/\/portaltela.pt\/api\/wp\/v2\/users\/2"}],"replies":[{"embeddable":true,"href":"https:\/\/portaltela.pt\/api\/wp\/v2\/comments?post=411212"}],"version-history":[{"count":0,"href":"https:\/\/portaltela.pt\/api\/wp\/v2\/posts\/411212\/revisions"}],"wp:featuredmedia":[{"embeddable":true,"href":"https:\/\/portaltela.pt\/api\/wp\/v2\/media\/411218"}],"wp:attachment":[{"href":"https:\/\/portaltela.pt\/api\/wp\/v2\/media?parent=411212"}],"wp:term":[{"taxonomy":"category","embeddable":true,"href":"https:\/\/portaltela.pt\/api\/wp\/v2\/categories?post=411212"},{"taxonomy":"post_tag","embeddable":true,"href":"https:\/\/portaltela.pt\/api\/wp\/v2\/tags?post=411212"}],"curies":[{"name":"wp","href":"https:\/\/api.w.org\/{rel}","templated":true}]}}