{"id":411204,"date":"2026-03-15T16:06:40","date_gmt":"2026-03-15T19:06:40","guid":{"rendered":"https:\/\/portaltela.pt\/noticias\/2026\/03\/15\/barcelona-goleia-sevilha-e-reforca-lideranca-na-la-liga\/"},"modified":"2026-03-15T16:06:40","modified_gmt":"2026-03-15T19:06:40","slug":"barcelona-goleia-sevilha-e-reforca-lideranca-na-la-liga","status":"publish","type":"post","link":"https:\/\/portaltela.pt\/desporto\/futebol\/2026\/03\/15\/barcelona-goleia-sevilha-e-reforca-lideranca-na-la-liga\/","title":{"rendered":"Barcelona goleia Sevilha e refor\u00e7a lideran\u00e7a na La Liga"},"content":{"rendered":"<p>O FC Barcelona derrotou o Sevilha por 5-2, no Camp Nou, mantendo a lideran\u00e7a da Liga espanhola. A partida ocorreu neste domingo, em Barcelona, com a equipa de Hansi Flick a consolidar o topo da classifica\u00e7\u00e3o.<\/p>\n<p>Raphinha destacou-se com um hat-trick, tendo Cancelo marcado o outro golo da equipa catal\u00e3. Joao Cancelo participou ativamente, contribuindo com duas assist\u00eancias ou lances decisivos para os tentos. O resultado mant\u00e9m o Bar\u00e7a \u00e0 frente.<\/p>\n<p>O Real Madrid, quarto classificado, venceu o Elche por 4-1 no s\u00e1bado, no Bernab\u00e9u, ampliando para quatro pontos a diferen\u00e7a entre os dois primeiros.<\/p>\n<p>O Bar\u00e7a entrou forte e abriu o marcador aos 9 minutos, num pen\u00e1lti convertido por Raphinha, conquistado por Cancelo. Dois minutos depois, o brasileiro repete o golo da marca de pen\u00e1lti.<\/p>\n<p>Antes do intervalo, aos 38, Dani Olmo fez 3-0 para o Barcelona, enquanto Oso reduziu nos descontos do primeiro tempo atrav\u00e9s de um cruzamento de Juanlu S\u00e1nchez.<\/p>\n<p>Na segunda parte, aos 51 minutos, Raphinha fez o hat-trick ao concluir uma jogada r\u00e1pida pela esquerda. Aos 60, Cancelo assinou o 5-0 para o Bar\u00e7a.<\/p>\n<p>Nos descontos, aos 90+2, Djibril Sow apontou o golo de honra do Sevilha de cabe\u00e7a, fixando o resultado final de 5-2.<\/p>\n<p>O Sevilha, treinado por Mat\u00edas Almeyda, mant\u00e9m-se numa campanha irregular e ocupa o 14.\u00ba lugar, com 31 pontos nesta edi\u00e7\u00e3o da Liga.<\/p>\n","protected":false},"excerpt":{"rendered":"<ul>\n<li>O FC Barcelona venceu o Sevilha por 5-2 no Camp Nou, mantendo a lideran\u00e7a da Liga espanhola.<\/li>\n<li>Raphinha fez um hat-trick, convertendo dois pen\u00e1ltis criados por Jo\u00e3o Cancelo e marcando novamente aos 51 minutos; Cancelo tamb\u00e9m anotou aos 60 minutos.<\/li>\n<li>Dani Olmo abriu o marcador aos 38 minutos, antes de Oso reduzir j\u00e1 nos descontos para o Sevilha.<\/li>\n<li>O Barcelona soma 70 pontos, com quatro de vantagem sobre o Real Madrid, que goleou o Elche por 4-1 no s\u00e1bado no Bernab\u00e9u.<\/li>\n<li>O Sevilha, treinado por Mat\u00edas Almeyda, permanece em 14.\u00ba lugar com 31 pontos, ap\u00f3s o golo de Djibril Sow nos descontos.<\/li>\n<\/ul>\n","protected":false},"author":2,"featured_media":411206,"comment_status":"closed","ping_status":"closed","sticky":false,"template":"","format":"standard","meta":{"footnotes":""},"categories":[21,24],"tags":[2587,2331,7242,32,1789,1220],"class_list":["post-411204","post","type-post","status-publish","format-standard","has-post-thumbnail","hentry","category-desporto","category-futebol","tag-barcelona","tag-cancelo","tag-dani-olmo","tag-futebol","tag-la-liga","tag-sevilha"],"yoast_head":"<!-- This site is optimized with the Yoast SEO plugin v27.2 - https:\/\/yoast.com\/product\/yoast-seo-wordpress\/ -->\n<title>Barcelona goleia Sevilha e refor\u00e7a lideran\u00e7a na La Liga - Portal Tela Portugal<\/title>\n<meta name=\"robots\" content=\"index, follow, max-snippet:-1, max-image-preview:large, max-video-preview:-1\" \/>\n<meta property=\"og:locale\" content=\"pt_PT\" \/>\n<meta property=\"og:type\" content=\"article\" \/>\n<meta property=\"og:title\" content=\"Barcelona goleia Sevilha e refor\u00e7a lideran\u00e7a na La Liga - Portal Tela Portugal\" \/>\n<meta property=\"og:description\" content=\"O FC Barcelona venceu o Sevilha por 5-2 no Camp Nou, mantendo a lideran\u00e7a da Liga espanhola. Raphinha fez um hat-trick, convertendo dois pen\u00e1ltis criados por Jo\u00e3o Cancelo e marcando novamente aos 51 minutos; Cancelo tamb\u00e9m anotou aos 60 minutos. Dani Olmo abriu o marcador aos 38 minutos, antes de Oso reduzir j\u00e1 nos descontos para o Sevilha. O Barcelona soma 70 pontos, com quatro de vantagem sobre o Real Madrid, que goleou o Elche por 4-1 no s\u00e1bado no Bernab\u00e9u. O Sevilha, treinado por Mat\u00edas Almeyda, permanece em 14.\u00ba lugar com 31 pontos, ap\u00f3s o golo de Djibril Sow nos descontos.\" \/>\n<meta property=\"og:url\" content=\"https:\/\/portaltela.pt\/noticias\/2026\/03\/15\/barcelona-goleia-sevilha-e-reforca-lideranca-na-la-liga\/\" \/>\n<meta property=\"og:site_name\" content=\"Portal Tela Portugal\" \/>\n<meta property=\"article:published_time\" content=\"2026-03-15T19:06:40+00:00\" \/>\n<meta name=\"author\" content=\"Telinha\" \/>\n<meta name=\"twitter:card\" content=\"summary_large_image\" \/>\n<meta name=\"twitter:label1\" content=\"Escrito por\" \/>\n\t<meta name=\"twitter:data1\" content=\"Telinha\" \/>\n\t<meta name=\"twitter:label2\" content=\"Tempo estimado de leitura\" \/>\n\t<meta name=\"twitter:data2\" content=\"1 minuto\" \/>\n<script type=\"application\/ld+json\" class=\"yoast-schema-graph\">{\"@context\":\"https:\/\/schema.org\",\"@graph\":[{\"@type\":\"Article\",\"@id\":\"https:\/\/portaltela.pt\/noticias\/2026\/03\/15\/barcelona-goleia-sevilha-e-reforca-lideranca-na-la-liga\/#article\",\"isPartOf\":{\"@id\":\"https:\/\/portaltela.pt\/noticias\/2026\/03\/15\/barcelona-goleia-sevilha-e-reforca-lideranca-na-la-liga\/\"},\"author\":{\"name\":\"Telinha\",\"@id\":\"https:\/\/portaltela.pt\/#\/schema\/person\/c4278d4a6028830caff9ee44b42d32ed\"},\"headline\":\"Barcelona goleia Sevilha e refor\u00e7a lideran\u00e7a na La Liga\",\"datePublished\":\"2026-03-15T19:06:40+00:00\",\"mainEntityOfPage\":{\"@id\":\"https:\/\/portaltela.pt\/noticias\/2026\/03\/15\/barcelona-goleia-sevilha-e-reforca-lideranca-na-la-liga\/\"},\"wordCount\":244,\"image\":{\"@id\":\"https:\/\/portaltela.pt\/noticias\/2026\/03\/15\/barcelona-goleia-sevilha-e-reforca-lideranca-na-la-liga\/#primaryimage\"},\"thumbnailUrl\":\"https:\/\/portaltela.pt\/s.01k8rhncp4jt1\/2026\/03\/img_1500x1000uu2026-03-15-19-06-15-2272532.jpg\",\"keywords\":[\"Barcelona\",\"Cancelo\",\"Dani Olmo\",\"futebol\",\"La Liga\",\"Sevilha\"],\"articleSection\":[\"Desporto\",\"Futebol\"],\"inLanguage\":\"pt-PT\"},{\"@type\":\"WebPage\",\"@id\":\"https:\/\/portaltela.pt\/noticias\/2026\/03\/15\/barcelona-goleia-sevilha-e-reforca-lideranca-na-la-liga\/\",\"url\":\"https:\/\/portaltela.pt\/noticias\/2026\/03\/15\/barcelona-goleia-sevilha-e-reforca-lideranca-na-la-liga\/\",\"name\":\"Barcelona goleia Sevilha e refor\u00e7a lideran\u00e7a na La Liga - Portal Tela Portugal\",\"isPartOf\":{\"@id\":\"https:\/\/portaltela.pt\/#website\"},\"primaryImageOfPage\":{\"@id\":\"https:\/\/portaltela.pt\/noticias\/2026\/03\/15\/barcelona-goleia-sevilha-e-reforca-lideranca-na-la-liga\/#primaryimage\"},\"image\":{\"@id\":\"https:\/\/portaltela.pt\/noticias\/2026\/03\/15\/barcelona-goleia-sevilha-e-reforca-lideranca-na-la-liga\/#primaryimage\"},\"thumbnailUrl\":\"https:\/\/portaltela.pt\/s.01k8rhncp4jt1\/2026\/03\/img_1500x1000uu2026-03-15-19-06-15-2272532.jpg\",\"datePublished\":\"2026-03-15T19:06:40+00:00\",\"author\":{\"@id\":\"https:\/\/portaltela.pt\/#\/schema\/person\/c4278d4a6028830caff9ee44b42d32ed\"},\"breadcrumb\":{\"@id\":\"https:\/\/portaltela.pt\/noticias\/2026\/03\/15\/barcelona-goleia-sevilha-e-reforca-lideranca-na-la-liga\/#breadcrumb\"},\"inLanguage\":\"pt-PT\",\"potentialAction\":[{\"@type\":\"ReadAction\",\"target\":[\"https:\/\/portaltela.pt\/noticias\/2026\/03\/15\/barcelona-goleia-sevilha-e-reforca-lideranca-na-la-liga\/\"]}]},{\"@type\":\"ImageObject\",\"inLanguage\":\"pt-PT\",\"@id\":\"https:\/\/portaltela.pt\/noticias\/2026\/03\/15\/barcelona-goleia-sevilha-e-reforca-lideranca-na-la-liga\/#primaryimage\",\"url\":\"https:\/\/portaltela.pt\/s.01k8rhncp4jt1\/2026\/03\/img_1500x1000uu2026-03-15-19-06-15-2272532.jpg\",\"contentUrl\":\"https:\/\/portaltela.pt\/s.01k8rhncp4jt1\/2026\/03\/img_1500x1000uu2026-03-15-19-06-15-2272532.jpg\",\"width\":796,\"height\":448,\"caption\":\"FC Barcelona goleia Sevilha e refor\u00e7a lideran\u00e7a da Liga espanhola\"},{\"@type\":\"BreadcrumbList\",\"@id\":\"https:\/\/portaltela.pt\/noticias\/2026\/03\/15\/barcelona-goleia-sevilha-e-reforca-lideranca-na-la-liga\/#breadcrumb\",\"itemListElement\":[{\"@type\":\"ListItem\",\"position\":1,\"name\":\"In\u00edcio\",\"item\":\"https:\/\/portaltela.pt\/\"},{\"@type\":\"ListItem\",\"position\":2,\"name\":\"Barcelona goleia Sevilha e refor\u00e7a lideran\u00e7a na La Liga\"}]},{\"@type\":\"WebSite\",\"@id\":\"https:\/\/portaltela.pt\/#website\",\"url\":\"https:\/\/portaltela.pt\/\",\"name\":\"Portal Tela Portugal\",\"description\":\"\",\"potentialAction\":[{\"@type\":\"SearchAction\",\"target\":{\"@type\":\"EntryPoint\",\"urlTemplate\":\"https:\/\/portaltela.pt\/?s={search_term_string}\"},\"query-input\":{\"@type\":\"PropertyValueSpecification\",\"valueRequired\":true,\"valueName\":\"search_term_string\"}}],\"inLanguage\":\"pt-PT\"},{\"@type\":\"Person\",\"@id\":\"https:\/\/portaltela.pt\/#\/schema\/person\/c4278d4a6028830caff9ee44b42d32ed\",\"name\":\"Telinha\",\"image\":{\"@type\":\"ImageObject\",\"inLanguage\":\"pt-PT\",\"@id\":\"https:\/\/portaltela.pt\/s.01k8rhncp4jt1\/2025\/11\/talking-bot-125x125.png\",\"url\":\"https:\/\/portaltela.pt\/s.01k8rhncp4jt1\/2025\/11\/talking-bot-125x125.png\",\"contentUrl\":\"https:\/\/portaltela.pt\/s.01k8rhncp4jt1\/2025\/11\/talking-bot-125x125.png\",\"caption\":\"Telinha\"},\"sameAs\":[\"https:\/\/portaltela.pt\/\"],\"url\":\"https:\/\/portaltela.pt\/por\/367410592786\/\"}]}<\/script>\n<!-- \/ Yoast SEO plugin. -->","yoast_head_json":{"title":"Barcelona goleia Sevilha e refor\u00e7a lideran\u00e7a na La Liga - Portal Tela Portugal","robots":{"index":"index","follow":"follow","max-snippet":"max-snippet:-1","max-image-preview":"max-image-preview:large","max-video-preview":"max-video-preview:-1"},"og_locale":"pt_PT","og_type":"article","og_title":"Barcelona goleia Sevilha e refor\u00e7a lideran\u00e7a na La Liga - Portal Tela Portugal","og_description":"O FC Barcelona venceu o Sevilha por 5-2 no Camp Nou, mantendo a lideran\u00e7a da Liga espanhola. Raphinha fez um hat-trick, convertendo dois pen\u00e1ltis criados por Jo\u00e3o Cancelo e marcando novamente aos 51 minutos; Cancelo tamb\u00e9m anotou aos 60 minutos. Dani Olmo abriu o marcador aos 38 minutos, antes de Oso reduzir j\u00e1 nos descontos para o Sevilha. O Barcelona soma 70 pontos, com quatro de vantagem sobre o Real Madrid, que goleou o Elche por 4-1 no s\u00e1bado no Bernab\u00e9u. O Sevilha, treinado por Mat\u00edas Almeyda, permanece em 14.\u00ba lugar com 31 pontos, ap\u00f3s o golo de Djibril Sow nos descontos.","og_url":"https:\/\/portaltela.pt\/noticias\/2026\/03\/15\/barcelona-goleia-sevilha-e-reforca-lideranca-na-la-liga\/","og_site_name":"Portal Tela Portugal","article_published_time":"2026-03-15T19:06:40+00:00","author":"Telinha","twitter_card":"summary_large_image","twitter_misc":{"Escrito por":"Telinha","Tempo estimado de leitura":"1 minuto"},"schema":{"@context":"https:\/\/schema.org","@graph":[{"@type":"Article","@id":"https:\/\/portaltela.pt\/noticias\/2026\/03\/15\/barcelona-goleia-sevilha-e-reforca-lideranca-na-la-liga\/#article","isPartOf":{"@id":"https:\/\/portaltela.pt\/noticias\/2026\/03\/15\/barcelona-goleia-sevilha-e-reforca-lideranca-na-la-liga\/"},"author":{"name":"Telinha","@id":"https:\/\/portaltela.pt\/#\/schema\/person\/c4278d4a6028830caff9ee44b42d32ed"},"headline":"Barcelona goleia Sevilha e refor\u00e7a lideran\u00e7a na La Liga","datePublished":"2026-03-15T19:06:40+00:00","mainEntityOfPage":{"@id":"https:\/\/portaltela.pt\/noticias\/2026\/03\/15\/barcelona-goleia-sevilha-e-reforca-lideranca-na-la-liga\/"},"wordCount":244,"image":{"@id":"https:\/\/portaltela.pt\/noticias\/2026\/03\/15\/barcelona-goleia-sevilha-e-reforca-lideranca-na-la-liga\/#primaryimage"},"thumbnailUrl":"https:\/\/portaltela.pt\/s.01k8rhncp4jt1\/2026\/03\/img_1500x1000uu2026-03-15-19-06-15-2272532.jpg","keywords":["Barcelona","Cancelo","Dani Olmo","futebol","La Liga","Sevilha"],"articleSection":["Desporto","Futebol"],"inLanguage":"pt-PT"},{"@type":"WebPage","@id":"https:\/\/portaltela.pt\/noticias\/2026\/03\/15\/barcelona-goleia-sevilha-e-reforca-lideranca-na-la-liga\/","url":"https:\/\/portaltela.pt\/noticias\/2026\/03\/15\/barcelona-goleia-sevilha-e-reforca-lideranca-na-la-liga\/","name":"Barcelona goleia Sevilha e refor\u00e7a lideran\u00e7a na La Liga - Portal Tela Portugal","isPartOf":{"@id":"https:\/\/portaltela.pt\/#website"},"primaryImageOfPage":{"@id":"https:\/\/portaltela.pt\/noticias\/2026\/03\/15\/barcelona-goleia-sevilha-e-reforca-lideranca-na-la-liga\/#primaryimage"},"image":{"@id":"https:\/\/portaltela.pt\/noticias\/2026\/03\/15\/barcelona-goleia-sevilha-e-reforca-lideranca-na-la-liga\/#primaryimage"},"thumbnailUrl":"https:\/\/portaltela.pt\/s.01k8rhncp4jt1\/2026\/03\/img_1500x1000uu2026-03-15-19-06-15-2272532.jpg","datePublished":"2026-03-15T19:06:40+00:00","author":{"@id":"https:\/\/portaltela.pt\/#\/schema\/person\/c4278d4a6028830caff9ee44b42d32ed"},"breadcrumb":{"@id":"https:\/\/portaltela.pt\/noticias\/2026\/03\/15\/barcelona-goleia-sevilha-e-reforca-lideranca-na-la-liga\/#breadcrumb"},"inLanguage":"pt-PT","potentialAction":[{"@type":"ReadAction","target":["https:\/\/portaltela.pt\/noticias\/2026\/03\/15\/barcelona-goleia-sevilha-e-reforca-lideranca-na-la-liga\/"]}]},{"@type":"ImageObject","inLanguage":"pt-PT","@id":"https:\/\/portaltela.pt\/noticias\/2026\/03\/15\/barcelona-goleia-sevilha-e-reforca-lideranca-na-la-liga\/#primaryimage","url":"https:\/\/portaltela.pt\/s.01k8rhncp4jt1\/2026\/03\/img_1500x1000uu2026-03-15-19-06-15-2272532.jpg","contentUrl":"https:\/\/portaltela.pt\/s.01k8rhncp4jt1\/2026\/03\/img_1500x1000uu2026-03-15-19-06-15-2272532.jpg","width":796,"height":448,"caption":"FC Barcelona goleia Sevilha e refor\u00e7a lideran\u00e7a da Liga espanhola"},{"@type":"BreadcrumbList","@id":"https:\/\/portaltela.pt\/noticias\/2026\/03\/15\/barcelona-goleia-sevilha-e-reforca-lideranca-na-la-liga\/#breadcrumb","itemListElement":[{"@type":"ListItem","position":1,"name":"In\u00edcio","item":"https:\/\/portaltela.pt\/"},{"@type":"ListItem","position":2,"name":"Barcelona goleia Sevilha e refor\u00e7a lideran\u00e7a na La Liga"}]},{"@type":"WebSite","@id":"https:\/\/portaltela.pt\/#website","url":"https:\/\/portaltela.pt\/","name":"Portal Tela Portugal","description":"","potentialAction":[{"@type":"SearchAction","target":{"@type":"EntryPoint","urlTemplate":"https:\/\/portaltela.pt\/?s={search_term_string}"},"query-input":{"@type":"PropertyValueSpecification","valueRequired":true,"valueName":"search_term_string"}}],"inLanguage":"pt-PT"},{"@type":"Person","@id":"https:\/\/portaltela.pt\/#\/schema\/person\/c4278d4a6028830caff9ee44b42d32ed","name":"Telinha","image":{"@type":"ImageObject","inLanguage":"pt-PT","@id":"https:\/\/portaltela.pt\/s.01k8rhncp4jt1\/2025\/11\/talking-bot-125x125.png","url":"https:\/\/portaltela.pt\/s.01k8rhncp4jt1\/2025\/11\/talking-bot-125x125.png","contentUrl":"https:\/\/portaltela.pt\/s.01k8rhncp4jt1\/2025\/11\/talking-bot-125x125.png","caption":"Telinha"},"sameAs":["https:\/\/portaltela.pt\/"],"url":"https:\/\/portaltela.pt\/por\/367410592786\/"}]}},"_links":{"self":[{"href":"https:\/\/portaltela.pt\/api\/wp\/v2\/posts\/411204","targetHints":{"allow":["GET"]}}],"collection":[{"href":"https:\/\/portaltela.pt\/api\/wp\/v2\/posts"}],"about":[{"href":"https:\/\/portaltela.pt\/api\/wp\/v2\/types\/post"}],"author":[{"embeddable":true,"href":"https:\/\/portaltela.pt\/api\/wp\/v2\/users\/2"}],"replies":[{"embeddable":true,"href":"https:\/\/portaltela.pt\/api\/wp\/v2\/comments?post=411204"}],"version-history":[{"count":0,"href":"https:\/\/portaltela.pt\/api\/wp\/v2\/posts\/411204\/revisions"}],"wp:featuredmedia":[{"embeddable":true,"href":"https:\/\/portaltela.pt\/api\/wp\/v2\/media\/411206"}],"wp:attachment":[{"href":"https:\/\/portaltela.pt\/api\/wp\/v2\/media?parent=411204"}],"wp:term":[{"taxonomy":"category","embeddable":true,"href":"https:\/\/portaltela.pt\/api\/wp\/v2\/categories?post=411204"},{"taxonomy":"post_tag","embeddable":true,"href":"https:\/\/portaltela.pt\/api\/wp\/v2\/tags?post=411204"}],"curies":[{"name":"wp","href":"https:\/\/api.w.org\/{rel}","templated":true}]}}