{"id":411193,"date":"2026-03-15T16:10:00","date_gmt":"2026-03-15T19:10:00","guid":{"rendered":"https:\/\/portaltela.pt\/noticias\/2026\/03\/15\/paulinho-roxo-perde-com-nun-alvares-e-mira-reescrever-a-historia-na-taca\/"},"modified":"2026-03-15T16:10:00","modified_gmt":"2026-03-15T19:10:00","slug":"paulinho-roxo-perde-com-nun-alvares-e-mira-reescrever-a-historia-na-taca","status":"publish","type":"post","link":"https:\/\/portaltela.pt\/desporto\/futebol\/2026\/03\/15\/paulinho-roxo-perde-com-nun-alvares-e-mira-reescrever-a-historia-na-taca\/","title":{"rendered":"Paulinho Roxo perde com Nun&#8217;\u00c1lvares e mira reescrever a hist\u00f3ria na Ta\u00e7a"},"content":{"rendered":"<p>Na final da Ta\u00e7a da Liga, o Benfica perdeu nos pen\u00e1ltis frente ao Nun&#8217;\u00c1lvares. O encontro, disputado na \u00faltima madrugada, terminou com a equipa advers\u00e1ria a sair vencedora na lotaria de golpes de maior efetividade.<\/p>\n<p>A equipa de Paulinho Roxo entrou com les\u00f5es no plantel, com jogadoras que chegaram a estar condicionadas no decorrer do jogo. Os detalhes do encontro apontaram para uma disputa equilibrada, com poucos golos e esfor\u00e7o coletivo intenso.<\/p>\n<p>No final, o Benfica viu o trof\u00e9u escapar por m\u00ednimas, ap\u00f3s falhas nos pen\u00e1ltis que deixaram o t\u00edtulo fora de alcance. Olhando para a Ta\u00e7a de Portugal, o t\u00e9cnico sublinhou a necessidade de reagir e preparar o pr\u00f3ximo desafio em cinco semanas.<\/p>\n<h3>Rea\u00e7\u00e3o do treinador<\/h3>\n<p>Paulinho Roxo destacou o esfor\u00e7o das jogadoras e o esp\u00edrito de sacrif\u00edcio exibido ao longo da partida, bem como a resposta competitiva do Nun&#8217;\u00c1lvares, que melhorou com refor\u00e7os ao longo da \u00e9poca. O treinador refor\u00e7ou a ideia de reescrever a hist\u00f3ria na Ta\u00e7a de Portugal.<\/p>\n<p>O t\u00e9cnico manteve o foco no futuro e na recupera\u00e7\u00e3o da equipa. Referiu que, nos \u00faltimos anos, o Benfica conquistou t\u00edtulos, e que \u00e9 necess\u00e1rio virar a p\u00e1gina rapidamente para os pr\u00f3ximos objetivos.<\/p>\n","protected":false},"excerpt":{"rendered":"<ul>\n<li>O Benfica ficou derrotado na final da Ta\u00e7a da Liga, frente ao Nun\u2019\u00c1lvares, nos pen\u00e1ltis, e Paulinho Roxo expressou desapontamento, mas elogiou o esp\u00edrito de sacrif\u00edcio da equipa.<\/li>\n<li>O t\u00e9cnico destacou les\u00f5es que reduziram op\u00e7\u00f5es: Ana Catarina ficou quase sem joelho, Maria Pereira esteve inapta e In\u00eas teve uma les\u00e3o no in\u00edcio da semana.<\/li>\n<li>Os pen\u00e1ltis foram consequ\u00eancia de detalhes; o trof\u00e9u esteve perto de ficar com Maria Pereira, e as jogadoras chegaram cansadas ao desempate.<\/li>\n<li>Roxo apontou que o Nun\u2019\u00c1lvares est\u00e1 a colher frutos de um trabalho cont\u00ednuo e que o Benfica volta a lutar pela Ta\u00e7a de Portugal dentro de cinco semanas.<\/li>\n<li>Sobre o momento, citou o presidente Rui Costa, dizendo que \u00e9 dia de luto hoje, mas amanh\u00e3 \u00e9 outro dia, e as jogadoras, vencedoras quando ganham, devem ultrapassar a derrota.<\/li>\n<\/ul>\n","protected":false},"author":2,"featured_media":411194,"comment_status":"closed","ping_status":"closed","sticky":false,"template":"","format":"standard","meta":{"footnotes":""},"categories":[21,24],"tags":[1946,32,1030,4174,3509,1172],"class_list":["post-411193","post","type-post","status-publish","format-standard","has-post-thumbnail","hentry","category-desporto","category-futebol","tag-benfica","tag-futebol","tag-futebol-feminino","tag-nunalvares","tag-penaltis","tag-taca-da-liga"],"yoast_head":"<!-- This site is optimized with the Yoast SEO plugin v27.2 - https:\/\/yoast.com\/product\/yoast-seo-wordpress\/ -->\n<title>Paulinho Roxo perde com Nun&#039;\u00c1lvares e mira reescrever a hist\u00f3ria na Ta\u00e7a - Portal Tela Portugal<\/title>\n<meta name=\"robots\" content=\"index, follow, max-snippet:-1, max-image-preview:large, max-video-preview:-1\" \/>\n<meta property=\"og:locale\" content=\"pt_PT\" \/>\n<meta property=\"og:type\" content=\"article\" \/>\n<meta property=\"og:title\" content=\"Paulinho Roxo perde com Nun&#039;\u00c1lvares e mira reescrever a hist\u00f3ria na Ta\u00e7a - Portal Tela Portugal\" \/>\n<meta property=\"og:description\" content=\"O Benfica ficou derrotado na final da Ta\u00e7a da Liga, frente ao Nun\u2019\u00c1lvares, nos pen\u00e1ltis, e Paulinho Roxo expressou desapontamento, mas elogiou o esp\u00edrito de sacrif\u00edcio da equipa. O t\u00e9cnico destacou les\u00f5es que reduziram op\u00e7\u00f5es: Ana Catarina ficou quase sem joelho, Maria Pereira esteve inapta e In\u00eas teve uma les\u00e3o no in\u00edcio da semana. Os pen\u00e1ltis foram consequ\u00eancia de detalhes; o trof\u00e9u esteve perto de ficar com Maria Pereira, e as jogadoras chegaram cansadas ao desempate. Roxo apontou que o Nun\u2019\u00c1lvares est\u00e1 a colher frutos de um trabalho cont\u00ednuo e que o Benfica volta a lutar pela Ta\u00e7a de Portugal dentro de cinco semanas. Sobre o momento, citou o presidente Rui Costa, dizendo que \u00e9 dia de luto hoje, mas amanh\u00e3 \u00e9 outro dia, e as jogadoras, vencedoras quando ganham, devem ultrapassar a derrota.\" \/>\n<meta property=\"og:url\" content=\"https:\/\/portaltela.pt\/noticias\/2026\/03\/15\/paulinho-roxo-perde-com-nun-alvares-e-mira-reescrever-a-historia-na-taca\/\" \/>\n<meta property=\"og:site_name\" content=\"Portal Tela Portugal\" \/>\n<meta property=\"article:published_time\" content=\"2026-03-15T19:10:00+00:00\" \/>\n<meta name=\"author\" content=\"Telinha\" \/>\n<meta name=\"twitter:card\" content=\"summary_large_image\" \/>\n<meta name=\"twitter:label1\" content=\"Escrito por\" \/>\n\t<meta name=\"twitter:data1\" content=\"Telinha\" \/>\n\t<meta name=\"twitter:label2\" content=\"Tempo estimado de leitura\" \/>\n\t<meta name=\"twitter:data2\" content=\"1 minuto\" \/>\n<script type=\"application\/ld+json\" class=\"yoast-schema-graph\">{\"@context\":\"https:\/\/schema.org\",\"@graph\":[{\"@type\":\"Article\",\"@id\":\"https:\/\/portaltela.pt\/noticias\/2026\/03\/15\/paulinho-roxo-perde-com-nun-alvares-e-mira-reescrever-a-historia-na-taca\/#article\",\"isPartOf\":{\"@id\":\"https:\/\/portaltela.pt\/noticias\/2026\/03\/15\/paulinho-roxo-perde-com-nun-alvares-e-mira-reescrever-a-historia-na-taca\/\"},\"author\":{\"name\":\"Telinha\",\"@id\":\"https:\/\/portaltela.pt\/#\/schema\/person\/c4278d4a6028830caff9ee44b42d32ed\"},\"headline\":\"Paulinho Roxo perde com Nun&#8217;\u00c1lvares e mira reescrever a hist\u00f3ria na Ta\u00e7a\",\"datePublished\":\"2026-03-15T19:10:00+00:00\",\"mainEntityOfPage\":{\"@id\":\"https:\/\/portaltela.pt\/noticias\/2026\/03\/15\/paulinho-roxo-perde-com-nun-alvares-e-mira-reescrever-a-historia-na-taca\/\"},\"wordCount\":238,\"image\":{\"@id\":\"https:\/\/portaltela.pt\/noticias\/2026\/03\/15\/paulinho-roxo-perde-com-nun-alvares-e-mira-reescrever-a-historia-na-taca\/#primaryimage\"},\"thumbnailUrl\":\"https:\/\/portaltela.pt\/s.01k8rhncp4jt1\/2026\/03\/img_293x165uu2026-03-15-19-10-09-2427198.jpg\",\"keywords\":[\"Benfica\",\"futebol\",\"futebol feminino\",\"Nun'\u00c1lvares\",\"pen\u00e1ltis\",\"Ta\u00e7a da Liga\"],\"articleSection\":[\"Desporto\",\"Futebol\"],\"inLanguage\":\"pt-PT\"},{\"@type\":\"WebPage\",\"@id\":\"https:\/\/portaltela.pt\/noticias\/2026\/03\/15\/paulinho-roxo-perde-com-nun-alvares-e-mira-reescrever-a-historia-na-taca\/\",\"url\":\"https:\/\/portaltela.pt\/noticias\/2026\/03\/15\/paulinho-roxo-perde-com-nun-alvares-e-mira-reescrever-a-historia-na-taca\/\",\"name\":\"Paulinho Roxo perde com Nun'\u00c1lvares e mira reescrever a hist\u00f3ria na Ta\u00e7a - Portal Tela Portugal\",\"isPartOf\":{\"@id\":\"https:\/\/portaltela.pt\/#website\"},\"primaryImageOfPage\":{\"@id\":\"https:\/\/portaltela.pt\/noticias\/2026\/03\/15\/paulinho-roxo-perde-com-nun-alvares-e-mira-reescrever-a-historia-na-taca\/#primaryimage\"},\"image\":{\"@id\":\"https:\/\/portaltela.pt\/noticias\/2026\/03\/15\/paulinho-roxo-perde-com-nun-alvares-e-mira-reescrever-a-historia-na-taca\/#primaryimage\"},\"thumbnailUrl\":\"https:\/\/portaltela.pt\/s.01k8rhncp4jt1\/2026\/03\/img_293x165uu2026-03-15-19-10-09-2427198.jpg\",\"datePublished\":\"2026-03-15T19:10:00+00:00\",\"author\":{\"@id\":\"https:\/\/portaltela.pt\/#\/schema\/person\/c4278d4a6028830caff9ee44b42d32ed\"},\"breadcrumb\":{\"@id\":\"https:\/\/portaltela.pt\/noticias\/2026\/03\/15\/paulinho-roxo-perde-com-nun-alvares-e-mira-reescrever-a-historia-na-taca\/#breadcrumb\"},\"inLanguage\":\"pt-PT\",\"potentialAction\":[{\"@type\":\"ReadAction\",\"target\":[\"https:\/\/portaltela.pt\/noticias\/2026\/03\/15\/paulinho-roxo-perde-com-nun-alvares-e-mira-reescrever-a-historia-na-taca\/\"]}]},{\"@type\":\"ImageObject\",\"inLanguage\":\"pt-PT\",\"@id\":\"https:\/\/portaltela.pt\/noticias\/2026\/03\/15\/paulinho-roxo-perde-com-nun-alvares-e-mira-reescrever-a-historia-na-taca\/#primaryimage\",\"url\":\"https:\/\/portaltela.pt\/s.01k8rhncp4jt1\/2026\/03\/img_293x165uu2026-03-15-19-10-09-2427198.jpg\",\"contentUrl\":\"https:\/\/portaltela.pt\/s.01k8rhncp4jt1\/2026\/03\/img_293x165uu2026-03-15-19-10-09-2427198.jpg\",\"width\":796,\"height\":448,\"caption\":\"Paulinho Roxo reage durante o jogo com o Nun'\u00c1lvares\"},{\"@type\":\"BreadcrumbList\",\"@id\":\"https:\/\/portaltela.pt\/noticias\/2026\/03\/15\/paulinho-roxo-perde-com-nun-alvares-e-mira-reescrever-a-historia-na-taca\/#breadcrumb\",\"itemListElement\":[{\"@type\":\"ListItem\",\"position\":1,\"name\":\"In\u00edcio\",\"item\":\"https:\/\/portaltela.pt\/\"},{\"@type\":\"ListItem\",\"position\":2,\"name\":\"Paulinho Roxo perde com Nun&#8217;\u00c1lvares e mira reescrever a hist\u00f3ria na Ta\u00e7a\"}]},{\"@type\":\"WebSite\",\"@id\":\"https:\/\/portaltela.pt\/#website\",\"url\":\"https:\/\/portaltela.pt\/\",\"name\":\"Portal Tela Portugal\",\"description\":\"\",\"potentialAction\":[{\"@type\":\"SearchAction\",\"target\":{\"@type\":\"EntryPoint\",\"urlTemplate\":\"https:\/\/portaltela.pt\/?s={search_term_string}\"},\"query-input\":{\"@type\":\"PropertyValueSpecification\",\"valueRequired\":true,\"valueName\":\"search_term_string\"}}],\"inLanguage\":\"pt-PT\"},{\"@type\":\"Person\",\"@id\":\"https:\/\/portaltela.pt\/#\/schema\/person\/c4278d4a6028830caff9ee44b42d32ed\",\"name\":\"Telinha\",\"image\":{\"@type\":\"ImageObject\",\"inLanguage\":\"pt-PT\",\"@id\":\"https:\/\/portaltela.pt\/s.01k8rhncp4jt1\/2025\/11\/talking-bot-125x125.png\",\"url\":\"https:\/\/portaltela.pt\/s.01k8rhncp4jt1\/2025\/11\/talking-bot-125x125.png\",\"contentUrl\":\"https:\/\/portaltela.pt\/s.01k8rhncp4jt1\/2025\/11\/talking-bot-125x125.png\",\"caption\":\"Telinha\"},\"sameAs\":[\"https:\/\/portaltela.pt\/\"],\"url\":\"https:\/\/portaltela.pt\/por\/367410592786\/\"}]}<\/script>\n<!-- \/ Yoast SEO plugin. -->","yoast_head_json":{"title":"Paulinho Roxo perde com Nun'\u00c1lvares e mira reescrever a hist\u00f3ria na Ta\u00e7a - Portal Tela Portugal","robots":{"index":"index","follow":"follow","max-snippet":"max-snippet:-1","max-image-preview":"max-image-preview:large","max-video-preview":"max-video-preview:-1"},"og_locale":"pt_PT","og_type":"article","og_title":"Paulinho Roxo perde com Nun'\u00c1lvares e mira reescrever a hist\u00f3ria na Ta\u00e7a - Portal Tela Portugal","og_description":"O Benfica ficou derrotado na final da Ta\u00e7a da Liga, frente ao Nun\u2019\u00c1lvares, nos pen\u00e1ltis, e Paulinho Roxo expressou desapontamento, mas elogiou o esp\u00edrito de sacrif\u00edcio da equipa. O t\u00e9cnico destacou les\u00f5es que reduziram op\u00e7\u00f5es: Ana Catarina ficou quase sem joelho, Maria Pereira esteve inapta e In\u00eas teve uma les\u00e3o no in\u00edcio da semana. Os pen\u00e1ltis foram consequ\u00eancia de detalhes; o trof\u00e9u esteve perto de ficar com Maria Pereira, e as jogadoras chegaram cansadas ao desempate. Roxo apontou que o Nun\u2019\u00c1lvares est\u00e1 a colher frutos de um trabalho cont\u00ednuo e que o Benfica volta a lutar pela Ta\u00e7a de Portugal dentro de cinco semanas. Sobre o momento, citou o presidente Rui Costa, dizendo que \u00e9 dia de luto hoje, mas amanh\u00e3 \u00e9 outro dia, e as jogadoras, vencedoras quando ganham, devem ultrapassar a derrota.","og_url":"https:\/\/portaltela.pt\/noticias\/2026\/03\/15\/paulinho-roxo-perde-com-nun-alvares-e-mira-reescrever-a-historia-na-taca\/","og_site_name":"Portal Tela Portugal","article_published_time":"2026-03-15T19:10:00+00:00","author":"Telinha","twitter_card":"summary_large_image","twitter_misc":{"Escrito por":"Telinha","Tempo estimado de leitura":"1 minuto"},"schema":{"@context":"https:\/\/schema.org","@graph":[{"@type":"Article","@id":"https:\/\/portaltela.pt\/noticias\/2026\/03\/15\/paulinho-roxo-perde-com-nun-alvares-e-mira-reescrever-a-historia-na-taca\/#article","isPartOf":{"@id":"https:\/\/portaltela.pt\/noticias\/2026\/03\/15\/paulinho-roxo-perde-com-nun-alvares-e-mira-reescrever-a-historia-na-taca\/"},"author":{"name":"Telinha","@id":"https:\/\/portaltela.pt\/#\/schema\/person\/c4278d4a6028830caff9ee44b42d32ed"},"headline":"Paulinho Roxo perde com Nun&#8217;\u00c1lvares e mira reescrever a hist\u00f3ria na Ta\u00e7a","datePublished":"2026-03-15T19:10:00+00:00","mainEntityOfPage":{"@id":"https:\/\/portaltela.pt\/noticias\/2026\/03\/15\/paulinho-roxo-perde-com-nun-alvares-e-mira-reescrever-a-historia-na-taca\/"},"wordCount":238,"image":{"@id":"https:\/\/portaltela.pt\/noticias\/2026\/03\/15\/paulinho-roxo-perde-com-nun-alvares-e-mira-reescrever-a-historia-na-taca\/#primaryimage"},"thumbnailUrl":"https:\/\/portaltela.pt\/s.01k8rhncp4jt1\/2026\/03\/img_293x165uu2026-03-15-19-10-09-2427198.jpg","keywords":["Benfica","futebol","futebol feminino","Nun'\u00c1lvares","pen\u00e1ltis","Ta\u00e7a da Liga"],"articleSection":["Desporto","Futebol"],"inLanguage":"pt-PT"},{"@type":"WebPage","@id":"https:\/\/portaltela.pt\/noticias\/2026\/03\/15\/paulinho-roxo-perde-com-nun-alvares-e-mira-reescrever-a-historia-na-taca\/","url":"https:\/\/portaltela.pt\/noticias\/2026\/03\/15\/paulinho-roxo-perde-com-nun-alvares-e-mira-reescrever-a-historia-na-taca\/","name":"Paulinho Roxo perde com Nun'\u00c1lvares e mira reescrever a hist\u00f3ria na Ta\u00e7a - Portal Tela Portugal","isPartOf":{"@id":"https:\/\/portaltela.pt\/#website"},"primaryImageOfPage":{"@id":"https:\/\/portaltela.pt\/noticias\/2026\/03\/15\/paulinho-roxo-perde-com-nun-alvares-e-mira-reescrever-a-historia-na-taca\/#primaryimage"},"image":{"@id":"https:\/\/portaltela.pt\/noticias\/2026\/03\/15\/paulinho-roxo-perde-com-nun-alvares-e-mira-reescrever-a-historia-na-taca\/#primaryimage"},"thumbnailUrl":"https:\/\/portaltela.pt\/s.01k8rhncp4jt1\/2026\/03\/img_293x165uu2026-03-15-19-10-09-2427198.jpg","datePublished":"2026-03-15T19:10:00+00:00","author":{"@id":"https:\/\/portaltela.pt\/#\/schema\/person\/c4278d4a6028830caff9ee44b42d32ed"},"breadcrumb":{"@id":"https:\/\/portaltela.pt\/noticias\/2026\/03\/15\/paulinho-roxo-perde-com-nun-alvares-e-mira-reescrever-a-historia-na-taca\/#breadcrumb"},"inLanguage":"pt-PT","potentialAction":[{"@type":"ReadAction","target":["https:\/\/portaltela.pt\/noticias\/2026\/03\/15\/paulinho-roxo-perde-com-nun-alvares-e-mira-reescrever-a-historia-na-taca\/"]}]},{"@type":"ImageObject","inLanguage":"pt-PT","@id":"https:\/\/portaltela.pt\/noticias\/2026\/03\/15\/paulinho-roxo-perde-com-nun-alvares-e-mira-reescrever-a-historia-na-taca\/#primaryimage","url":"https:\/\/portaltela.pt\/s.01k8rhncp4jt1\/2026\/03\/img_293x165uu2026-03-15-19-10-09-2427198.jpg","contentUrl":"https:\/\/portaltela.pt\/s.01k8rhncp4jt1\/2026\/03\/img_293x165uu2026-03-15-19-10-09-2427198.jpg","width":796,"height":448,"caption":"Paulinho Roxo reage durante o jogo com o Nun'\u00c1lvares"},{"@type":"BreadcrumbList","@id":"https:\/\/portaltela.pt\/noticias\/2026\/03\/15\/paulinho-roxo-perde-com-nun-alvares-e-mira-reescrever-a-historia-na-taca\/#breadcrumb","itemListElement":[{"@type":"ListItem","position":1,"name":"In\u00edcio","item":"https:\/\/portaltela.pt\/"},{"@type":"ListItem","position":2,"name":"Paulinho Roxo perde com Nun&#8217;\u00c1lvares e mira reescrever a hist\u00f3ria na Ta\u00e7a"}]},{"@type":"WebSite","@id":"https:\/\/portaltela.pt\/#website","url":"https:\/\/portaltela.pt\/","name":"Portal Tela Portugal","description":"","potentialAction":[{"@type":"SearchAction","target":{"@type":"EntryPoint","urlTemplate":"https:\/\/portaltela.pt\/?s={search_term_string}"},"query-input":{"@type":"PropertyValueSpecification","valueRequired":true,"valueName":"search_term_string"}}],"inLanguage":"pt-PT"},{"@type":"Person","@id":"https:\/\/portaltela.pt\/#\/schema\/person\/c4278d4a6028830caff9ee44b42d32ed","name":"Telinha","image":{"@type":"ImageObject","inLanguage":"pt-PT","@id":"https:\/\/portaltela.pt\/s.01k8rhncp4jt1\/2025\/11\/talking-bot-125x125.png","url":"https:\/\/portaltela.pt\/s.01k8rhncp4jt1\/2025\/11\/talking-bot-125x125.png","contentUrl":"https:\/\/portaltela.pt\/s.01k8rhncp4jt1\/2025\/11\/talking-bot-125x125.png","caption":"Telinha"},"sameAs":["https:\/\/portaltela.pt\/"],"url":"https:\/\/portaltela.pt\/por\/367410592786\/"}]}},"_links":{"self":[{"href":"https:\/\/portaltela.pt\/api\/wp\/v2\/posts\/411193","targetHints":{"allow":["GET"]}}],"collection":[{"href":"https:\/\/portaltela.pt\/api\/wp\/v2\/posts"}],"about":[{"href":"https:\/\/portaltela.pt\/api\/wp\/v2\/types\/post"}],"author":[{"embeddable":true,"href":"https:\/\/portaltela.pt\/api\/wp\/v2\/users\/2"}],"replies":[{"embeddable":true,"href":"https:\/\/portaltela.pt\/api\/wp\/v2\/comments?post=411193"}],"version-history":[{"count":0,"href":"https:\/\/portaltela.pt\/api\/wp\/v2\/posts\/411193\/revisions"}],"wp:featuredmedia":[{"embeddable":true,"href":"https:\/\/portaltela.pt\/api\/wp\/v2\/media\/411194"}],"wp:attachment":[{"href":"https:\/\/portaltela.pt\/api\/wp\/v2\/media?parent=411193"}],"wp:term":[{"taxonomy":"category","embeddable":true,"href":"https:\/\/portaltela.pt\/api\/wp\/v2\/categories?post=411193"},{"taxonomy":"post_tag","embeddable":true,"href":"https:\/\/portaltela.pt\/api\/wp\/v2\/tags?post=411193"}],"curies":[{"name":"wp","href":"https:\/\/api.w.org\/{rel}","templated":true}]}}