{"id":411155,"date":"2026-03-15T15:13:00","date_gmt":"2026-03-15T18:13:00","guid":{"rendered":"https:\/\/portaltela.pt\/noticias\/2026\/03\/15\/liliana-ca-fica-em-sexto-no-lancamento-do-disco-na-taca-da-europa\/"},"modified":"2026-03-15T15:13:00","modified_gmt":"2026-03-15T18:13:00","slug":"liliana-ca-fica-em-sexto-no-lancamento-do-disco-na-taca-da-europa","status":"publish","type":"post","link":"https:\/\/portaltela.pt\/desporto\/copa-do-mundo\/2026\/03\/15\/liliana-ca-fica-em-sexto-no-lancamento-do-disco-na-taca-da-europa\/","title":{"rendered":"Liliana C\u00e1 fica em sexto no lan\u00e7amento do disco na Ta\u00e7a da Europa"},"content":{"rendered":"<p>A atleta portuguesa Liliana C\u00e1 ficou em sexto lugar no disco na Ta\u00e7a da Europa de lan\u00e7amentos, disputada hoje, com um ensaio de 57,89 metros. Irina Rodrigues ficou em nona posi\u00e7\u00e3o, com 56,40 metros.<\/p>\n<p>Liliana C\u00e1 garantiu o melhor resultado entre as atletas lusas na prova, terminando acima de v\u00e1rias concorrentes internacionais com a marca indicada. Irina Rodrigues, por sua vez, registrou 56,40 metros para a posi\u00e7\u00e3o seguinte na tabela.<\/p>\n<p>A competi\u00e7\u00e3o reuniu lan\u00e7adores de diversas sele\u00e7\u00f5es e decorreu ao longo do dia, com v\u00e1rias marcas a aproximarem-se de recordes nacionais. A cobertura continua a acompanhar os desdobramentos da Ta\u00e7a da Europa de lan\u00e7amentos.<\/p>\n","protected":false},"excerpt":{"rendered":"<ul>\n<li>Liliana C\u00e1 terminou na sexta posi\u00e7\u00e3o no disco na Ta\u00e7a da Europa de lan\u00e7amentos, com 57,89 metros.<\/li>\n<li>Irina Rodrigues ficou em nono lugar, com 56,40 metros.<\/li>\n<li>O evento decorreu hoje na Ta\u00e7a da Europa de lan\u00e7amentos.<\/li>\n<li>A not\u00edcia original n\u00e3o inclui informa\u00e7\u00f5es adicionais sobre outras marcas ou participantes.<\/li>\n<\/ul>\n","protected":false},"author":2,"featured_media":411159,"comment_status":"closed","ping_status":"closed","sticky":false,"template":"","format":"standard","meta":{"footnotes":""},"categories":[6695,21],"tags":[252,137,152,7033,129,1014],"class_list":["post-411155","post","type-post","status-publish","format-standard","has-post-thumbnail","hentry","category-copa-do-mundo","category-desporto","tag-atletas","tag-atletismo","tag-desporto","tag-disco","tag-lancamentos","tag-portugal"],"yoast_head":"<!-- This site is optimized with the Yoast SEO plugin v27.2 - https:\/\/yoast.com\/product\/yoast-seo-wordpress\/ -->\n<title>Liliana C\u00e1 fica em sexto no lan\u00e7amento do disco na Ta\u00e7a da Europa - Portal Tela Portugal<\/title>\n<meta name=\"robots\" content=\"index, follow, max-snippet:-1, max-image-preview:large, max-video-preview:-1\" \/>\n<meta property=\"og:locale\" content=\"pt_PT\" \/>\n<meta property=\"og:type\" content=\"article\" \/>\n<meta property=\"og:title\" content=\"Liliana C\u00e1 fica em sexto no lan\u00e7amento do disco na Ta\u00e7a da Europa - Portal Tela Portugal\" \/>\n<meta property=\"og:description\" content=\"Liliana C\u00e1 terminou na sexta posi\u00e7\u00e3o no disco na Ta\u00e7a da Europa de lan\u00e7amentos, com 57,89 metros. Irina Rodrigues ficou em nono lugar, com 56,40 metros. O evento decorreu hoje na Ta\u00e7a da Europa de lan\u00e7amentos. A not\u00edcia original n\u00e3o inclui informa\u00e7\u00f5es adicionais sobre outras marcas ou participantes.\" \/>\n<meta property=\"og:url\" content=\"https:\/\/portaltela.pt\/noticias\/2026\/03\/15\/liliana-ca-fica-em-sexto-no-lancamento-do-disco-na-taca-da-europa\/\" \/>\n<meta property=\"og:site_name\" content=\"Portal Tela Portugal\" \/>\n<meta property=\"article:published_time\" content=\"2026-03-15T18:13:00+00:00\" \/>\n<meta name=\"author\" content=\"Telinha\" \/>\n<meta name=\"twitter:card\" content=\"summary_large_image\" \/>\n<meta name=\"twitter:label1\" content=\"Escrito por\" \/>\n\t<meta name=\"twitter:data1\" content=\"Telinha\" \/>\n\t<meta name=\"twitter:label2\" content=\"Tempo estimado de leitura\" \/>\n\t<meta name=\"twitter:data2\" content=\"1 minuto\" \/>\n<script type=\"application\/ld+json\" class=\"yoast-schema-graph\">{\"@context\":\"https:\/\/schema.org\",\"@graph\":[{\"@type\":\"Article\",\"@id\":\"https:\/\/portaltela.pt\/noticias\/2026\/03\/15\/liliana-ca-fica-em-sexto-no-lancamento-do-disco-na-taca-da-europa\/#article\",\"isPartOf\":{\"@id\":\"https:\/\/portaltela.pt\/noticias\/2026\/03\/15\/liliana-ca-fica-em-sexto-no-lancamento-do-disco-na-taca-da-europa\/\"},\"author\":{\"name\":\"Telinha\",\"@id\":\"https:\/\/portaltela.pt\/#\/schema\/person\/c4278d4a6028830caff9ee44b42d32ed\"},\"headline\":\"Liliana C\u00e1 fica em sexto no lan\u00e7amento do disco na Ta\u00e7a da Europa\",\"datePublished\":\"2026-03-15T18:13:00+00:00\",\"mainEntityOfPage\":{\"@id\":\"https:\/\/portaltela.pt\/noticias\/2026\/03\/15\/liliana-ca-fica-em-sexto-no-lancamento-do-disco-na-taca-da-europa\/\"},\"wordCount\":127,\"image\":{\"@id\":\"https:\/\/portaltela.pt\/noticias\/2026\/03\/15\/liliana-ca-fica-em-sexto-no-lancamento-do-disco-na-taca-da-europa\/#primaryimage\"},\"thumbnailUrl\":\"https:\/\/portaltela.pt\/s.01k8rhncp4jt1\/2026\/03\/CACHE_780X1200_ANALOG_WATERMARKED_43331660_718770921568368.jpg\",\"keywords\":[\"atletas\",\"atletismo\",\"desporto\",\"Disco\",\"lancamentos\",\"Portugal\"],\"articleSection\":[\"Copa do Mundo\",\"Desporto\"],\"inLanguage\":\"pt-PT\"},{\"@type\":\"WebPage\",\"@id\":\"https:\/\/portaltela.pt\/noticias\/2026\/03\/15\/liliana-ca-fica-em-sexto-no-lancamento-do-disco-na-taca-da-europa\/\",\"url\":\"https:\/\/portaltela.pt\/noticias\/2026\/03\/15\/liliana-ca-fica-em-sexto-no-lancamento-do-disco-na-taca-da-europa\/\",\"name\":\"Liliana C\u00e1 fica em sexto no lan\u00e7amento do disco na Ta\u00e7a da Europa - Portal Tela Portugal\",\"isPartOf\":{\"@id\":\"https:\/\/portaltela.pt\/#website\"},\"primaryImageOfPage\":{\"@id\":\"https:\/\/portaltela.pt\/noticias\/2026\/03\/15\/liliana-ca-fica-em-sexto-no-lancamento-do-disco-na-taca-da-europa\/#primaryimage\"},\"image\":{\"@id\":\"https:\/\/portaltela.pt\/noticias\/2026\/03\/15\/liliana-ca-fica-em-sexto-no-lancamento-do-disco-na-taca-da-europa\/#primaryimage\"},\"thumbnailUrl\":\"https:\/\/portaltela.pt\/s.01k8rhncp4jt1\/2026\/03\/CACHE_780X1200_ANALOG_WATERMARKED_43331660_718770921568368.jpg\",\"datePublished\":\"2026-03-15T18:13:00+00:00\",\"author\":{\"@id\":\"https:\/\/portaltela.pt\/#\/schema\/person\/c4278d4a6028830caff9ee44b42d32ed\"},\"breadcrumb\":{\"@id\":\"https:\/\/portaltela.pt\/noticias\/2026\/03\/15\/liliana-ca-fica-em-sexto-no-lancamento-do-disco-na-taca-da-europa\/#breadcrumb\"},\"inLanguage\":\"pt-PT\",\"potentialAction\":[{\"@type\":\"ReadAction\",\"target\":[\"https:\/\/portaltela.pt\/noticias\/2026\/03\/15\/liliana-ca-fica-em-sexto-no-lancamento-do-disco-na-taca-da-europa\/\"]}]},{\"@type\":\"ImageObject\",\"inLanguage\":\"pt-PT\",\"@id\":\"https:\/\/portaltela.pt\/noticias\/2026\/03\/15\/liliana-ca-fica-em-sexto-no-lancamento-do-disco-na-taca-da-europa\/#primaryimage\",\"url\":\"https:\/\/portaltela.pt\/s.01k8rhncp4jt1\/2026\/03\/CACHE_780X1200_ANALOG_WATERMARKED_43331660_718770921568368.jpg\",\"contentUrl\":\"https:\/\/portaltela.pt\/s.01k8rhncp4jt1\/2026\/03\/CACHE_780X1200_ANALOG_WATERMARKED_43331660_718770921568368.jpg\",\"width\":796,\"height\":448,\"caption\":\"Liliana C\u00e1 no sexto lugar do lan\u00e7amento do disco na Ta\u00e7a da Europa\"},{\"@type\":\"BreadcrumbList\",\"@id\":\"https:\/\/portaltela.pt\/noticias\/2026\/03\/15\/liliana-ca-fica-em-sexto-no-lancamento-do-disco-na-taca-da-europa\/#breadcrumb\",\"itemListElement\":[{\"@type\":\"ListItem\",\"position\":1,\"name\":\"In\u00edcio\",\"item\":\"https:\/\/portaltela.pt\/\"},{\"@type\":\"ListItem\",\"position\":2,\"name\":\"Liliana C\u00e1 fica em sexto no lan\u00e7amento do disco na Ta\u00e7a da Europa\"}]},{\"@type\":\"WebSite\",\"@id\":\"https:\/\/portaltela.pt\/#website\",\"url\":\"https:\/\/portaltela.pt\/\",\"name\":\"Portal Tela Portugal\",\"description\":\"\",\"potentialAction\":[{\"@type\":\"SearchAction\",\"target\":{\"@type\":\"EntryPoint\",\"urlTemplate\":\"https:\/\/portaltela.pt\/?s={search_term_string}\"},\"query-input\":{\"@type\":\"PropertyValueSpecification\",\"valueRequired\":true,\"valueName\":\"search_term_string\"}}],\"inLanguage\":\"pt-PT\"},{\"@type\":\"Person\",\"@id\":\"https:\/\/portaltela.pt\/#\/schema\/person\/c4278d4a6028830caff9ee44b42d32ed\",\"name\":\"Telinha\",\"image\":{\"@type\":\"ImageObject\",\"inLanguage\":\"pt-PT\",\"@id\":\"https:\/\/portaltela.pt\/s.01k8rhncp4jt1\/2025\/11\/talking-bot-125x125.png\",\"url\":\"https:\/\/portaltela.pt\/s.01k8rhncp4jt1\/2025\/11\/talking-bot-125x125.png\",\"contentUrl\":\"https:\/\/portaltela.pt\/s.01k8rhncp4jt1\/2025\/11\/talking-bot-125x125.png\",\"caption\":\"Telinha\"},\"sameAs\":[\"https:\/\/portaltela.pt\/\"],\"url\":\"https:\/\/portaltela.pt\/por\/367410592786\/\"}]}<\/script>\n<!-- \/ Yoast SEO plugin. -->","yoast_head_json":{"title":"Liliana C\u00e1 fica em sexto no lan\u00e7amento do disco na Ta\u00e7a da Europa - Portal Tela Portugal","robots":{"index":"index","follow":"follow","max-snippet":"max-snippet:-1","max-image-preview":"max-image-preview:large","max-video-preview":"max-video-preview:-1"},"og_locale":"pt_PT","og_type":"article","og_title":"Liliana C\u00e1 fica em sexto no lan\u00e7amento do disco na Ta\u00e7a da Europa - Portal Tela Portugal","og_description":"Liliana C\u00e1 terminou na sexta posi\u00e7\u00e3o no disco na Ta\u00e7a da Europa de lan\u00e7amentos, com 57,89 metros. Irina Rodrigues ficou em nono lugar, com 56,40 metros. O evento decorreu hoje na Ta\u00e7a da Europa de lan\u00e7amentos. A not\u00edcia original n\u00e3o inclui informa\u00e7\u00f5es adicionais sobre outras marcas ou participantes.","og_url":"https:\/\/portaltela.pt\/noticias\/2026\/03\/15\/liliana-ca-fica-em-sexto-no-lancamento-do-disco-na-taca-da-europa\/","og_site_name":"Portal Tela Portugal","article_published_time":"2026-03-15T18:13:00+00:00","author":"Telinha","twitter_card":"summary_large_image","twitter_misc":{"Escrito por":"Telinha","Tempo estimado de leitura":"1 minuto"},"schema":{"@context":"https:\/\/schema.org","@graph":[{"@type":"Article","@id":"https:\/\/portaltela.pt\/noticias\/2026\/03\/15\/liliana-ca-fica-em-sexto-no-lancamento-do-disco-na-taca-da-europa\/#article","isPartOf":{"@id":"https:\/\/portaltela.pt\/noticias\/2026\/03\/15\/liliana-ca-fica-em-sexto-no-lancamento-do-disco-na-taca-da-europa\/"},"author":{"name":"Telinha","@id":"https:\/\/portaltela.pt\/#\/schema\/person\/c4278d4a6028830caff9ee44b42d32ed"},"headline":"Liliana C\u00e1 fica em sexto no lan\u00e7amento do disco na Ta\u00e7a da Europa","datePublished":"2026-03-15T18:13:00+00:00","mainEntityOfPage":{"@id":"https:\/\/portaltela.pt\/noticias\/2026\/03\/15\/liliana-ca-fica-em-sexto-no-lancamento-do-disco-na-taca-da-europa\/"},"wordCount":127,"image":{"@id":"https:\/\/portaltela.pt\/noticias\/2026\/03\/15\/liliana-ca-fica-em-sexto-no-lancamento-do-disco-na-taca-da-europa\/#primaryimage"},"thumbnailUrl":"https:\/\/portaltela.pt\/s.01k8rhncp4jt1\/2026\/03\/CACHE_780X1200_ANALOG_WATERMARKED_43331660_718770921568368.jpg","keywords":["atletas","atletismo","desporto","Disco","lancamentos","Portugal"],"articleSection":["Copa do Mundo","Desporto"],"inLanguage":"pt-PT"},{"@type":"WebPage","@id":"https:\/\/portaltela.pt\/noticias\/2026\/03\/15\/liliana-ca-fica-em-sexto-no-lancamento-do-disco-na-taca-da-europa\/","url":"https:\/\/portaltela.pt\/noticias\/2026\/03\/15\/liliana-ca-fica-em-sexto-no-lancamento-do-disco-na-taca-da-europa\/","name":"Liliana C\u00e1 fica em sexto no lan\u00e7amento do disco na Ta\u00e7a da Europa - Portal Tela Portugal","isPartOf":{"@id":"https:\/\/portaltela.pt\/#website"},"primaryImageOfPage":{"@id":"https:\/\/portaltela.pt\/noticias\/2026\/03\/15\/liliana-ca-fica-em-sexto-no-lancamento-do-disco-na-taca-da-europa\/#primaryimage"},"image":{"@id":"https:\/\/portaltela.pt\/noticias\/2026\/03\/15\/liliana-ca-fica-em-sexto-no-lancamento-do-disco-na-taca-da-europa\/#primaryimage"},"thumbnailUrl":"https:\/\/portaltela.pt\/s.01k8rhncp4jt1\/2026\/03\/CACHE_780X1200_ANALOG_WATERMARKED_43331660_718770921568368.jpg","datePublished":"2026-03-15T18:13:00+00:00","author":{"@id":"https:\/\/portaltela.pt\/#\/schema\/person\/c4278d4a6028830caff9ee44b42d32ed"},"breadcrumb":{"@id":"https:\/\/portaltela.pt\/noticias\/2026\/03\/15\/liliana-ca-fica-em-sexto-no-lancamento-do-disco-na-taca-da-europa\/#breadcrumb"},"inLanguage":"pt-PT","potentialAction":[{"@type":"ReadAction","target":["https:\/\/portaltela.pt\/noticias\/2026\/03\/15\/liliana-ca-fica-em-sexto-no-lancamento-do-disco-na-taca-da-europa\/"]}]},{"@type":"ImageObject","inLanguage":"pt-PT","@id":"https:\/\/portaltela.pt\/noticias\/2026\/03\/15\/liliana-ca-fica-em-sexto-no-lancamento-do-disco-na-taca-da-europa\/#primaryimage","url":"https:\/\/portaltela.pt\/s.01k8rhncp4jt1\/2026\/03\/CACHE_780X1200_ANALOG_WATERMARKED_43331660_718770921568368.jpg","contentUrl":"https:\/\/portaltela.pt\/s.01k8rhncp4jt1\/2026\/03\/CACHE_780X1200_ANALOG_WATERMARKED_43331660_718770921568368.jpg","width":796,"height":448,"caption":"Liliana C\u00e1 no sexto lugar do lan\u00e7amento do disco na Ta\u00e7a da Europa"},{"@type":"BreadcrumbList","@id":"https:\/\/portaltela.pt\/noticias\/2026\/03\/15\/liliana-ca-fica-em-sexto-no-lancamento-do-disco-na-taca-da-europa\/#breadcrumb","itemListElement":[{"@type":"ListItem","position":1,"name":"In\u00edcio","item":"https:\/\/portaltela.pt\/"},{"@type":"ListItem","position":2,"name":"Liliana C\u00e1 fica em sexto no lan\u00e7amento do disco na Ta\u00e7a da Europa"}]},{"@type":"WebSite","@id":"https:\/\/portaltela.pt\/#website","url":"https:\/\/portaltela.pt\/","name":"Portal Tela Portugal","description":"","potentialAction":[{"@type":"SearchAction","target":{"@type":"EntryPoint","urlTemplate":"https:\/\/portaltela.pt\/?s={search_term_string}"},"query-input":{"@type":"PropertyValueSpecification","valueRequired":true,"valueName":"search_term_string"}}],"inLanguage":"pt-PT"},{"@type":"Person","@id":"https:\/\/portaltela.pt\/#\/schema\/person\/c4278d4a6028830caff9ee44b42d32ed","name":"Telinha","image":{"@type":"ImageObject","inLanguage":"pt-PT","@id":"https:\/\/portaltela.pt\/s.01k8rhncp4jt1\/2025\/11\/talking-bot-125x125.png","url":"https:\/\/portaltela.pt\/s.01k8rhncp4jt1\/2025\/11\/talking-bot-125x125.png","contentUrl":"https:\/\/portaltela.pt\/s.01k8rhncp4jt1\/2025\/11\/talking-bot-125x125.png","caption":"Telinha"},"sameAs":["https:\/\/portaltela.pt\/"],"url":"https:\/\/portaltela.pt\/por\/367410592786\/"}]}},"_links":{"self":[{"href":"https:\/\/portaltela.pt\/api\/wp\/v2\/posts\/411155","targetHints":{"allow":["GET"]}}],"collection":[{"href":"https:\/\/portaltela.pt\/api\/wp\/v2\/posts"}],"about":[{"href":"https:\/\/portaltela.pt\/api\/wp\/v2\/types\/post"}],"author":[{"embeddable":true,"href":"https:\/\/portaltela.pt\/api\/wp\/v2\/users\/2"}],"replies":[{"embeddable":true,"href":"https:\/\/portaltela.pt\/api\/wp\/v2\/comments?post=411155"}],"version-history":[{"count":0,"href":"https:\/\/portaltela.pt\/api\/wp\/v2\/posts\/411155\/revisions"}],"wp:featuredmedia":[{"embeddable":true,"href":"https:\/\/portaltela.pt\/api\/wp\/v2\/media\/411159"}],"wp:attachment":[{"href":"https:\/\/portaltela.pt\/api\/wp\/v2\/media?parent=411155"}],"wp:term":[{"taxonomy":"category","embeddable":true,"href":"https:\/\/portaltela.pt\/api\/wp\/v2\/categories?post=411155"},{"taxonomy":"post_tag","embeddable":true,"href":"https:\/\/portaltela.pt\/api\/wp\/v2\/tags?post=411155"}],"curies":[{"name":"wp","href":"https:\/\/api.w.org\/{rel}","templated":true}]}}