{"id":411148,"date":"2026-03-15T15:03:00","date_gmt":"2026-03-15T18:03:00","guid":{"rendered":"https:\/\/portaltela.pt\/noticias\/2026\/03\/15\/jessica-athayde-admite-hipotese-de-aumentar-a-familia-com-diogo-amaral\/"},"modified":"2026-03-15T15:03:00","modified_gmt":"2026-03-15T18:03:00","slug":"jessica-athayde-admite-hipotese-de-aumentar-a-familia-com-diogo-amaral","status":"publish","type":"post","link":"https:\/\/portaltela.pt\/celebridades\/2026\/03\/15\/jessica-athayde-admite-hipotese-de-aumentar-a-familia-com-diogo-amaral\/","title":{"rendered":"J\u00e9ssica Athayde admite hip\u00f3tese de aumentar a fam\u00edlia com Diogo Amaral"},"content":{"rendered":"<p>J\u00e9ssica Athayde abriu a porta \u00e0 hip\u00f3tese de aumentar a fam\u00edlia com Diogo Amaral. Em declara\u00e7\u00f5es recentes, a atriz sinalizou que o tema est\u00e1 em cima da mesa, apesar de o companheiro ser quem mais incentiva a ideia. Ela diz que tamb\u00e9m j\u00e1 se deixou convencer, mas reconhece que a idade pode trazer alguns desafios.<\/p>\n<p>Aos 40 anos, Athayde admite que a biologia nem sempre funciona \u00e0 primeira, mas mant\u00e9m uma postura tranquila. A atriz afirma que est\u00e1 feliz com o que tem e que, se vier mais um filho, \u00e9 bem-vindo; caso contr\u00e1rio, n\u00e3o sente tristeza.<\/p>\n<p>A rela\u00e7\u00e3o de Athayde com os filhos de Amaral \u00e9 central: \u00e9 m\u00e3e de Oliver, de seis anos, fruto da rela\u00e7\u00e3o com o ator, e tem uma liga\u00e7\u00e3o pr\u00f3xima com Mateus, de 11, filho mais velho de Amaral. Ela costuma referir-se a Mateus como um filho emprestado, refor\u00e7ando o v\u00ednculo entre as duas fam\u00edlias.<\/p>\n<p>Caso a fam\u00edlia cres\u00e7a, Athayde diz manter apenas uma exig\u00eancia: que o beb\u00e9 venha saud\u00e1vel. O objetivo \u00e9 manter a estabilidade e o bem-estar de todos os envolvidos.<\/p>\n","protected":false},"excerpt":{"rendered":"<ul>\n<li>J\u00e9ssica Athayde, aos 40 anos, admite a possibilidade de voltar a ser m\u00e3e com Diogo Amaral.<\/li>\n<li>O parceiro \u00e9 quem mais insiste no tema, mas ela tamb\u00e9m j\u00e1 se deixou convencer, consciente dos desafios da idade.<\/li>\n<li>A atriz afirma estar feliz com a situa\u00e7\u00e3o atual; se vier mais um filho, vem, mas n\u00e3o \u00e9 tristeza se n\u00e3o acontecer.<\/li>\n<li>\u00c9 m\u00e3e de Oliver, de seis anos, fruto do relacionamento com Diogo Amaral, e mant\u00e9m uma liga\u00e7\u00e3o pr\u00f3xima com Mateus, de 11 anos, filho mais velho do ator.<\/li>\n<li>Se houver mais um beb\u00e9, J\u00e9ssica diz que o \u00fanico pedido \u00e9 que chegue saud\u00e1vel.<\/li>\n<\/ul>\n","protected":false},"author":2,"featured_media":411152,"comment_status":"closed","ping_status":"closed","sticky":false,"template":"","format":"standard","meta":{"footnotes":""},"categories":[6675],"tags":[3259,64,148,132,5661,1196],"class_list":["post-411148","post","type-post","status-publish","format-standard","has-post-thumbnail","hentry","category-celebridades","tag-celebidades","tag-familia","tag-familias","tag-filhos","tag-pessoas-publicas","tag-vida-privada"],"yoast_head":"<!-- This site is optimized with the Yoast SEO plugin v27.2 - https:\/\/yoast.com\/product\/yoast-seo-wordpress\/ -->\n<title>J\u00e9ssica Athayde admite hip\u00f3tese de aumentar a fam\u00edlia com Diogo Amaral - Portal Tela Portugal<\/title>\n<meta name=\"robots\" content=\"index, follow, max-snippet:-1, max-image-preview:large, max-video-preview:-1\" \/>\n<meta property=\"og:locale\" content=\"pt_PT\" \/>\n<meta property=\"og:type\" content=\"article\" \/>\n<meta property=\"og:title\" content=\"J\u00e9ssica Athayde admite hip\u00f3tese de aumentar a fam\u00edlia com Diogo Amaral - Portal Tela Portugal\" \/>\n<meta property=\"og:description\" content=\"J\u00e9ssica Athayde, aos 40 anos, admite a possibilidade de voltar a ser m\u00e3e com Diogo Amaral. O parceiro \u00e9 quem mais insiste no tema, mas ela tamb\u00e9m j\u00e1 se deixou convencer, consciente dos desafios da idade. A atriz afirma estar feliz com a situa\u00e7\u00e3o atual; se vier mais um filho, vem, mas n\u00e3o \u00e9 tristeza se n\u00e3o acontecer. \u00c9 m\u00e3e de Oliver, de seis anos, fruto do relacionamento com Diogo Amaral, e mant\u00e9m uma liga\u00e7\u00e3o pr\u00f3xima com Mateus, de 11 anos, filho mais velho do ator. Se houver mais um beb\u00e9, J\u00e9ssica diz que o \u00fanico pedido \u00e9 que chegue saud\u00e1vel.\" \/>\n<meta property=\"og:url\" content=\"https:\/\/portaltela.pt\/noticias\/2026\/03\/15\/jessica-athayde-admite-hipotese-de-aumentar-a-familia-com-diogo-amaral\/\" \/>\n<meta property=\"og:site_name\" content=\"Portal Tela Portugal\" \/>\n<meta property=\"article:published_time\" content=\"2026-03-15T18:03:00+00:00\" \/>\n<meta name=\"author\" content=\"Telinha\" \/>\n<meta name=\"twitter:card\" content=\"summary_large_image\" \/>\n<meta name=\"twitter:label1\" content=\"Escrito por\" \/>\n\t<meta name=\"twitter:data1\" content=\"Telinha\" \/>\n\t<meta name=\"twitter:label2\" content=\"Tempo estimado de leitura\" \/>\n\t<meta name=\"twitter:data2\" content=\"1 minuto\" \/>\n<script type=\"application\/ld+json\" class=\"yoast-schema-graph\">{\"@context\":\"https:\/\/schema.org\",\"@graph\":[{\"@type\":\"Article\",\"@id\":\"https:\/\/portaltela.pt\/noticias\/2026\/03\/15\/jessica-athayde-admite-hipotese-de-aumentar-a-familia-com-diogo-amaral\/#article\",\"isPartOf\":{\"@id\":\"https:\/\/portaltela.pt\/noticias\/2026\/03\/15\/jessica-athayde-admite-hipotese-de-aumentar-a-familia-com-diogo-amaral\/\"},\"author\":{\"name\":\"Telinha\",\"@id\":\"https:\/\/portaltela.pt\/#\/schema\/person\/c4278d4a6028830caff9ee44b42d32ed\"},\"headline\":\"J\u00e9ssica Athayde admite hip\u00f3tese de aumentar a fam\u00edlia com Diogo Amaral\",\"datePublished\":\"2026-03-15T18:03:00+00:00\",\"mainEntityOfPage\":{\"@id\":\"https:\/\/portaltela.pt\/noticias\/2026\/03\/15\/jessica-athayde-admite-hipotese-de-aumentar-a-familia-com-diogo-amaral\/\"},\"wordCount\":205,\"image\":{\"@id\":\"https:\/\/portaltela.pt\/noticias\/2026\/03\/15\/jessica-athayde-admite-hipotese-de-aumentar-a-familia-com-diogo-amaral\/#primaryimage\"},\"thumbnailUrl\":\"https:\/\/portaltela.pt\/s.01k8rhncp4jt1\/2026\/03\/img_1280x718uu2026-02-06-18-42-45-2265290-im-639087383614420500.jpg\",\"keywords\":[\"celebidades\",\"fam\u00edlia\",\"fam\u00edlias\",\"filhos\",\"pessoas p\u00fablicas\",\"Vida Privada\"],\"articleSection\":[\"Celebridades\"],\"inLanguage\":\"pt-PT\"},{\"@type\":\"WebPage\",\"@id\":\"https:\/\/portaltela.pt\/noticias\/2026\/03\/15\/jessica-athayde-admite-hipotese-de-aumentar-a-familia-com-diogo-amaral\/\",\"url\":\"https:\/\/portaltela.pt\/noticias\/2026\/03\/15\/jessica-athayde-admite-hipotese-de-aumentar-a-familia-com-diogo-amaral\/\",\"name\":\"J\u00e9ssica Athayde admite hip\u00f3tese de aumentar a fam\u00edlia com Diogo Amaral - Portal Tela Portugal\",\"isPartOf\":{\"@id\":\"https:\/\/portaltela.pt\/#website\"},\"primaryImageOfPage\":{\"@id\":\"https:\/\/portaltela.pt\/noticias\/2026\/03\/15\/jessica-athayde-admite-hipotese-de-aumentar-a-familia-com-diogo-amaral\/#primaryimage\"},\"image\":{\"@id\":\"https:\/\/portaltela.pt\/noticias\/2026\/03\/15\/jessica-athayde-admite-hipotese-de-aumentar-a-familia-com-diogo-amaral\/#primaryimage\"},\"thumbnailUrl\":\"https:\/\/portaltela.pt\/s.01k8rhncp4jt1\/2026\/03\/img_1280x718uu2026-02-06-18-42-45-2265290-im-639087383614420500.jpg\",\"datePublished\":\"2026-03-15T18:03:00+00:00\",\"author\":{\"@id\":\"https:\/\/portaltela.pt\/#\/schema\/person\/c4278d4a6028830caff9ee44b42d32ed\"},\"breadcrumb\":{\"@id\":\"https:\/\/portaltela.pt\/noticias\/2026\/03\/15\/jessica-athayde-admite-hipotese-de-aumentar-a-familia-com-diogo-amaral\/#breadcrumb\"},\"inLanguage\":\"pt-PT\",\"potentialAction\":[{\"@type\":\"ReadAction\",\"target\":[\"https:\/\/portaltela.pt\/noticias\/2026\/03\/15\/jessica-athayde-admite-hipotese-de-aumentar-a-familia-com-diogo-amaral\/\"]}]},{\"@type\":\"ImageObject\",\"inLanguage\":\"pt-PT\",\"@id\":\"https:\/\/portaltela.pt\/noticias\/2026\/03\/15\/jessica-athayde-admite-hipotese-de-aumentar-a-familia-com-diogo-amaral\/#primaryimage\",\"url\":\"https:\/\/portaltela.pt\/s.01k8rhncp4jt1\/2026\/03\/img_1280x718uu2026-02-06-18-42-45-2265290-im-639087383614420500.jpg\",\"contentUrl\":\"https:\/\/portaltela.pt\/s.01k8rhncp4jt1\/2026\/03\/img_1280x718uu2026-02-06-18-42-45-2265290-im-639087383614420500.jpg\",\"width\":796,\"height\":448,\"caption\":\"Photo\"},{\"@type\":\"BreadcrumbList\",\"@id\":\"https:\/\/portaltela.pt\/noticias\/2026\/03\/15\/jessica-athayde-admite-hipotese-de-aumentar-a-familia-com-diogo-amaral\/#breadcrumb\",\"itemListElement\":[{\"@type\":\"ListItem\",\"position\":1,\"name\":\"In\u00edcio\",\"item\":\"https:\/\/portaltela.pt\/\"},{\"@type\":\"ListItem\",\"position\":2,\"name\":\"J\u00e9ssica Athayde admite hip\u00f3tese de aumentar a fam\u00edlia com Diogo Amaral\"}]},{\"@type\":\"WebSite\",\"@id\":\"https:\/\/portaltela.pt\/#website\",\"url\":\"https:\/\/portaltela.pt\/\",\"name\":\"Portal Tela Portugal\",\"description\":\"\",\"potentialAction\":[{\"@type\":\"SearchAction\",\"target\":{\"@type\":\"EntryPoint\",\"urlTemplate\":\"https:\/\/portaltela.pt\/?s={search_term_string}\"},\"query-input\":{\"@type\":\"PropertyValueSpecification\",\"valueRequired\":true,\"valueName\":\"search_term_string\"}}],\"inLanguage\":\"pt-PT\"},{\"@type\":\"Person\",\"@id\":\"https:\/\/portaltela.pt\/#\/schema\/person\/c4278d4a6028830caff9ee44b42d32ed\",\"name\":\"Telinha\",\"image\":{\"@type\":\"ImageObject\",\"inLanguage\":\"pt-PT\",\"@id\":\"https:\/\/portaltela.pt\/s.01k8rhncp4jt1\/2025\/11\/talking-bot-125x125.png\",\"url\":\"https:\/\/portaltela.pt\/s.01k8rhncp4jt1\/2025\/11\/talking-bot-125x125.png\",\"contentUrl\":\"https:\/\/portaltela.pt\/s.01k8rhncp4jt1\/2025\/11\/talking-bot-125x125.png\",\"caption\":\"Telinha\"},\"sameAs\":[\"https:\/\/portaltela.pt\/\"],\"url\":\"https:\/\/portaltela.pt\/por\/367410592786\/\"}]}<\/script>\n<!-- \/ Yoast SEO plugin. -->","yoast_head_json":{"title":"J\u00e9ssica Athayde admite hip\u00f3tese de aumentar a fam\u00edlia com Diogo Amaral - Portal Tela Portugal","robots":{"index":"index","follow":"follow","max-snippet":"max-snippet:-1","max-image-preview":"max-image-preview:large","max-video-preview":"max-video-preview:-1"},"og_locale":"pt_PT","og_type":"article","og_title":"J\u00e9ssica Athayde admite hip\u00f3tese de aumentar a fam\u00edlia com Diogo Amaral - Portal Tela Portugal","og_description":"J\u00e9ssica Athayde, aos 40 anos, admite a possibilidade de voltar a ser m\u00e3e com Diogo Amaral. O parceiro \u00e9 quem mais insiste no tema, mas ela tamb\u00e9m j\u00e1 se deixou convencer, consciente dos desafios da idade. A atriz afirma estar feliz com a situa\u00e7\u00e3o atual; se vier mais um filho, vem, mas n\u00e3o \u00e9 tristeza se n\u00e3o acontecer. \u00c9 m\u00e3e de Oliver, de seis anos, fruto do relacionamento com Diogo Amaral, e mant\u00e9m uma liga\u00e7\u00e3o pr\u00f3xima com Mateus, de 11 anos, filho mais velho do ator. Se houver mais um beb\u00e9, J\u00e9ssica diz que o \u00fanico pedido \u00e9 que chegue saud\u00e1vel.","og_url":"https:\/\/portaltela.pt\/noticias\/2026\/03\/15\/jessica-athayde-admite-hipotese-de-aumentar-a-familia-com-diogo-amaral\/","og_site_name":"Portal Tela Portugal","article_published_time":"2026-03-15T18:03:00+00:00","author":"Telinha","twitter_card":"summary_large_image","twitter_misc":{"Escrito por":"Telinha","Tempo estimado de leitura":"1 minuto"},"schema":{"@context":"https:\/\/schema.org","@graph":[{"@type":"Article","@id":"https:\/\/portaltela.pt\/noticias\/2026\/03\/15\/jessica-athayde-admite-hipotese-de-aumentar-a-familia-com-diogo-amaral\/#article","isPartOf":{"@id":"https:\/\/portaltela.pt\/noticias\/2026\/03\/15\/jessica-athayde-admite-hipotese-de-aumentar-a-familia-com-diogo-amaral\/"},"author":{"name":"Telinha","@id":"https:\/\/portaltela.pt\/#\/schema\/person\/c4278d4a6028830caff9ee44b42d32ed"},"headline":"J\u00e9ssica Athayde admite hip\u00f3tese de aumentar a fam\u00edlia com Diogo Amaral","datePublished":"2026-03-15T18:03:00+00:00","mainEntityOfPage":{"@id":"https:\/\/portaltela.pt\/noticias\/2026\/03\/15\/jessica-athayde-admite-hipotese-de-aumentar-a-familia-com-diogo-amaral\/"},"wordCount":205,"image":{"@id":"https:\/\/portaltela.pt\/noticias\/2026\/03\/15\/jessica-athayde-admite-hipotese-de-aumentar-a-familia-com-diogo-amaral\/#primaryimage"},"thumbnailUrl":"https:\/\/portaltela.pt\/s.01k8rhncp4jt1\/2026\/03\/img_1280x718uu2026-02-06-18-42-45-2265290-im-639087383614420500.jpg","keywords":["celebidades","fam\u00edlia","fam\u00edlias","filhos","pessoas p\u00fablicas","Vida Privada"],"articleSection":["Celebridades"],"inLanguage":"pt-PT"},{"@type":"WebPage","@id":"https:\/\/portaltela.pt\/noticias\/2026\/03\/15\/jessica-athayde-admite-hipotese-de-aumentar-a-familia-com-diogo-amaral\/","url":"https:\/\/portaltela.pt\/noticias\/2026\/03\/15\/jessica-athayde-admite-hipotese-de-aumentar-a-familia-com-diogo-amaral\/","name":"J\u00e9ssica Athayde admite hip\u00f3tese de aumentar a fam\u00edlia com Diogo Amaral - Portal Tela Portugal","isPartOf":{"@id":"https:\/\/portaltela.pt\/#website"},"primaryImageOfPage":{"@id":"https:\/\/portaltela.pt\/noticias\/2026\/03\/15\/jessica-athayde-admite-hipotese-de-aumentar-a-familia-com-diogo-amaral\/#primaryimage"},"image":{"@id":"https:\/\/portaltela.pt\/noticias\/2026\/03\/15\/jessica-athayde-admite-hipotese-de-aumentar-a-familia-com-diogo-amaral\/#primaryimage"},"thumbnailUrl":"https:\/\/portaltela.pt\/s.01k8rhncp4jt1\/2026\/03\/img_1280x718uu2026-02-06-18-42-45-2265290-im-639087383614420500.jpg","datePublished":"2026-03-15T18:03:00+00:00","author":{"@id":"https:\/\/portaltela.pt\/#\/schema\/person\/c4278d4a6028830caff9ee44b42d32ed"},"breadcrumb":{"@id":"https:\/\/portaltela.pt\/noticias\/2026\/03\/15\/jessica-athayde-admite-hipotese-de-aumentar-a-familia-com-diogo-amaral\/#breadcrumb"},"inLanguage":"pt-PT","potentialAction":[{"@type":"ReadAction","target":["https:\/\/portaltela.pt\/noticias\/2026\/03\/15\/jessica-athayde-admite-hipotese-de-aumentar-a-familia-com-diogo-amaral\/"]}]},{"@type":"ImageObject","inLanguage":"pt-PT","@id":"https:\/\/portaltela.pt\/noticias\/2026\/03\/15\/jessica-athayde-admite-hipotese-de-aumentar-a-familia-com-diogo-amaral\/#primaryimage","url":"https:\/\/portaltela.pt\/s.01k8rhncp4jt1\/2026\/03\/img_1280x718uu2026-02-06-18-42-45-2265290-im-639087383614420500.jpg","contentUrl":"https:\/\/portaltela.pt\/s.01k8rhncp4jt1\/2026\/03\/img_1280x718uu2026-02-06-18-42-45-2265290-im-639087383614420500.jpg","width":796,"height":448,"caption":"Photo"},{"@type":"BreadcrumbList","@id":"https:\/\/portaltela.pt\/noticias\/2026\/03\/15\/jessica-athayde-admite-hipotese-de-aumentar-a-familia-com-diogo-amaral\/#breadcrumb","itemListElement":[{"@type":"ListItem","position":1,"name":"In\u00edcio","item":"https:\/\/portaltela.pt\/"},{"@type":"ListItem","position":2,"name":"J\u00e9ssica Athayde admite hip\u00f3tese de aumentar a fam\u00edlia com Diogo Amaral"}]},{"@type":"WebSite","@id":"https:\/\/portaltela.pt\/#website","url":"https:\/\/portaltela.pt\/","name":"Portal Tela Portugal","description":"","potentialAction":[{"@type":"SearchAction","target":{"@type":"EntryPoint","urlTemplate":"https:\/\/portaltela.pt\/?s={search_term_string}"},"query-input":{"@type":"PropertyValueSpecification","valueRequired":true,"valueName":"search_term_string"}}],"inLanguage":"pt-PT"},{"@type":"Person","@id":"https:\/\/portaltela.pt\/#\/schema\/person\/c4278d4a6028830caff9ee44b42d32ed","name":"Telinha","image":{"@type":"ImageObject","inLanguage":"pt-PT","@id":"https:\/\/portaltela.pt\/s.01k8rhncp4jt1\/2025\/11\/talking-bot-125x125.png","url":"https:\/\/portaltela.pt\/s.01k8rhncp4jt1\/2025\/11\/talking-bot-125x125.png","contentUrl":"https:\/\/portaltela.pt\/s.01k8rhncp4jt1\/2025\/11\/talking-bot-125x125.png","caption":"Telinha"},"sameAs":["https:\/\/portaltela.pt\/"],"url":"https:\/\/portaltela.pt\/por\/367410592786\/"}]}},"_links":{"self":[{"href":"https:\/\/portaltela.pt\/api\/wp\/v2\/posts\/411148","targetHints":{"allow":["GET"]}}],"collection":[{"href":"https:\/\/portaltela.pt\/api\/wp\/v2\/posts"}],"about":[{"href":"https:\/\/portaltela.pt\/api\/wp\/v2\/types\/post"}],"author":[{"embeddable":true,"href":"https:\/\/portaltela.pt\/api\/wp\/v2\/users\/2"}],"replies":[{"embeddable":true,"href":"https:\/\/portaltela.pt\/api\/wp\/v2\/comments?post=411148"}],"version-history":[{"count":0,"href":"https:\/\/portaltela.pt\/api\/wp\/v2\/posts\/411148\/revisions"}],"wp:featuredmedia":[{"embeddable":true,"href":"https:\/\/portaltela.pt\/api\/wp\/v2\/media\/411152"}],"wp:attachment":[{"href":"https:\/\/portaltela.pt\/api\/wp\/v2\/media?parent=411148"}],"wp:term":[{"taxonomy":"category","embeddable":true,"href":"https:\/\/portaltela.pt\/api\/wp\/v2\/categories?post=411148"},{"taxonomy":"post_tag","embeddable":true,"href":"https:\/\/portaltela.pt\/api\/wp\/v2\/tags?post=411148"}],"curies":[{"name":"wp","href":"https:\/\/api.w.org\/{rel}","templated":true}]}}