{"id":411135,"date":"2026-03-15T15:00:00","date_gmt":"2026-03-15T18:00:00","guid":{"rendered":"https:\/\/portaltela.pt\/noticias\/2026\/03\/15\/valentim-alexandre-comenta-novo-livro-e-ligacao-de-goa-a-os-lusiadas\/"},"modified":"2026-03-15T15:00:00","modified_gmt":"2026-03-15T18:00:00","slug":"valentim-alexandre-comenta-novo-livro-e-ligacao-de-goa-a-os-lusiadas","status":"publish","type":"post","link":"https:\/\/portaltela.pt\/noticias\/internacional\/2026\/03\/15\/valentim-alexandre-comenta-novo-livro-e-ligacao-de-goa-a-os-lusiadas\/","title":{"rendered":"Valentim Alexandre comenta novo livro e liga\u00e7\u00e3o de Goa a Os Lus\u00edadas"},"content":{"rendered":"<p>Valentim Alexandre lan\u00e7a um livro que reconstitui a crise de Goa, a \u00faltima fase do imp\u00e9rio colonial portugu\u00eas. O t\u00edtulo \u00e9 Um Luto Portugu\u00eas \u2013 Goa na Crise Final do Imp\u00e9rio, editora Temas e Debates.<\/p>\n<p>O livro analisa a posi\u00e7\u00e3o de Goa durante a invas\u00e3o de 1961, quando o territ\u00f3rio resistiu oito dias a opera\u00e7\u00f5es indianas. O autor destaca dificuldades militares e pol\u00edticas da \u00e9poca, bem como o contexto de hegemonia regional.<\/p>\n<p>Valentim Alexandre relata ainda que a crise colocou em evid\u00eancia diverg\u00eancias culturais entre cat\u00f3licos das Velhas Conquistas e hindus das Novas Conquistas, que marcaram o pano de fundo da resist\u00eancia.<\/p>\n<h3>Contexto hist\u00f3rico e pol\u00edtico<\/h3>\n<p>O trabalho aborda o ruir de uma era, incluindo decis\u00f5es do regime de Salazar. Entre elas, a amea\u00e7a de abandonar a ONU e a NATO e a suspens\u00e3o da concess\u00e3o da Base das Lajes aos EUA, segundo o autor.<\/p>\n<p>O texto enfatiza o armamento deficit\u00e1rio de Goa, com espingardas do s\u00e9culo XIX, que contribuiu para a din\u00e2mica de defesa do territ\u00f3rio durante a ofensiva de 1961.<\/p>\n<p>Valentim Alexandre apresenta uma leitura que evita julgamentos, oferecendo uma vis\u00e3o factual sobre as a\u00e7\u00f5es, as mesmas que moldaram o desfecho da crise e o encerramento do dom\u00ednio colonial portugu\u00eas em Goa.<\/p>\n","protected":false},"excerpt":{"rendered":"<ul>\n<li>Valentim Alexandre lan\u00e7a o livro Um Luto Portugu\u00eas \u2013 Goa na Crise Final do Imp\u00e9rio, da editora Temas e Debates, onde analisa a \u00cdndia Portuguesa e a crise de Goa.<\/li>\n<li>O autor evidencia divis\u00f5es hist\u00f3ricas entre cat\u00f3licos das Velhas Conquistas (s\u00e9culo XVI) e hindus das Novas Conquistas (s\u00e9culo XVIII).<\/li>\n<li>O texto aborda o fraco armamento utilizado para manter a resist\u00eancia \u00e0 invas\u00e3o de Goa durante oito dias em 1961.<\/li>\n<li>O livro tamb\u00e9m contextualiza a crise portuguesa, incluindo amea\u00e7as de Salazar para abandonar a Organiza\u00e7\u00e3o das Na\u00e7\u00f5es Unidas (ONU) e a Organiza\u00e7\u00e3o do Tratado do Atl\u00e2ntico Norte (NATO).<\/li>\n<li>Em paralelo, menciona a suspens\u00e3o da concess\u00e3o da Base das Lajes aos Estados Unidos como parte das tens\u00f5es da altura.<\/li>\n<\/ul>\n","protected":false},"author":2,"featured_media":411138,"comment_status":"closed","ping_status":"closed","sticky":false,"template":"","format":"standard","meta":{"footnotes":""},"categories":[6912,4],"tags":[6761,2358,299,5123,466,1014],"class_list":["post-411135","post","type-post","status-publish","format-standard","has-post-thumbnail","hentry","category-internacionais","category-internacional","tag-base-das-lajes","tag-crises-internacionais","tag-historia","tag-onu","tag-organizacao-internacional","tag-portugal"],"yoast_head":"<!-- This site is optimized with the Yoast SEO plugin v27.2 - https:\/\/yoast.com\/product\/yoast-seo-wordpress\/ -->\n<title>Valentim Alexandre comenta novo livro e liga\u00e7\u00e3o de Goa a Os Lus\u00edadas - Portal Tela Portugal<\/title>\n<meta name=\"robots\" content=\"index, follow, max-snippet:-1, max-image-preview:large, max-video-preview:-1\" \/>\n<meta property=\"og:locale\" content=\"pt_PT\" \/>\n<meta property=\"og:type\" content=\"article\" \/>\n<meta property=\"og:title\" content=\"Valentim Alexandre comenta novo livro e liga\u00e7\u00e3o de Goa a Os Lus\u00edadas - Portal Tela Portugal\" \/>\n<meta property=\"og:description\" content=\"Valentim Alexandre lan\u00e7a o livro Um Luto Portugu\u00eas \u2013 Goa na Crise Final do Imp\u00e9rio, da editora Temas e Debates, onde analisa a \u00cdndia Portuguesa e a crise de Goa. O autor evidencia divis\u00f5es hist\u00f3ricas entre cat\u00f3licos das Velhas Conquistas (s\u00e9culo XVI) e hindus das Novas Conquistas (s\u00e9culo XVIII). O texto aborda o fraco armamento utilizado para manter a resist\u00eancia \u00e0 invas\u00e3o de Goa durante oito dias em 1961. O livro tamb\u00e9m contextualiza a crise portuguesa, incluindo amea\u00e7as de Salazar para abandonar a Organiza\u00e7\u00e3o das Na\u00e7\u00f5es Unidas (ONU) e a Organiza\u00e7\u00e3o do Tratado do Atl\u00e2ntico Norte (NATO). Em paralelo, menciona a suspens\u00e3o da concess\u00e3o da Base das Lajes aos Estados Unidos como parte das tens\u00f5es da altura.\" \/>\n<meta property=\"og:url\" content=\"https:\/\/portaltela.pt\/noticias\/2026\/03\/15\/valentim-alexandre-comenta-novo-livro-e-ligacao-de-goa-a-os-lusiadas\/\" \/>\n<meta property=\"og:site_name\" content=\"Portal Tela Portugal\" \/>\n<meta property=\"article:published_time\" content=\"2026-03-15T18:00:00+00:00\" \/>\n<meta name=\"author\" content=\"Telinha\" \/>\n<meta name=\"twitter:card\" content=\"summary_large_image\" \/>\n<meta name=\"twitter:label1\" content=\"Escrito por\" \/>\n\t<meta name=\"twitter:data1\" content=\"Telinha\" \/>\n\t<meta name=\"twitter:label2\" content=\"Tempo estimado de leitura\" \/>\n\t<meta name=\"twitter:data2\" content=\"1 minuto\" \/>\n<script type=\"application\/ld+json\" class=\"yoast-schema-graph\">{\"@context\":\"https:\/\/schema.org\",\"@graph\":[{\"@type\":\"Article\",\"@id\":\"https:\/\/portaltela.pt\/noticias\/2026\/03\/15\/valentim-alexandre-comenta-novo-livro-e-ligacao-de-goa-a-os-lusiadas\/#article\",\"isPartOf\":{\"@id\":\"https:\/\/portaltela.pt\/noticias\/2026\/03\/15\/valentim-alexandre-comenta-novo-livro-e-ligacao-de-goa-a-os-lusiadas\/\"},\"author\":{\"name\":\"Telinha\",\"@id\":\"https:\/\/portaltela.pt\/#\/schema\/person\/c4278d4a6028830caff9ee44b42d32ed\"},\"headline\":\"Valentim Alexandre comenta novo livro e liga\u00e7\u00e3o de Goa a Os Lus\u00edadas\",\"datePublished\":\"2026-03-15T18:00:00+00:00\",\"mainEntityOfPage\":{\"@id\":\"https:\/\/portaltela.pt\/noticias\/2026\/03\/15\/valentim-alexandre-comenta-novo-livro-e-ligacao-de-goa-a-os-lusiadas\/\"},\"wordCount\":243,\"image\":{\"@id\":\"https:\/\/portaltela.pt\/noticias\/2026\/03\/15\/valentim-alexandre-comenta-novo-livro-e-ligacao-de-goa-a-os-lusiadas\/#primaryimage\"},\"thumbnailUrl\":\"https:\/\/portaltela.pt\/s.01k8rhncp4jt1\/2026\/03\/img_1500x1000uu2026-03-14-19-19-04-2272351.jpg\",\"keywords\":[\"Base das Lajes\",\"crises internacionais\",\"hist\u00f3ria\",\"ONU\",\"organiza\u00e7\u00e3o internacional\",\"Portugal\"],\"articleSection\":[\"Internacionais\",\"Internacional\"],\"inLanguage\":\"pt-PT\"},{\"@type\":\"WebPage\",\"@id\":\"https:\/\/portaltela.pt\/noticias\/2026\/03\/15\/valentim-alexandre-comenta-novo-livro-e-ligacao-de-goa-a-os-lusiadas\/\",\"url\":\"https:\/\/portaltela.pt\/noticias\/2026\/03\/15\/valentim-alexandre-comenta-novo-livro-e-ligacao-de-goa-a-os-lusiadas\/\",\"name\":\"Valentim Alexandre comenta novo livro e liga\u00e7\u00e3o de Goa a Os Lus\u00edadas - Portal Tela Portugal\",\"isPartOf\":{\"@id\":\"https:\/\/portaltela.pt\/#website\"},\"primaryImageOfPage\":{\"@id\":\"https:\/\/portaltela.pt\/noticias\/2026\/03\/15\/valentim-alexandre-comenta-novo-livro-e-ligacao-de-goa-a-os-lusiadas\/#primaryimage\"},\"image\":{\"@id\":\"https:\/\/portaltela.pt\/noticias\/2026\/03\/15\/valentim-alexandre-comenta-novo-livro-e-ligacao-de-goa-a-os-lusiadas\/#primaryimage\"},\"thumbnailUrl\":\"https:\/\/portaltela.pt\/s.01k8rhncp4jt1\/2026\/03\/img_1500x1000uu2026-03-14-19-19-04-2272351.jpg\",\"datePublished\":\"2026-03-15T18:00:00+00:00\",\"author\":{\"@id\":\"https:\/\/portaltela.pt\/#\/schema\/person\/c4278d4a6028830caff9ee44b42d32ed\"},\"breadcrumb\":{\"@id\":\"https:\/\/portaltela.pt\/noticias\/2026\/03\/15\/valentim-alexandre-comenta-novo-livro-e-ligacao-de-goa-a-os-lusiadas\/#breadcrumb\"},\"inLanguage\":\"pt-PT\",\"potentialAction\":[{\"@type\":\"ReadAction\",\"target\":[\"https:\/\/portaltela.pt\/noticias\/2026\/03\/15\/valentim-alexandre-comenta-novo-livro-e-ligacao-de-goa-a-os-lusiadas\/\"]}]},{\"@type\":\"ImageObject\",\"inLanguage\":\"pt-PT\",\"@id\":\"https:\/\/portaltela.pt\/noticias\/2026\/03\/15\/valentim-alexandre-comenta-novo-livro-e-ligacao-de-goa-a-os-lusiadas\/#primaryimage\",\"url\":\"https:\/\/portaltela.pt\/s.01k8rhncp4jt1\/2026\/03\/img_1500x1000uu2026-03-14-19-19-04-2272351.jpg\",\"contentUrl\":\"https:\/\/portaltela.pt\/s.01k8rhncp4jt1\/2026\/03\/img_1500x1000uu2026-03-14-19-19-04-2272351.jpg\",\"width\":796,\"height\":448,\"caption\":\"Valentim Alexandre\"},{\"@type\":\"BreadcrumbList\",\"@id\":\"https:\/\/portaltela.pt\/noticias\/2026\/03\/15\/valentim-alexandre-comenta-novo-livro-e-ligacao-de-goa-a-os-lusiadas\/#breadcrumb\",\"itemListElement\":[{\"@type\":\"ListItem\",\"position\":1,\"name\":\"In\u00edcio\",\"item\":\"https:\/\/portaltela.pt\/\"},{\"@type\":\"ListItem\",\"position\":2,\"name\":\"Valentim Alexandre comenta novo livro e liga\u00e7\u00e3o de Goa a Os Lus\u00edadas\"}]},{\"@type\":\"WebSite\",\"@id\":\"https:\/\/portaltela.pt\/#website\",\"url\":\"https:\/\/portaltela.pt\/\",\"name\":\"Portal Tela Portugal\",\"description\":\"\",\"potentialAction\":[{\"@type\":\"SearchAction\",\"target\":{\"@type\":\"EntryPoint\",\"urlTemplate\":\"https:\/\/portaltela.pt\/?s={search_term_string}\"},\"query-input\":{\"@type\":\"PropertyValueSpecification\",\"valueRequired\":true,\"valueName\":\"search_term_string\"}}],\"inLanguage\":\"pt-PT\"},{\"@type\":\"Person\",\"@id\":\"https:\/\/portaltela.pt\/#\/schema\/person\/c4278d4a6028830caff9ee44b42d32ed\",\"name\":\"Telinha\",\"image\":{\"@type\":\"ImageObject\",\"inLanguage\":\"pt-PT\",\"@id\":\"https:\/\/portaltela.pt\/s.01k8rhncp4jt1\/2025\/11\/talking-bot-125x125.png\",\"url\":\"https:\/\/portaltela.pt\/s.01k8rhncp4jt1\/2025\/11\/talking-bot-125x125.png\",\"contentUrl\":\"https:\/\/portaltela.pt\/s.01k8rhncp4jt1\/2025\/11\/talking-bot-125x125.png\",\"caption\":\"Telinha\"},\"sameAs\":[\"https:\/\/portaltela.pt\/\"],\"url\":\"https:\/\/portaltela.pt\/por\/367410592786\/\"}]}<\/script>\n<!-- \/ Yoast SEO plugin. -->","yoast_head_json":{"title":"Valentim Alexandre comenta novo livro e liga\u00e7\u00e3o de Goa a Os Lus\u00edadas - Portal Tela Portugal","robots":{"index":"index","follow":"follow","max-snippet":"max-snippet:-1","max-image-preview":"max-image-preview:large","max-video-preview":"max-video-preview:-1"},"og_locale":"pt_PT","og_type":"article","og_title":"Valentim Alexandre comenta novo livro e liga\u00e7\u00e3o de Goa a Os Lus\u00edadas - Portal Tela Portugal","og_description":"Valentim Alexandre lan\u00e7a o livro Um Luto Portugu\u00eas \u2013 Goa na Crise Final do Imp\u00e9rio, da editora Temas e Debates, onde analisa a \u00cdndia Portuguesa e a crise de Goa. O autor evidencia divis\u00f5es hist\u00f3ricas entre cat\u00f3licos das Velhas Conquistas (s\u00e9culo XVI) e hindus das Novas Conquistas (s\u00e9culo XVIII). O texto aborda o fraco armamento utilizado para manter a resist\u00eancia \u00e0 invas\u00e3o de Goa durante oito dias em 1961. O livro tamb\u00e9m contextualiza a crise portuguesa, incluindo amea\u00e7as de Salazar para abandonar a Organiza\u00e7\u00e3o das Na\u00e7\u00f5es Unidas (ONU) e a Organiza\u00e7\u00e3o do Tratado do Atl\u00e2ntico Norte (NATO). Em paralelo, menciona a suspens\u00e3o da concess\u00e3o da Base das Lajes aos Estados Unidos como parte das tens\u00f5es da altura.","og_url":"https:\/\/portaltela.pt\/noticias\/2026\/03\/15\/valentim-alexandre-comenta-novo-livro-e-ligacao-de-goa-a-os-lusiadas\/","og_site_name":"Portal Tela Portugal","article_published_time":"2026-03-15T18:00:00+00:00","author":"Telinha","twitter_card":"summary_large_image","twitter_misc":{"Escrito por":"Telinha","Tempo estimado de leitura":"1 minuto"},"schema":{"@context":"https:\/\/schema.org","@graph":[{"@type":"Article","@id":"https:\/\/portaltela.pt\/noticias\/2026\/03\/15\/valentim-alexandre-comenta-novo-livro-e-ligacao-de-goa-a-os-lusiadas\/#article","isPartOf":{"@id":"https:\/\/portaltela.pt\/noticias\/2026\/03\/15\/valentim-alexandre-comenta-novo-livro-e-ligacao-de-goa-a-os-lusiadas\/"},"author":{"name":"Telinha","@id":"https:\/\/portaltela.pt\/#\/schema\/person\/c4278d4a6028830caff9ee44b42d32ed"},"headline":"Valentim Alexandre comenta novo livro e liga\u00e7\u00e3o de Goa a Os Lus\u00edadas","datePublished":"2026-03-15T18:00:00+00:00","mainEntityOfPage":{"@id":"https:\/\/portaltela.pt\/noticias\/2026\/03\/15\/valentim-alexandre-comenta-novo-livro-e-ligacao-de-goa-a-os-lusiadas\/"},"wordCount":243,"image":{"@id":"https:\/\/portaltela.pt\/noticias\/2026\/03\/15\/valentim-alexandre-comenta-novo-livro-e-ligacao-de-goa-a-os-lusiadas\/#primaryimage"},"thumbnailUrl":"https:\/\/portaltela.pt\/s.01k8rhncp4jt1\/2026\/03\/img_1500x1000uu2026-03-14-19-19-04-2272351.jpg","keywords":["Base das Lajes","crises internacionais","hist\u00f3ria","ONU","organiza\u00e7\u00e3o internacional","Portugal"],"articleSection":["Internacionais","Internacional"],"inLanguage":"pt-PT"},{"@type":"WebPage","@id":"https:\/\/portaltela.pt\/noticias\/2026\/03\/15\/valentim-alexandre-comenta-novo-livro-e-ligacao-de-goa-a-os-lusiadas\/","url":"https:\/\/portaltela.pt\/noticias\/2026\/03\/15\/valentim-alexandre-comenta-novo-livro-e-ligacao-de-goa-a-os-lusiadas\/","name":"Valentim Alexandre comenta novo livro e liga\u00e7\u00e3o de Goa a Os Lus\u00edadas - Portal Tela Portugal","isPartOf":{"@id":"https:\/\/portaltela.pt\/#website"},"primaryImageOfPage":{"@id":"https:\/\/portaltela.pt\/noticias\/2026\/03\/15\/valentim-alexandre-comenta-novo-livro-e-ligacao-de-goa-a-os-lusiadas\/#primaryimage"},"image":{"@id":"https:\/\/portaltela.pt\/noticias\/2026\/03\/15\/valentim-alexandre-comenta-novo-livro-e-ligacao-de-goa-a-os-lusiadas\/#primaryimage"},"thumbnailUrl":"https:\/\/portaltela.pt\/s.01k8rhncp4jt1\/2026\/03\/img_1500x1000uu2026-03-14-19-19-04-2272351.jpg","datePublished":"2026-03-15T18:00:00+00:00","author":{"@id":"https:\/\/portaltela.pt\/#\/schema\/person\/c4278d4a6028830caff9ee44b42d32ed"},"breadcrumb":{"@id":"https:\/\/portaltela.pt\/noticias\/2026\/03\/15\/valentim-alexandre-comenta-novo-livro-e-ligacao-de-goa-a-os-lusiadas\/#breadcrumb"},"inLanguage":"pt-PT","potentialAction":[{"@type":"ReadAction","target":["https:\/\/portaltela.pt\/noticias\/2026\/03\/15\/valentim-alexandre-comenta-novo-livro-e-ligacao-de-goa-a-os-lusiadas\/"]}]},{"@type":"ImageObject","inLanguage":"pt-PT","@id":"https:\/\/portaltela.pt\/noticias\/2026\/03\/15\/valentim-alexandre-comenta-novo-livro-e-ligacao-de-goa-a-os-lusiadas\/#primaryimage","url":"https:\/\/portaltela.pt\/s.01k8rhncp4jt1\/2026\/03\/img_1500x1000uu2026-03-14-19-19-04-2272351.jpg","contentUrl":"https:\/\/portaltela.pt\/s.01k8rhncp4jt1\/2026\/03\/img_1500x1000uu2026-03-14-19-19-04-2272351.jpg","width":796,"height":448,"caption":"Valentim Alexandre"},{"@type":"BreadcrumbList","@id":"https:\/\/portaltela.pt\/noticias\/2026\/03\/15\/valentim-alexandre-comenta-novo-livro-e-ligacao-de-goa-a-os-lusiadas\/#breadcrumb","itemListElement":[{"@type":"ListItem","position":1,"name":"In\u00edcio","item":"https:\/\/portaltela.pt\/"},{"@type":"ListItem","position":2,"name":"Valentim Alexandre comenta novo livro e liga\u00e7\u00e3o de Goa a Os Lus\u00edadas"}]},{"@type":"WebSite","@id":"https:\/\/portaltela.pt\/#website","url":"https:\/\/portaltela.pt\/","name":"Portal Tela Portugal","description":"","potentialAction":[{"@type":"SearchAction","target":{"@type":"EntryPoint","urlTemplate":"https:\/\/portaltela.pt\/?s={search_term_string}"},"query-input":{"@type":"PropertyValueSpecification","valueRequired":true,"valueName":"search_term_string"}}],"inLanguage":"pt-PT"},{"@type":"Person","@id":"https:\/\/portaltela.pt\/#\/schema\/person\/c4278d4a6028830caff9ee44b42d32ed","name":"Telinha","image":{"@type":"ImageObject","inLanguage":"pt-PT","@id":"https:\/\/portaltela.pt\/s.01k8rhncp4jt1\/2025\/11\/talking-bot-125x125.png","url":"https:\/\/portaltela.pt\/s.01k8rhncp4jt1\/2025\/11\/talking-bot-125x125.png","contentUrl":"https:\/\/portaltela.pt\/s.01k8rhncp4jt1\/2025\/11\/talking-bot-125x125.png","caption":"Telinha"},"sameAs":["https:\/\/portaltela.pt\/"],"url":"https:\/\/portaltela.pt\/por\/367410592786\/"}]}},"_links":{"self":[{"href":"https:\/\/portaltela.pt\/api\/wp\/v2\/posts\/411135","targetHints":{"allow":["GET"]}}],"collection":[{"href":"https:\/\/portaltela.pt\/api\/wp\/v2\/posts"}],"about":[{"href":"https:\/\/portaltela.pt\/api\/wp\/v2\/types\/post"}],"author":[{"embeddable":true,"href":"https:\/\/portaltela.pt\/api\/wp\/v2\/users\/2"}],"replies":[{"embeddable":true,"href":"https:\/\/portaltela.pt\/api\/wp\/v2\/comments?post=411135"}],"version-history":[{"count":0,"href":"https:\/\/portaltela.pt\/api\/wp\/v2\/posts\/411135\/revisions"}],"wp:featuredmedia":[{"embeddable":true,"href":"https:\/\/portaltela.pt\/api\/wp\/v2\/media\/411138"}],"wp:attachment":[{"href":"https:\/\/portaltela.pt\/api\/wp\/v2\/media?parent=411135"}],"wp:term":[{"taxonomy":"category","embeddable":true,"href":"https:\/\/portaltela.pt\/api\/wp\/v2\/categories?post=411135"},{"taxonomy":"post_tag","embeddable":true,"href":"https:\/\/portaltela.pt\/api\/wp\/v2\/tags?post=411135"}],"curies":[{"name":"wp","href":"https:\/\/api.w.org\/{rel}","templated":true}]}}