{"id":411102,"date":"2026-03-15T14:25:51","date_gmt":"2026-03-15T17:25:51","guid":{"rendered":"https:\/\/portaltela.pt\/noticias\/2026\/03\/15\/noah-monteiro-torna-se-o-primeiro-portugues-campeao-do-spanish-winter-championship\/"},"modified":"2026-03-15T14:25:51","modified_gmt":"2026-03-15T17:25:51","slug":"noah-monteiro-torna-se-o-primeiro-portugues-campeao-do-spanish-winter-championship","status":"publish","type":"post","link":"https:\/\/portaltela.pt\/noticias\/2026\/03\/15\/noah-monteiro-torna-se-o-primeiro-portugues-campeao-do-spanish-winter-championship\/","title":{"rendered":"Noah Monteiro torna-se o primeiro portugu\u00eas campe\u00e3o do Spanish Winter Championship"},"content":{"rendered":"<p>Noah Monteiro tornou-se no primeiro portugu\u00eas a sagrar-se campe\u00e3o do Spanish Winter Championship na F\u00f3rmula 4, t\u00edtulo conquistado na edi\u00e7\u00e3o de 2026 disputada em Espanha. A conquista chega num contexto de final de temporada consistente.<\/p>\n<p>O jovem piloto tem 16 anos e \u00e9 filho do ex-piloto Tiago Monteiro, o \u00fanico portugu\u00eas que j\u00e1 subiu ao p\u00f3dio na F\u00f3rmula 1, facto que tem sido destacado pela imprensa desportiva.<\/p>\n<p>A vit\u00f3ria resulta de um trabalho intenso da equipa desde o fim da temporada anterior, com Monteiro a consolidar novas vit\u00f3rias ao longo da prova que permitiram assegurar o t\u00edtulo.<\/p>\n<p>Este marco hist\u00f3rico refor\u00e7a a presen\u00e7a portuguesa no automobilismo internacional e aponta o caminho para novos talentos nacionais nas categorias de acesso \u00e0 alta competi\u00e7\u00e3o europeia.<\/p>\n","protected":false},"excerpt":{"rendered":"<ul>\n<li>Noah Monteiro tornou-se o primeiro portugu\u00eas a sagrar-se campe\u00e3o do Spanish Winter Championship, na F\u00f3rmula 4.<\/li>\n<li>O t\u00edtulo foi conquistado pela primeira vez por um piloto nacional no campeonato de inverno espanhol.<\/li>\n<li>O piloto tem 16 anos e \u00e9 filho do ex-piloto Tiago Monteiro.<\/li>\n<li>O jovem dedicou o t\u00edtulo \u00e0 equipa e destacou o trabalho conjunto desde o fim da \u00e9poca anterior para chegar a este n\u00edvel.<\/li>\n<\/ul>\n","protected":false},"author":2,"featured_media":411108,"comment_status":"closed","ping_status":"closed","sticky":false,"template":"","format":"standard","meta":{"footnotes":""},"categories":[1],"tags":[152,2031,3189,2844,1014],"class_list":["post-411102","post","type-post","status-publish","format-standard","has-post-thumbnail","hentry","category-noticias","tag-desporto","tag-espanha","tag-formula-1","tag-jovens","tag-portugal"],"yoast_head":"<!-- This site is optimized with the Yoast SEO plugin v27.2 - https:\/\/yoast.com\/product\/yoast-seo-wordpress\/ -->\n<title>Noah Monteiro torna-se o primeiro portugu\u00eas campe\u00e3o do Spanish Winter Championship - Portal Tela Portugal<\/title>\n<meta name=\"robots\" content=\"index, follow, max-snippet:-1, max-image-preview:large, max-video-preview:-1\" \/>\n<meta property=\"og:locale\" content=\"pt_PT\" \/>\n<meta property=\"og:type\" content=\"article\" \/>\n<meta property=\"og:title\" content=\"Noah Monteiro torna-se o primeiro portugu\u00eas campe\u00e3o do Spanish Winter Championship - Portal Tela Portugal\" \/>\n<meta property=\"og:description\" content=\"Noah Monteiro tornou-se o primeiro portugu\u00eas a sagrar-se campe\u00e3o do Spanish Winter Championship, na F\u00f3rmula 4. O t\u00edtulo foi conquistado pela primeira vez por um piloto nacional no campeonato de inverno espanhol. O piloto tem 16 anos e \u00e9 filho do ex-piloto Tiago Monteiro. O jovem dedicou o t\u00edtulo \u00e0 equipa e destacou o trabalho conjunto desde o fim da \u00e9poca anterior para chegar a este n\u00edvel.\" \/>\n<meta property=\"og:url\" content=\"https:\/\/portaltela.pt\/noticias\/2026\/03\/15\/noah-monteiro-torna-se-o-primeiro-portugues-campeao-do-spanish-winter-championship\/\" \/>\n<meta property=\"og:site_name\" content=\"Portal Tela Portugal\" \/>\n<meta property=\"article:published_time\" content=\"2026-03-15T17:25:51+00:00\" \/>\n<meta name=\"author\" content=\"Telinha\" \/>\n<meta name=\"twitter:card\" content=\"summary_large_image\" \/>\n<meta name=\"twitter:label1\" content=\"Escrito por\" \/>\n\t<meta name=\"twitter:data1\" content=\"Telinha\" \/>\n\t<meta name=\"twitter:label2\" content=\"Tempo estimado de leitura\" \/>\n\t<meta name=\"twitter:data2\" content=\"1 minuto\" \/>\n<script type=\"application\/ld+json\" class=\"yoast-schema-graph\">{\"@context\":\"https:\/\/schema.org\",\"@graph\":[{\"@type\":\"Article\",\"@id\":\"https:\/\/portaltela.pt\/noticias\/2026\/03\/15\/noah-monteiro-torna-se-o-primeiro-portugues-campeao-do-spanish-winter-championship\/#article\",\"isPartOf\":{\"@id\":\"https:\/\/portaltela.pt\/noticias\/2026\/03\/15\/noah-monteiro-torna-se-o-primeiro-portugues-campeao-do-spanish-winter-championship\/\"},\"author\":{\"name\":\"Telinha\",\"@id\":\"https:\/\/portaltela.pt\/#\/schema\/person\/c4278d4a6028830caff9ee44b42d32ed\"},\"headline\":\"Noah Monteiro torna-se o primeiro portugu\u00eas campe\u00e3o do Spanish Winter Championship\",\"datePublished\":\"2026-03-15T17:25:51+00:00\",\"mainEntityOfPage\":{\"@id\":\"https:\/\/portaltela.pt\/noticias\/2026\/03\/15\/noah-monteiro-torna-se-o-primeiro-portugues-campeao-do-spanish-winter-championship\/\"},\"wordCount\":145,\"image\":{\"@id\":\"https:\/\/portaltela.pt\/noticias\/2026\/03\/15\/noah-monteiro-torna-se-o-primeiro-portugues-campeao-do-spanish-winter-championship\/#primaryimage\"},\"thumbnailUrl\":\"https:\/\/portaltela.pt\/s.01k8rhncp4jt1\/2026\/03\/img_920x518uu2026-03-15-17-25-15-2427170.jpg\",\"keywords\":[\"desporto\",\"Espanha\",\"F\u00f3rmula 1\",\"jovens\",\"Portugal\"],\"articleSection\":[\"Not\u00edcias\"],\"inLanguage\":\"pt-PT\"},{\"@type\":\"WebPage\",\"@id\":\"https:\/\/portaltela.pt\/noticias\/2026\/03\/15\/noah-monteiro-torna-se-o-primeiro-portugues-campeao-do-spanish-winter-championship\/\",\"url\":\"https:\/\/portaltela.pt\/noticias\/2026\/03\/15\/noah-monteiro-torna-se-o-primeiro-portugues-campeao-do-spanish-winter-championship\/\",\"name\":\"Noah Monteiro torna-se o primeiro portugu\u00eas campe\u00e3o do Spanish Winter Championship - Portal Tela Portugal\",\"isPartOf\":{\"@id\":\"https:\/\/portaltela.pt\/#website\"},\"primaryImageOfPage\":{\"@id\":\"https:\/\/portaltela.pt\/noticias\/2026\/03\/15\/noah-monteiro-torna-se-o-primeiro-portugues-campeao-do-spanish-winter-championship\/#primaryimage\"},\"image\":{\"@id\":\"https:\/\/portaltela.pt\/noticias\/2026\/03\/15\/noah-monteiro-torna-se-o-primeiro-portugues-campeao-do-spanish-winter-championship\/#primaryimage\"},\"thumbnailUrl\":\"https:\/\/portaltela.pt\/s.01k8rhncp4jt1\/2026\/03\/img_920x518uu2026-03-15-17-25-15-2427170.jpg\",\"datePublished\":\"2026-03-15T17:25:51+00:00\",\"author\":{\"@id\":\"https:\/\/portaltela.pt\/#\/schema\/person\/c4278d4a6028830caff9ee44b42d32ed\"},\"breadcrumb\":{\"@id\":\"https:\/\/portaltela.pt\/noticias\/2026\/03\/15\/noah-monteiro-torna-se-o-primeiro-portugues-campeao-do-spanish-winter-championship\/#breadcrumb\"},\"inLanguage\":\"pt-PT\",\"potentialAction\":[{\"@type\":\"ReadAction\",\"target\":[\"https:\/\/portaltela.pt\/noticias\/2026\/03\/15\/noah-monteiro-torna-se-o-primeiro-portugues-campeao-do-spanish-winter-championship\/\"]}]},{\"@type\":\"ImageObject\",\"inLanguage\":\"pt-PT\",\"@id\":\"https:\/\/portaltela.pt\/noticias\/2026\/03\/15\/noah-monteiro-torna-se-o-primeiro-portugues-campeao-do-spanish-winter-championship\/#primaryimage\",\"url\":\"https:\/\/portaltela.pt\/s.01k8rhncp4jt1\/2026\/03\/img_920x518uu2026-03-15-17-25-15-2427170.jpg\",\"contentUrl\":\"https:\/\/portaltela.pt\/s.01k8rhncp4jt1\/2026\/03\/img_920x518uu2026-03-15-17-25-15-2427170.jpg\",\"width\":796,\"height\":448,\"caption\":\"Noah Monteiro vence Spanish Winter Championship e segue as pisadas do pai\"},{\"@type\":\"BreadcrumbList\",\"@id\":\"https:\/\/portaltela.pt\/noticias\/2026\/03\/15\/noah-monteiro-torna-se-o-primeiro-portugues-campeao-do-spanish-winter-championship\/#breadcrumb\",\"itemListElement\":[{\"@type\":\"ListItem\",\"position\":1,\"name\":\"In\u00edcio\",\"item\":\"https:\/\/portaltela.pt\/\"},{\"@type\":\"ListItem\",\"position\":2,\"name\":\"Noah Monteiro torna-se o primeiro portugu\u00eas campe\u00e3o do Spanish Winter Championship\"}]},{\"@type\":\"WebSite\",\"@id\":\"https:\/\/portaltela.pt\/#website\",\"url\":\"https:\/\/portaltela.pt\/\",\"name\":\"Portal Tela Portugal\",\"description\":\"\",\"potentialAction\":[{\"@type\":\"SearchAction\",\"target\":{\"@type\":\"EntryPoint\",\"urlTemplate\":\"https:\/\/portaltela.pt\/?s={search_term_string}\"},\"query-input\":{\"@type\":\"PropertyValueSpecification\",\"valueRequired\":true,\"valueName\":\"search_term_string\"}}],\"inLanguage\":\"pt-PT\"},{\"@type\":\"Person\",\"@id\":\"https:\/\/portaltela.pt\/#\/schema\/person\/c4278d4a6028830caff9ee44b42d32ed\",\"name\":\"Telinha\",\"image\":{\"@type\":\"ImageObject\",\"inLanguage\":\"pt-PT\",\"@id\":\"https:\/\/portaltela.pt\/s.01k8rhncp4jt1\/2025\/11\/talking-bot-125x125.png\",\"url\":\"https:\/\/portaltela.pt\/s.01k8rhncp4jt1\/2025\/11\/talking-bot-125x125.png\",\"contentUrl\":\"https:\/\/portaltela.pt\/s.01k8rhncp4jt1\/2025\/11\/talking-bot-125x125.png\",\"caption\":\"Telinha\"},\"sameAs\":[\"https:\/\/portaltela.pt\/\"],\"url\":\"https:\/\/portaltela.pt\/por\/367410592786\/\"}]}<\/script>\n<!-- \/ Yoast SEO plugin. -->","yoast_head_json":{"title":"Noah Monteiro torna-se o primeiro portugu\u00eas campe\u00e3o do Spanish Winter Championship - Portal Tela Portugal","robots":{"index":"index","follow":"follow","max-snippet":"max-snippet:-1","max-image-preview":"max-image-preview:large","max-video-preview":"max-video-preview:-1"},"og_locale":"pt_PT","og_type":"article","og_title":"Noah Monteiro torna-se o primeiro portugu\u00eas campe\u00e3o do Spanish Winter Championship - Portal Tela Portugal","og_description":"Noah Monteiro tornou-se o primeiro portugu\u00eas a sagrar-se campe\u00e3o do Spanish Winter Championship, na F\u00f3rmula 4. O t\u00edtulo foi conquistado pela primeira vez por um piloto nacional no campeonato de inverno espanhol. O piloto tem 16 anos e \u00e9 filho do ex-piloto Tiago Monteiro. O jovem dedicou o t\u00edtulo \u00e0 equipa e destacou o trabalho conjunto desde o fim da \u00e9poca anterior para chegar a este n\u00edvel.","og_url":"https:\/\/portaltela.pt\/noticias\/2026\/03\/15\/noah-monteiro-torna-se-o-primeiro-portugues-campeao-do-spanish-winter-championship\/","og_site_name":"Portal Tela Portugal","article_published_time":"2026-03-15T17:25:51+00:00","author":"Telinha","twitter_card":"summary_large_image","twitter_misc":{"Escrito por":"Telinha","Tempo estimado de leitura":"1 minuto"},"schema":{"@context":"https:\/\/schema.org","@graph":[{"@type":"Article","@id":"https:\/\/portaltela.pt\/noticias\/2026\/03\/15\/noah-monteiro-torna-se-o-primeiro-portugues-campeao-do-spanish-winter-championship\/#article","isPartOf":{"@id":"https:\/\/portaltela.pt\/noticias\/2026\/03\/15\/noah-monteiro-torna-se-o-primeiro-portugues-campeao-do-spanish-winter-championship\/"},"author":{"name":"Telinha","@id":"https:\/\/portaltela.pt\/#\/schema\/person\/c4278d4a6028830caff9ee44b42d32ed"},"headline":"Noah Monteiro torna-se o primeiro portugu\u00eas campe\u00e3o do Spanish Winter Championship","datePublished":"2026-03-15T17:25:51+00:00","mainEntityOfPage":{"@id":"https:\/\/portaltela.pt\/noticias\/2026\/03\/15\/noah-monteiro-torna-se-o-primeiro-portugues-campeao-do-spanish-winter-championship\/"},"wordCount":145,"image":{"@id":"https:\/\/portaltela.pt\/noticias\/2026\/03\/15\/noah-monteiro-torna-se-o-primeiro-portugues-campeao-do-spanish-winter-championship\/#primaryimage"},"thumbnailUrl":"https:\/\/portaltela.pt\/s.01k8rhncp4jt1\/2026\/03\/img_920x518uu2026-03-15-17-25-15-2427170.jpg","keywords":["desporto","Espanha","F\u00f3rmula 1","jovens","Portugal"],"articleSection":["Not\u00edcias"],"inLanguage":"pt-PT"},{"@type":"WebPage","@id":"https:\/\/portaltela.pt\/noticias\/2026\/03\/15\/noah-monteiro-torna-se-o-primeiro-portugues-campeao-do-spanish-winter-championship\/","url":"https:\/\/portaltela.pt\/noticias\/2026\/03\/15\/noah-monteiro-torna-se-o-primeiro-portugues-campeao-do-spanish-winter-championship\/","name":"Noah Monteiro torna-se o primeiro portugu\u00eas campe\u00e3o do Spanish Winter Championship - Portal Tela Portugal","isPartOf":{"@id":"https:\/\/portaltela.pt\/#website"},"primaryImageOfPage":{"@id":"https:\/\/portaltela.pt\/noticias\/2026\/03\/15\/noah-monteiro-torna-se-o-primeiro-portugues-campeao-do-spanish-winter-championship\/#primaryimage"},"image":{"@id":"https:\/\/portaltela.pt\/noticias\/2026\/03\/15\/noah-monteiro-torna-se-o-primeiro-portugues-campeao-do-spanish-winter-championship\/#primaryimage"},"thumbnailUrl":"https:\/\/portaltela.pt\/s.01k8rhncp4jt1\/2026\/03\/img_920x518uu2026-03-15-17-25-15-2427170.jpg","datePublished":"2026-03-15T17:25:51+00:00","author":{"@id":"https:\/\/portaltela.pt\/#\/schema\/person\/c4278d4a6028830caff9ee44b42d32ed"},"breadcrumb":{"@id":"https:\/\/portaltela.pt\/noticias\/2026\/03\/15\/noah-monteiro-torna-se-o-primeiro-portugues-campeao-do-spanish-winter-championship\/#breadcrumb"},"inLanguage":"pt-PT","potentialAction":[{"@type":"ReadAction","target":["https:\/\/portaltela.pt\/noticias\/2026\/03\/15\/noah-monteiro-torna-se-o-primeiro-portugues-campeao-do-spanish-winter-championship\/"]}]},{"@type":"ImageObject","inLanguage":"pt-PT","@id":"https:\/\/portaltela.pt\/noticias\/2026\/03\/15\/noah-monteiro-torna-se-o-primeiro-portugues-campeao-do-spanish-winter-championship\/#primaryimage","url":"https:\/\/portaltela.pt\/s.01k8rhncp4jt1\/2026\/03\/img_920x518uu2026-03-15-17-25-15-2427170.jpg","contentUrl":"https:\/\/portaltela.pt\/s.01k8rhncp4jt1\/2026\/03\/img_920x518uu2026-03-15-17-25-15-2427170.jpg","width":796,"height":448,"caption":"Noah Monteiro vence Spanish Winter Championship e segue as pisadas do pai"},{"@type":"BreadcrumbList","@id":"https:\/\/portaltela.pt\/noticias\/2026\/03\/15\/noah-monteiro-torna-se-o-primeiro-portugues-campeao-do-spanish-winter-championship\/#breadcrumb","itemListElement":[{"@type":"ListItem","position":1,"name":"In\u00edcio","item":"https:\/\/portaltela.pt\/"},{"@type":"ListItem","position":2,"name":"Noah Monteiro torna-se o primeiro portugu\u00eas campe\u00e3o do Spanish Winter Championship"}]},{"@type":"WebSite","@id":"https:\/\/portaltela.pt\/#website","url":"https:\/\/portaltela.pt\/","name":"Portal Tela Portugal","description":"","potentialAction":[{"@type":"SearchAction","target":{"@type":"EntryPoint","urlTemplate":"https:\/\/portaltela.pt\/?s={search_term_string}"},"query-input":{"@type":"PropertyValueSpecification","valueRequired":true,"valueName":"search_term_string"}}],"inLanguage":"pt-PT"},{"@type":"Person","@id":"https:\/\/portaltela.pt\/#\/schema\/person\/c4278d4a6028830caff9ee44b42d32ed","name":"Telinha","image":{"@type":"ImageObject","inLanguage":"pt-PT","@id":"https:\/\/portaltela.pt\/s.01k8rhncp4jt1\/2025\/11\/talking-bot-125x125.png","url":"https:\/\/portaltela.pt\/s.01k8rhncp4jt1\/2025\/11\/talking-bot-125x125.png","contentUrl":"https:\/\/portaltela.pt\/s.01k8rhncp4jt1\/2025\/11\/talking-bot-125x125.png","caption":"Telinha"},"sameAs":["https:\/\/portaltela.pt\/"],"url":"https:\/\/portaltela.pt\/por\/367410592786\/"}]}},"_links":{"self":[{"href":"https:\/\/portaltela.pt\/api\/wp\/v2\/posts\/411102","targetHints":{"allow":["GET"]}}],"collection":[{"href":"https:\/\/portaltela.pt\/api\/wp\/v2\/posts"}],"about":[{"href":"https:\/\/portaltela.pt\/api\/wp\/v2\/types\/post"}],"author":[{"embeddable":true,"href":"https:\/\/portaltela.pt\/api\/wp\/v2\/users\/2"}],"replies":[{"embeddable":true,"href":"https:\/\/portaltela.pt\/api\/wp\/v2\/comments?post=411102"}],"version-history":[{"count":0,"href":"https:\/\/portaltela.pt\/api\/wp\/v2\/posts\/411102\/revisions"}],"wp:featuredmedia":[{"embeddable":true,"href":"https:\/\/portaltela.pt\/api\/wp\/v2\/media\/411108"}],"wp:attachment":[{"href":"https:\/\/portaltela.pt\/api\/wp\/v2\/media?parent=411102"}],"wp:term":[{"taxonomy":"category","embeddable":true,"href":"https:\/\/portaltela.pt\/api\/wp\/v2\/categories?post=411102"},{"taxonomy":"post_tag","embeddable":true,"href":"https:\/\/portaltela.pt\/api\/wp\/v2\/tags?post=411102"}],"curies":[{"name":"wp","href":"https:\/\/api.w.org\/{rel}","templated":true}]}}