{"id":411097,"date":"2026-03-15T14:22:00","date_gmt":"2026-03-15T17:22:00","guid":{"rendered":"https:\/\/portaltela.pt\/noticias\/2026\/03\/15\/casa-para-viver-apela-a-veto-de-seguro-para-facilitar-despejos\/"},"modified":"2026-03-15T14:22:00","modified_gmt":"2026-03-15T17:22:00","slug":"casa-para-viver-apela-a-veto-de-seguro-para-facilitar-despejos","status":"publish","type":"post","link":"https:\/\/portaltela.pt\/noticias\/2026\/03\/15\/casa-para-viver-apela-a-veto-de-seguro-para-facilitar-despejos\/","title":{"rendered":"Casa para Viver apela a veto de Seguro para facilitar despejos"},"content":{"rendered":"<p>Ao longo da primeira semana no Pal\u00e1cio de Bel\u00e9m, Ant\u00f3nio Jos\u00e9 Seguro recebeu o movimento Casa para Viver, que pretende alertar o Presidente da Rep\u00fablica para a situa\u00e7\u00e3o da habita\u00e7\u00e3o em Portugal. O contacto encorajar\u00e1 a\u00e7\u00f5es que esbocem novas medidas para evitar o agravamento do problema.<\/p>\n<p>O porta-voz Andr\u00e9 Escoval explicou ao JN que o movimento defende respostas r\u00e1pidas e eficazes para garantir moradia digna a todos e questiona as medidas do Governo para acelerar os despejos. A posi\u00e7\u00e3o \u00e9 apresentada como um alerta \u00e0s autoridades.<\/p>\n<p>Caso o presidente aceite ouvir o movimento, a entrega de uma lista de reivindica\u00e7\u00f5es est\u00e1 prevista para sexta-feira, permitindo abrir espa\u00e7o a debate institucional sobre habita\u00e7\u00e3o e prote\u00e7\u00e3o de fam\u00edlias em situa\u00e7\u00e3o vulner\u00e1vel.<\/p>\n<p>A visita de hoje marca o ponto de partida para a manifesta\u00e7\u00e3o de 21 de mar\u00e7o, planeada em 14 cidades de Norte a Sul do pa\u00eds. O objetivo \u00e9 mobilizar a sociedade civil em torno do direito \u00e0 habita\u00e7\u00e3o.<\/p>\n<p>As a\u00e7\u00f5es acontecem num momento de tens\u00e3o entre o governo e grupos da sociedade civil, que pedem pol\u00edticas p\u00fablicas mais robustas para impedir despejos e promover acesso est\u00e1vel \u00e0 casa pr\u00f3pria.<\/p>\n","protected":false},"excerpt":{"rendered":"<ul>\n<li>O movimento Casa para Viver pediu ao presidente da Rep\u00fablica que vete as medidas do Governo para facilitar despejos.<\/li>\n<li>Na primeira semana no Pal\u00e1cio do Bel\u00e9m, Ant\u00f3nio Jos\u00e9 Seguro recebeu o movimento para alertar para o problema da habita\u00e7\u00e3o em Portugal.<\/li>\n<li>Andr\u00e9 Escoval, porta-voz, disse ao Jornal de Not\u00edcias que \u00e9 hora de apresentar novas medidas para n\u00e3o agravar a situa\u00e7\u00e3o e pediu a\u00e7\u00e3o do presidente.<\/li>\n<li>O movimento vai entregar, na segunda-feira, uma lista de reivindica\u00e7\u00f5es ao presidente, que visam garantir habita\u00e7\u00e3o digna para todos e contrariar as medidas do Governo de Lu\u00eds Montenegro.<\/li>\n<li>A visita marca o in\u00edcio da manifesta\u00e7\u00e3o de vinte e um de mar\u00e7o em catorze cidades, de norte a sul.<\/li>\n<\/ul>\n","protected":false},"author":2,"featured_media":411104,"comment_status":"closed","ping_status":"closed","sticky":false,"template":"","format":"standard","meta":{"footnotes":""},"categories":[1],"tags":[6372,6373,34,150,2832,2318],"class_list":["post-411097","post","type-post","status-publish","format-standard","has-post-thumbnail","hentry","category-noticias","tag-despejos","tag-direitos","tag-governo","tag-habitacao","tag-politica","tag-sociedade"],"yoast_head":"<!-- This site is optimized with the Yoast SEO plugin v27.2 - https:\/\/yoast.com\/product\/yoast-seo-wordpress\/ -->\n<title>Casa para Viver apela a veto de Seguro para facilitar despejos - Portal Tela Portugal<\/title>\n<meta name=\"robots\" content=\"index, follow, max-snippet:-1, max-image-preview:large, max-video-preview:-1\" \/>\n<meta property=\"og:locale\" content=\"pt_PT\" \/>\n<meta property=\"og:type\" content=\"article\" \/>\n<meta property=\"og:title\" content=\"Casa para Viver apela a veto de Seguro para facilitar despejos - Portal Tela Portugal\" \/>\n<meta property=\"og:description\" content=\"O movimento Casa para Viver pediu ao presidente da Rep\u00fablica que vete as medidas do Governo para facilitar despejos. Na primeira semana no Pal\u00e1cio do Bel\u00e9m, Ant\u00f3nio Jos\u00e9 Seguro recebeu o movimento para alertar para o problema da habita\u00e7\u00e3o em Portugal. Andr\u00e9 Escoval, porta-voz, disse ao Jornal de Not\u00edcias que \u00e9 hora de apresentar novas medidas para n\u00e3o agravar a situa\u00e7\u00e3o e pediu a\u00e7\u00e3o do presidente. O movimento vai entregar, na segunda-feira, uma lista de reivindica\u00e7\u00f5es ao presidente, que visam garantir habita\u00e7\u00e3o digna para todos e contrariar as medidas do Governo de Lu\u00eds Montenegro. A visita marca o in\u00edcio da manifesta\u00e7\u00e3o de vinte e um de mar\u00e7o em catorze cidades, de norte a sul.\" \/>\n<meta property=\"og:url\" content=\"https:\/\/portaltela.pt\/noticias\/2026\/03\/15\/casa-para-viver-apela-a-veto-de-seguro-para-facilitar-despejos\/\" \/>\n<meta property=\"og:site_name\" content=\"Portal Tela Portugal\" \/>\n<meta property=\"article:published_time\" content=\"2026-03-15T17:22:00+00:00\" \/>\n<meta name=\"author\" content=\"Telinha\" \/>\n<meta name=\"twitter:card\" content=\"summary_large_image\" \/>\n<meta name=\"twitter:label1\" content=\"Escrito por\" \/>\n\t<meta name=\"twitter:data1\" content=\"Telinha\" \/>\n\t<meta name=\"twitter:label2\" content=\"Tempo estimado de leitura\" \/>\n\t<meta name=\"twitter:data2\" content=\"1 minuto\" \/>\n<script type=\"application\/ld+json\" class=\"yoast-schema-graph\">{\"@context\":\"https:\/\/schema.org\",\"@graph\":[{\"@type\":\"Article\",\"@id\":\"https:\/\/portaltela.pt\/noticias\/2026\/03\/15\/casa-para-viver-apela-a-veto-de-seguro-para-facilitar-despejos\/#article\",\"isPartOf\":{\"@id\":\"https:\/\/portaltela.pt\/noticias\/2026\/03\/15\/casa-para-viver-apela-a-veto-de-seguro-para-facilitar-despejos\/\"},\"author\":{\"name\":\"Telinha\",\"@id\":\"https:\/\/portaltela.pt\/#\/schema\/person\/c4278d4a6028830caff9ee44b42d32ed\"},\"headline\":\"Casa para Viver apela a veto de Seguro para facilitar despejos\",\"datePublished\":\"2026-03-15T17:22:00+00:00\",\"mainEntityOfPage\":{\"@id\":\"https:\/\/portaltela.pt\/noticias\/2026\/03\/15\/casa-para-viver-apela-a-veto-de-seguro-para-facilitar-despejos\/\"},\"wordCount\":220,\"image\":{\"@id\":\"https:\/\/portaltela.pt\/noticias\/2026\/03\/15\/casa-para-viver-apela-a-veto-de-seguro-para-facilitar-despejos\/#primaryimage\"},\"thumbnailUrl\":\"https:\/\/portaltela.pt\/s.01k8rhncp4jt1\/2026\/03\/image-997.jpg\",\"keywords\":[\"despejos\",\"direitos\",\"governo\",\"habita\u00e7\u00e3o\",\"pol\u00edtica\",\"sociedade\"],\"articleSection\":[\"Not\u00edcias\"],\"inLanguage\":\"pt-PT\"},{\"@type\":\"WebPage\",\"@id\":\"https:\/\/portaltela.pt\/noticias\/2026\/03\/15\/casa-para-viver-apela-a-veto-de-seguro-para-facilitar-despejos\/\",\"url\":\"https:\/\/portaltela.pt\/noticias\/2026\/03\/15\/casa-para-viver-apela-a-veto-de-seguro-para-facilitar-despejos\/\",\"name\":\"Casa para Viver apela a veto de Seguro para facilitar despejos - Portal Tela Portugal\",\"isPartOf\":{\"@id\":\"https:\/\/portaltela.pt\/#website\"},\"primaryImageOfPage\":{\"@id\":\"https:\/\/portaltela.pt\/noticias\/2026\/03\/15\/casa-para-viver-apela-a-veto-de-seguro-para-facilitar-despejos\/#primaryimage\"},\"image\":{\"@id\":\"https:\/\/portaltela.pt\/noticias\/2026\/03\/15\/casa-para-viver-apela-a-veto-de-seguro-para-facilitar-despejos\/#primaryimage\"},\"thumbnailUrl\":\"https:\/\/portaltela.pt\/s.01k8rhncp4jt1\/2026\/03\/image-997.jpg\",\"datePublished\":\"2026-03-15T17:22:00+00:00\",\"author\":{\"@id\":\"https:\/\/portaltela.pt\/#\/schema\/person\/c4278d4a6028830caff9ee44b42d32ed\"},\"breadcrumb\":{\"@id\":\"https:\/\/portaltela.pt\/noticias\/2026\/03\/15\/casa-para-viver-apela-a-veto-de-seguro-para-facilitar-despejos\/#breadcrumb\"},\"inLanguage\":\"pt-PT\",\"potentialAction\":[{\"@type\":\"ReadAction\",\"target\":[\"https:\/\/portaltela.pt\/noticias\/2026\/03\/15\/casa-para-viver-apela-a-veto-de-seguro-para-facilitar-despejos\/\"]}]},{\"@type\":\"ImageObject\",\"inLanguage\":\"pt-PT\",\"@id\":\"https:\/\/portaltela.pt\/noticias\/2026\/03\/15\/casa-para-viver-apela-a-veto-de-seguro-para-facilitar-despejos\/#primaryimage\",\"url\":\"https:\/\/portaltela.pt\/s.01k8rhncp4jt1\/2026\/03\/image-997.jpg\",\"contentUrl\":\"https:\/\/portaltela.pt\/s.01k8rhncp4jt1\/2026\/03\/image-997.jpg\",\"width\":796,\"height\":448,\"caption\":\"H\u00e1 manifesta\u00e7\u00f5es agendadas em 14 cidades pelo direito \u00e0 habita\u00e7\u00e3o\"},{\"@type\":\"BreadcrumbList\",\"@id\":\"https:\/\/portaltela.pt\/noticias\/2026\/03\/15\/casa-para-viver-apela-a-veto-de-seguro-para-facilitar-despejos\/#breadcrumb\",\"itemListElement\":[{\"@type\":\"ListItem\",\"position\":1,\"name\":\"In\u00edcio\",\"item\":\"https:\/\/portaltela.pt\/\"},{\"@type\":\"ListItem\",\"position\":2,\"name\":\"Casa para Viver apela a veto de Seguro para facilitar despejos\"}]},{\"@type\":\"WebSite\",\"@id\":\"https:\/\/portaltela.pt\/#website\",\"url\":\"https:\/\/portaltela.pt\/\",\"name\":\"Portal Tela Portugal\",\"description\":\"\",\"potentialAction\":[{\"@type\":\"SearchAction\",\"target\":{\"@type\":\"EntryPoint\",\"urlTemplate\":\"https:\/\/portaltela.pt\/?s={search_term_string}\"},\"query-input\":{\"@type\":\"PropertyValueSpecification\",\"valueRequired\":true,\"valueName\":\"search_term_string\"}}],\"inLanguage\":\"pt-PT\"},{\"@type\":\"Person\",\"@id\":\"https:\/\/portaltela.pt\/#\/schema\/person\/c4278d4a6028830caff9ee44b42d32ed\",\"name\":\"Telinha\",\"image\":{\"@type\":\"ImageObject\",\"inLanguage\":\"pt-PT\",\"@id\":\"https:\/\/portaltela.pt\/s.01k8rhncp4jt1\/2025\/11\/talking-bot-125x125.png\",\"url\":\"https:\/\/portaltela.pt\/s.01k8rhncp4jt1\/2025\/11\/talking-bot-125x125.png\",\"contentUrl\":\"https:\/\/portaltela.pt\/s.01k8rhncp4jt1\/2025\/11\/talking-bot-125x125.png\",\"caption\":\"Telinha\"},\"sameAs\":[\"https:\/\/portaltela.pt\/\"],\"url\":\"https:\/\/portaltela.pt\/por\/367410592786\/\"}]}<\/script>\n<!-- \/ Yoast SEO plugin. -->","yoast_head_json":{"title":"Casa para Viver apela a veto de Seguro para facilitar despejos - Portal Tela Portugal","robots":{"index":"index","follow":"follow","max-snippet":"max-snippet:-1","max-image-preview":"max-image-preview:large","max-video-preview":"max-video-preview:-1"},"og_locale":"pt_PT","og_type":"article","og_title":"Casa para Viver apela a veto de Seguro para facilitar despejos - Portal Tela Portugal","og_description":"O movimento Casa para Viver pediu ao presidente da Rep\u00fablica que vete as medidas do Governo para facilitar despejos. Na primeira semana no Pal\u00e1cio do Bel\u00e9m, Ant\u00f3nio Jos\u00e9 Seguro recebeu o movimento para alertar para o problema da habita\u00e7\u00e3o em Portugal. Andr\u00e9 Escoval, porta-voz, disse ao Jornal de Not\u00edcias que \u00e9 hora de apresentar novas medidas para n\u00e3o agravar a situa\u00e7\u00e3o e pediu a\u00e7\u00e3o do presidente. O movimento vai entregar, na segunda-feira, uma lista de reivindica\u00e7\u00f5es ao presidente, que visam garantir habita\u00e7\u00e3o digna para todos e contrariar as medidas do Governo de Lu\u00eds Montenegro. A visita marca o in\u00edcio da manifesta\u00e7\u00e3o de vinte e um de mar\u00e7o em catorze cidades, de norte a sul.","og_url":"https:\/\/portaltela.pt\/noticias\/2026\/03\/15\/casa-para-viver-apela-a-veto-de-seguro-para-facilitar-despejos\/","og_site_name":"Portal Tela Portugal","article_published_time":"2026-03-15T17:22:00+00:00","author":"Telinha","twitter_card":"summary_large_image","twitter_misc":{"Escrito por":"Telinha","Tempo estimado de leitura":"1 minuto"},"schema":{"@context":"https:\/\/schema.org","@graph":[{"@type":"Article","@id":"https:\/\/portaltela.pt\/noticias\/2026\/03\/15\/casa-para-viver-apela-a-veto-de-seguro-para-facilitar-despejos\/#article","isPartOf":{"@id":"https:\/\/portaltela.pt\/noticias\/2026\/03\/15\/casa-para-viver-apela-a-veto-de-seguro-para-facilitar-despejos\/"},"author":{"name":"Telinha","@id":"https:\/\/portaltela.pt\/#\/schema\/person\/c4278d4a6028830caff9ee44b42d32ed"},"headline":"Casa para Viver apela a veto de Seguro para facilitar despejos","datePublished":"2026-03-15T17:22:00+00:00","mainEntityOfPage":{"@id":"https:\/\/portaltela.pt\/noticias\/2026\/03\/15\/casa-para-viver-apela-a-veto-de-seguro-para-facilitar-despejos\/"},"wordCount":220,"image":{"@id":"https:\/\/portaltela.pt\/noticias\/2026\/03\/15\/casa-para-viver-apela-a-veto-de-seguro-para-facilitar-despejos\/#primaryimage"},"thumbnailUrl":"https:\/\/portaltela.pt\/s.01k8rhncp4jt1\/2026\/03\/image-997.jpg","keywords":["despejos","direitos","governo","habita\u00e7\u00e3o","pol\u00edtica","sociedade"],"articleSection":["Not\u00edcias"],"inLanguage":"pt-PT"},{"@type":"WebPage","@id":"https:\/\/portaltela.pt\/noticias\/2026\/03\/15\/casa-para-viver-apela-a-veto-de-seguro-para-facilitar-despejos\/","url":"https:\/\/portaltela.pt\/noticias\/2026\/03\/15\/casa-para-viver-apela-a-veto-de-seguro-para-facilitar-despejos\/","name":"Casa para Viver apela a veto de Seguro para facilitar despejos - Portal Tela Portugal","isPartOf":{"@id":"https:\/\/portaltela.pt\/#website"},"primaryImageOfPage":{"@id":"https:\/\/portaltela.pt\/noticias\/2026\/03\/15\/casa-para-viver-apela-a-veto-de-seguro-para-facilitar-despejos\/#primaryimage"},"image":{"@id":"https:\/\/portaltela.pt\/noticias\/2026\/03\/15\/casa-para-viver-apela-a-veto-de-seguro-para-facilitar-despejos\/#primaryimage"},"thumbnailUrl":"https:\/\/portaltela.pt\/s.01k8rhncp4jt1\/2026\/03\/image-997.jpg","datePublished":"2026-03-15T17:22:00+00:00","author":{"@id":"https:\/\/portaltela.pt\/#\/schema\/person\/c4278d4a6028830caff9ee44b42d32ed"},"breadcrumb":{"@id":"https:\/\/portaltela.pt\/noticias\/2026\/03\/15\/casa-para-viver-apela-a-veto-de-seguro-para-facilitar-despejos\/#breadcrumb"},"inLanguage":"pt-PT","potentialAction":[{"@type":"ReadAction","target":["https:\/\/portaltela.pt\/noticias\/2026\/03\/15\/casa-para-viver-apela-a-veto-de-seguro-para-facilitar-despejos\/"]}]},{"@type":"ImageObject","inLanguage":"pt-PT","@id":"https:\/\/portaltela.pt\/noticias\/2026\/03\/15\/casa-para-viver-apela-a-veto-de-seguro-para-facilitar-despejos\/#primaryimage","url":"https:\/\/portaltela.pt\/s.01k8rhncp4jt1\/2026\/03\/image-997.jpg","contentUrl":"https:\/\/portaltela.pt\/s.01k8rhncp4jt1\/2026\/03\/image-997.jpg","width":796,"height":448,"caption":"H\u00e1 manifesta\u00e7\u00f5es agendadas em 14 cidades pelo direito \u00e0 habita\u00e7\u00e3o"},{"@type":"BreadcrumbList","@id":"https:\/\/portaltela.pt\/noticias\/2026\/03\/15\/casa-para-viver-apela-a-veto-de-seguro-para-facilitar-despejos\/#breadcrumb","itemListElement":[{"@type":"ListItem","position":1,"name":"In\u00edcio","item":"https:\/\/portaltela.pt\/"},{"@type":"ListItem","position":2,"name":"Casa para Viver apela a veto de Seguro para facilitar despejos"}]},{"@type":"WebSite","@id":"https:\/\/portaltela.pt\/#website","url":"https:\/\/portaltela.pt\/","name":"Portal Tela Portugal","description":"","potentialAction":[{"@type":"SearchAction","target":{"@type":"EntryPoint","urlTemplate":"https:\/\/portaltela.pt\/?s={search_term_string}"},"query-input":{"@type":"PropertyValueSpecification","valueRequired":true,"valueName":"search_term_string"}}],"inLanguage":"pt-PT"},{"@type":"Person","@id":"https:\/\/portaltela.pt\/#\/schema\/person\/c4278d4a6028830caff9ee44b42d32ed","name":"Telinha","image":{"@type":"ImageObject","inLanguage":"pt-PT","@id":"https:\/\/portaltela.pt\/s.01k8rhncp4jt1\/2025\/11\/talking-bot-125x125.png","url":"https:\/\/portaltela.pt\/s.01k8rhncp4jt1\/2025\/11\/talking-bot-125x125.png","contentUrl":"https:\/\/portaltela.pt\/s.01k8rhncp4jt1\/2025\/11\/talking-bot-125x125.png","caption":"Telinha"},"sameAs":["https:\/\/portaltela.pt\/"],"url":"https:\/\/portaltela.pt\/por\/367410592786\/"}]}},"_links":{"self":[{"href":"https:\/\/portaltela.pt\/api\/wp\/v2\/posts\/411097","targetHints":{"allow":["GET"]}}],"collection":[{"href":"https:\/\/portaltela.pt\/api\/wp\/v2\/posts"}],"about":[{"href":"https:\/\/portaltela.pt\/api\/wp\/v2\/types\/post"}],"author":[{"embeddable":true,"href":"https:\/\/portaltela.pt\/api\/wp\/v2\/users\/2"}],"replies":[{"embeddable":true,"href":"https:\/\/portaltela.pt\/api\/wp\/v2\/comments?post=411097"}],"version-history":[{"count":0,"href":"https:\/\/portaltela.pt\/api\/wp\/v2\/posts\/411097\/revisions"}],"wp:featuredmedia":[{"embeddable":true,"href":"https:\/\/portaltela.pt\/api\/wp\/v2\/media\/411104"}],"wp:attachment":[{"href":"https:\/\/portaltela.pt\/api\/wp\/v2\/media?parent=411097"}],"wp:term":[{"taxonomy":"category","embeddable":true,"href":"https:\/\/portaltela.pt\/api\/wp\/v2\/categories?post=411097"},{"taxonomy":"post_tag","embeddable":true,"href":"https:\/\/portaltela.pt\/api\/wp\/v2\/tags?post=411097"}],"curies":[{"name":"wp","href":"https:\/\/api.w.org\/{rel}","templated":true}]}}