{"id":411089,"date":"2026-03-15T14:00:00","date_gmt":"2026-03-15T17:00:00","guid":{"rendered":"https:\/\/portaltela.pt\/noticias\/2026\/03\/15\/dia-do-pai-como-apoiar-as-filhas-na-primeira-menstruacao\/"},"modified":"2026-03-15T14:00:00","modified_gmt":"2026-03-15T17:00:00","slug":"dia-do-pai-como-apoiar-as-filhas-na-primeira-menstruacao","status":"publish","type":"post","link":"https:\/\/portaltela.pt\/saude\/2026\/03\/15\/dia-do-pai-como-apoiar-as-filhas-na-primeira-menstruacao\/","title":{"rendered":"Dia do Pai: como apoiar as filhas na primeira menstrua\u00e7\u00e3o"},"content":{"rendered":"<p>Lidar com a primeira menstrua\u00e7\u00e3o das filhas \u00e9 tema sens\u00edvel para muitos pais. A participa\u00e7\u00e3o dos pais n\u00e3o deve terminar numa mera demiss\u00e3o da tarefa, mas manter-se presente e informado. O Dia do Pai aproxima-se, e este guia ajuda a clarificar este tema.<\/p>\n<p>A INTIMINA, marca de sa\u00fade feminina, apresenta um guia passo-a-passo para lidar com o ciclo menstrual. Paralelamente, oferece o e-book Wonder Girls para acompanhar adolescentes na puberdade.<\/p>\n<p>Os pais devem abordar o assunto com calma, ouvir as filhas e responder \u00e0s perguntas. Primeiro, \u00e9 essencial explicar o que \u00e9 o per\u00edodo e como ocorre, sem pressa.<\/p>\n<p>Al\u00e9m disso, o guia sugere a constru\u00e7\u00e3o de um \u201ckit menstrual\u201d com os itens certos. O kit facilita a resposta r\u00e1pida quando o per\u00edodo chega.<\/p>\n<p>Penso: utilizado na zona interior das cuecas, \u00e9 absorvente e dispon\u00edvel em v\u00e1rias dimens\u00f5es conforme o fluxo. Deve ser trocado a cada 3-4 horas e deitado no lixo.<\/p>\n<p>Tamp\u00e3o: colocado dentro da vagina, com absor\u00e7\u00e3o vari\u00e1vel e, por vezes, com aplicador. Trocas a cada 4 horas, descart\u00e1vel no lixo, como o penso.<\/p>\n<p>Copo menstrual: copo de silicone m\u00e9dico, inserido na vagina, que recolhe o fluxo. Pode ser usado at\u00e9 8 horas e \u00e9 reutiliz\u00e1vel at\u00e9 10 anos, dispon\u00edvel em tamanhos diferentes.<\/p>\n<p>Cueca menstrual: pe\u00e7a lav\u00e1vel e com propriedades absorventes. Pode ser lavada na m\u00e1quina, com \u00e1gua fria para evitar manchas.<\/p>\n<p>\u00c9 recomendado ter cuecas extras no kit, pois o primeiro per\u00edodo pode surgir a qualquer momento e em qualquer lugar.<\/p>\n<p>Para al\u00e9m do kit, \u00e9 fundamental explicar que o per\u00edodo \u00e9 uma parte normal da vida das mulheres. Falar abertamente ajuda a reduzir constrangimentos entre raparigas.<\/p>\n<p>Os pais devem encorajar a empatia entre amigas na mesma situa\u00e7\u00e3o. Tamb\u00e9m \u00e9 importante indicar sinais que podem exigir avalia\u00e7\u00e3o m\u00e9dica e pedir ajuda profissional quando necess\u00e1rio.<\/p>\n<p>Finalmente, a celebra\u00e7\u00e3o do marco \u00e9 encorajada. Participar na abordagem do tema demonstra que \u00e9 natural que rapazes conhe\u00e7am o assunto e fortalece rela\u00e7\u00f5es entre g\u00e9neros.<\/p>\n","protected":false},"excerpt":{"rendered":"<ul>\n<li>O Dia do Pai \u00e9 utilizado para orientar os pais sobre a primeira menstrua\u00e7\u00e3o das filhas, com apoio de um guia da INTIMINA.<\/li>\n<li>Recomenda-se que os pais abordem o tema com calma, deixem as filhas falar e tirem d\u00favidas, antes de explicar o que \u00e9 o per\u00edodo.<\/li>\n<li>O guia sugere montar um kit menstrual com op\u00e7\u00f5es como penso, tamp\u00e3o, copo menstrual e cueca menstrual, incluindo instru\u00e7\u00f5es de uso e troca.<\/li>\n<li>Devem incluir cuecas extras no kit e explicar que a menstrua\u00e7\u00e3o \u00e9 normal, incentivando o apoio entre raparigas.<\/li>\n<li>Fixar a aten\u00e7\u00e3o a sinais fora do normal e, se necess\u00e1rio, consultar um m\u00e9dico; celebrar a passagem como uma etapa importante.<\/li>\n<\/ul>\n","protected":false},"author":2,"featured_media":411092,"comment_status":"closed","ping_status":"closed","sticky":false,"template":"","format":"standard","meta":{"footnotes":""},"categories":[1,6745],"tags":[7180,163,6582,64,2701,172],"class_list":["post-411089","post","type-post","status-publish","format-standard","has-post-thumbnail","hentry","category-noticias","category-saude","tag-direitos-sexuais","tag-educacao","tag-educacao-sexual","tag-familia","tag-mulheres","tag-saude"],"yoast_head":"<!-- This site is optimized with the Yoast SEO plugin v27.2 - https:\/\/yoast.com\/product\/yoast-seo-wordpress\/ -->\n<title>Dia do Pai: como apoiar as filhas na primeira menstrua\u00e7\u00e3o - Portal Tela Portugal<\/title>\n<meta name=\"robots\" content=\"index, follow, max-snippet:-1, max-image-preview:large, max-video-preview:-1\" \/>\n<meta property=\"og:locale\" content=\"pt_PT\" \/>\n<meta property=\"og:type\" content=\"article\" \/>\n<meta property=\"og:title\" content=\"Dia do Pai: como apoiar as filhas na primeira menstrua\u00e7\u00e3o - Portal Tela Portugal\" \/>\n<meta property=\"og:description\" content=\"O Dia do Pai \u00e9 utilizado para orientar os pais sobre a primeira menstrua\u00e7\u00e3o das filhas, com apoio de um guia da INTIMINA. Recomenda-se que os pais abordem o tema com calma, deixem as filhas falar e tirem d\u00favidas, antes de explicar o que \u00e9 o per\u00edodo. O guia sugere montar um kit menstrual com op\u00e7\u00f5es como penso, tamp\u00e3o, copo menstrual e cueca menstrual, incluindo instru\u00e7\u00f5es de uso e troca. Devem incluir cuecas extras no kit e explicar que a menstrua\u00e7\u00e3o \u00e9 normal, incentivando o apoio entre raparigas. Fixar a aten\u00e7\u00e3o a sinais fora do normal e, se necess\u00e1rio, consultar um m\u00e9dico; celebrar a passagem como uma etapa importante.\" \/>\n<meta property=\"og:url\" content=\"https:\/\/portaltela.pt\/noticias\/2026\/03\/15\/dia-do-pai-como-apoiar-as-filhas-na-primeira-menstruacao\/\" \/>\n<meta property=\"og:site_name\" content=\"Portal Tela Portugal\" \/>\n<meta property=\"article:published_time\" content=\"2026-03-15T17:00:00+00:00\" \/>\n<meta name=\"author\" content=\"Telinha\" \/>\n<meta name=\"twitter:card\" content=\"summary_large_image\" \/>\n<meta name=\"twitter:label1\" content=\"Escrito por\" \/>\n\t<meta name=\"twitter:data1\" content=\"Telinha\" \/>\n\t<meta name=\"twitter:label2\" content=\"Tempo estimado de leitura\" \/>\n\t<meta name=\"twitter:data2\" content=\"2 minutos\" \/>\n<script type=\"application\/ld+json\" class=\"yoast-schema-graph\">{\"@context\":\"https:\/\/schema.org\",\"@graph\":[{\"@type\":\"Article\",\"@id\":\"https:\/\/portaltela.pt\/noticias\/2026\/03\/15\/dia-do-pai-como-apoiar-as-filhas-na-primeira-menstruacao\/#article\",\"isPartOf\":{\"@id\":\"https:\/\/portaltela.pt\/noticias\/2026\/03\/15\/dia-do-pai-como-apoiar-as-filhas-na-primeira-menstruacao\/\"},\"author\":{\"name\":\"Telinha\",\"@id\":\"https:\/\/portaltela.pt\/#\/schema\/person\/c4278d4a6028830caff9ee44b42d32ed\"},\"headline\":\"Dia do Pai: como apoiar as filhas na primeira menstrua\u00e7\u00e3o\",\"datePublished\":\"2026-03-15T17:00:00+00:00\",\"mainEntityOfPage\":{\"@id\":\"https:\/\/portaltela.pt\/noticias\/2026\/03\/15\/dia-do-pai-como-apoiar-as-filhas-na-primeira-menstruacao\/\"},\"wordCount\":356,\"image\":{\"@id\":\"https:\/\/portaltela.pt\/noticias\/2026\/03\/15\/dia-do-pai-como-apoiar-as-filhas-na-primeira-menstruacao\/#primaryimage\"},\"thumbnailUrl\":\"https:\/\/portaltela.pt\/s.01k8rhncp4jt1\/2026\/03\/image-996.jpg\",\"keywords\":[\"direitos sexuais\",\"educa\u00e7\u00e3o\",\"educa\u00e7\u00e3o sexual\",\"fam\u00edlia\",\"Mulheres\",\"sa\u00fade\"],\"articleSection\":[\"Not\u00edcias\",\"Sa\u00fade\"],\"inLanguage\":\"pt-PT\"},{\"@type\":\"WebPage\",\"@id\":\"https:\/\/portaltela.pt\/noticias\/2026\/03\/15\/dia-do-pai-como-apoiar-as-filhas-na-primeira-menstruacao\/\",\"url\":\"https:\/\/portaltela.pt\/noticias\/2026\/03\/15\/dia-do-pai-como-apoiar-as-filhas-na-primeira-menstruacao\/\",\"name\":\"Dia do Pai: como apoiar as filhas na primeira menstrua\u00e7\u00e3o - Portal Tela Portugal\",\"isPartOf\":{\"@id\":\"https:\/\/portaltela.pt\/#website\"},\"primaryImageOfPage\":{\"@id\":\"https:\/\/portaltela.pt\/noticias\/2026\/03\/15\/dia-do-pai-como-apoiar-as-filhas-na-primeira-menstruacao\/#primaryimage\"},\"image\":{\"@id\":\"https:\/\/portaltela.pt\/noticias\/2026\/03\/15\/dia-do-pai-como-apoiar-as-filhas-na-primeira-menstruacao\/#primaryimage\"},\"thumbnailUrl\":\"https:\/\/portaltela.pt\/s.01k8rhncp4jt1\/2026\/03\/image-996.jpg\",\"datePublished\":\"2026-03-15T17:00:00+00:00\",\"author\":{\"@id\":\"https:\/\/portaltela.pt\/#\/schema\/person\/c4278d4a6028830caff9ee44b42d32ed\"},\"breadcrumb\":{\"@id\":\"https:\/\/portaltela.pt\/noticias\/2026\/03\/15\/dia-do-pai-como-apoiar-as-filhas-na-primeira-menstruacao\/#breadcrumb\"},\"inLanguage\":\"pt-PT\",\"potentialAction\":[{\"@type\":\"ReadAction\",\"target\":[\"https:\/\/portaltela.pt\/noticias\/2026\/03\/15\/dia-do-pai-como-apoiar-as-filhas-na-primeira-menstruacao\/\"]}]},{\"@type\":\"ImageObject\",\"inLanguage\":\"pt-PT\",\"@id\":\"https:\/\/portaltela.pt\/noticias\/2026\/03\/15\/dia-do-pai-como-apoiar-as-filhas-na-primeira-menstruacao\/#primaryimage\",\"url\":\"https:\/\/portaltela.pt\/s.01k8rhncp4jt1\/2026\/03\/image-996.jpg\",\"contentUrl\":\"https:\/\/portaltela.pt\/s.01k8rhncp4jt1\/2026\/03\/image-996.jpg\",\"width\":796,\"height\":448,\"caption\":\"Imagem de contexto do artigo Dia do Pai. Como lidar com a primeira menstrua\u00e7\u00e3o das filhas\"},{\"@type\":\"BreadcrumbList\",\"@id\":\"https:\/\/portaltela.pt\/noticias\/2026\/03\/15\/dia-do-pai-como-apoiar-as-filhas-na-primeira-menstruacao\/#breadcrumb\",\"itemListElement\":[{\"@type\":\"ListItem\",\"position\":1,\"name\":\"In\u00edcio\",\"item\":\"https:\/\/portaltela.pt\/\"},{\"@type\":\"ListItem\",\"position\":2,\"name\":\"Dia do Pai: como apoiar as filhas na primeira menstrua\u00e7\u00e3o\"}]},{\"@type\":\"WebSite\",\"@id\":\"https:\/\/portaltela.pt\/#website\",\"url\":\"https:\/\/portaltela.pt\/\",\"name\":\"Portal Tela Portugal\",\"description\":\"\",\"potentialAction\":[{\"@type\":\"SearchAction\",\"target\":{\"@type\":\"EntryPoint\",\"urlTemplate\":\"https:\/\/portaltela.pt\/?s={search_term_string}\"},\"query-input\":{\"@type\":\"PropertyValueSpecification\",\"valueRequired\":true,\"valueName\":\"search_term_string\"}}],\"inLanguage\":\"pt-PT\"},{\"@type\":\"Person\",\"@id\":\"https:\/\/portaltela.pt\/#\/schema\/person\/c4278d4a6028830caff9ee44b42d32ed\",\"name\":\"Telinha\",\"image\":{\"@type\":\"ImageObject\",\"inLanguage\":\"pt-PT\",\"@id\":\"https:\/\/portaltela.pt\/s.01k8rhncp4jt1\/2025\/11\/talking-bot-125x125.png\",\"url\":\"https:\/\/portaltela.pt\/s.01k8rhncp4jt1\/2025\/11\/talking-bot-125x125.png\",\"contentUrl\":\"https:\/\/portaltela.pt\/s.01k8rhncp4jt1\/2025\/11\/talking-bot-125x125.png\",\"caption\":\"Telinha\"},\"sameAs\":[\"https:\/\/portaltela.pt\/\"],\"url\":\"https:\/\/portaltela.pt\/por\/367410592786\/\"}]}<\/script>\n<!-- \/ Yoast SEO plugin. -->","yoast_head_json":{"title":"Dia do Pai: como apoiar as filhas na primeira menstrua\u00e7\u00e3o - Portal Tela Portugal","robots":{"index":"index","follow":"follow","max-snippet":"max-snippet:-1","max-image-preview":"max-image-preview:large","max-video-preview":"max-video-preview:-1"},"og_locale":"pt_PT","og_type":"article","og_title":"Dia do Pai: como apoiar as filhas na primeira menstrua\u00e7\u00e3o - Portal Tela Portugal","og_description":"O Dia do Pai \u00e9 utilizado para orientar os pais sobre a primeira menstrua\u00e7\u00e3o das filhas, com apoio de um guia da INTIMINA. Recomenda-se que os pais abordem o tema com calma, deixem as filhas falar e tirem d\u00favidas, antes de explicar o que \u00e9 o per\u00edodo. O guia sugere montar um kit menstrual com op\u00e7\u00f5es como penso, tamp\u00e3o, copo menstrual e cueca menstrual, incluindo instru\u00e7\u00f5es de uso e troca. Devem incluir cuecas extras no kit e explicar que a menstrua\u00e7\u00e3o \u00e9 normal, incentivando o apoio entre raparigas. Fixar a aten\u00e7\u00e3o a sinais fora do normal e, se necess\u00e1rio, consultar um m\u00e9dico; celebrar a passagem como uma etapa importante.","og_url":"https:\/\/portaltela.pt\/noticias\/2026\/03\/15\/dia-do-pai-como-apoiar-as-filhas-na-primeira-menstruacao\/","og_site_name":"Portal Tela Portugal","article_published_time":"2026-03-15T17:00:00+00:00","author":"Telinha","twitter_card":"summary_large_image","twitter_misc":{"Escrito por":"Telinha","Tempo estimado de leitura":"2 minutos"},"schema":{"@context":"https:\/\/schema.org","@graph":[{"@type":"Article","@id":"https:\/\/portaltela.pt\/noticias\/2026\/03\/15\/dia-do-pai-como-apoiar-as-filhas-na-primeira-menstruacao\/#article","isPartOf":{"@id":"https:\/\/portaltela.pt\/noticias\/2026\/03\/15\/dia-do-pai-como-apoiar-as-filhas-na-primeira-menstruacao\/"},"author":{"name":"Telinha","@id":"https:\/\/portaltela.pt\/#\/schema\/person\/c4278d4a6028830caff9ee44b42d32ed"},"headline":"Dia do Pai: como apoiar as filhas na primeira menstrua\u00e7\u00e3o","datePublished":"2026-03-15T17:00:00+00:00","mainEntityOfPage":{"@id":"https:\/\/portaltela.pt\/noticias\/2026\/03\/15\/dia-do-pai-como-apoiar-as-filhas-na-primeira-menstruacao\/"},"wordCount":356,"image":{"@id":"https:\/\/portaltela.pt\/noticias\/2026\/03\/15\/dia-do-pai-como-apoiar-as-filhas-na-primeira-menstruacao\/#primaryimage"},"thumbnailUrl":"https:\/\/portaltela.pt\/s.01k8rhncp4jt1\/2026\/03\/image-996.jpg","keywords":["direitos sexuais","educa\u00e7\u00e3o","educa\u00e7\u00e3o sexual","fam\u00edlia","Mulheres","sa\u00fade"],"articleSection":["Not\u00edcias","Sa\u00fade"],"inLanguage":"pt-PT"},{"@type":"WebPage","@id":"https:\/\/portaltela.pt\/noticias\/2026\/03\/15\/dia-do-pai-como-apoiar-as-filhas-na-primeira-menstruacao\/","url":"https:\/\/portaltela.pt\/noticias\/2026\/03\/15\/dia-do-pai-como-apoiar-as-filhas-na-primeira-menstruacao\/","name":"Dia do Pai: como apoiar as filhas na primeira menstrua\u00e7\u00e3o - Portal Tela Portugal","isPartOf":{"@id":"https:\/\/portaltela.pt\/#website"},"primaryImageOfPage":{"@id":"https:\/\/portaltela.pt\/noticias\/2026\/03\/15\/dia-do-pai-como-apoiar-as-filhas-na-primeira-menstruacao\/#primaryimage"},"image":{"@id":"https:\/\/portaltela.pt\/noticias\/2026\/03\/15\/dia-do-pai-como-apoiar-as-filhas-na-primeira-menstruacao\/#primaryimage"},"thumbnailUrl":"https:\/\/portaltela.pt\/s.01k8rhncp4jt1\/2026\/03\/image-996.jpg","datePublished":"2026-03-15T17:00:00+00:00","author":{"@id":"https:\/\/portaltela.pt\/#\/schema\/person\/c4278d4a6028830caff9ee44b42d32ed"},"breadcrumb":{"@id":"https:\/\/portaltela.pt\/noticias\/2026\/03\/15\/dia-do-pai-como-apoiar-as-filhas-na-primeira-menstruacao\/#breadcrumb"},"inLanguage":"pt-PT","potentialAction":[{"@type":"ReadAction","target":["https:\/\/portaltela.pt\/noticias\/2026\/03\/15\/dia-do-pai-como-apoiar-as-filhas-na-primeira-menstruacao\/"]}]},{"@type":"ImageObject","inLanguage":"pt-PT","@id":"https:\/\/portaltela.pt\/noticias\/2026\/03\/15\/dia-do-pai-como-apoiar-as-filhas-na-primeira-menstruacao\/#primaryimage","url":"https:\/\/portaltela.pt\/s.01k8rhncp4jt1\/2026\/03\/image-996.jpg","contentUrl":"https:\/\/portaltela.pt\/s.01k8rhncp4jt1\/2026\/03\/image-996.jpg","width":796,"height":448,"caption":"Imagem de contexto do artigo Dia do Pai. Como lidar com a primeira menstrua\u00e7\u00e3o das filhas"},{"@type":"BreadcrumbList","@id":"https:\/\/portaltela.pt\/noticias\/2026\/03\/15\/dia-do-pai-como-apoiar-as-filhas-na-primeira-menstruacao\/#breadcrumb","itemListElement":[{"@type":"ListItem","position":1,"name":"In\u00edcio","item":"https:\/\/portaltela.pt\/"},{"@type":"ListItem","position":2,"name":"Dia do Pai: como apoiar as filhas na primeira menstrua\u00e7\u00e3o"}]},{"@type":"WebSite","@id":"https:\/\/portaltela.pt\/#website","url":"https:\/\/portaltela.pt\/","name":"Portal Tela Portugal","description":"","potentialAction":[{"@type":"SearchAction","target":{"@type":"EntryPoint","urlTemplate":"https:\/\/portaltela.pt\/?s={search_term_string}"},"query-input":{"@type":"PropertyValueSpecification","valueRequired":true,"valueName":"search_term_string"}}],"inLanguage":"pt-PT"},{"@type":"Person","@id":"https:\/\/portaltela.pt\/#\/schema\/person\/c4278d4a6028830caff9ee44b42d32ed","name":"Telinha","image":{"@type":"ImageObject","inLanguage":"pt-PT","@id":"https:\/\/portaltela.pt\/s.01k8rhncp4jt1\/2025\/11\/talking-bot-125x125.png","url":"https:\/\/portaltela.pt\/s.01k8rhncp4jt1\/2025\/11\/talking-bot-125x125.png","contentUrl":"https:\/\/portaltela.pt\/s.01k8rhncp4jt1\/2025\/11\/talking-bot-125x125.png","caption":"Telinha"},"sameAs":["https:\/\/portaltela.pt\/"],"url":"https:\/\/portaltela.pt\/por\/367410592786\/"}]}},"_links":{"self":[{"href":"https:\/\/portaltela.pt\/api\/wp\/v2\/posts\/411089","targetHints":{"allow":["GET"]}}],"collection":[{"href":"https:\/\/portaltela.pt\/api\/wp\/v2\/posts"}],"about":[{"href":"https:\/\/portaltela.pt\/api\/wp\/v2\/types\/post"}],"author":[{"embeddable":true,"href":"https:\/\/portaltela.pt\/api\/wp\/v2\/users\/2"}],"replies":[{"embeddable":true,"href":"https:\/\/portaltela.pt\/api\/wp\/v2\/comments?post=411089"}],"version-history":[{"count":0,"href":"https:\/\/portaltela.pt\/api\/wp\/v2\/posts\/411089\/revisions"}],"wp:featuredmedia":[{"embeddable":true,"href":"https:\/\/portaltela.pt\/api\/wp\/v2\/media\/411092"}],"wp:attachment":[{"href":"https:\/\/portaltela.pt\/api\/wp\/v2\/media?parent=411089"}],"wp:term":[{"taxonomy":"category","embeddable":true,"href":"https:\/\/portaltela.pt\/api\/wp\/v2\/categories?post=411089"},{"taxonomy":"post_tag","embeddable":true,"href":"https:\/\/portaltela.pt\/api\/wp\/v2\/tags?post=411089"}],"curies":[{"name":"wp","href":"https:\/\/api.w.org\/{rel}","templated":true}]}}