{"id":411054,"date":"2026-03-15T13:39:08","date_gmt":"2026-03-15T16:39:08","guid":{"rendered":"https:\/\/portaltela.pt\/noticias\/2026\/03\/15\/justica-brasileira-recusa-domiciliar-para-o-monstro-de-fortaleza\/"},"modified":"2026-03-15T13:39:08","modified_gmt":"2026-03-15T16:39:08","slug":"justica-brasileira-recusa-domiciliar-para-o-monstro-de-fortaleza","status":"publish","type":"post","link":"https:\/\/portaltela.pt\/justica\/2026\/03\/15\/justica-brasileira-recusa-domiciliar-para-o-monstro-de-fortaleza\/","title":{"rendered":"Justi\u00e7a brasileira recusa domiciliar para o \u201cMonstro de Fortaleza\u201d"},"content":{"rendered":"<p>O Tribunal de Justi\u00e7a do Cear\u00e1 negou o pedido de Lu\u00eds Miguel Milit\u00e3o, conhecido como Monstro de Fortaleza, para cumprir o restante da pena em regime domicili\u00e1rio. O juiz decidiu pela negativa e manteve-lhe o regime atual, sem progress\u00e3o.<\/p>\n<p>De acordo com a assessoria de imprensa do tribunal, Milit\u00e3o j\u00e1 cumpriu 20% da pena total de 150 anos. Restam-lhe mais de 118 anos de cumprimento, o que inviabiliza a progress\u00e3o para o regime aberto no momento.<\/p>\n<p>A decis\u00e3o foi comunicada ao Correio da Manh\u00e3 pelo Tribunal de Justi\u00e7a do Cear\u00e1. O despacho aponta que o apenado s\u00f3 poder\u00e1 cumprir requisito de ordem objetiva para o regime aberto em 27\/09\/2038.<\/p>\n<p>Al\u00e9m da negat\u00f3ria do regime domiciliar, o ju\u00edzo da 1\u00aa Vara de Execu\u00e7\u00f5es da Comarca de Fortaleza tamb\u00e9m negou o pedido de trabalho externo, que visava permitir que Milit\u00e3o tenha um emprego durante o dia, regressando \u00e0 pris\u00e3o \u00e0 noite.<\/p>\n<p>Milit\u00e3o j\u00e1 apresentou v\u00e1rios pedidos de habeas corpus para liberta\u00e7\u00e3o imediata, alegando descontos pela atua\u00e7\u00e3o no programa de estudo e trabalho dentro da pris\u00e3o. Os tribunais, por\u00e9m, t\u00eam mantido a posi\u00e7\u00e3o de n\u00e3o permitir a progress\u00e3o.<\/p>\n<p>A \u00faltima sa\u00edda prec\u00e1ria de Milit\u00e3o ocorreu no Natal de 2025, quando passou com a fam\u00edlia. Em outras ocasi\u00f5es, o condenado tem sido impedido de obter benef\u00edcios adicionais que reduzam o tempo de cumprimento da pena.<\/p>\n","protected":false},"excerpt":{"rendered":"<ul>\n<li>Lu\u00eds Miguel Milit\u00e3o, conhecido como \u201cmonstro de Fortaleza\u201d, n\u00e3o ter\u00e1 direito a cumprir o resto da pena em domicili\u00e1ria, segundo decis\u00e3o da justi\u00e7a brasileira.<\/li>\n<li>O Tribunal de Justi\u00e7a do Estado do Cear\u00e1 confirmou que o apenado cumpriu apenas vinte por cento da pena total, faltando mais de 118 anos.<\/li>\n<li>A progress\u00e3o ao regime aberto est\u00e1 prevista apenas para 27 de setembro de 2038.<\/li>\n<li>A 1\u00aa Vara de Execu\u00e7\u00f5es da Comarca de Fortaleza negou ainda o pedido de trabalho externo, que permitiria trabalhar durante o dia e regressar \u00e0 pris\u00e3o \u00e0 noite.<\/li>\n<li>Milit\u00e3o tem feito v\u00e1rios habeas corpus para liberta\u00e7\u00e3o imediata, defendendo desconto por estudo e trabalho na pris\u00e3o; os tribunais mant\u00eam a negativa para a progress\u00e3o.<\/li>\n<\/ul>\n","protected":false},"author":2,"featured_media":411064,"comment_status":"closed","ping_status":"closed","sticky":false,"template":"","format":"standard","meta":{"footnotes":""},"categories":[6907,6815],"tags":[2547,5480,147,6484,803],"class_list":["post-411054","post","type-post","status-publish","format-standard","has-post-thumbnail","hentry","category-crime","category-justica","tag-brasil","tag-condenacoes","tag-crime","tag-direito-penal","tag-justica"],"yoast_head":"<!-- This site is optimized with the Yoast SEO plugin v27.2 - https:\/\/yoast.com\/product\/yoast-seo-wordpress\/ -->\n<title>Justi\u00e7a brasileira recusa domiciliar para o \u201cMonstro de Fortaleza\u201d - Portal Tela Portugal<\/title>\n<meta name=\"robots\" content=\"index, follow, max-snippet:-1, max-image-preview:large, max-video-preview:-1\" \/>\n<meta property=\"og:locale\" content=\"pt_PT\" \/>\n<meta property=\"og:type\" content=\"article\" \/>\n<meta property=\"og:title\" content=\"Justi\u00e7a brasileira recusa domiciliar para o \u201cMonstro de Fortaleza\u201d - Portal Tela Portugal\" \/>\n<meta property=\"og:description\" content=\"Lu\u00eds Miguel Milit\u00e3o, conhecido como \u201cmonstro de Fortaleza\u201d, n\u00e3o ter\u00e1 direito a cumprir o resto da pena em domicili\u00e1ria, segundo decis\u00e3o da justi\u00e7a brasileira. O Tribunal de Justi\u00e7a do Estado do Cear\u00e1 confirmou que o apenado cumpriu apenas vinte por cento da pena total, faltando mais de 118 anos. A progress\u00e3o ao regime aberto est\u00e1 prevista apenas para 27 de setembro de 2038. A 1\u00aa Vara de Execu\u00e7\u00f5es da Comarca de Fortaleza negou ainda o pedido de trabalho externo, que permitiria trabalhar durante o dia e regressar \u00e0 pris\u00e3o \u00e0 noite. Milit\u00e3o tem feito v\u00e1rios habeas corpus para liberta\u00e7\u00e3o imediata, defendendo desconto por estudo e trabalho na pris\u00e3o; os tribunais mant\u00eam a negativa para a progress\u00e3o.\" \/>\n<meta property=\"og:url\" content=\"https:\/\/portaltela.pt\/noticias\/2026\/03\/15\/justica-brasileira-recusa-domiciliar-para-o-monstro-de-fortaleza\/\" \/>\n<meta property=\"og:site_name\" content=\"Portal Tela Portugal\" \/>\n<meta property=\"article:published_time\" content=\"2026-03-15T16:39:08+00:00\" \/>\n<meta name=\"author\" content=\"Telinha\" \/>\n<meta name=\"twitter:card\" content=\"summary_large_image\" \/>\n<meta name=\"twitter:label1\" content=\"Escrito por\" \/>\n\t<meta name=\"twitter:data1\" content=\"Telinha\" \/>\n\t<meta name=\"twitter:label2\" content=\"Tempo estimado de leitura\" \/>\n\t<meta name=\"twitter:data2\" content=\"1 minuto\" \/>\n<script type=\"application\/ld+json\" class=\"yoast-schema-graph\">{\"@context\":\"https:\/\/schema.org\",\"@graph\":[{\"@type\":\"Article\",\"@id\":\"https:\/\/portaltela.pt\/noticias\/2026\/03\/15\/justica-brasileira-recusa-domiciliar-para-o-monstro-de-fortaleza\/#article\",\"isPartOf\":{\"@id\":\"https:\/\/portaltela.pt\/noticias\/2026\/03\/15\/justica-brasileira-recusa-domiciliar-para-o-monstro-de-fortaleza\/\"},\"author\":{\"name\":\"Telinha\",\"@id\":\"https:\/\/portaltela.pt\/#\/schema\/person\/c4278d4a6028830caff9ee44b42d32ed\"},\"headline\":\"Justi\u00e7a brasileira recusa domiciliar para o \u201cMonstro de Fortaleza\u201d\",\"datePublished\":\"2026-03-15T16:39:08+00:00\",\"mainEntityOfPage\":{\"@id\":\"https:\/\/portaltela.pt\/noticias\/2026\/03\/15\/justica-brasileira-recusa-domiciliar-para-o-monstro-de-fortaleza\/\"},\"wordCount\":255,\"image\":{\"@id\":\"https:\/\/portaltela.pt\/noticias\/2026\/03\/15\/justica-brasileira-recusa-domiciliar-para-o-monstro-de-fortaleza\/#primaryimage\"},\"thumbnailUrl\":\"https:\/\/portaltela.pt\/s.01k8rhncp4jt1\/2026\/03\/img_1500x1000uu2025-09-20-22-55-57-2236590.jpg\",\"keywords\":[\"Brasil\",\"condena\u00e7\u00f5es\",\"crime\",\"Direito Penal\",\"justi\u00e7a\"],\"articleSection\":[\"Crime\",\"Justi\u00e7a\"],\"inLanguage\":\"pt-PT\"},{\"@type\":\"WebPage\",\"@id\":\"https:\/\/portaltela.pt\/noticias\/2026\/03\/15\/justica-brasileira-recusa-domiciliar-para-o-monstro-de-fortaleza\/\",\"url\":\"https:\/\/portaltela.pt\/noticias\/2026\/03\/15\/justica-brasileira-recusa-domiciliar-para-o-monstro-de-fortaleza\/\",\"name\":\"Justi\u00e7a brasileira recusa domiciliar para o \u201cMonstro de Fortaleza\u201d - Portal Tela Portugal\",\"isPartOf\":{\"@id\":\"https:\/\/portaltela.pt\/#website\"},\"primaryImageOfPage\":{\"@id\":\"https:\/\/portaltela.pt\/noticias\/2026\/03\/15\/justica-brasileira-recusa-domiciliar-para-o-monstro-de-fortaleza\/#primaryimage\"},\"image\":{\"@id\":\"https:\/\/portaltela.pt\/noticias\/2026\/03\/15\/justica-brasileira-recusa-domiciliar-para-o-monstro-de-fortaleza\/#primaryimage\"},\"thumbnailUrl\":\"https:\/\/portaltela.pt\/s.01k8rhncp4jt1\/2026\/03\/img_1500x1000uu2025-09-20-22-55-57-2236590.jpg\",\"datePublished\":\"2026-03-15T16:39:08+00:00\",\"author\":{\"@id\":\"https:\/\/portaltela.pt\/#\/schema\/person\/c4278d4a6028830caff9ee44b42d32ed\"},\"breadcrumb\":{\"@id\":\"https:\/\/portaltela.pt\/noticias\/2026\/03\/15\/justica-brasileira-recusa-domiciliar-para-o-monstro-de-fortaleza\/#breadcrumb\"},\"inLanguage\":\"pt-PT\",\"potentialAction\":[{\"@type\":\"ReadAction\",\"target\":[\"https:\/\/portaltela.pt\/noticias\/2026\/03\/15\/justica-brasileira-recusa-domiciliar-para-o-monstro-de-fortaleza\/\"]}]},{\"@type\":\"ImageObject\",\"inLanguage\":\"pt-PT\",\"@id\":\"https:\/\/portaltela.pt\/noticias\/2026\/03\/15\/justica-brasileira-recusa-domiciliar-para-o-monstro-de-fortaleza\/#primaryimage\",\"url\":\"https:\/\/portaltela.pt\/s.01k8rhncp4jt1\/2026\/03\/img_1500x1000uu2025-09-20-22-55-57-2236590.jpg\",\"contentUrl\":\"https:\/\/portaltela.pt\/s.01k8rhncp4jt1\/2026\/03\/img_1500x1000uu2025-09-20-22-55-57-2236590.jpg\",\"width\":796,\"height\":448,\"caption\":\"Cadeia. Milit\u00e3o foi condenado a 150 anos de pris\u00e3o.\"},{\"@type\":\"BreadcrumbList\",\"@id\":\"https:\/\/portaltela.pt\/noticias\/2026\/03\/15\/justica-brasileira-recusa-domiciliar-para-o-monstro-de-fortaleza\/#breadcrumb\",\"itemListElement\":[{\"@type\":\"ListItem\",\"position\":1,\"name\":\"In\u00edcio\",\"item\":\"https:\/\/portaltela.pt\/\"},{\"@type\":\"ListItem\",\"position\":2,\"name\":\"Justi\u00e7a brasileira recusa domiciliar para o \u201cMonstro de Fortaleza\u201d\"}]},{\"@type\":\"WebSite\",\"@id\":\"https:\/\/portaltela.pt\/#website\",\"url\":\"https:\/\/portaltela.pt\/\",\"name\":\"Portal Tela Portugal\",\"description\":\"\",\"potentialAction\":[{\"@type\":\"SearchAction\",\"target\":{\"@type\":\"EntryPoint\",\"urlTemplate\":\"https:\/\/portaltela.pt\/?s={search_term_string}\"},\"query-input\":{\"@type\":\"PropertyValueSpecification\",\"valueRequired\":true,\"valueName\":\"search_term_string\"}}],\"inLanguage\":\"pt-PT\"},{\"@type\":\"Person\",\"@id\":\"https:\/\/portaltela.pt\/#\/schema\/person\/c4278d4a6028830caff9ee44b42d32ed\",\"name\":\"Telinha\",\"image\":{\"@type\":\"ImageObject\",\"inLanguage\":\"pt-PT\",\"@id\":\"https:\/\/portaltela.pt\/s.01k8rhncp4jt1\/2025\/11\/talking-bot-125x125.png\",\"url\":\"https:\/\/portaltela.pt\/s.01k8rhncp4jt1\/2025\/11\/talking-bot-125x125.png\",\"contentUrl\":\"https:\/\/portaltela.pt\/s.01k8rhncp4jt1\/2025\/11\/talking-bot-125x125.png\",\"caption\":\"Telinha\"},\"sameAs\":[\"https:\/\/portaltela.pt\/\"],\"url\":\"https:\/\/portaltela.pt\/por\/367410592786\/\"}]}<\/script>\n<!-- \/ Yoast SEO plugin. -->","yoast_head_json":{"title":"Justi\u00e7a brasileira recusa domiciliar para o \u201cMonstro de Fortaleza\u201d - Portal Tela Portugal","robots":{"index":"index","follow":"follow","max-snippet":"max-snippet:-1","max-image-preview":"max-image-preview:large","max-video-preview":"max-video-preview:-1"},"og_locale":"pt_PT","og_type":"article","og_title":"Justi\u00e7a brasileira recusa domiciliar para o \u201cMonstro de Fortaleza\u201d - Portal Tela Portugal","og_description":"Lu\u00eds Miguel Milit\u00e3o, conhecido como \u201cmonstro de Fortaleza\u201d, n\u00e3o ter\u00e1 direito a cumprir o resto da pena em domicili\u00e1ria, segundo decis\u00e3o da justi\u00e7a brasileira. O Tribunal de Justi\u00e7a do Estado do Cear\u00e1 confirmou que o apenado cumpriu apenas vinte por cento da pena total, faltando mais de 118 anos. A progress\u00e3o ao regime aberto est\u00e1 prevista apenas para 27 de setembro de 2038. A 1\u00aa Vara de Execu\u00e7\u00f5es da Comarca de Fortaleza negou ainda o pedido de trabalho externo, que permitiria trabalhar durante o dia e regressar \u00e0 pris\u00e3o \u00e0 noite. Milit\u00e3o tem feito v\u00e1rios habeas corpus para liberta\u00e7\u00e3o imediata, defendendo desconto por estudo e trabalho na pris\u00e3o; os tribunais mant\u00eam a negativa para a progress\u00e3o.","og_url":"https:\/\/portaltela.pt\/noticias\/2026\/03\/15\/justica-brasileira-recusa-domiciliar-para-o-monstro-de-fortaleza\/","og_site_name":"Portal Tela Portugal","article_published_time":"2026-03-15T16:39:08+00:00","author":"Telinha","twitter_card":"summary_large_image","twitter_misc":{"Escrito por":"Telinha","Tempo estimado de leitura":"1 minuto"},"schema":{"@context":"https:\/\/schema.org","@graph":[{"@type":"Article","@id":"https:\/\/portaltela.pt\/noticias\/2026\/03\/15\/justica-brasileira-recusa-domiciliar-para-o-monstro-de-fortaleza\/#article","isPartOf":{"@id":"https:\/\/portaltela.pt\/noticias\/2026\/03\/15\/justica-brasileira-recusa-domiciliar-para-o-monstro-de-fortaleza\/"},"author":{"name":"Telinha","@id":"https:\/\/portaltela.pt\/#\/schema\/person\/c4278d4a6028830caff9ee44b42d32ed"},"headline":"Justi\u00e7a brasileira recusa domiciliar para o \u201cMonstro de Fortaleza\u201d","datePublished":"2026-03-15T16:39:08+00:00","mainEntityOfPage":{"@id":"https:\/\/portaltela.pt\/noticias\/2026\/03\/15\/justica-brasileira-recusa-domiciliar-para-o-monstro-de-fortaleza\/"},"wordCount":255,"image":{"@id":"https:\/\/portaltela.pt\/noticias\/2026\/03\/15\/justica-brasileira-recusa-domiciliar-para-o-monstro-de-fortaleza\/#primaryimage"},"thumbnailUrl":"https:\/\/portaltela.pt\/s.01k8rhncp4jt1\/2026\/03\/img_1500x1000uu2025-09-20-22-55-57-2236590.jpg","keywords":["Brasil","condena\u00e7\u00f5es","crime","Direito Penal","justi\u00e7a"],"articleSection":["Crime","Justi\u00e7a"],"inLanguage":"pt-PT"},{"@type":"WebPage","@id":"https:\/\/portaltela.pt\/noticias\/2026\/03\/15\/justica-brasileira-recusa-domiciliar-para-o-monstro-de-fortaleza\/","url":"https:\/\/portaltela.pt\/noticias\/2026\/03\/15\/justica-brasileira-recusa-domiciliar-para-o-monstro-de-fortaleza\/","name":"Justi\u00e7a brasileira recusa domiciliar para o \u201cMonstro de Fortaleza\u201d - Portal Tela Portugal","isPartOf":{"@id":"https:\/\/portaltela.pt\/#website"},"primaryImageOfPage":{"@id":"https:\/\/portaltela.pt\/noticias\/2026\/03\/15\/justica-brasileira-recusa-domiciliar-para-o-monstro-de-fortaleza\/#primaryimage"},"image":{"@id":"https:\/\/portaltela.pt\/noticias\/2026\/03\/15\/justica-brasileira-recusa-domiciliar-para-o-monstro-de-fortaleza\/#primaryimage"},"thumbnailUrl":"https:\/\/portaltela.pt\/s.01k8rhncp4jt1\/2026\/03\/img_1500x1000uu2025-09-20-22-55-57-2236590.jpg","datePublished":"2026-03-15T16:39:08+00:00","author":{"@id":"https:\/\/portaltela.pt\/#\/schema\/person\/c4278d4a6028830caff9ee44b42d32ed"},"breadcrumb":{"@id":"https:\/\/portaltela.pt\/noticias\/2026\/03\/15\/justica-brasileira-recusa-domiciliar-para-o-monstro-de-fortaleza\/#breadcrumb"},"inLanguage":"pt-PT","potentialAction":[{"@type":"ReadAction","target":["https:\/\/portaltela.pt\/noticias\/2026\/03\/15\/justica-brasileira-recusa-domiciliar-para-o-monstro-de-fortaleza\/"]}]},{"@type":"ImageObject","inLanguage":"pt-PT","@id":"https:\/\/portaltela.pt\/noticias\/2026\/03\/15\/justica-brasileira-recusa-domiciliar-para-o-monstro-de-fortaleza\/#primaryimage","url":"https:\/\/portaltela.pt\/s.01k8rhncp4jt1\/2026\/03\/img_1500x1000uu2025-09-20-22-55-57-2236590.jpg","contentUrl":"https:\/\/portaltela.pt\/s.01k8rhncp4jt1\/2026\/03\/img_1500x1000uu2025-09-20-22-55-57-2236590.jpg","width":796,"height":448,"caption":"Cadeia. Milit\u00e3o foi condenado a 150 anos de pris\u00e3o."},{"@type":"BreadcrumbList","@id":"https:\/\/portaltela.pt\/noticias\/2026\/03\/15\/justica-brasileira-recusa-domiciliar-para-o-monstro-de-fortaleza\/#breadcrumb","itemListElement":[{"@type":"ListItem","position":1,"name":"In\u00edcio","item":"https:\/\/portaltela.pt\/"},{"@type":"ListItem","position":2,"name":"Justi\u00e7a brasileira recusa domiciliar para o \u201cMonstro de Fortaleza\u201d"}]},{"@type":"WebSite","@id":"https:\/\/portaltela.pt\/#website","url":"https:\/\/portaltela.pt\/","name":"Portal Tela Portugal","description":"","potentialAction":[{"@type":"SearchAction","target":{"@type":"EntryPoint","urlTemplate":"https:\/\/portaltela.pt\/?s={search_term_string}"},"query-input":{"@type":"PropertyValueSpecification","valueRequired":true,"valueName":"search_term_string"}}],"inLanguage":"pt-PT"},{"@type":"Person","@id":"https:\/\/portaltela.pt\/#\/schema\/person\/c4278d4a6028830caff9ee44b42d32ed","name":"Telinha","image":{"@type":"ImageObject","inLanguage":"pt-PT","@id":"https:\/\/portaltela.pt\/s.01k8rhncp4jt1\/2025\/11\/talking-bot-125x125.png","url":"https:\/\/portaltela.pt\/s.01k8rhncp4jt1\/2025\/11\/talking-bot-125x125.png","contentUrl":"https:\/\/portaltela.pt\/s.01k8rhncp4jt1\/2025\/11\/talking-bot-125x125.png","caption":"Telinha"},"sameAs":["https:\/\/portaltela.pt\/"],"url":"https:\/\/portaltela.pt\/por\/367410592786\/"}]}},"_links":{"self":[{"href":"https:\/\/portaltela.pt\/api\/wp\/v2\/posts\/411054","targetHints":{"allow":["GET"]}}],"collection":[{"href":"https:\/\/portaltela.pt\/api\/wp\/v2\/posts"}],"about":[{"href":"https:\/\/portaltela.pt\/api\/wp\/v2\/types\/post"}],"author":[{"embeddable":true,"href":"https:\/\/portaltela.pt\/api\/wp\/v2\/users\/2"}],"replies":[{"embeddable":true,"href":"https:\/\/portaltela.pt\/api\/wp\/v2\/comments?post=411054"}],"version-history":[{"count":0,"href":"https:\/\/portaltela.pt\/api\/wp\/v2\/posts\/411054\/revisions"}],"wp:featuredmedia":[{"embeddable":true,"href":"https:\/\/portaltela.pt\/api\/wp\/v2\/media\/411064"}],"wp:attachment":[{"href":"https:\/\/portaltela.pt\/api\/wp\/v2\/media?parent=411054"}],"wp:term":[{"taxonomy":"category","embeddable":true,"href":"https:\/\/portaltela.pt\/api\/wp\/v2\/categories?post=411054"},{"taxonomy":"post_tag","embeddable":true,"href":"https:\/\/portaltela.pt\/api\/wp\/v2\/tags?post=411054"}],"curies":[{"name":"wp","href":"https:\/\/api.w.org\/{rel}","templated":true}]}}