{"id":411051,"date":"2026-03-15T13:35:26","date_gmt":"2026-03-15T16:35:26","guid":{"rendered":"https:\/\/portaltela.pt\/noticias\/2026\/03\/15\/paises-nordicos-e-canada-reforcam-protecao-do-artico-contra-ameaca-russa\/"},"modified":"2026-03-15T13:35:26","modified_gmt":"2026-03-15T16:35:26","slug":"paises-nordicos-e-canada-reforcam-protecao-do-artico-contra-ameaca-russa","status":"publish","type":"post","link":"https:\/\/portaltela.pt\/noticias\/internacional\/2026\/03\/15\/paises-nordicos-e-canada-reforcam-protecao-do-artico-contra-ameaca-russa\/","title":{"rendered":"Pa\u00edses n\u00f3rdicos e Canad\u00e1 refor\u00e7am prote\u00e7\u00e3o do \u00c1rtico contra amea\u00e7a russa"},"content":{"rendered":"<p>Oslo,  domingo. Os l\u00edderes da Noruega, Su\u00e9cia, Finl\u00e2ndia, Dinamarca, Isl\u00e2ndia e Canad\u00e1 reuniram-se para refor\u00e7ar a coopera\u00e7\u00e3o e discutir a prote\u00e7\u00e3o do \u00c1rtico face \u00e0 R\u00fassia.<\/p>\n<p>Mark Carney, primeiro-ministro do Canad\u00e1, afirmou numa confer\u00eancia de imprensa que a R\u00fassia \u00e9 a maior amea\u00e7a \u00e0 seguran\u00e7a f\u00edsica no \u00c1rtico, destacando a vulnerabilidade da regi\u00e3o.<\/p>\n<p>O grupo saudou o foco da NATO na seguran\u00e7a \u00e1rtica, referindo miss\u00f5es como a Sentinela do \u00c1rtico, uma iniciativa que tamb\u00e9m foi mencionada pela primeira-ministra dinamarquesa, Mette Frederiksen.<\/p>\n","protected":false},"excerpt":{"rendered":"<ul>\n<li>L\u00edderes de Noruega, Su\u00e9cia, Finl\u00e2ndia, Dinamarca, Isl\u00e2ndia e Canad\u00e1 reuniram-se para refor\u00e7ar a coopera\u00e7\u00e3o e proteger o \u00c1rtico face \u00e0 amea\u00e7a russ\u0430.<\/li>\n<li>O primeiro-ministro canadiano Mark Carney afirmou que a maior amea\u00e7a \u00e0 seguran\u00e7a f\u00edsica no \u00c1rtico \u00e9 a R\u00fassia.<\/li>\n<li>A declara\u00e7\u00e3o foi feita numa confer\u00eancia de imprensa em Oslo, com os hom\u00f3logos presentes.<\/li>\n<li>Foi destacada a aten\u00e7\u00e3o da NATO para a seguran\u00e7a do \u00c1rtico, com miss\u00f5es como a Sentinela do \u00c1rtico.<\/li>\n<li>A primeira-ministra dinamarquesa, Mette Frederiksen, tamb\u00e9m mencionou a Sentinela do \u00c1rtico durante a interven\u00e7\u00e3o.<\/li>\n<\/ul>\n","protected":false},"author":2,"featured_media":411059,"comment_status":"closed","ping_status":"closed","sticky":false,"template":"","format":"standard","meta":{"footnotes":""},"categories":[4,1],"tags":[6308,5867,256,4536,4222],"class_list":["post-411051","post","type-post","status-publish","format-standard","has-post-thumbnail","hentry","category-internacional","category-noticias","tag-a-russia","tag-arctic-sentry","tag-cooperacao-internacional","tag-seguranca","tag-seguranca-internacional"],"yoast_head":"<!-- This site is optimized with the Yoast SEO plugin v27.2 - https:\/\/yoast.com\/product\/yoast-seo-wordpress\/ -->\n<title>Pa\u00edses n\u00f3rdicos e Canad\u00e1 refor\u00e7am prote\u00e7\u00e3o do \u00c1rtico contra amea\u00e7a russa - Portal Tela Portugal<\/title>\n<meta name=\"robots\" content=\"index, follow, max-snippet:-1, max-image-preview:large, max-video-preview:-1\" \/>\n<meta property=\"og:locale\" content=\"pt_PT\" \/>\n<meta property=\"og:type\" content=\"article\" \/>\n<meta property=\"og:title\" content=\"Pa\u00edses n\u00f3rdicos e Canad\u00e1 refor\u00e7am prote\u00e7\u00e3o do \u00c1rtico contra amea\u00e7a russa - Portal Tela Portugal\" \/>\n<meta property=\"og:description\" content=\"L\u00edderes de Noruega, Su\u00e9cia, Finl\u00e2ndia, Dinamarca, Isl\u00e2ndia e Canad\u00e1 reuniram-se para refor\u00e7ar a coopera\u00e7\u00e3o e proteger o \u00c1rtico face \u00e0 amea\u00e7a russ\u0430. O primeiro-ministro canadiano Mark Carney afirmou que a maior amea\u00e7a \u00e0 seguran\u00e7a f\u00edsica no \u00c1rtico \u00e9 a R\u00fassia. A declara\u00e7\u00e3o foi feita numa confer\u00eancia de imprensa em Oslo, com os hom\u00f3logos presentes. Foi destacada a aten\u00e7\u00e3o da NATO para a seguran\u00e7a do \u00c1rtico, com miss\u00f5es como a Sentinela do \u00c1rtico. A primeira-ministra dinamarquesa, Mette Frederiksen, tamb\u00e9m mencionou a Sentinela do \u00c1rtico durante a interven\u00e7\u00e3o.\" \/>\n<meta property=\"og:url\" content=\"https:\/\/portaltela.pt\/noticias\/2026\/03\/15\/paises-nordicos-e-canada-reforcam-protecao-do-artico-contra-ameaca-russa\/\" \/>\n<meta property=\"og:site_name\" content=\"Portal Tela Portugal\" \/>\n<meta property=\"article:published_time\" content=\"2026-03-15T16:35:26+00:00\" \/>\n<meta name=\"author\" content=\"Telinha\" \/>\n<meta name=\"twitter:card\" content=\"summary_large_image\" \/>\n<meta name=\"twitter:label1\" content=\"Escrito por\" \/>\n\t<meta name=\"twitter:data1\" content=\"Telinha\" \/>\n<script type=\"application\/ld+json\" class=\"yoast-schema-graph\">{\"@context\":\"https:\/\/schema.org\",\"@graph\":[{\"@type\":\"Article\",\"@id\":\"https:\/\/portaltela.pt\/noticias\/2026\/03\/15\/paises-nordicos-e-canada-reforcam-protecao-do-artico-contra-ameaca-russa\/#article\",\"isPartOf\":{\"@id\":\"https:\/\/portaltela.pt\/noticias\/2026\/03\/15\/paises-nordicos-e-canada-reforcam-protecao-do-artico-contra-ameaca-russa\/\"},\"author\":{\"name\":\"Telinha\",\"@id\":\"https:\/\/portaltela.pt\/#\/schema\/person\/c4278d4a6028830caff9ee44b42d32ed\"},\"headline\":\"Pa\u00edses n\u00f3rdicos e Canad\u00e1 refor\u00e7am prote\u00e7\u00e3o do \u00c1rtico contra amea\u00e7a russa\",\"datePublished\":\"2026-03-15T16:35:26+00:00\",\"mainEntityOfPage\":{\"@id\":\"https:\/\/portaltela.pt\/noticias\/2026\/03\/15\/paises-nordicos-e-canada-reforcam-protecao-do-artico-contra-ameaca-russa\/\"},\"wordCount\":111,\"image\":{\"@id\":\"https:\/\/portaltela.pt\/noticias\/2026\/03\/15\/paises-nordicos-e-canada-reforcam-protecao-do-artico-contra-ameaca-russa\/#primaryimage\"},\"thumbnailUrl\":\"https:\/\/portaltela.pt\/s.01k8rhncp4jt1\/2026\/03\/img_1280x721uu2017-02-10-19-14-00-598491.jpg\",\"keywords\":[\"a R\u00fassia\",\"Arctic Sentry\",\"coopera\u00e7\u00e3o internacional\",\"seguran\u00e7a\",\"seguran\u00e7a internacional\"],\"articleSection\":[\"Internacional\",\"Not\u00edcias\"],\"inLanguage\":\"pt-PT\"},{\"@type\":\"WebPage\",\"@id\":\"https:\/\/portaltela.pt\/noticias\/2026\/03\/15\/paises-nordicos-e-canada-reforcam-protecao-do-artico-contra-ameaca-russa\/\",\"url\":\"https:\/\/portaltela.pt\/noticias\/2026\/03\/15\/paises-nordicos-e-canada-reforcam-protecao-do-artico-contra-ameaca-russa\/\",\"name\":\"Pa\u00edses n\u00f3rdicos e Canad\u00e1 refor\u00e7am prote\u00e7\u00e3o do \u00c1rtico contra amea\u00e7a russa - Portal Tela Portugal\",\"isPartOf\":{\"@id\":\"https:\/\/portaltela.pt\/#website\"},\"primaryImageOfPage\":{\"@id\":\"https:\/\/portaltela.pt\/noticias\/2026\/03\/15\/paises-nordicos-e-canada-reforcam-protecao-do-artico-contra-ameaca-russa\/#primaryimage\"},\"image\":{\"@id\":\"https:\/\/portaltela.pt\/noticias\/2026\/03\/15\/paises-nordicos-e-canada-reforcam-protecao-do-artico-contra-ameaca-russa\/#primaryimage\"},\"thumbnailUrl\":\"https:\/\/portaltela.pt\/s.01k8rhncp4jt1\/2026\/03\/img_1280x721uu2017-02-10-19-14-00-598491.jpg\",\"datePublished\":\"2026-03-15T16:35:26+00:00\",\"author\":{\"@id\":\"https:\/\/portaltela.pt\/#\/schema\/person\/c4278d4a6028830caff9ee44b42d32ed\"},\"breadcrumb\":{\"@id\":\"https:\/\/portaltela.pt\/noticias\/2026\/03\/15\/paises-nordicos-e-canada-reforcam-protecao-do-artico-contra-ameaca-russa\/#breadcrumb\"},\"inLanguage\":\"pt-PT\",\"potentialAction\":[{\"@type\":\"ReadAction\",\"target\":[\"https:\/\/portaltela.pt\/noticias\/2026\/03\/15\/paises-nordicos-e-canada-reforcam-protecao-do-artico-contra-ameaca-russa\/\"]}]},{\"@type\":\"ImageObject\",\"inLanguage\":\"pt-PT\",\"@id\":\"https:\/\/portaltela.pt\/noticias\/2026\/03\/15\/paises-nordicos-e-canada-reforcam-protecao-do-artico-contra-ameaca-russa\/#primaryimage\",\"url\":\"https:\/\/portaltela.pt\/s.01k8rhncp4jt1\/2026\/03\/img_1280x721uu2017-02-10-19-14-00-598491.jpg\",\"contentUrl\":\"https:\/\/portaltela.pt\/s.01k8rhncp4jt1\/2026\/03\/img_1280x721uu2017-02-10-19-14-00-598491.jpg\",\"width\":796,\"height\":448,\"caption\":\"\u00c1rtico\"},{\"@type\":\"BreadcrumbList\",\"@id\":\"https:\/\/portaltela.pt\/noticias\/2026\/03\/15\/paises-nordicos-e-canada-reforcam-protecao-do-artico-contra-ameaca-russa\/#breadcrumb\",\"itemListElement\":[{\"@type\":\"ListItem\",\"position\":1,\"name\":\"In\u00edcio\",\"item\":\"https:\/\/portaltela.pt\/\"},{\"@type\":\"ListItem\",\"position\":2,\"name\":\"Pa\u00edses n\u00f3rdicos e Canad\u00e1 refor\u00e7am prote\u00e7\u00e3o do \u00c1rtico contra amea\u00e7a russa\"}]},{\"@type\":\"WebSite\",\"@id\":\"https:\/\/portaltela.pt\/#website\",\"url\":\"https:\/\/portaltela.pt\/\",\"name\":\"Portal Tela Portugal\",\"description\":\"\",\"potentialAction\":[{\"@type\":\"SearchAction\",\"target\":{\"@type\":\"EntryPoint\",\"urlTemplate\":\"https:\/\/portaltela.pt\/?s={search_term_string}\"},\"query-input\":{\"@type\":\"PropertyValueSpecification\",\"valueRequired\":true,\"valueName\":\"search_term_string\"}}],\"inLanguage\":\"pt-PT\"},{\"@type\":\"Person\",\"@id\":\"https:\/\/portaltela.pt\/#\/schema\/person\/c4278d4a6028830caff9ee44b42d32ed\",\"name\":\"Telinha\",\"image\":{\"@type\":\"ImageObject\",\"inLanguage\":\"pt-PT\",\"@id\":\"https:\/\/portaltela.pt\/s.01k8rhncp4jt1\/2025\/11\/talking-bot-125x125.png\",\"url\":\"https:\/\/portaltela.pt\/s.01k8rhncp4jt1\/2025\/11\/talking-bot-125x125.png\",\"contentUrl\":\"https:\/\/portaltela.pt\/s.01k8rhncp4jt1\/2025\/11\/talking-bot-125x125.png\",\"caption\":\"Telinha\"},\"sameAs\":[\"https:\/\/portaltela.pt\/\"],\"url\":\"https:\/\/portaltela.pt\/por\/367410592786\/\"}]}<\/script>\n<!-- \/ Yoast SEO plugin. -->","yoast_head_json":{"title":"Pa\u00edses n\u00f3rdicos e Canad\u00e1 refor\u00e7am prote\u00e7\u00e3o do \u00c1rtico contra amea\u00e7a russa - Portal Tela Portugal","robots":{"index":"index","follow":"follow","max-snippet":"max-snippet:-1","max-image-preview":"max-image-preview:large","max-video-preview":"max-video-preview:-1"},"og_locale":"pt_PT","og_type":"article","og_title":"Pa\u00edses n\u00f3rdicos e Canad\u00e1 refor\u00e7am prote\u00e7\u00e3o do \u00c1rtico contra amea\u00e7a russa - Portal Tela Portugal","og_description":"L\u00edderes de Noruega, Su\u00e9cia, Finl\u00e2ndia, Dinamarca, Isl\u00e2ndia e Canad\u00e1 reuniram-se para refor\u00e7ar a coopera\u00e7\u00e3o e proteger o \u00c1rtico face \u00e0 amea\u00e7a russ\u0430. O primeiro-ministro canadiano Mark Carney afirmou que a maior amea\u00e7a \u00e0 seguran\u00e7a f\u00edsica no \u00c1rtico \u00e9 a R\u00fassia. A declara\u00e7\u00e3o foi feita numa confer\u00eancia de imprensa em Oslo, com os hom\u00f3logos presentes. Foi destacada a aten\u00e7\u00e3o da NATO para a seguran\u00e7a do \u00c1rtico, com miss\u00f5es como a Sentinela do \u00c1rtico. A primeira-ministra dinamarquesa, Mette Frederiksen, tamb\u00e9m mencionou a Sentinela do \u00c1rtico durante a interven\u00e7\u00e3o.","og_url":"https:\/\/portaltela.pt\/noticias\/2026\/03\/15\/paises-nordicos-e-canada-reforcam-protecao-do-artico-contra-ameaca-russa\/","og_site_name":"Portal Tela Portugal","article_published_time":"2026-03-15T16:35:26+00:00","author":"Telinha","twitter_card":"summary_large_image","twitter_misc":{"Escrito por":"Telinha"},"schema":{"@context":"https:\/\/schema.org","@graph":[{"@type":"Article","@id":"https:\/\/portaltela.pt\/noticias\/2026\/03\/15\/paises-nordicos-e-canada-reforcam-protecao-do-artico-contra-ameaca-russa\/#article","isPartOf":{"@id":"https:\/\/portaltela.pt\/noticias\/2026\/03\/15\/paises-nordicos-e-canada-reforcam-protecao-do-artico-contra-ameaca-russa\/"},"author":{"name":"Telinha","@id":"https:\/\/portaltela.pt\/#\/schema\/person\/c4278d4a6028830caff9ee44b42d32ed"},"headline":"Pa\u00edses n\u00f3rdicos e Canad\u00e1 refor\u00e7am prote\u00e7\u00e3o do \u00c1rtico contra amea\u00e7a russa","datePublished":"2026-03-15T16:35:26+00:00","mainEntityOfPage":{"@id":"https:\/\/portaltela.pt\/noticias\/2026\/03\/15\/paises-nordicos-e-canada-reforcam-protecao-do-artico-contra-ameaca-russa\/"},"wordCount":111,"image":{"@id":"https:\/\/portaltela.pt\/noticias\/2026\/03\/15\/paises-nordicos-e-canada-reforcam-protecao-do-artico-contra-ameaca-russa\/#primaryimage"},"thumbnailUrl":"https:\/\/portaltela.pt\/s.01k8rhncp4jt1\/2026\/03\/img_1280x721uu2017-02-10-19-14-00-598491.jpg","keywords":["a R\u00fassia","Arctic Sentry","coopera\u00e7\u00e3o internacional","seguran\u00e7a","seguran\u00e7a internacional"],"articleSection":["Internacional","Not\u00edcias"],"inLanguage":"pt-PT"},{"@type":"WebPage","@id":"https:\/\/portaltela.pt\/noticias\/2026\/03\/15\/paises-nordicos-e-canada-reforcam-protecao-do-artico-contra-ameaca-russa\/","url":"https:\/\/portaltela.pt\/noticias\/2026\/03\/15\/paises-nordicos-e-canada-reforcam-protecao-do-artico-contra-ameaca-russa\/","name":"Pa\u00edses n\u00f3rdicos e Canad\u00e1 refor\u00e7am prote\u00e7\u00e3o do \u00c1rtico contra amea\u00e7a russa - Portal Tela Portugal","isPartOf":{"@id":"https:\/\/portaltela.pt\/#website"},"primaryImageOfPage":{"@id":"https:\/\/portaltela.pt\/noticias\/2026\/03\/15\/paises-nordicos-e-canada-reforcam-protecao-do-artico-contra-ameaca-russa\/#primaryimage"},"image":{"@id":"https:\/\/portaltela.pt\/noticias\/2026\/03\/15\/paises-nordicos-e-canada-reforcam-protecao-do-artico-contra-ameaca-russa\/#primaryimage"},"thumbnailUrl":"https:\/\/portaltela.pt\/s.01k8rhncp4jt1\/2026\/03\/img_1280x721uu2017-02-10-19-14-00-598491.jpg","datePublished":"2026-03-15T16:35:26+00:00","author":{"@id":"https:\/\/portaltela.pt\/#\/schema\/person\/c4278d4a6028830caff9ee44b42d32ed"},"breadcrumb":{"@id":"https:\/\/portaltela.pt\/noticias\/2026\/03\/15\/paises-nordicos-e-canada-reforcam-protecao-do-artico-contra-ameaca-russa\/#breadcrumb"},"inLanguage":"pt-PT","potentialAction":[{"@type":"ReadAction","target":["https:\/\/portaltela.pt\/noticias\/2026\/03\/15\/paises-nordicos-e-canada-reforcam-protecao-do-artico-contra-ameaca-russa\/"]}]},{"@type":"ImageObject","inLanguage":"pt-PT","@id":"https:\/\/portaltela.pt\/noticias\/2026\/03\/15\/paises-nordicos-e-canada-reforcam-protecao-do-artico-contra-ameaca-russa\/#primaryimage","url":"https:\/\/portaltela.pt\/s.01k8rhncp4jt1\/2026\/03\/img_1280x721uu2017-02-10-19-14-00-598491.jpg","contentUrl":"https:\/\/portaltela.pt\/s.01k8rhncp4jt1\/2026\/03\/img_1280x721uu2017-02-10-19-14-00-598491.jpg","width":796,"height":448,"caption":"\u00c1rtico"},{"@type":"BreadcrumbList","@id":"https:\/\/portaltela.pt\/noticias\/2026\/03\/15\/paises-nordicos-e-canada-reforcam-protecao-do-artico-contra-ameaca-russa\/#breadcrumb","itemListElement":[{"@type":"ListItem","position":1,"name":"In\u00edcio","item":"https:\/\/portaltela.pt\/"},{"@type":"ListItem","position":2,"name":"Pa\u00edses n\u00f3rdicos e Canad\u00e1 refor\u00e7am prote\u00e7\u00e3o do \u00c1rtico contra amea\u00e7a russa"}]},{"@type":"WebSite","@id":"https:\/\/portaltela.pt\/#website","url":"https:\/\/portaltela.pt\/","name":"Portal Tela Portugal","description":"","potentialAction":[{"@type":"SearchAction","target":{"@type":"EntryPoint","urlTemplate":"https:\/\/portaltela.pt\/?s={search_term_string}"},"query-input":{"@type":"PropertyValueSpecification","valueRequired":true,"valueName":"search_term_string"}}],"inLanguage":"pt-PT"},{"@type":"Person","@id":"https:\/\/portaltela.pt\/#\/schema\/person\/c4278d4a6028830caff9ee44b42d32ed","name":"Telinha","image":{"@type":"ImageObject","inLanguage":"pt-PT","@id":"https:\/\/portaltela.pt\/s.01k8rhncp4jt1\/2025\/11\/talking-bot-125x125.png","url":"https:\/\/portaltela.pt\/s.01k8rhncp4jt1\/2025\/11\/talking-bot-125x125.png","contentUrl":"https:\/\/portaltela.pt\/s.01k8rhncp4jt1\/2025\/11\/talking-bot-125x125.png","caption":"Telinha"},"sameAs":["https:\/\/portaltela.pt\/"],"url":"https:\/\/portaltela.pt\/por\/367410592786\/"}]}},"_links":{"self":[{"href":"https:\/\/portaltela.pt\/api\/wp\/v2\/posts\/411051","targetHints":{"allow":["GET"]}}],"collection":[{"href":"https:\/\/portaltela.pt\/api\/wp\/v2\/posts"}],"about":[{"href":"https:\/\/portaltela.pt\/api\/wp\/v2\/types\/post"}],"author":[{"embeddable":true,"href":"https:\/\/portaltela.pt\/api\/wp\/v2\/users\/2"}],"replies":[{"embeddable":true,"href":"https:\/\/portaltela.pt\/api\/wp\/v2\/comments?post=411051"}],"version-history":[{"count":0,"href":"https:\/\/portaltela.pt\/api\/wp\/v2\/posts\/411051\/revisions"}],"wp:featuredmedia":[{"embeddable":true,"href":"https:\/\/portaltela.pt\/api\/wp\/v2\/media\/411059"}],"wp:attachment":[{"href":"https:\/\/portaltela.pt\/api\/wp\/v2\/media?parent=411051"}],"wp:term":[{"taxonomy":"category","embeddable":true,"href":"https:\/\/portaltela.pt\/api\/wp\/v2\/categories?post=411051"},{"taxonomy":"post_tag","embeddable":true,"href":"https:\/\/portaltela.pt\/api\/wp\/v2\/tags?post=411051"}],"curies":[{"name":"wp","href":"https:\/\/api.w.org\/{rel}","templated":true}]}}