{"id":411014,"date":"2026-03-15T12:20:16","date_gmt":"2026-03-15T15:20:16","guid":{"rendered":"https:\/\/portaltela.pt\/noticias\/2026\/03\/15\/milao-vence-sprint-na-consagracao-de-del-toro-no-tirreno-adriatico\/"},"modified":"2026-03-15T12:20:16","modified_gmt":"2026-03-15T15:20:16","slug":"milao-vence-sprint-na-consagracao-de-del-toro-no-tirreno-adriatico","status":"publish","type":"post","link":"https:\/\/portaltela.pt\/desporto\/futebol\/2026\/03\/15\/milao-vence-sprint-na-consagracao-de-del-toro-no-tirreno-adriatico\/","title":{"rendered":"Mil\u00e3o vence sprint na consagra\u00e7\u00e3o de Del Toro no Tirreno-Adri\u00e1tico"},"content":{"rendered":"<p>Jonathan Milan venceu o sprint da \u00faltima etapa da Tirreno-Adri\u00e1tico, em Civitanova Marche a San Benedetto del Tronto, aos 142 km. O triunfo confirmou a vit\u00f3ria da etapa para o italiano da Lidl-Trek, em 3:04.54 horas.<\/p>\n<p>O resultado encerrou a edi\u00e7\u00e3o 61 do Tirreno-Adri\u00e1tico com o mexicano Isaac Del Toro, da UAE Emirates, a vencer a classifica\u00e7\u00e3o geral, terminando com 40 segundos de avan\u00e7o sobre Matteo Jorgenson e 42 sobre Giulio Pellizzari.<\/p>\n<p>Desfecho da etapa<\/p>\n<ul>\n<li>A prova final foi marcada pela tentativa da Uno-X de surpreender no sprint, com um ataque de dois ciclistas. Jonas Abrahamsen esteve na frente at\u00e9 aos \u00faltimos 400 metros, quando Milan recuperou e acabou por atacar o grupo.<\/li>\n<\/ul>\n<p>Classifica\u00e7\u00f5es e detalhes<\/p>\n<ul>\n<li>Milan soma a sexta vit\u00f3ria da temporada, igualando Remco Evenepoel como o ciclista mais vitorioso de 2026. Sam Welsford (INEOS) e Laurenz Rex (Soudal Quick-Step) terminaram em segundo e terceiro, respetivamente, na etapa deste domingo.<\/li>\n<\/ul>\n","protected":false},"excerpt":{"rendered":"<ul>\n<li>Jonathan Milan (Lidl-Trek) venceu ao sprint a \u00faltima etapa do Tirreno-Adri\u00e1tico, em 3:04.54 horas, em San Benedetto del Tronto.<\/li>\n<li>Isaac del Toro (UAE Emirates) confirmou o triunfo na classifica\u00e7\u00e3o geral da prova, terminando com 40 segundos de vantagem sobre Matteo Jorgenson e 42 sobre Giulio Pellizzari.<\/li>\n<li>A luta pelo segundo posto ocorreu na etapa final, com Jorgenson a assegurar a posi\u00e7\u00e3o \u00e0 frente de Pellizzari.<\/li>\n<li>Nos quil\u00f3metros finais, a Uno-X lan\u00e7ou um ataque com dois ciclistas, provocando uma queda de Paul Magnier (Soudal Quick-Step) e desfazendo a persegui\u00e7\u00e3o.<\/li>\n<li>Milan soma a sexta vit\u00f3ria em 2026, igualando Remco Evenepoel como o ciclista mais vitorioso do ano.<\/li>\n<\/ul>\n","protected":false},"author":2,"featured_media":411018,"comment_status":"closed","ping_status":"closed","sticky":false,"template":"","format":"standard","meta":{"footnotes":""},"categories":[21,24],"tags":[923,152,2681,1857,6083,3997],"class_list":["post-411014","post","type-post","status-publish","format-standard","has-post-thumbnail","hentry","category-desporto","category-futebol","tag-ciclismo","tag-desporto","tag-desporto-internacional","tag-italia","tag-lidl-trek","tag-uae-emirates"],"yoast_head":"<!-- This site is optimized with the Yoast SEO plugin v27.2 - https:\/\/yoast.com\/product\/yoast-seo-wordpress\/ -->\n<title>Mil\u00e3o vence sprint na consagra\u00e7\u00e3o de Del Toro no Tirreno-Adri\u00e1tico - Portal Tela Portugal<\/title>\n<meta name=\"robots\" content=\"index, follow, max-snippet:-1, max-image-preview:large, max-video-preview:-1\" \/>\n<meta property=\"og:locale\" content=\"pt_PT\" \/>\n<meta property=\"og:type\" content=\"article\" \/>\n<meta property=\"og:title\" content=\"Mil\u00e3o vence sprint na consagra\u00e7\u00e3o de Del Toro no Tirreno-Adri\u00e1tico - Portal Tela Portugal\" \/>\n<meta property=\"og:description\" content=\"Jonathan Milan (Lidl-Trek) venceu ao sprint a \u00faltima etapa do Tirreno-Adri\u00e1tico, em 3:04.54 horas, em San Benedetto del Tronto. Isaac del Toro (UAE Emirates) confirmou o triunfo na classifica\u00e7\u00e3o geral da prova, terminando com 40 segundos de vantagem sobre Matteo Jorgenson e 42 sobre Giulio Pellizzari. A luta pelo segundo posto ocorreu na etapa final, com Jorgenson a assegurar a posi\u00e7\u00e3o \u00e0 frente de Pellizzari. Nos quil\u00f3metros finais, a Uno-X lan\u00e7ou um ataque com dois ciclistas, provocando uma queda de Paul Magnier (Soudal Quick-Step) e desfazendo a persegui\u00e7\u00e3o. Milan soma a sexta vit\u00f3ria em 2026, igualando Remco Evenepoel como o ciclista mais vitorioso do ano.\" \/>\n<meta property=\"og:url\" content=\"https:\/\/portaltela.pt\/noticias\/2026\/03\/15\/milao-vence-sprint-na-consagracao-de-del-toro-no-tirreno-adriatico\/\" \/>\n<meta property=\"og:site_name\" content=\"Portal Tela Portugal\" \/>\n<meta property=\"article:published_time\" content=\"2026-03-15T15:20:16+00:00\" \/>\n<meta name=\"author\" content=\"Telinha\" \/>\n<meta name=\"twitter:card\" content=\"summary_large_image\" \/>\n<meta name=\"twitter:label1\" content=\"Escrito por\" \/>\n\t<meta name=\"twitter:data1\" content=\"Telinha\" \/>\n\t<meta name=\"twitter:label2\" content=\"Tempo estimado de leitura\" \/>\n\t<meta name=\"twitter:data2\" content=\"1 minuto\" \/>\n<script type=\"application\/ld+json\" class=\"yoast-schema-graph\">{\"@context\":\"https:\/\/schema.org\",\"@graph\":[{\"@type\":\"Article\",\"@id\":\"https:\/\/portaltela.pt\/noticias\/2026\/03\/15\/milao-vence-sprint-na-consagracao-de-del-toro-no-tirreno-adriatico\/#article\",\"isPartOf\":{\"@id\":\"https:\/\/portaltela.pt\/noticias\/2026\/03\/15\/milao-vence-sprint-na-consagracao-de-del-toro-no-tirreno-adriatico\/\"},\"author\":{\"name\":\"Telinha\",\"@id\":\"https:\/\/portaltela.pt\/#\/schema\/person\/c4278d4a6028830caff9ee44b42d32ed\"},\"headline\":\"Mil\u00e3o vence sprint na consagra\u00e7\u00e3o de Del Toro no Tirreno-Adri\u00e1tico\",\"datePublished\":\"2026-03-15T15:20:16+00:00\",\"mainEntityOfPage\":{\"@id\":\"https:\/\/portaltela.pt\/noticias\/2026\/03\/15\/milao-vence-sprint-na-consagracao-de-del-toro-no-tirreno-adriatico\/\"},\"wordCount\":165,\"image\":{\"@id\":\"https:\/\/portaltela.pt\/noticias\/2026\/03\/15\/milao-vence-sprint-na-consagracao-de-del-toro-no-tirreno-adriatico\/#primaryimage\"},\"thumbnailUrl\":\"https:\/\/portaltela.pt\/s.01k8rhncp4jt1\/2026\/03\/img_920x518uu2026-03-15-15-19-49-2427123.jpg\",\"keywords\":[\"ciclismo\",\"desporto\",\"desporto internacional\",\"It\u00e1lia\",\"Lidl-Trek\",\"UAE Emirates\"],\"articleSection\":[\"Desporto\",\"Futebol\"],\"inLanguage\":\"pt-PT\"},{\"@type\":\"WebPage\",\"@id\":\"https:\/\/portaltela.pt\/noticias\/2026\/03\/15\/milao-vence-sprint-na-consagracao-de-del-toro-no-tirreno-adriatico\/\",\"url\":\"https:\/\/portaltela.pt\/noticias\/2026\/03\/15\/milao-vence-sprint-na-consagracao-de-del-toro-no-tirreno-adriatico\/\",\"name\":\"Mil\u00e3o vence sprint na consagra\u00e7\u00e3o de Del Toro no Tirreno-Adri\u00e1tico - Portal Tela Portugal\",\"isPartOf\":{\"@id\":\"https:\/\/portaltela.pt\/#website\"},\"primaryImageOfPage\":{\"@id\":\"https:\/\/portaltela.pt\/noticias\/2026\/03\/15\/milao-vence-sprint-na-consagracao-de-del-toro-no-tirreno-adriatico\/#primaryimage\"},\"image\":{\"@id\":\"https:\/\/portaltela.pt\/noticias\/2026\/03\/15\/milao-vence-sprint-na-consagracao-de-del-toro-no-tirreno-adriatico\/#primaryimage\"},\"thumbnailUrl\":\"https:\/\/portaltela.pt\/s.01k8rhncp4jt1\/2026\/03\/img_920x518uu2026-03-15-15-19-49-2427123.jpg\",\"datePublished\":\"2026-03-15T15:20:16+00:00\",\"author\":{\"@id\":\"https:\/\/portaltela.pt\/#\/schema\/person\/c4278d4a6028830caff9ee44b42d32ed\"},\"breadcrumb\":{\"@id\":\"https:\/\/portaltela.pt\/noticias\/2026\/03\/15\/milao-vence-sprint-na-consagracao-de-del-toro-no-tirreno-adriatico\/#breadcrumb\"},\"inLanguage\":\"pt-PT\",\"potentialAction\":[{\"@type\":\"ReadAction\",\"target\":[\"https:\/\/portaltela.pt\/noticias\/2026\/03\/15\/milao-vence-sprint-na-consagracao-de-del-toro-no-tirreno-adriatico\/\"]}]},{\"@type\":\"ImageObject\",\"inLanguage\":\"pt-PT\",\"@id\":\"https:\/\/portaltela.pt\/noticias\/2026\/03\/15\/milao-vence-sprint-na-consagracao-de-del-toro-no-tirreno-adriatico\/#primaryimage\",\"url\":\"https:\/\/portaltela.pt\/s.01k8rhncp4jt1\/2026\/03\/img_920x518uu2026-03-15-15-19-49-2427123.jpg\",\"contentUrl\":\"https:\/\/portaltela.pt\/s.01k8rhncp4jt1\/2026\/03\/img_920x518uu2026-03-15-15-19-49-2427123.jpg\",\"width\":796,\"height\":448,\"caption\":\"Jonathan Milan\"},{\"@type\":\"BreadcrumbList\",\"@id\":\"https:\/\/portaltela.pt\/noticias\/2026\/03\/15\/milao-vence-sprint-na-consagracao-de-del-toro-no-tirreno-adriatico\/#breadcrumb\",\"itemListElement\":[{\"@type\":\"ListItem\",\"position\":1,\"name\":\"In\u00edcio\",\"item\":\"https:\/\/portaltela.pt\/\"},{\"@type\":\"ListItem\",\"position\":2,\"name\":\"Mil\u00e3o vence sprint na consagra\u00e7\u00e3o de Del Toro no Tirreno-Adri\u00e1tico\"}]},{\"@type\":\"WebSite\",\"@id\":\"https:\/\/portaltela.pt\/#website\",\"url\":\"https:\/\/portaltela.pt\/\",\"name\":\"Portal Tela Portugal\",\"description\":\"\",\"potentialAction\":[{\"@type\":\"SearchAction\",\"target\":{\"@type\":\"EntryPoint\",\"urlTemplate\":\"https:\/\/portaltela.pt\/?s={search_term_string}\"},\"query-input\":{\"@type\":\"PropertyValueSpecification\",\"valueRequired\":true,\"valueName\":\"search_term_string\"}}],\"inLanguage\":\"pt-PT\"},{\"@type\":\"Person\",\"@id\":\"https:\/\/portaltela.pt\/#\/schema\/person\/c4278d4a6028830caff9ee44b42d32ed\",\"name\":\"Telinha\",\"image\":{\"@type\":\"ImageObject\",\"inLanguage\":\"pt-PT\",\"@id\":\"https:\/\/portaltela.pt\/s.01k8rhncp4jt1\/2025\/11\/talking-bot-125x125.png\",\"url\":\"https:\/\/portaltela.pt\/s.01k8rhncp4jt1\/2025\/11\/talking-bot-125x125.png\",\"contentUrl\":\"https:\/\/portaltela.pt\/s.01k8rhncp4jt1\/2025\/11\/talking-bot-125x125.png\",\"caption\":\"Telinha\"},\"sameAs\":[\"https:\/\/portaltela.pt\/\"],\"url\":\"https:\/\/portaltela.pt\/por\/367410592786\/\"}]}<\/script>\n<!-- \/ Yoast SEO plugin. -->","yoast_head_json":{"title":"Mil\u00e3o vence sprint na consagra\u00e7\u00e3o de Del Toro no Tirreno-Adri\u00e1tico - Portal Tela Portugal","robots":{"index":"index","follow":"follow","max-snippet":"max-snippet:-1","max-image-preview":"max-image-preview:large","max-video-preview":"max-video-preview:-1"},"og_locale":"pt_PT","og_type":"article","og_title":"Mil\u00e3o vence sprint na consagra\u00e7\u00e3o de Del Toro no Tirreno-Adri\u00e1tico - Portal Tela Portugal","og_description":"Jonathan Milan (Lidl-Trek) venceu ao sprint a \u00faltima etapa do Tirreno-Adri\u00e1tico, em 3:04.54 horas, em San Benedetto del Tronto. Isaac del Toro (UAE Emirates) confirmou o triunfo na classifica\u00e7\u00e3o geral da prova, terminando com 40 segundos de vantagem sobre Matteo Jorgenson e 42 sobre Giulio Pellizzari. A luta pelo segundo posto ocorreu na etapa final, com Jorgenson a assegurar a posi\u00e7\u00e3o \u00e0 frente de Pellizzari. Nos quil\u00f3metros finais, a Uno-X lan\u00e7ou um ataque com dois ciclistas, provocando uma queda de Paul Magnier (Soudal Quick-Step) e desfazendo a persegui\u00e7\u00e3o. Milan soma a sexta vit\u00f3ria em 2026, igualando Remco Evenepoel como o ciclista mais vitorioso do ano.","og_url":"https:\/\/portaltela.pt\/noticias\/2026\/03\/15\/milao-vence-sprint-na-consagracao-de-del-toro-no-tirreno-adriatico\/","og_site_name":"Portal Tela Portugal","article_published_time":"2026-03-15T15:20:16+00:00","author":"Telinha","twitter_card":"summary_large_image","twitter_misc":{"Escrito por":"Telinha","Tempo estimado de leitura":"1 minuto"},"schema":{"@context":"https:\/\/schema.org","@graph":[{"@type":"Article","@id":"https:\/\/portaltela.pt\/noticias\/2026\/03\/15\/milao-vence-sprint-na-consagracao-de-del-toro-no-tirreno-adriatico\/#article","isPartOf":{"@id":"https:\/\/portaltela.pt\/noticias\/2026\/03\/15\/milao-vence-sprint-na-consagracao-de-del-toro-no-tirreno-adriatico\/"},"author":{"name":"Telinha","@id":"https:\/\/portaltela.pt\/#\/schema\/person\/c4278d4a6028830caff9ee44b42d32ed"},"headline":"Mil\u00e3o vence sprint na consagra\u00e7\u00e3o de Del Toro no Tirreno-Adri\u00e1tico","datePublished":"2026-03-15T15:20:16+00:00","mainEntityOfPage":{"@id":"https:\/\/portaltela.pt\/noticias\/2026\/03\/15\/milao-vence-sprint-na-consagracao-de-del-toro-no-tirreno-adriatico\/"},"wordCount":165,"image":{"@id":"https:\/\/portaltela.pt\/noticias\/2026\/03\/15\/milao-vence-sprint-na-consagracao-de-del-toro-no-tirreno-adriatico\/#primaryimage"},"thumbnailUrl":"https:\/\/portaltela.pt\/s.01k8rhncp4jt1\/2026\/03\/img_920x518uu2026-03-15-15-19-49-2427123.jpg","keywords":["ciclismo","desporto","desporto internacional","It\u00e1lia","Lidl-Trek","UAE Emirates"],"articleSection":["Desporto","Futebol"],"inLanguage":"pt-PT"},{"@type":"WebPage","@id":"https:\/\/portaltela.pt\/noticias\/2026\/03\/15\/milao-vence-sprint-na-consagracao-de-del-toro-no-tirreno-adriatico\/","url":"https:\/\/portaltela.pt\/noticias\/2026\/03\/15\/milao-vence-sprint-na-consagracao-de-del-toro-no-tirreno-adriatico\/","name":"Mil\u00e3o vence sprint na consagra\u00e7\u00e3o de Del Toro no Tirreno-Adri\u00e1tico - Portal Tela Portugal","isPartOf":{"@id":"https:\/\/portaltela.pt\/#website"},"primaryImageOfPage":{"@id":"https:\/\/portaltela.pt\/noticias\/2026\/03\/15\/milao-vence-sprint-na-consagracao-de-del-toro-no-tirreno-adriatico\/#primaryimage"},"image":{"@id":"https:\/\/portaltela.pt\/noticias\/2026\/03\/15\/milao-vence-sprint-na-consagracao-de-del-toro-no-tirreno-adriatico\/#primaryimage"},"thumbnailUrl":"https:\/\/portaltela.pt\/s.01k8rhncp4jt1\/2026\/03\/img_920x518uu2026-03-15-15-19-49-2427123.jpg","datePublished":"2026-03-15T15:20:16+00:00","author":{"@id":"https:\/\/portaltela.pt\/#\/schema\/person\/c4278d4a6028830caff9ee44b42d32ed"},"breadcrumb":{"@id":"https:\/\/portaltela.pt\/noticias\/2026\/03\/15\/milao-vence-sprint-na-consagracao-de-del-toro-no-tirreno-adriatico\/#breadcrumb"},"inLanguage":"pt-PT","potentialAction":[{"@type":"ReadAction","target":["https:\/\/portaltela.pt\/noticias\/2026\/03\/15\/milao-vence-sprint-na-consagracao-de-del-toro-no-tirreno-adriatico\/"]}]},{"@type":"ImageObject","inLanguage":"pt-PT","@id":"https:\/\/portaltela.pt\/noticias\/2026\/03\/15\/milao-vence-sprint-na-consagracao-de-del-toro-no-tirreno-adriatico\/#primaryimage","url":"https:\/\/portaltela.pt\/s.01k8rhncp4jt1\/2026\/03\/img_920x518uu2026-03-15-15-19-49-2427123.jpg","contentUrl":"https:\/\/portaltela.pt\/s.01k8rhncp4jt1\/2026\/03\/img_920x518uu2026-03-15-15-19-49-2427123.jpg","width":796,"height":448,"caption":"Jonathan Milan"},{"@type":"BreadcrumbList","@id":"https:\/\/portaltela.pt\/noticias\/2026\/03\/15\/milao-vence-sprint-na-consagracao-de-del-toro-no-tirreno-adriatico\/#breadcrumb","itemListElement":[{"@type":"ListItem","position":1,"name":"In\u00edcio","item":"https:\/\/portaltela.pt\/"},{"@type":"ListItem","position":2,"name":"Mil\u00e3o vence sprint na consagra\u00e7\u00e3o de Del Toro no Tirreno-Adri\u00e1tico"}]},{"@type":"WebSite","@id":"https:\/\/portaltela.pt\/#website","url":"https:\/\/portaltela.pt\/","name":"Portal Tela Portugal","description":"","potentialAction":[{"@type":"SearchAction","target":{"@type":"EntryPoint","urlTemplate":"https:\/\/portaltela.pt\/?s={search_term_string}"},"query-input":{"@type":"PropertyValueSpecification","valueRequired":true,"valueName":"search_term_string"}}],"inLanguage":"pt-PT"},{"@type":"Person","@id":"https:\/\/portaltela.pt\/#\/schema\/person\/c4278d4a6028830caff9ee44b42d32ed","name":"Telinha","image":{"@type":"ImageObject","inLanguage":"pt-PT","@id":"https:\/\/portaltela.pt\/s.01k8rhncp4jt1\/2025\/11\/talking-bot-125x125.png","url":"https:\/\/portaltela.pt\/s.01k8rhncp4jt1\/2025\/11\/talking-bot-125x125.png","contentUrl":"https:\/\/portaltela.pt\/s.01k8rhncp4jt1\/2025\/11\/talking-bot-125x125.png","caption":"Telinha"},"sameAs":["https:\/\/portaltela.pt\/"],"url":"https:\/\/portaltela.pt\/por\/367410592786\/"}]}},"_links":{"self":[{"href":"https:\/\/portaltela.pt\/api\/wp\/v2\/posts\/411014","targetHints":{"allow":["GET"]}}],"collection":[{"href":"https:\/\/portaltela.pt\/api\/wp\/v2\/posts"}],"about":[{"href":"https:\/\/portaltela.pt\/api\/wp\/v2\/types\/post"}],"author":[{"embeddable":true,"href":"https:\/\/portaltela.pt\/api\/wp\/v2\/users\/2"}],"replies":[{"embeddable":true,"href":"https:\/\/portaltela.pt\/api\/wp\/v2\/comments?post=411014"}],"version-history":[{"count":0,"href":"https:\/\/portaltela.pt\/api\/wp\/v2\/posts\/411014\/revisions"}],"wp:featuredmedia":[{"embeddable":true,"href":"https:\/\/portaltela.pt\/api\/wp\/v2\/media\/411018"}],"wp:attachment":[{"href":"https:\/\/portaltela.pt\/api\/wp\/v2\/media?parent=411014"}],"wp:term":[{"taxonomy":"category","embeddable":true,"href":"https:\/\/portaltela.pt\/api\/wp\/v2\/categories?post=411014"},{"taxonomy":"post_tag","embeddable":true,"href":"https:\/\/portaltela.pt\/api\/wp\/v2\/tags?post=411014"}],"curies":[{"name":"wp","href":"https:\/\/api.w.org\/{rel}","templated":true}]}}