{"id":411000,"date":"2026-03-15T12:10:00","date_gmt":"2026-03-15T15:10:00","guid":{"rendered":"https:\/\/portaltela.pt\/noticias\/2026\/03\/15\/supremo-tribunal-ordena-prisao-efetiva-por-casas-ilegais-no-geres-ja\/"},"modified":"2026-03-15T12:10:00","modified_gmt":"2026-03-15T15:10:00","slug":"supremo-tribunal-ordena-prisao-efetiva-por-casas-ilegais-no-geres-ja","status":"publish","type":"post","link":"https:\/\/portaltela.pt\/noticias\/2026\/03\/15\/supremo-tribunal-ordena-prisao-efetiva-por-casas-ilegais-no-geres-ja\/","title":{"rendered":"Supremo Tribunal ordena pris\u00e3o efetiva por casas ilegais no Ger\u00eas j\u00e1"},"content":{"rendered":"<p>O Supremo Tribunal de Justi\u00e7a ordenou a pris\u00e3o efetiva de Martine Pereira, empres\u00e1ria da constru\u00e7\u00e3o civil e antiga campe\u00e3 nacional de automobilismo, por infra\u00e7\u00e3o urban\u00edstica no Ger\u00eas. A decis\u00e3o envolve duas moradias unifamiliares na margem esquerda do C\u00e1vado, em \u00e1rea protegida, contr\u00e1rias ao Plano de Ordenamento da Albufeira da Cani\u00e7ada. A condena\u00e7\u00e3o determina o cumprimento j\u00e1 da pena.<\/p>\n<p>A pr\u00e1tica consistia em simular pr\u00e9-exist\u00eancias de casas demolidas, apresentando fotografias antigas de outras habita\u00e7\u00f5es para justificar obras adicionais. O objetivo era conferir direitos de edifica\u00e7\u00e3o n\u00e3o permitidos pela lei ambiental e urban\u00edstica vigente na \u00e1rea protegida.<\/p>\n<p>A decis\u00e3o do STJ confirmou a senten\u00e7a anterior da Rela\u00e7\u00e3o de Guimar\u00e3es, rejeitando o duplo grau de recurso. Os argumentos de inconstitucionalidade apresentados pela defesa n\u00e3o foram aceites. Assim, a pena de Martine Pereira permanece em cinco anos e nove meses de pris\u00e3o efetiva, com a redu\u00e7\u00e3o j\u00e1 aplicada pela Rela\u00e7\u00e3o de Guimar\u00e3es.<\/p>\n<h3>Decis\u00e3o do STJ<\/h3>\n<p>O tribunal fundamenta que, pela pena j\u00e1 reduzida, n\u00e3o existe possibilidade de novo recurso, mantendo a condena\u00e7\u00e3o. A medida \u00e9 relevante como precedente para casos de infra\u00e7\u00f5es em \u00e1reas protegidas e para a aplica\u00e7\u00e3o de prazos de cumprimento imediato.<\/p>\n","protected":false},"excerpt":{"rendered":"<ul>\n<li>\u00c9 o primeiro caso em Portugal de pena de pris\u00e3o efetiva por constru\u00e7\u00e3o civil em \u00e1reas protegidas, conforme decis\u00e3o do Supremo Tribunal.<\/li>\n<li>A investiga\u00e7\u00e3o nasceu do alerta do grupo c\u00edvico Indignados de Louredo, que acionou o Minist\u00e9rio P\u00fablico e a Pol\u00edcia Judici\u00e1ria de Braga.<\/li>\n<li>Em causa est\u00e3o duas moradias unifamiliares na margem esquerda do C\u00e1vado, em \u00e1rea protegida da Albufeira da Cani\u00e7ada, no Ger\u00eas.<\/li>\n<li>O esquema envolveu simular pr\u00e9\u2011exist\u00eancias de casas para obter direitos de edificar, exibindo fotografias antigas de outras habita\u00e7\u00f5es e construindo al\u00e9m do permitido.<\/li>\n<li>O STJ manteve a decis\u00e3o, entendendo que n\u00e3o \u00e9 inconstitucional negar o segundo recurso; o arguido, Martine Campos Pereira, 56 anos, ter\u00e1 de cumprir cinco anos e nove meses de pris\u00e3o efetiva.<\/li>\n<\/ul>\n","protected":false},"author":2,"featured_media":411006,"comment_status":"closed","ping_status":"closed","sticky":false,"template":"","format":"standard","meta":{"footnotes":""},"categories":[6815,1],"tags":[147,6306,6454,45,4343,189],"class_list":["post-411000","post","type-post","status-publish","format-standard","has-post-thumbnail","hentry","category-justica","category-noticias","tag-crime","tag-infracoes","tag-infracoes-ambientais","tag-meio-ambiente","tag-prisoes","tag-urbanismo"],"yoast_head":"<!-- This site is optimized with the Yoast SEO plugin v27.2 - https:\/\/yoast.com\/product\/yoast-seo-wordpress\/ -->\n<title>Supremo Tribunal ordena pris\u00e3o efetiva por casas ilegais no Ger\u00eas j\u00e1 - Portal Tela Portugal<\/title>\n<meta name=\"robots\" content=\"index, follow, max-snippet:-1, max-image-preview:large, max-video-preview:-1\" \/>\n<meta property=\"og:locale\" content=\"pt_PT\" \/>\n<meta property=\"og:type\" content=\"article\" \/>\n<meta property=\"og:title\" content=\"Supremo Tribunal ordena pris\u00e3o efetiva por casas ilegais no Ger\u00eas j\u00e1 - Portal Tela Portugal\" \/>\n<meta property=\"og:description\" content=\"\u00c9 o primeiro caso em Portugal de pena de pris\u00e3o efetiva por constru\u00e7\u00e3o civil em \u00e1reas protegidas, conforme decis\u00e3o do Supremo Tribunal. A investiga\u00e7\u00e3o nasceu do alerta do grupo c\u00edvico Indignados de Louredo, que acionou o Minist\u00e9rio P\u00fablico e a Pol\u00edcia Judici\u00e1ria de Braga. Em causa est\u00e3o duas moradias unifamiliares na margem esquerda do C\u00e1vado, em \u00e1rea protegida da Albufeira da Cani\u00e7ada, no Ger\u00eas. O esquema envolveu simular pr\u00e9\u2011exist\u00eancias de casas para obter direitos de edificar, exibindo fotografias antigas de outras habita\u00e7\u00f5es e construindo al\u00e9m do permitido. O STJ manteve a decis\u00e3o, entendendo que n\u00e3o \u00e9 inconstitucional negar o segundo recurso; o arguido, Martine Campos Pereira, 56 anos, ter\u00e1 de cumprir cinco anos e nove meses de pris\u00e3o efetiva.\" \/>\n<meta property=\"og:url\" content=\"https:\/\/portaltela.pt\/noticias\/2026\/03\/15\/supremo-tribunal-ordena-prisao-efetiva-por-casas-ilegais-no-geres-ja\/\" \/>\n<meta property=\"og:site_name\" content=\"Portal Tela Portugal\" \/>\n<meta property=\"article:published_time\" content=\"2026-03-15T15:10:00+00:00\" \/>\n<meta name=\"author\" content=\"Telinha\" \/>\n<meta name=\"twitter:card\" content=\"summary_large_image\" \/>\n<meta name=\"twitter:label1\" content=\"Escrito por\" \/>\n\t<meta name=\"twitter:data1\" content=\"Telinha\" \/>\n\t<meta name=\"twitter:label2\" content=\"Tempo estimado de leitura\" \/>\n\t<meta name=\"twitter:data2\" content=\"1 minuto\" \/>\n<script type=\"application\/ld+json\" class=\"yoast-schema-graph\">{\"@context\":\"https:\/\/schema.org\",\"@graph\":[{\"@type\":\"Article\",\"@id\":\"https:\/\/portaltela.pt\/noticias\/2026\/03\/15\/supremo-tribunal-ordena-prisao-efetiva-por-casas-ilegais-no-geres-ja\/#article\",\"isPartOf\":{\"@id\":\"https:\/\/portaltela.pt\/noticias\/2026\/03\/15\/supremo-tribunal-ordena-prisao-efetiva-por-casas-ilegais-no-geres-ja\/\"},\"author\":{\"name\":\"Telinha\",\"@id\":\"https:\/\/portaltela.pt\/#\/schema\/person\/c4278d4a6028830caff9ee44b42d32ed\"},\"headline\":\"Supremo Tribunal ordena pris\u00e3o efetiva por casas ilegais no Ger\u00eas j\u00e1\",\"datePublished\":\"2026-03-15T15:10:00+00:00\",\"mainEntityOfPage\":{\"@id\":\"https:\/\/portaltela.pt\/noticias\/2026\/03\/15\/supremo-tribunal-ordena-prisao-efetiva-por-casas-ilegais-no-geres-ja\/\"},\"wordCount\":235,\"image\":{\"@id\":\"https:\/\/portaltela.pt\/noticias\/2026\/03\/15\/supremo-tribunal-ordena-prisao-efetiva-por-casas-ilegais-no-geres-ja\/#primaryimage\"},\"thumbnailUrl\":\"https:\/\/portaltela.pt\/s.01k8rhncp4jt1\/2026\/03\/image-994.jpg\",\"keywords\":[\"crime\",\"infra\u00e7\u00f5es\",\"infra\u00e7\u00f5es ambientais\",\"meio-ambiente\",\"pris\u00f5es\",\"urbanismo\"],\"articleSection\":[\"Justi\u00e7a\",\"Not\u00edcias\"],\"inLanguage\":\"pt-PT\"},{\"@type\":\"WebPage\",\"@id\":\"https:\/\/portaltela.pt\/noticias\/2026\/03\/15\/supremo-tribunal-ordena-prisao-efetiva-por-casas-ilegais-no-geres-ja\/\",\"url\":\"https:\/\/portaltela.pt\/noticias\/2026\/03\/15\/supremo-tribunal-ordena-prisao-efetiva-por-casas-ilegais-no-geres-ja\/\",\"name\":\"Supremo Tribunal ordena pris\u00e3o efetiva por casas ilegais no Ger\u00eas j\u00e1 - Portal Tela Portugal\",\"isPartOf\":{\"@id\":\"https:\/\/portaltela.pt\/#website\"},\"primaryImageOfPage\":{\"@id\":\"https:\/\/portaltela.pt\/noticias\/2026\/03\/15\/supremo-tribunal-ordena-prisao-efetiva-por-casas-ilegais-no-geres-ja\/#primaryimage\"},\"image\":{\"@id\":\"https:\/\/portaltela.pt\/noticias\/2026\/03\/15\/supremo-tribunal-ordena-prisao-efetiva-por-casas-ilegais-no-geres-ja\/#primaryimage\"},\"thumbnailUrl\":\"https:\/\/portaltela.pt\/s.01k8rhncp4jt1\/2026\/03\/image-994.jpg\",\"datePublished\":\"2026-03-15T15:10:00+00:00\",\"author\":{\"@id\":\"https:\/\/portaltela.pt\/#\/schema\/person\/c4278d4a6028830caff9ee44b42d32ed\"},\"breadcrumb\":{\"@id\":\"https:\/\/portaltela.pt\/noticias\/2026\/03\/15\/supremo-tribunal-ordena-prisao-efetiva-por-casas-ilegais-no-geres-ja\/#breadcrumb\"},\"inLanguage\":\"pt-PT\",\"potentialAction\":[{\"@type\":\"ReadAction\",\"target\":[\"https:\/\/portaltela.pt\/noticias\/2026\/03\/15\/supremo-tribunal-ordena-prisao-efetiva-por-casas-ilegais-no-geres-ja\/\"]}]},{\"@type\":\"ImageObject\",\"inLanguage\":\"pt-PT\",\"@id\":\"https:\/\/portaltela.pt\/noticias\/2026\/03\/15\/supremo-tribunal-ordena-prisao-efetiva-por-casas-ilegais-no-geres-ja\/#primaryimage\",\"url\":\"https:\/\/portaltela.pt\/s.01k8rhncp4jt1\/2026\/03\/image-994.jpg\",\"contentUrl\":\"https:\/\/portaltela.pt\/s.01k8rhncp4jt1\/2026\/03\/image-994.jpg\",\"width\":796,\"height\":448,\"caption\":\"Martine Pereira foi campe\u00e3o nacional de automobilismo e agora \u00e9 empres\u00e1rio da constru\u00e7\u00e3o civil\"},{\"@type\":\"BreadcrumbList\",\"@id\":\"https:\/\/portaltela.pt\/noticias\/2026\/03\/15\/supremo-tribunal-ordena-prisao-efetiva-por-casas-ilegais-no-geres-ja\/#breadcrumb\",\"itemListElement\":[{\"@type\":\"ListItem\",\"position\":1,\"name\":\"In\u00edcio\",\"item\":\"https:\/\/portaltela.pt\/\"},{\"@type\":\"ListItem\",\"position\":2,\"name\":\"Supremo Tribunal ordena pris\u00e3o efetiva por casas ilegais no Ger\u00eas j\u00e1\"}]},{\"@type\":\"WebSite\",\"@id\":\"https:\/\/portaltela.pt\/#website\",\"url\":\"https:\/\/portaltela.pt\/\",\"name\":\"Portal Tela Portugal\",\"description\":\"\",\"potentialAction\":[{\"@type\":\"SearchAction\",\"target\":{\"@type\":\"EntryPoint\",\"urlTemplate\":\"https:\/\/portaltela.pt\/?s={search_term_string}\"},\"query-input\":{\"@type\":\"PropertyValueSpecification\",\"valueRequired\":true,\"valueName\":\"search_term_string\"}}],\"inLanguage\":\"pt-PT\"},{\"@type\":\"Person\",\"@id\":\"https:\/\/portaltela.pt\/#\/schema\/person\/c4278d4a6028830caff9ee44b42d32ed\",\"name\":\"Telinha\",\"image\":{\"@type\":\"ImageObject\",\"inLanguage\":\"pt-PT\",\"@id\":\"https:\/\/portaltela.pt\/s.01k8rhncp4jt1\/2025\/11\/talking-bot-125x125.png\",\"url\":\"https:\/\/portaltela.pt\/s.01k8rhncp4jt1\/2025\/11\/talking-bot-125x125.png\",\"contentUrl\":\"https:\/\/portaltela.pt\/s.01k8rhncp4jt1\/2025\/11\/talking-bot-125x125.png\",\"caption\":\"Telinha\"},\"sameAs\":[\"https:\/\/portaltela.pt\/\"],\"url\":\"https:\/\/portaltela.pt\/por\/367410592786\/\"}]}<\/script>\n<!-- \/ Yoast SEO plugin. -->","yoast_head_json":{"title":"Supremo Tribunal ordena pris\u00e3o efetiva por casas ilegais no Ger\u00eas j\u00e1 - Portal Tela Portugal","robots":{"index":"index","follow":"follow","max-snippet":"max-snippet:-1","max-image-preview":"max-image-preview:large","max-video-preview":"max-video-preview:-1"},"og_locale":"pt_PT","og_type":"article","og_title":"Supremo Tribunal ordena pris\u00e3o efetiva por casas ilegais no Ger\u00eas j\u00e1 - Portal Tela Portugal","og_description":"\u00c9 o primeiro caso em Portugal de pena de pris\u00e3o efetiva por constru\u00e7\u00e3o civil em \u00e1reas protegidas, conforme decis\u00e3o do Supremo Tribunal. A investiga\u00e7\u00e3o nasceu do alerta do grupo c\u00edvico Indignados de Louredo, que acionou o Minist\u00e9rio P\u00fablico e a Pol\u00edcia Judici\u00e1ria de Braga. Em causa est\u00e3o duas moradias unifamiliares na margem esquerda do C\u00e1vado, em \u00e1rea protegida da Albufeira da Cani\u00e7ada, no Ger\u00eas. O esquema envolveu simular pr\u00e9\u2011exist\u00eancias de casas para obter direitos de edificar, exibindo fotografias antigas de outras habita\u00e7\u00f5es e construindo al\u00e9m do permitido. O STJ manteve a decis\u00e3o, entendendo que n\u00e3o \u00e9 inconstitucional negar o segundo recurso; o arguido, Martine Campos Pereira, 56 anos, ter\u00e1 de cumprir cinco anos e nove meses de pris\u00e3o efetiva.","og_url":"https:\/\/portaltela.pt\/noticias\/2026\/03\/15\/supremo-tribunal-ordena-prisao-efetiva-por-casas-ilegais-no-geres-ja\/","og_site_name":"Portal Tela Portugal","article_published_time":"2026-03-15T15:10:00+00:00","author":"Telinha","twitter_card":"summary_large_image","twitter_misc":{"Escrito por":"Telinha","Tempo estimado de leitura":"1 minuto"},"schema":{"@context":"https:\/\/schema.org","@graph":[{"@type":"Article","@id":"https:\/\/portaltela.pt\/noticias\/2026\/03\/15\/supremo-tribunal-ordena-prisao-efetiva-por-casas-ilegais-no-geres-ja\/#article","isPartOf":{"@id":"https:\/\/portaltela.pt\/noticias\/2026\/03\/15\/supremo-tribunal-ordena-prisao-efetiva-por-casas-ilegais-no-geres-ja\/"},"author":{"name":"Telinha","@id":"https:\/\/portaltela.pt\/#\/schema\/person\/c4278d4a6028830caff9ee44b42d32ed"},"headline":"Supremo Tribunal ordena pris\u00e3o efetiva por casas ilegais no Ger\u00eas j\u00e1","datePublished":"2026-03-15T15:10:00+00:00","mainEntityOfPage":{"@id":"https:\/\/portaltela.pt\/noticias\/2026\/03\/15\/supremo-tribunal-ordena-prisao-efetiva-por-casas-ilegais-no-geres-ja\/"},"wordCount":235,"image":{"@id":"https:\/\/portaltela.pt\/noticias\/2026\/03\/15\/supremo-tribunal-ordena-prisao-efetiva-por-casas-ilegais-no-geres-ja\/#primaryimage"},"thumbnailUrl":"https:\/\/portaltela.pt\/s.01k8rhncp4jt1\/2026\/03\/image-994.jpg","keywords":["crime","infra\u00e7\u00f5es","infra\u00e7\u00f5es ambientais","meio-ambiente","pris\u00f5es","urbanismo"],"articleSection":["Justi\u00e7a","Not\u00edcias"],"inLanguage":"pt-PT"},{"@type":"WebPage","@id":"https:\/\/portaltela.pt\/noticias\/2026\/03\/15\/supremo-tribunal-ordena-prisao-efetiva-por-casas-ilegais-no-geres-ja\/","url":"https:\/\/portaltela.pt\/noticias\/2026\/03\/15\/supremo-tribunal-ordena-prisao-efetiva-por-casas-ilegais-no-geres-ja\/","name":"Supremo Tribunal ordena pris\u00e3o efetiva por casas ilegais no Ger\u00eas j\u00e1 - Portal Tela Portugal","isPartOf":{"@id":"https:\/\/portaltela.pt\/#website"},"primaryImageOfPage":{"@id":"https:\/\/portaltela.pt\/noticias\/2026\/03\/15\/supremo-tribunal-ordena-prisao-efetiva-por-casas-ilegais-no-geres-ja\/#primaryimage"},"image":{"@id":"https:\/\/portaltela.pt\/noticias\/2026\/03\/15\/supremo-tribunal-ordena-prisao-efetiva-por-casas-ilegais-no-geres-ja\/#primaryimage"},"thumbnailUrl":"https:\/\/portaltela.pt\/s.01k8rhncp4jt1\/2026\/03\/image-994.jpg","datePublished":"2026-03-15T15:10:00+00:00","author":{"@id":"https:\/\/portaltela.pt\/#\/schema\/person\/c4278d4a6028830caff9ee44b42d32ed"},"breadcrumb":{"@id":"https:\/\/portaltela.pt\/noticias\/2026\/03\/15\/supremo-tribunal-ordena-prisao-efetiva-por-casas-ilegais-no-geres-ja\/#breadcrumb"},"inLanguage":"pt-PT","potentialAction":[{"@type":"ReadAction","target":["https:\/\/portaltela.pt\/noticias\/2026\/03\/15\/supremo-tribunal-ordena-prisao-efetiva-por-casas-ilegais-no-geres-ja\/"]}]},{"@type":"ImageObject","inLanguage":"pt-PT","@id":"https:\/\/portaltela.pt\/noticias\/2026\/03\/15\/supremo-tribunal-ordena-prisao-efetiva-por-casas-ilegais-no-geres-ja\/#primaryimage","url":"https:\/\/portaltela.pt\/s.01k8rhncp4jt1\/2026\/03\/image-994.jpg","contentUrl":"https:\/\/portaltela.pt\/s.01k8rhncp4jt1\/2026\/03\/image-994.jpg","width":796,"height":448,"caption":"Martine Pereira foi campe\u00e3o nacional de automobilismo e agora \u00e9 empres\u00e1rio da constru\u00e7\u00e3o civil"},{"@type":"BreadcrumbList","@id":"https:\/\/portaltela.pt\/noticias\/2026\/03\/15\/supremo-tribunal-ordena-prisao-efetiva-por-casas-ilegais-no-geres-ja\/#breadcrumb","itemListElement":[{"@type":"ListItem","position":1,"name":"In\u00edcio","item":"https:\/\/portaltela.pt\/"},{"@type":"ListItem","position":2,"name":"Supremo Tribunal ordena pris\u00e3o efetiva por casas ilegais no Ger\u00eas j\u00e1"}]},{"@type":"WebSite","@id":"https:\/\/portaltela.pt\/#website","url":"https:\/\/portaltela.pt\/","name":"Portal Tela Portugal","description":"","potentialAction":[{"@type":"SearchAction","target":{"@type":"EntryPoint","urlTemplate":"https:\/\/portaltela.pt\/?s={search_term_string}"},"query-input":{"@type":"PropertyValueSpecification","valueRequired":true,"valueName":"search_term_string"}}],"inLanguage":"pt-PT"},{"@type":"Person","@id":"https:\/\/portaltela.pt\/#\/schema\/person\/c4278d4a6028830caff9ee44b42d32ed","name":"Telinha","image":{"@type":"ImageObject","inLanguage":"pt-PT","@id":"https:\/\/portaltela.pt\/s.01k8rhncp4jt1\/2025\/11\/talking-bot-125x125.png","url":"https:\/\/portaltela.pt\/s.01k8rhncp4jt1\/2025\/11\/talking-bot-125x125.png","contentUrl":"https:\/\/portaltela.pt\/s.01k8rhncp4jt1\/2025\/11\/talking-bot-125x125.png","caption":"Telinha"},"sameAs":["https:\/\/portaltela.pt\/"],"url":"https:\/\/portaltela.pt\/por\/367410592786\/"}]}},"_links":{"self":[{"href":"https:\/\/portaltela.pt\/api\/wp\/v2\/posts\/411000","targetHints":{"allow":["GET"]}}],"collection":[{"href":"https:\/\/portaltela.pt\/api\/wp\/v2\/posts"}],"about":[{"href":"https:\/\/portaltela.pt\/api\/wp\/v2\/types\/post"}],"author":[{"embeddable":true,"href":"https:\/\/portaltela.pt\/api\/wp\/v2\/users\/2"}],"replies":[{"embeddable":true,"href":"https:\/\/portaltela.pt\/api\/wp\/v2\/comments?post=411000"}],"version-history":[{"count":0,"href":"https:\/\/portaltela.pt\/api\/wp\/v2\/posts\/411000\/revisions"}],"wp:featuredmedia":[{"embeddable":true,"href":"https:\/\/portaltela.pt\/api\/wp\/v2\/media\/411006"}],"wp:attachment":[{"href":"https:\/\/portaltela.pt\/api\/wp\/v2\/media?parent=411000"}],"wp:term":[{"taxonomy":"category","embeddable":true,"href":"https:\/\/portaltela.pt\/api\/wp\/v2\/categories?post=411000"},{"taxonomy":"post_tag","embeddable":true,"href":"https:\/\/portaltela.pt\/api\/wp\/v2\/tags?post=411000"}],"curies":[{"name":"wp","href":"https:\/\/api.w.org\/{rel}","templated":true}]}}