{"id":410988,"date":"2026-03-15T11:31:00","date_gmt":"2026-03-15T14:31:00","guid":{"rendered":"https:\/\/portaltela.pt\/noticias\/2026\/03\/15\/reparacao-de-estradas-danificadas-por-tempestades-90-concluida\/"},"modified":"2026-03-15T11:31:00","modified_gmt":"2026-03-15T14:31:00","slug":"reparacao-de-estradas-danificadas-por-tempestades-90-concluida","status":"publish","type":"post","link":"https:\/\/portaltela.pt\/noticias\/2026\/03\/15\/reparacao-de-estradas-danificadas-por-tempestades-90-concluida\/","title":{"rendered":"Repara\u00e7\u00e3o de estradas danificadas por tempestades, 90% conclu\u00edda"},"content":{"rendered":"<p>A repara\u00e7\u00e3o de estradas danificadas por tempestades no Pa\u00eds continua em curso. Pela \u00faltima atualiza\u00e7\u00e3o, 346 cortes totais de via foram registados pela IP, com apenas 34 casos ainda por resolver. O balan\u00e7o indica que 90% das interven\u00e7\u00f5es j\u00e1 est\u00e1 conclu\u00eddo.<\/p>\n<p>Segundo o minist\u00e9rio das Infraestruturas e Habita\u00e7\u00e3o, as obras seguem conforme os planos estabelecidos, visando restabelecer a circula\u00e7\u00e3o o mais rapidamente poss\u00edvel e com garantia de seguran\u00e7a para as vias afetadas.<\/p>\n<p>As interven\u00e7\u00f5es concentram-se em estradas nacionais cr\u00edticas, com equipas afetas a fechar rotas, reparar pavimentos e limpar derrames. O objetivo \u00e9 reduzir impactos na circula\u00e7\u00e3o rodovi\u00e1ria e nas acessibilidades locais.<\/p>\n<h3>Situa\u00e7\u00e3o atual<\/h3>\n<p>As informa\u00e7\u00f5es indicam que o ritmo de resolu\u00e7\u00e3o tem mantido a tend\u00eancia de melhoria, com a maioria dos cortes j\u00e1 encerrada. A IP prepara avalia\u00e7\u00f5es cont\u00ednuas para monitorizar a evolu\u00e7\u00e3o e identificar eventuais necessidades adicionais.<\/p>\n","protected":false},"excerpt":{"rendered":"<ul>\n<li>Os trabalhos de repara\u00e7\u00e3o de estradas danificadas ap\u00f3s tempestades no pa\u00eds est\u00e3o em curso, com 90% dos casos resolvidos.<\/li>\n<li>Segundo o minist\u00e9rio das Infraestruturas e Habita\u00e7\u00e3o, Infraestruturas de Portugal registou 346 cortes totais de via.<\/li>\n<li>Restam 34 casos por resolver.<\/li>\n<li>Informa\u00e7\u00f5es fornecidas pelo minist\u00e9rio indicam que as a\u00e7\u00f5es de recupera\u00e7\u00e3o continuam em v\u00e1rias regi\u00f5es.<\/li>\n<li>N\u00e3o foram detalhadas datas espec\u00edficas para a conclus\u00e3o dos casos remanescentes.<\/li>\n<\/ul>\n","protected":false},"author":2,"featured_media":410991,"comment_status":"closed","ping_status":"closed","sticky":false,"template":"","format":"standard","meta":{"footnotes":""},"categories":[1],"tags":[1083,1615,5691,2761,4971,4353],"class_list":["post-410988","post","type-post","status-publish","format-standard","has-post-thumbnail","hentry","category-noticias","tag-estradas","tag-infraestrutura","tag-obras","tag-seguranca-rodoviaria","tag-transporte-rodoviario","tag-vias-publicas"],"yoast_head":"<!-- This site is optimized with the Yoast SEO plugin v27.2 - https:\/\/yoast.com\/product\/yoast-seo-wordpress\/ -->\n<title>Repara\u00e7\u00e3o de estradas danificadas por tempestades, 90% conclu\u00edda - Portal Tela Portugal<\/title>\n<meta name=\"robots\" content=\"index, follow, max-snippet:-1, max-image-preview:large, max-video-preview:-1\" \/>\n<meta property=\"og:locale\" content=\"pt_PT\" \/>\n<meta property=\"og:type\" content=\"article\" \/>\n<meta property=\"og:title\" content=\"Repara\u00e7\u00e3o de estradas danificadas por tempestades, 90% conclu\u00edda - Portal Tela Portugal\" \/>\n<meta property=\"og:description\" content=\"Os trabalhos de repara\u00e7\u00e3o de estradas danificadas ap\u00f3s tempestades no pa\u00eds est\u00e3o em curso, com 90% dos casos resolvidos. Segundo o minist\u00e9rio das Infraestruturas e Habita\u00e7\u00e3o, Infraestruturas de Portugal registou 346 cortes totais de via. Restam 34 casos por resolver. Informa\u00e7\u00f5es fornecidas pelo minist\u00e9rio indicam que as a\u00e7\u00f5es de recupera\u00e7\u00e3o continuam em v\u00e1rias regi\u00f5es. N\u00e3o foram detalhadas datas espec\u00edficas para a conclus\u00e3o dos casos remanescentes.\" \/>\n<meta property=\"og:url\" content=\"https:\/\/portaltela.pt\/noticias\/2026\/03\/15\/reparacao-de-estradas-danificadas-por-tempestades-90-concluida\/\" \/>\n<meta property=\"og:site_name\" content=\"Portal Tela Portugal\" \/>\n<meta property=\"article:published_time\" content=\"2026-03-15T14:31:00+00:00\" \/>\n<meta name=\"author\" content=\"Telinha\" \/>\n<meta name=\"twitter:card\" content=\"summary_large_image\" \/>\n<meta name=\"twitter:label1\" content=\"Escrito por\" \/>\n\t<meta name=\"twitter:data1\" content=\"Telinha\" \/>\n\t<meta name=\"twitter:label2\" content=\"Tempo estimado de leitura\" \/>\n\t<meta name=\"twitter:data2\" content=\"1 minuto\" \/>\n<script type=\"application\/ld+json\" class=\"yoast-schema-graph\">{\"@context\":\"https:\/\/schema.org\",\"@graph\":[{\"@type\":\"Article\",\"@id\":\"https:\/\/portaltela.pt\/noticias\/2026\/03\/15\/reparacao-de-estradas-danificadas-por-tempestades-90-concluida\/#article\",\"isPartOf\":{\"@id\":\"https:\/\/portaltela.pt\/noticias\/2026\/03\/15\/reparacao-de-estradas-danificadas-por-tempestades-90-concluida\/\"},\"author\":{\"name\":\"Telinha\",\"@id\":\"https:\/\/portaltela.pt\/#\/schema\/person\/c4278d4a6028830caff9ee44b42d32ed\"},\"headline\":\"Repara\u00e7\u00e3o de estradas danificadas por tempestades, 90% conclu\u00edda\",\"datePublished\":\"2026-03-15T14:31:00+00:00\",\"mainEntityOfPage\":{\"@id\":\"https:\/\/portaltela.pt\/noticias\/2026\/03\/15\/reparacao-de-estradas-danificadas-por-tempestades-90-concluida\/\"},\"wordCount\":166,\"image\":{\"@id\":\"https:\/\/portaltela.pt\/noticias\/2026\/03\/15\/reparacao-de-estradas-danificadas-por-tempestades-90-concluida\/#primaryimage\"},\"thumbnailUrl\":\"https:\/\/portaltela.pt\/s.01k8rhncp4jt1\/2026\/03\/img_1280x722uu2026-03-15-12-46-13-2272489.jpg\",\"keywords\":[\"estradas\",\"infraestrutura\",\"obras\",\"seguran\u00e7a rodovi\u00e1ria\",\"transporte rodovi\u00e1rio\",\"vias p\u00fablicas\"],\"articleSection\":[\"Not\u00edcias\"],\"inLanguage\":\"pt-PT\"},{\"@type\":\"WebPage\",\"@id\":\"https:\/\/portaltela.pt\/noticias\/2026\/03\/15\/reparacao-de-estradas-danificadas-por-tempestades-90-concluida\/\",\"url\":\"https:\/\/portaltela.pt\/noticias\/2026\/03\/15\/reparacao-de-estradas-danificadas-por-tempestades-90-concluida\/\",\"name\":\"Repara\u00e7\u00e3o de estradas danificadas por tempestades, 90% conclu\u00edda - Portal Tela Portugal\",\"isPartOf\":{\"@id\":\"https:\/\/portaltela.pt\/#website\"},\"primaryImageOfPage\":{\"@id\":\"https:\/\/portaltela.pt\/noticias\/2026\/03\/15\/reparacao-de-estradas-danificadas-por-tempestades-90-concluida\/#primaryimage\"},\"image\":{\"@id\":\"https:\/\/portaltela.pt\/noticias\/2026\/03\/15\/reparacao-de-estradas-danificadas-por-tempestades-90-concluida\/#primaryimage\"},\"thumbnailUrl\":\"https:\/\/portaltela.pt\/s.01k8rhncp4jt1\/2026\/03\/img_1280x722uu2026-03-15-12-46-13-2272489.jpg\",\"datePublished\":\"2026-03-15T14:31:00+00:00\",\"author\":{\"@id\":\"https:\/\/portaltela.pt\/#\/schema\/person\/c4278d4a6028830caff9ee44b42d32ed\"},\"breadcrumb\":{\"@id\":\"https:\/\/portaltela.pt\/noticias\/2026\/03\/15\/reparacao-de-estradas-danificadas-por-tempestades-90-concluida\/#breadcrumb\"},\"inLanguage\":\"pt-PT\",\"potentialAction\":[{\"@type\":\"ReadAction\",\"target\":[\"https:\/\/portaltela.pt\/noticias\/2026\/03\/15\/reparacao-de-estradas-danificadas-por-tempestades-90-concluida\/\"]}]},{\"@type\":\"ImageObject\",\"inLanguage\":\"pt-PT\",\"@id\":\"https:\/\/portaltela.pt\/noticias\/2026\/03\/15\/reparacao-de-estradas-danificadas-por-tempestades-90-concluida\/#primaryimage\",\"url\":\"https:\/\/portaltela.pt\/s.01k8rhncp4jt1\/2026\/03\/img_1280x722uu2026-03-15-12-46-13-2272489.jpg\",\"contentUrl\":\"https:\/\/portaltela.pt\/s.01k8rhncp4jt1\/2026\/03\/img_1280x722uu2026-03-15-12-46-13-2272489.jpg\",\"width\":796,\"height\":448,\"caption\":\"Photo\"},{\"@type\":\"BreadcrumbList\",\"@id\":\"https:\/\/portaltela.pt\/noticias\/2026\/03\/15\/reparacao-de-estradas-danificadas-por-tempestades-90-concluida\/#breadcrumb\",\"itemListElement\":[{\"@type\":\"ListItem\",\"position\":1,\"name\":\"In\u00edcio\",\"item\":\"https:\/\/portaltela.pt\/\"},{\"@type\":\"ListItem\",\"position\":2,\"name\":\"Repara\u00e7\u00e3o de estradas danificadas por tempestades, 90% conclu\u00edda\"}]},{\"@type\":\"WebSite\",\"@id\":\"https:\/\/portaltela.pt\/#website\",\"url\":\"https:\/\/portaltela.pt\/\",\"name\":\"Portal Tela Portugal\",\"description\":\"\",\"potentialAction\":[{\"@type\":\"SearchAction\",\"target\":{\"@type\":\"EntryPoint\",\"urlTemplate\":\"https:\/\/portaltela.pt\/?s={search_term_string}\"},\"query-input\":{\"@type\":\"PropertyValueSpecification\",\"valueRequired\":true,\"valueName\":\"search_term_string\"}}],\"inLanguage\":\"pt-PT\"},{\"@type\":\"Person\",\"@id\":\"https:\/\/portaltela.pt\/#\/schema\/person\/c4278d4a6028830caff9ee44b42d32ed\",\"name\":\"Telinha\",\"image\":{\"@type\":\"ImageObject\",\"inLanguage\":\"pt-PT\",\"@id\":\"https:\/\/portaltela.pt\/s.01k8rhncp4jt1\/2025\/11\/talking-bot-125x125.png\",\"url\":\"https:\/\/portaltela.pt\/s.01k8rhncp4jt1\/2025\/11\/talking-bot-125x125.png\",\"contentUrl\":\"https:\/\/portaltela.pt\/s.01k8rhncp4jt1\/2025\/11\/talking-bot-125x125.png\",\"caption\":\"Telinha\"},\"sameAs\":[\"https:\/\/portaltela.pt\/\"],\"url\":\"https:\/\/portaltela.pt\/por\/367410592786\/\"}]}<\/script>\n<!-- \/ Yoast SEO plugin. -->","yoast_head_json":{"title":"Repara\u00e7\u00e3o de estradas danificadas por tempestades, 90% conclu\u00edda - Portal Tela Portugal","robots":{"index":"index","follow":"follow","max-snippet":"max-snippet:-1","max-image-preview":"max-image-preview:large","max-video-preview":"max-video-preview:-1"},"og_locale":"pt_PT","og_type":"article","og_title":"Repara\u00e7\u00e3o de estradas danificadas por tempestades, 90% conclu\u00edda - Portal Tela Portugal","og_description":"Os trabalhos de repara\u00e7\u00e3o de estradas danificadas ap\u00f3s tempestades no pa\u00eds est\u00e3o em curso, com 90% dos casos resolvidos. Segundo o minist\u00e9rio das Infraestruturas e Habita\u00e7\u00e3o, Infraestruturas de Portugal registou 346 cortes totais de via. Restam 34 casos por resolver. Informa\u00e7\u00f5es fornecidas pelo minist\u00e9rio indicam que as a\u00e7\u00f5es de recupera\u00e7\u00e3o continuam em v\u00e1rias regi\u00f5es. N\u00e3o foram detalhadas datas espec\u00edficas para a conclus\u00e3o dos casos remanescentes.","og_url":"https:\/\/portaltela.pt\/noticias\/2026\/03\/15\/reparacao-de-estradas-danificadas-por-tempestades-90-concluida\/","og_site_name":"Portal Tela Portugal","article_published_time":"2026-03-15T14:31:00+00:00","author":"Telinha","twitter_card":"summary_large_image","twitter_misc":{"Escrito por":"Telinha","Tempo estimado de leitura":"1 minuto"},"schema":{"@context":"https:\/\/schema.org","@graph":[{"@type":"Article","@id":"https:\/\/portaltela.pt\/noticias\/2026\/03\/15\/reparacao-de-estradas-danificadas-por-tempestades-90-concluida\/#article","isPartOf":{"@id":"https:\/\/portaltela.pt\/noticias\/2026\/03\/15\/reparacao-de-estradas-danificadas-por-tempestades-90-concluida\/"},"author":{"name":"Telinha","@id":"https:\/\/portaltela.pt\/#\/schema\/person\/c4278d4a6028830caff9ee44b42d32ed"},"headline":"Repara\u00e7\u00e3o de estradas danificadas por tempestades, 90% conclu\u00edda","datePublished":"2026-03-15T14:31:00+00:00","mainEntityOfPage":{"@id":"https:\/\/portaltela.pt\/noticias\/2026\/03\/15\/reparacao-de-estradas-danificadas-por-tempestades-90-concluida\/"},"wordCount":166,"image":{"@id":"https:\/\/portaltela.pt\/noticias\/2026\/03\/15\/reparacao-de-estradas-danificadas-por-tempestades-90-concluida\/#primaryimage"},"thumbnailUrl":"https:\/\/portaltela.pt\/s.01k8rhncp4jt1\/2026\/03\/img_1280x722uu2026-03-15-12-46-13-2272489.jpg","keywords":["estradas","infraestrutura","obras","seguran\u00e7a rodovi\u00e1ria","transporte rodovi\u00e1rio","vias p\u00fablicas"],"articleSection":["Not\u00edcias"],"inLanguage":"pt-PT"},{"@type":"WebPage","@id":"https:\/\/portaltela.pt\/noticias\/2026\/03\/15\/reparacao-de-estradas-danificadas-por-tempestades-90-concluida\/","url":"https:\/\/portaltela.pt\/noticias\/2026\/03\/15\/reparacao-de-estradas-danificadas-por-tempestades-90-concluida\/","name":"Repara\u00e7\u00e3o de estradas danificadas por tempestades, 90% conclu\u00edda - Portal Tela Portugal","isPartOf":{"@id":"https:\/\/portaltela.pt\/#website"},"primaryImageOfPage":{"@id":"https:\/\/portaltela.pt\/noticias\/2026\/03\/15\/reparacao-de-estradas-danificadas-por-tempestades-90-concluida\/#primaryimage"},"image":{"@id":"https:\/\/portaltela.pt\/noticias\/2026\/03\/15\/reparacao-de-estradas-danificadas-por-tempestades-90-concluida\/#primaryimage"},"thumbnailUrl":"https:\/\/portaltela.pt\/s.01k8rhncp4jt1\/2026\/03\/img_1280x722uu2026-03-15-12-46-13-2272489.jpg","datePublished":"2026-03-15T14:31:00+00:00","author":{"@id":"https:\/\/portaltela.pt\/#\/schema\/person\/c4278d4a6028830caff9ee44b42d32ed"},"breadcrumb":{"@id":"https:\/\/portaltela.pt\/noticias\/2026\/03\/15\/reparacao-de-estradas-danificadas-por-tempestades-90-concluida\/#breadcrumb"},"inLanguage":"pt-PT","potentialAction":[{"@type":"ReadAction","target":["https:\/\/portaltela.pt\/noticias\/2026\/03\/15\/reparacao-de-estradas-danificadas-por-tempestades-90-concluida\/"]}]},{"@type":"ImageObject","inLanguage":"pt-PT","@id":"https:\/\/portaltela.pt\/noticias\/2026\/03\/15\/reparacao-de-estradas-danificadas-por-tempestades-90-concluida\/#primaryimage","url":"https:\/\/portaltela.pt\/s.01k8rhncp4jt1\/2026\/03\/img_1280x722uu2026-03-15-12-46-13-2272489.jpg","contentUrl":"https:\/\/portaltela.pt\/s.01k8rhncp4jt1\/2026\/03\/img_1280x722uu2026-03-15-12-46-13-2272489.jpg","width":796,"height":448,"caption":"Photo"},{"@type":"BreadcrumbList","@id":"https:\/\/portaltela.pt\/noticias\/2026\/03\/15\/reparacao-de-estradas-danificadas-por-tempestades-90-concluida\/#breadcrumb","itemListElement":[{"@type":"ListItem","position":1,"name":"In\u00edcio","item":"https:\/\/portaltela.pt\/"},{"@type":"ListItem","position":2,"name":"Repara\u00e7\u00e3o de estradas danificadas por tempestades, 90% conclu\u00edda"}]},{"@type":"WebSite","@id":"https:\/\/portaltela.pt\/#website","url":"https:\/\/portaltela.pt\/","name":"Portal Tela Portugal","description":"","potentialAction":[{"@type":"SearchAction","target":{"@type":"EntryPoint","urlTemplate":"https:\/\/portaltela.pt\/?s={search_term_string}"},"query-input":{"@type":"PropertyValueSpecification","valueRequired":true,"valueName":"search_term_string"}}],"inLanguage":"pt-PT"},{"@type":"Person","@id":"https:\/\/portaltela.pt\/#\/schema\/person\/c4278d4a6028830caff9ee44b42d32ed","name":"Telinha","image":{"@type":"ImageObject","inLanguage":"pt-PT","@id":"https:\/\/portaltela.pt\/s.01k8rhncp4jt1\/2025\/11\/talking-bot-125x125.png","url":"https:\/\/portaltela.pt\/s.01k8rhncp4jt1\/2025\/11\/talking-bot-125x125.png","contentUrl":"https:\/\/portaltela.pt\/s.01k8rhncp4jt1\/2025\/11\/talking-bot-125x125.png","caption":"Telinha"},"sameAs":["https:\/\/portaltela.pt\/"],"url":"https:\/\/portaltela.pt\/por\/367410592786\/"}]}},"_links":{"self":[{"href":"https:\/\/portaltela.pt\/api\/wp\/v2\/posts\/410988","targetHints":{"allow":["GET"]}}],"collection":[{"href":"https:\/\/portaltela.pt\/api\/wp\/v2\/posts"}],"about":[{"href":"https:\/\/portaltela.pt\/api\/wp\/v2\/types\/post"}],"author":[{"embeddable":true,"href":"https:\/\/portaltela.pt\/api\/wp\/v2\/users\/2"}],"replies":[{"embeddable":true,"href":"https:\/\/portaltela.pt\/api\/wp\/v2\/comments?post=410988"}],"version-history":[{"count":0,"href":"https:\/\/portaltela.pt\/api\/wp\/v2\/posts\/410988\/revisions"}],"wp:featuredmedia":[{"embeddable":true,"href":"https:\/\/portaltela.pt\/api\/wp\/v2\/media\/410991"}],"wp:attachment":[{"href":"https:\/\/portaltela.pt\/api\/wp\/v2\/media?parent=410988"}],"wp:term":[{"taxonomy":"category","embeddable":true,"href":"https:\/\/portaltela.pt\/api\/wp\/v2\/categories?post=410988"},{"taxonomy":"post_tag","embeddable":true,"href":"https:\/\/portaltela.pt\/api\/wp\/v2\/tags?post=410988"}],"curies":[{"name":"wp","href":"https:\/\/api.w.org\/{rel}","templated":true}]}}