{"id":410978,"date":"2026-03-15T11:24:40","date_gmt":"2026-03-15T14:24:40","guid":{"rendered":"https:\/\/portaltela.pt\/noticias\/2026\/03\/15\/entidade-para-a-transparencia-ameaca-apresentar-queixa-contra-montenegro\/"},"modified":"2026-03-15T11:24:40","modified_gmt":"2026-03-15T14:24:40","slug":"entidade-para-a-transparencia-ameaca-apresentar-queixa-contra-montenegro","status":"publish","type":"post","link":"https:\/\/portaltela.pt\/noticias\/internacional\/2026\/03\/15\/entidade-para-a-transparencia-ameaca-apresentar-queixa-contra-montenegro\/","title":{"rendered":"Entidade para a Transpar\u00eancia amea\u00e7a apresentar queixa contra Montenegro"},"content":{"rendered":"<p>Uma Entidade para a Transpar\u00eancia amea\u00e7ou apresentar uma queixa de Montenegro \u00e0s autoridades, ap\u00f3s um aviso da EpT. O Primeiro-ministro apresentou recurso junto do Tribunal Constitucional. A not\u00edcia chega num contexto de controv\u00e9rsia pol\u00edtica em agenda p\u00fablica.<\/p>\n<p>O recurso foi apresentado no Tribunal Constitucional, no seguimento do aviso recebido da EpT. N\u00e3o foram avan\u00e7ados prazos ou datas espec\u00edficas, apenas a inten\u00e7\u00e3o de recorrer juridicamente. O objetivo \u00e9 esclarecer situa\u00e7\u00f5es associadas a Montenegro.<\/p>\n<p>Entre as informa\u00e7\u00f5es dispon\u00edveis, destaca-se um caso envolvendo o IPMA, alegadamente enganado por um pescador contratado para colher amostras de am\u00eaijoa no Tejo. Contabilizam-se 348 hospitaliza\u00e7\u00f5es ligadas a este epis\u00f3dio, conforme informa\u00e7\u00f5es oficiais.<\/p>\n<h3>IPMA enganado por pescador<\/h3>\n<p>O incidente envolve suposta rece\u00e7\u00e3o fraudulenta de amostras no Tejo, resultado em 348 hospitaliza\u00e7\u00f5es. As autoridades est\u00e3o a investigar responsabilidades e a acompanhar os impactos sanit\u00e1rios e ambientais. N\u00e3o foram detalhadas medidas de mitiga\u00e7\u00e3o.<\/p>\n<h3>Inc\u00eandio em Castelo de Vide<\/h3>\n<p>Relatos locais descrevem perdas de habita\u00e7\u00e3o para uma fam\u00edlia, com a moradia destru\u00edda pelo fogo. N\u00e3o foram divulgados dados sobre causas ou estado de outras estruturas.<\/p>\n<h3>Reabertura da fronteira e outras provid\u00eancias<\/h3>\n<p>Fontes associadas ao CM indicam que um enviado especial testemunhou a reabertura de fronteiras, com impactos na rela\u00e7\u00e3o entre regi\u00f5es envolvidas. Detalhes adicionais n\u00e3o foram fornecidos.<\/p>\n<h3>Tempestade de areia no M\u00e9dio Oriente<\/h3>\n<p>Novas imagens mostram uma tempestade de areia a atravessar v\u00e1rias zonas do M\u00e9dio Oriente, com efeitos relevantes para circula\u00e7\u00e3o e servi\u00e7os. Autoridades locais monitorizam a situa\u00e7\u00e3o.<\/p>\n<h3>Limpeza em Beirute<\/h3>\n<p>Opera\u00e7\u00f5es de limpeza seguem ap\u00f3s ataques israelitas, com foco na recupera\u00e7\u00e3o de infraestruturas e vias p\u00fablicas. N\u00e3o h\u00e1 informa\u00e7\u00e3o adicional sobre prazos ou resultados de curto prazo.<\/p>\n","protected":false},"excerpt":{"rendered":"<ul>\n<li>A Entidade para a Transpar\u00eancia amea\u00e7ou apresentar uma queixa contra Montenegro \u00e0s autoridades, ap\u00f3s aviso da Entidade para a Transpar\u00eancia; o Primeiro-Ministro apresentou recurso no Tribunal Constitucional.<\/li>\n<li>O IPMA foi enganado por um pescador contratado para colher amostras de am\u00eaijoa no Tejo; 348 pessoas foram hospitalizadas.<\/li>\n<li>Um homem perdeu a casa num inc\u00eandio em Castelo de Vide, declarando ter ficado apenas com a roupa que tinha no corpo.<\/li>\n<li>Um enviado especial do CM afirmou que o Curdist\u00e3o depende muito da alimenta\u00e7\u00e3o do Ir\u00e3o, no contexto da reabertura da fronteira.<\/li>\n<li>Novas imagens mostram tempestade de areia a atravessar v\u00e1rias zonas do M\u00e9dio Oriente, acompanhadas por opera\u00e7\u00f5es de limpeza em Beirute ap\u00f3s ataques israelitas.<\/li>\n<\/ul>\n","protected":false},"author":2,"featured_media":410983,"comment_status":"closed","ping_status":"closed","sticky":false,"template":"","format":"standard","meta":{"footnotes":""},"categories":[4,1],"tags":[2896,4002,7239,3968,2832,172],"class_list":["post-410978","post","type-post","status-publish","format-standard","has-post-thumbnail","hentry","category-internacional","category-noticias","tag-castelo-de-vide","tag-fronteiras","tag-hospitalizacoes","tag-ipma","tag-politica","tag-saude"],"yoast_head":"<!-- This site is optimized with the Yoast SEO plugin v27.2 - https:\/\/yoast.com\/product\/yoast-seo-wordpress\/ -->\n<title>Entidade para a Transpar\u00eancia amea\u00e7a apresentar queixa contra Montenegro - Portal Tela Portugal<\/title>\n<meta name=\"robots\" content=\"index, follow, max-snippet:-1, max-image-preview:large, max-video-preview:-1\" \/>\n<meta property=\"og:locale\" content=\"pt_PT\" \/>\n<meta property=\"og:type\" content=\"article\" \/>\n<meta property=\"og:title\" content=\"Entidade para a Transpar\u00eancia amea\u00e7a apresentar queixa contra Montenegro - Portal Tela Portugal\" \/>\n<meta property=\"og:description\" content=\"A Entidade para a Transpar\u00eancia amea\u00e7ou apresentar uma queixa contra Montenegro \u00e0s autoridades, ap\u00f3s aviso da Entidade para a Transpar\u00eancia; o Primeiro-Ministro apresentou recurso no Tribunal Constitucional. O IPMA foi enganado por um pescador contratado para colher amostras de am\u00eaijoa no Tejo; 348 pessoas foram hospitalizadas. Um homem perdeu a casa num inc\u00eandio em Castelo de Vide, declarando ter ficado apenas com a roupa que tinha no corpo. Um enviado especial do CM afirmou que o Curdist\u00e3o depende muito da alimenta\u00e7\u00e3o do Ir\u00e3o, no contexto da reabertura da fronteira. Novas imagens mostram tempestade de areia a atravessar v\u00e1rias zonas do M\u00e9dio Oriente, acompanhadas por opera\u00e7\u00f5es de limpeza em Beirute ap\u00f3s ataques israelitas.\" \/>\n<meta property=\"og:url\" content=\"https:\/\/portaltela.pt\/noticias\/2026\/03\/15\/entidade-para-a-transparencia-ameaca-apresentar-queixa-contra-montenegro\/\" \/>\n<meta property=\"og:site_name\" content=\"Portal Tela Portugal\" \/>\n<meta property=\"article:published_time\" content=\"2026-03-15T14:24:40+00:00\" \/>\n<meta name=\"author\" content=\"Telinha\" \/>\n<meta name=\"twitter:card\" content=\"summary_large_image\" \/>\n<meta name=\"twitter:label1\" content=\"Escrito por\" \/>\n\t<meta name=\"twitter:data1\" content=\"Telinha\" \/>\n\t<meta name=\"twitter:label2\" content=\"Tempo estimado de leitura\" \/>\n\t<meta name=\"twitter:data2\" content=\"2 minutos\" \/>\n<script type=\"application\/ld+json\" class=\"yoast-schema-graph\">{\"@context\":\"https:\/\/schema.org\",\"@graph\":[{\"@type\":\"Article\",\"@id\":\"https:\/\/portaltela.pt\/noticias\/2026\/03\/15\/entidade-para-a-transparencia-ameaca-apresentar-queixa-contra-montenegro\/#article\",\"isPartOf\":{\"@id\":\"https:\/\/portaltela.pt\/noticias\/2026\/03\/15\/entidade-para-a-transparencia-ameaca-apresentar-queixa-contra-montenegro\/\"},\"author\":{\"name\":\"Telinha\",\"@id\":\"https:\/\/portaltela.pt\/#\/schema\/person\/c4278d4a6028830caff9ee44b42d32ed\"},\"headline\":\"Entidade para a Transpar\u00eancia amea\u00e7a apresentar queixa contra Montenegro\",\"datePublished\":\"2026-03-15T14:24:40+00:00\",\"mainEntityOfPage\":{\"@id\":\"https:\/\/portaltela.pt\/noticias\/2026\/03\/15\/entidade-para-a-transparencia-ameaca-apresentar-queixa-contra-montenegro\/\"},\"wordCount\":321,\"image\":{\"@id\":\"https:\/\/portaltela.pt\/noticias\/2026\/03\/15\/entidade-para-a-transparencia-ameaca-apresentar-queixa-contra-montenegro\/#primaryimage\"},\"thumbnailUrl\":\"https:\/\/portaltela.pt\/s.01k8rhncp4jt1\/2026\/03\/img_1280x722uu2026-03-15-14-24-31-2272500.jpg\",\"keywords\":[\"Castelo de Vide\",\"fronteiras\",\"hospitaliza\u00e7\u00f5es\",\"IPMA\",\"pol\u00edtica\",\"sa\u00fade\"],\"articleSection\":[\"Internacional\",\"Not\u00edcias\"],\"inLanguage\":\"pt-PT\"},{\"@type\":\"WebPage\",\"@id\":\"https:\/\/portaltela.pt\/noticias\/2026\/03\/15\/entidade-para-a-transparencia-ameaca-apresentar-queixa-contra-montenegro\/\",\"url\":\"https:\/\/portaltela.pt\/noticias\/2026\/03\/15\/entidade-para-a-transparencia-ameaca-apresentar-queixa-contra-montenegro\/\",\"name\":\"Entidade para a Transpar\u00eancia amea\u00e7a apresentar queixa contra Montenegro - Portal Tela Portugal\",\"isPartOf\":{\"@id\":\"https:\/\/portaltela.pt\/#website\"},\"primaryImageOfPage\":{\"@id\":\"https:\/\/portaltela.pt\/noticias\/2026\/03\/15\/entidade-para-a-transparencia-ameaca-apresentar-queixa-contra-montenegro\/#primaryimage\"},\"image\":{\"@id\":\"https:\/\/portaltela.pt\/noticias\/2026\/03\/15\/entidade-para-a-transparencia-ameaca-apresentar-queixa-contra-montenegro\/#primaryimage\"},\"thumbnailUrl\":\"https:\/\/portaltela.pt\/s.01k8rhncp4jt1\/2026\/03\/img_1280x722uu2026-03-15-14-24-31-2272500.jpg\",\"datePublished\":\"2026-03-15T14:24:40+00:00\",\"author\":{\"@id\":\"https:\/\/portaltela.pt\/#\/schema\/person\/c4278d4a6028830caff9ee44b42d32ed\"},\"breadcrumb\":{\"@id\":\"https:\/\/portaltela.pt\/noticias\/2026\/03\/15\/entidade-para-a-transparencia-ameaca-apresentar-queixa-contra-montenegro\/#breadcrumb\"},\"inLanguage\":\"pt-PT\",\"potentialAction\":[{\"@type\":\"ReadAction\",\"target\":[\"https:\/\/portaltela.pt\/noticias\/2026\/03\/15\/entidade-para-a-transparencia-ameaca-apresentar-queixa-contra-montenegro\/\"]}]},{\"@type\":\"ImageObject\",\"inLanguage\":\"pt-PT\",\"@id\":\"https:\/\/portaltela.pt\/noticias\/2026\/03\/15\/entidade-para-a-transparencia-ameaca-apresentar-queixa-contra-montenegro\/#primaryimage\",\"url\":\"https:\/\/portaltela.pt\/s.01k8rhncp4jt1\/2026\/03\/img_1280x722uu2026-03-15-14-24-31-2272500.jpg\",\"contentUrl\":\"https:\/\/portaltela.pt\/s.01k8rhncp4jt1\/2026\/03\/img_1280x722uu2026-03-15-14-24-31-2272500.jpg\",\"width\":796,\"height\":448,\"caption\":\"Photo\"},{\"@type\":\"BreadcrumbList\",\"@id\":\"https:\/\/portaltela.pt\/noticias\/2026\/03\/15\/entidade-para-a-transparencia-ameaca-apresentar-queixa-contra-montenegro\/#breadcrumb\",\"itemListElement\":[{\"@type\":\"ListItem\",\"position\":1,\"name\":\"In\u00edcio\",\"item\":\"https:\/\/portaltela.pt\/\"},{\"@type\":\"ListItem\",\"position\":2,\"name\":\"Entidade para a Transpar\u00eancia amea\u00e7a apresentar queixa contra Montenegro\"}]},{\"@type\":\"WebSite\",\"@id\":\"https:\/\/portaltela.pt\/#website\",\"url\":\"https:\/\/portaltela.pt\/\",\"name\":\"Portal Tela Portugal\",\"description\":\"\",\"potentialAction\":[{\"@type\":\"SearchAction\",\"target\":{\"@type\":\"EntryPoint\",\"urlTemplate\":\"https:\/\/portaltela.pt\/?s={search_term_string}\"},\"query-input\":{\"@type\":\"PropertyValueSpecification\",\"valueRequired\":true,\"valueName\":\"search_term_string\"}}],\"inLanguage\":\"pt-PT\"},{\"@type\":\"Person\",\"@id\":\"https:\/\/portaltela.pt\/#\/schema\/person\/c4278d4a6028830caff9ee44b42d32ed\",\"name\":\"Telinha\",\"image\":{\"@type\":\"ImageObject\",\"inLanguage\":\"pt-PT\",\"@id\":\"https:\/\/portaltela.pt\/s.01k8rhncp4jt1\/2025\/11\/talking-bot-125x125.png\",\"url\":\"https:\/\/portaltela.pt\/s.01k8rhncp4jt1\/2025\/11\/talking-bot-125x125.png\",\"contentUrl\":\"https:\/\/portaltela.pt\/s.01k8rhncp4jt1\/2025\/11\/talking-bot-125x125.png\",\"caption\":\"Telinha\"},\"sameAs\":[\"https:\/\/portaltela.pt\/\"],\"url\":\"https:\/\/portaltela.pt\/por\/367410592786\/\"}]}<\/script>\n<!-- \/ Yoast SEO plugin. -->","yoast_head_json":{"title":"Entidade para a Transpar\u00eancia amea\u00e7a apresentar queixa contra Montenegro - Portal Tela Portugal","robots":{"index":"index","follow":"follow","max-snippet":"max-snippet:-1","max-image-preview":"max-image-preview:large","max-video-preview":"max-video-preview:-1"},"og_locale":"pt_PT","og_type":"article","og_title":"Entidade para a Transpar\u00eancia amea\u00e7a apresentar queixa contra Montenegro - Portal Tela Portugal","og_description":"A Entidade para a Transpar\u00eancia amea\u00e7ou apresentar uma queixa contra Montenegro \u00e0s autoridades, ap\u00f3s aviso da Entidade para a Transpar\u00eancia; o Primeiro-Ministro apresentou recurso no Tribunal Constitucional. O IPMA foi enganado por um pescador contratado para colher amostras de am\u00eaijoa no Tejo; 348 pessoas foram hospitalizadas. Um homem perdeu a casa num inc\u00eandio em Castelo de Vide, declarando ter ficado apenas com a roupa que tinha no corpo. Um enviado especial do CM afirmou que o Curdist\u00e3o depende muito da alimenta\u00e7\u00e3o do Ir\u00e3o, no contexto da reabertura da fronteira. Novas imagens mostram tempestade de areia a atravessar v\u00e1rias zonas do M\u00e9dio Oriente, acompanhadas por opera\u00e7\u00f5es de limpeza em Beirute ap\u00f3s ataques israelitas.","og_url":"https:\/\/portaltela.pt\/noticias\/2026\/03\/15\/entidade-para-a-transparencia-ameaca-apresentar-queixa-contra-montenegro\/","og_site_name":"Portal Tela Portugal","article_published_time":"2026-03-15T14:24:40+00:00","author":"Telinha","twitter_card":"summary_large_image","twitter_misc":{"Escrito por":"Telinha","Tempo estimado de leitura":"2 minutos"},"schema":{"@context":"https:\/\/schema.org","@graph":[{"@type":"Article","@id":"https:\/\/portaltela.pt\/noticias\/2026\/03\/15\/entidade-para-a-transparencia-ameaca-apresentar-queixa-contra-montenegro\/#article","isPartOf":{"@id":"https:\/\/portaltela.pt\/noticias\/2026\/03\/15\/entidade-para-a-transparencia-ameaca-apresentar-queixa-contra-montenegro\/"},"author":{"name":"Telinha","@id":"https:\/\/portaltela.pt\/#\/schema\/person\/c4278d4a6028830caff9ee44b42d32ed"},"headline":"Entidade para a Transpar\u00eancia amea\u00e7a apresentar queixa contra Montenegro","datePublished":"2026-03-15T14:24:40+00:00","mainEntityOfPage":{"@id":"https:\/\/portaltela.pt\/noticias\/2026\/03\/15\/entidade-para-a-transparencia-ameaca-apresentar-queixa-contra-montenegro\/"},"wordCount":321,"image":{"@id":"https:\/\/portaltela.pt\/noticias\/2026\/03\/15\/entidade-para-a-transparencia-ameaca-apresentar-queixa-contra-montenegro\/#primaryimage"},"thumbnailUrl":"https:\/\/portaltela.pt\/s.01k8rhncp4jt1\/2026\/03\/img_1280x722uu2026-03-15-14-24-31-2272500.jpg","keywords":["Castelo de Vide","fronteiras","hospitaliza\u00e7\u00f5es","IPMA","pol\u00edtica","sa\u00fade"],"articleSection":["Internacional","Not\u00edcias"],"inLanguage":"pt-PT"},{"@type":"WebPage","@id":"https:\/\/portaltela.pt\/noticias\/2026\/03\/15\/entidade-para-a-transparencia-ameaca-apresentar-queixa-contra-montenegro\/","url":"https:\/\/portaltela.pt\/noticias\/2026\/03\/15\/entidade-para-a-transparencia-ameaca-apresentar-queixa-contra-montenegro\/","name":"Entidade para a Transpar\u00eancia amea\u00e7a apresentar queixa contra Montenegro - Portal Tela Portugal","isPartOf":{"@id":"https:\/\/portaltela.pt\/#website"},"primaryImageOfPage":{"@id":"https:\/\/portaltela.pt\/noticias\/2026\/03\/15\/entidade-para-a-transparencia-ameaca-apresentar-queixa-contra-montenegro\/#primaryimage"},"image":{"@id":"https:\/\/portaltela.pt\/noticias\/2026\/03\/15\/entidade-para-a-transparencia-ameaca-apresentar-queixa-contra-montenegro\/#primaryimage"},"thumbnailUrl":"https:\/\/portaltela.pt\/s.01k8rhncp4jt1\/2026\/03\/img_1280x722uu2026-03-15-14-24-31-2272500.jpg","datePublished":"2026-03-15T14:24:40+00:00","author":{"@id":"https:\/\/portaltela.pt\/#\/schema\/person\/c4278d4a6028830caff9ee44b42d32ed"},"breadcrumb":{"@id":"https:\/\/portaltela.pt\/noticias\/2026\/03\/15\/entidade-para-a-transparencia-ameaca-apresentar-queixa-contra-montenegro\/#breadcrumb"},"inLanguage":"pt-PT","potentialAction":[{"@type":"ReadAction","target":["https:\/\/portaltela.pt\/noticias\/2026\/03\/15\/entidade-para-a-transparencia-ameaca-apresentar-queixa-contra-montenegro\/"]}]},{"@type":"ImageObject","inLanguage":"pt-PT","@id":"https:\/\/portaltela.pt\/noticias\/2026\/03\/15\/entidade-para-a-transparencia-ameaca-apresentar-queixa-contra-montenegro\/#primaryimage","url":"https:\/\/portaltela.pt\/s.01k8rhncp4jt1\/2026\/03\/img_1280x722uu2026-03-15-14-24-31-2272500.jpg","contentUrl":"https:\/\/portaltela.pt\/s.01k8rhncp4jt1\/2026\/03\/img_1280x722uu2026-03-15-14-24-31-2272500.jpg","width":796,"height":448,"caption":"Photo"},{"@type":"BreadcrumbList","@id":"https:\/\/portaltela.pt\/noticias\/2026\/03\/15\/entidade-para-a-transparencia-ameaca-apresentar-queixa-contra-montenegro\/#breadcrumb","itemListElement":[{"@type":"ListItem","position":1,"name":"In\u00edcio","item":"https:\/\/portaltela.pt\/"},{"@type":"ListItem","position":2,"name":"Entidade para a Transpar\u00eancia amea\u00e7a apresentar queixa contra Montenegro"}]},{"@type":"WebSite","@id":"https:\/\/portaltela.pt\/#website","url":"https:\/\/portaltela.pt\/","name":"Portal Tela Portugal","description":"","potentialAction":[{"@type":"SearchAction","target":{"@type":"EntryPoint","urlTemplate":"https:\/\/portaltela.pt\/?s={search_term_string}"},"query-input":{"@type":"PropertyValueSpecification","valueRequired":true,"valueName":"search_term_string"}}],"inLanguage":"pt-PT"},{"@type":"Person","@id":"https:\/\/portaltela.pt\/#\/schema\/person\/c4278d4a6028830caff9ee44b42d32ed","name":"Telinha","image":{"@type":"ImageObject","inLanguage":"pt-PT","@id":"https:\/\/portaltela.pt\/s.01k8rhncp4jt1\/2025\/11\/talking-bot-125x125.png","url":"https:\/\/portaltela.pt\/s.01k8rhncp4jt1\/2025\/11\/talking-bot-125x125.png","contentUrl":"https:\/\/portaltela.pt\/s.01k8rhncp4jt1\/2025\/11\/talking-bot-125x125.png","caption":"Telinha"},"sameAs":["https:\/\/portaltela.pt\/"],"url":"https:\/\/portaltela.pt\/por\/367410592786\/"}]}},"_links":{"self":[{"href":"https:\/\/portaltela.pt\/api\/wp\/v2\/posts\/410978","targetHints":{"allow":["GET"]}}],"collection":[{"href":"https:\/\/portaltela.pt\/api\/wp\/v2\/posts"}],"about":[{"href":"https:\/\/portaltela.pt\/api\/wp\/v2\/types\/post"}],"author":[{"embeddable":true,"href":"https:\/\/portaltela.pt\/api\/wp\/v2\/users\/2"}],"replies":[{"embeddable":true,"href":"https:\/\/portaltela.pt\/api\/wp\/v2\/comments?post=410978"}],"version-history":[{"count":0,"href":"https:\/\/portaltela.pt\/api\/wp\/v2\/posts\/410978\/revisions"}],"wp:featuredmedia":[{"embeddable":true,"href":"https:\/\/portaltela.pt\/api\/wp\/v2\/media\/410983"}],"wp:attachment":[{"href":"https:\/\/portaltela.pt\/api\/wp\/v2\/media?parent=410978"}],"wp:term":[{"taxonomy":"category","embeddable":true,"href":"https:\/\/portaltela.pt\/api\/wp\/v2\/categories?post=410978"},{"taxonomy":"post_tag","embeddable":true,"href":"https:\/\/portaltela.pt\/api\/wp\/v2\/tags?post=410978"}],"curies":[{"name":"wp","href":"https:\/\/api.w.org\/{rel}","templated":true}]}}