{"id":410974,"date":"2026-03-15T11:17:00","date_gmt":"2026-03-15T14:17:00","guid":{"rendered":"https:\/\/portaltela.pt\/noticias\/2026\/03\/15\/fuzileiros-em-missao-de-oito-meses-na-lituania-e-patrulha-de-f-16-no-baltico\/"},"modified":"2026-03-15T11:17:00","modified_gmt":"2026-03-15T14:17:00","slug":"fuzileiros-em-missao-de-oito-meses-na-lituania-e-patrulha-de-f-16-no-baltico","status":"publish","type":"post","link":"https:\/\/portaltela.pt\/noticias\/2026\/03\/15\/fuzileiros-em-missao-de-oito-meses-na-lituania-e-patrulha-de-f-16-no-baltico\/","title":{"rendered":"Fuzileiros em miss\u00e3o de oito meses na Litu\u00e2nia e patrulha de F-16 no B\u00e1ltico"},"content":{"rendered":"<p>Os fuzileiros portugueses v\u00e3o partir no dia 24 deste m\u00eas para uma miss\u00e3o de oito meses na Litu\u00e2nia, no \u00e2mbito das medidas de tranquiliza\u00e7\u00e3o da NATO no Flanco Leste. A opera\u00e7\u00e3o ocorre em Klaip\u0117da, junto ao enclave russo de Kaliningrado, refor\u00e7ando a presen\u00e7a cont\u00ednua no Teatro de Opera\u00e7\u00f5es.<\/p>\n<p>A partir da Force de Fuzileiros Litu\u00e2nia 2026 estar\u00e3o 120 militares atuando com uma estrutura que inclui Estado-Mor e Sec\u00e7\u00e3o de Pol\u00edcia Naval, al\u00e9m de m\u00f3dulos de proje\u00e7\u00e3o de for\u00e7a, apoio log\u00edstico, mergulhadores de combate e equipa de drones X31. A presen\u00e7a \u00e9 destacada como a maior neste per\u00edodo de atua\u00e7\u00e3o na regi\u00e3o.<\/p>\n<p>O objetivo \u00e9 dissuadir potenciais amea\u00e7as por meio do refor\u00e7o da presen\u00e7a militar e de exerc\u00edcios conjuntos com for\u00e7as lituanas e outros elementos da NATO. O comando da for\u00e7a est\u00e1 a cargo do capit\u00e3o-de-fragata Ant\u00f3nio Manuel Noro, com a gest\u00e3o de diversos m\u00f3dulos operacionais.<\/p>\n<h3>Fuzileiros na Litu\u00e2nia<\/h3>\n<p>A miss\u00e3o foi formalmente reconhecida pelo Comandante Naval, vice-almirante Jos\u00e9 Salvado de Figueiredo, que entregou o Estandarte Nacional \u00e0 for\u00e7a na semana passada. O acordo sublinha a import\u00e2ncia da miss\u00e3o para a estabilidade regional e para a defesa dos valores democr\u00e1ticos.<\/p>\n<p>A opera\u00e7\u00e3o envolve um conjunto de meios, incluindo um M\u00f3dulo de Apoio de Servi\u00e7os e de Assalto Anf\u00edbio, bem como uma equipa de mergulhadores de combate, uma equipa de abordagem e uma unidade de drones. A atua\u00e7\u00e3o est\u00e1 integrada no planeamento conjunto com for\u00e7as da NATO.<\/p>\n<h3>F-16 em patrulha b\u00e1ltica<\/h3>\n<p>Paralelamente, os ca\u00e7as F-16 da For\u00e7a A\u00e9rea voltam a patrular os pa\u00edses do B\u00e1ltico \u2013 Est\u00f3nia, Let\u00f3nia e Litu\u00e2nia \u2013 para refor\u00e7ar a dissu\u00e3o contra a\u00e7\u00f5es militares russas. O destacamento ter\u00e1 base em Amari, Est\u00f3nia, entre 1 de abril e 31 de julho, com quatro F-16 e at\u00e9 95 militares.<\/p>\n<p>Durante a miss\u00e3o, o contingente nacional executar\u00e1 patrulhas a\u00e9reas em estado de alerta elevado e participar\u00e1 em exerc\u00edcios de treino e interoperabilidade com for\u00e7as regionais. A participa\u00e7\u00e3o portuguesa em miss\u00f5es de policiamento a\u00e9reo no B\u00e1ltico abrange j\u00e1 quase duas d\u00e9cadas.<\/p>\n<p>Portugal j\u00e1 participa nestas miss\u00f5es desde 2007, com destacamentos de avi\u00f5es F-16 e militares nos Centros de Relato e Controlo dos pa\u00edses b\u00e1lticos. Esta ser\u00e1 a nona participa\u00e7\u00e3o da For\u00e7a A\u00e9rea neste tipo de miss\u00e3o na regi\u00e3o e a segunda a operar a partir da Est\u00f3nia.<\/p>\n<p>A cerim\u00f3nia de entrega do Estandarte Nacional ocorreu na Base A\u00e9rea N.\u00ba 5, Monte Real, com a presen\u00e7a do Diretor das Opera\u00e7\u00f5es A\u00e9reas, Brigadeiro-General Carlos Louren\u00e7o.<\/p>\n","protected":false},"excerpt":{"rendered":"<ul>\n<li>Os Fuzileiros partem no dia 24 deste m\u00eas para uma miss\u00e3o de oito meses na Litu\u00e2nia, no \u00e2mbito das medidas de tranquiliza\u00e7\u00e3o da NATO no Flanco Leste.<\/li>\n<li>A for\u00e7a litu\u00e2nia de fuzileiros, de cento e vinte militares, representa a maior presen\u00e7a cont\u00ednua deste teatro de opera\u00e7\u00f5es at\u00e9 aqui.<\/li>\n<li>O objetivo \u00e9 dissuadir amea\u00e7as refor\u00e7ando a presen\u00e7a militar e realizando exerc\u00edcios conjuntos com lituanos e outras for\u00e7as da NATO, junto a Klaip\u0117da, perto do enclave de Kaliningrado.<\/li>\n<li>A miss\u00e3o \u00e9 chefiada pelo capit\u00e3o-de-fragata Ant\u00f3nio Manuel Noro, com um n\u00facleo que inclui Estado-M maior, sec\u00e7\u00e3o de pol\u00edcia naval, m\u00f3dulos de proje\u00e7\u00e3o de for\u00e7a, apoio log\u00edstico e uma equipa de mergulhadores de combate e desativa\u00e7\u00e3o de explosivos.<\/li>\n<li>Os ca\u00e7as F-16 da For\u00e7a A\u00e9rea v\u00e3o voltar a patrulhar os pa\u00edses do B\u00e1ltico, com base em Amari, Est\u00f3nia, entre 1 de abril e 31 de julho, envolvendo quatro aeronaves e at\u00e9 noventa e cinco militares.<\/li>\n<\/ul>\n","protected":false},"author":2,"featured_media":410979,"comment_status":"closed","ping_status":"closed","sticky":false,"template":"","format":"standard","meta":{"footnotes":""},"categories":[1],"tags":[5618,3486,6169,5438,2166,1014],"class_list":["post-410974","post","type-post","status-publish","format-standard","has-post-thumbnail","hentry","category-noticias","tag-a-marinha","tag-estonia","tag-forca-aerea-portuguesa","tag-fuzileiros","tag-letonia","tag-portugal"],"yoast_head":"<!-- This site is optimized with the Yoast SEO plugin v27.2 - https:\/\/yoast.com\/product\/yoast-seo-wordpress\/ -->\n<title>Fuzileiros em miss\u00e3o de oito meses na Litu\u00e2nia e patrulha de F-16 no B\u00e1ltico - Portal Tela Portugal<\/title>\n<meta name=\"robots\" content=\"index, follow, max-snippet:-1, max-image-preview:large, max-video-preview:-1\" \/>\n<meta property=\"og:locale\" content=\"pt_PT\" \/>\n<meta property=\"og:type\" content=\"article\" \/>\n<meta property=\"og:title\" content=\"Fuzileiros em miss\u00e3o de oito meses na Litu\u00e2nia e patrulha de F-16 no B\u00e1ltico - Portal Tela Portugal\" \/>\n<meta property=\"og:description\" content=\"Os Fuzileiros partem no dia 24 deste m\u00eas para uma miss\u00e3o de oito meses na Litu\u00e2nia, no \u00e2mbito das medidas de tranquiliza\u00e7\u00e3o da NATO no Flanco Leste. A for\u00e7a litu\u00e2nia de fuzileiros, de cento e vinte militares, representa a maior presen\u00e7a cont\u00ednua deste teatro de opera\u00e7\u00f5es at\u00e9 aqui. O objetivo \u00e9 dissuadir amea\u00e7as refor\u00e7ando a presen\u00e7a militar e realizando exerc\u00edcios conjuntos com lituanos e outras for\u00e7as da NATO, junto a Klaip\u0117da, perto do enclave de Kaliningrado. A miss\u00e3o \u00e9 chefiada pelo capit\u00e3o-de-fragata Ant\u00f3nio Manuel Noro, com um n\u00facleo que inclui Estado-M maior, sec\u00e7\u00e3o de pol\u00edcia naval, m\u00f3dulos de proje\u00e7\u00e3o de for\u00e7a, apoio log\u00edstico e uma equipa de mergulhadores de combate e desativa\u00e7\u00e3o de explosivos. Os ca\u00e7as F-16 da For\u00e7a A\u00e9rea v\u00e3o voltar a patrulhar os pa\u00edses do B\u00e1ltico, com base em Amari, Est\u00f3nia, entre 1 de abril e 31 de julho, envolvendo quatro aeronaves e at\u00e9 noventa e cinco militares.\" \/>\n<meta property=\"og:url\" content=\"https:\/\/portaltela.pt\/noticias\/2026\/03\/15\/fuzileiros-em-missao-de-oito-meses-na-lituania-e-patrulha-de-f-16-no-baltico\/\" \/>\n<meta property=\"og:site_name\" content=\"Portal Tela Portugal\" \/>\n<meta property=\"article:published_time\" content=\"2026-03-15T14:17:00+00:00\" \/>\n<meta name=\"author\" content=\"Telinha\" \/>\n<meta name=\"twitter:card\" content=\"summary_large_image\" \/>\n<meta name=\"twitter:label1\" content=\"Escrito por\" \/>\n\t<meta name=\"twitter:data1\" content=\"Telinha\" \/>\n\t<meta name=\"twitter:label2\" content=\"Tempo estimado de leitura\" \/>\n\t<meta name=\"twitter:data2\" content=\"2 minutos\" \/>\n<script type=\"application\/ld+json\" class=\"yoast-schema-graph\">{\"@context\":\"https:\/\/schema.org\",\"@graph\":[{\"@type\":\"Article\",\"@id\":\"https:\/\/portaltela.pt\/noticias\/2026\/03\/15\/fuzileiros-em-missao-de-oito-meses-na-lituania-e-patrulha-de-f-16-no-baltico\/#article\",\"isPartOf\":{\"@id\":\"https:\/\/portaltela.pt\/noticias\/2026\/03\/15\/fuzileiros-em-missao-de-oito-meses-na-lituania-e-patrulha-de-f-16-no-baltico\/\"},\"author\":{\"name\":\"Telinha\",\"@id\":\"https:\/\/portaltela.pt\/#\/schema\/person\/c4278d4a6028830caff9ee44b42d32ed\"},\"headline\":\"Fuzileiros em miss\u00e3o de oito meses na Litu\u00e2nia e patrulha de F-16 no B\u00e1ltico\",\"datePublished\":\"2026-03-15T14:17:00+00:00\",\"mainEntityOfPage\":{\"@id\":\"https:\/\/portaltela.pt\/noticias\/2026\/03\/15\/fuzileiros-em-missao-de-oito-meses-na-lituania-e-patrulha-de-f-16-no-baltico\/\"},\"wordCount\":489,\"image\":{\"@id\":\"https:\/\/portaltela.pt\/noticias\/2026\/03\/15\/fuzileiros-em-missao-de-oito-meses-na-lituania-e-patrulha-de-f-16-no-baltico\/#primaryimage\"},\"thumbnailUrl\":\"https:\/\/portaltela.pt\/s.01k8rhncp4jt1\/2026\/03\/img_1280x721uu2026-03-15-14-12-07-2272497.jpg\",\"keywords\":[\"A Marinha\",\"Est\u00f3nia\",\"For\u00e7a A\u00e9rea Portuguesa\",\"Fuzileiros\",\"Let\u00f3nia\",\"Portugal\"],\"articleSection\":[\"Not\u00edcias\"],\"inLanguage\":\"pt-PT\"},{\"@type\":\"WebPage\",\"@id\":\"https:\/\/portaltela.pt\/noticias\/2026\/03\/15\/fuzileiros-em-missao-de-oito-meses-na-lituania-e-patrulha-de-f-16-no-baltico\/\",\"url\":\"https:\/\/portaltela.pt\/noticias\/2026\/03\/15\/fuzileiros-em-missao-de-oito-meses-na-lituania-e-patrulha-de-f-16-no-baltico\/\",\"name\":\"Fuzileiros em miss\u00e3o de oito meses na Litu\u00e2nia e patrulha de F-16 no B\u00e1ltico - Portal Tela Portugal\",\"isPartOf\":{\"@id\":\"https:\/\/portaltela.pt\/#website\"},\"primaryImageOfPage\":{\"@id\":\"https:\/\/portaltela.pt\/noticias\/2026\/03\/15\/fuzileiros-em-missao-de-oito-meses-na-lituania-e-patrulha-de-f-16-no-baltico\/#primaryimage\"},\"image\":{\"@id\":\"https:\/\/portaltela.pt\/noticias\/2026\/03\/15\/fuzileiros-em-missao-de-oito-meses-na-lituania-e-patrulha-de-f-16-no-baltico\/#primaryimage\"},\"thumbnailUrl\":\"https:\/\/portaltela.pt\/s.01k8rhncp4jt1\/2026\/03\/img_1280x721uu2026-03-15-14-12-07-2272497.jpg\",\"datePublished\":\"2026-03-15T14:17:00+00:00\",\"author\":{\"@id\":\"https:\/\/portaltela.pt\/#\/schema\/person\/c4278d4a6028830caff9ee44b42d32ed\"},\"breadcrumb\":{\"@id\":\"https:\/\/portaltela.pt\/noticias\/2026\/03\/15\/fuzileiros-em-missao-de-oito-meses-na-lituania-e-patrulha-de-f-16-no-baltico\/#breadcrumb\"},\"inLanguage\":\"pt-PT\",\"potentialAction\":[{\"@type\":\"ReadAction\",\"target\":[\"https:\/\/portaltela.pt\/noticias\/2026\/03\/15\/fuzileiros-em-missao-de-oito-meses-na-lituania-e-patrulha-de-f-16-no-baltico\/\"]}]},{\"@type\":\"ImageObject\",\"inLanguage\":\"pt-PT\",\"@id\":\"https:\/\/portaltela.pt\/noticias\/2026\/03\/15\/fuzileiros-em-missao-de-oito-meses-na-lituania-e-patrulha-de-f-16-no-baltico\/#primaryimage\",\"url\":\"https:\/\/portaltela.pt\/s.01k8rhncp4jt1\/2026\/03\/img_1280x721uu2026-03-15-14-12-07-2272497.jpg\",\"contentUrl\":\"https:\/\/portaltela.pt\/s.01k8rhncp4jt1\/2026\/03\/img_1280x721uu2026-03-15-14-12-07-2272497.jpg\",\"width\":796,\"height\":448,\"caption\":\"Ant\u00f3nio Manuel Noro recebe o Estandarte Nacional das m\u00e3os do Comandante Naval\"},{\"@type\":\"BreadcrumbList\",\"@id\":\"https:\/\/portaltela.pt\/noticias\/2026\/03\/15\/fuzileiros-em-missao-de-oito-meses-na-lituania-e-patrulha-de-f-16-no-baltico\/#breadcrumb\",\"itemListElement\":[{\"@type\":\"ListItem\",\"position\":1,\"name\":\"In\u00edcio\",\"item\":\"https:\/\/portaltela.pt\/\"},{\"@type\":\"ListItem\",\"position\":2,\"name\":\"Fuzileiros em miss\u00e3o de oito meses na Litu\u00e2nia e patrulha de F-16 no B\u00e1ltico\"}]},{\"@type\":\"WebSite\",\"@id\":\"https:\/\/portaltela.pt\/#website\",\"url\":\"https:\/\/portaltela.pt\/\",\"name\":\"Portal Tela Portugal\",\"description\":\"\",\"potentialAction\":[{\"@type\":\"SearchAction\",\"target\":{\"@type\":\"EntryPoint\",\"urlTemplate\":\"https:\/\/portaltela.pt\/?s={search_term_string}\"},\"query-input\":{\"@type\":\"PropertyValueSpecification\",\"valueRequired\":true,\"valueName\":\"search_term_string\"}}],\"inLanguage\":\"pt-PT\"},{\"@type\":\"Person\",\"@id\":\"https:\/\/portaltela.pt\/#\/schema\/person\/c4278d4a6028830caff9ee44b42d32ed\",\"name\":\"Telinha\",\"image\":{\"@type\":\"ImageObject\",\"inLanguage\":\"pt-PT\",\"@id\":\"https:\/\/portaltela.pt\/s.01k8rhncp4jt1\/2025\/11\/talking-bot-125x125.png\",\"url\":\"https:\/\/portaltela.pt\/s.01k8rhncp4jt1\/2025\/11\/talking-bot-125x125.png\",\"contentUrl\":\"https:\/\/portaltela.pt\/s.01k8rhncp4jt1\/2025\/11\/talking-bot-125x125.png\",\"caption\":\"Telinha\"},\"sameAs\":[\"https:\/\/portaltela.pt\/\"],\"url\":\"https:\/\/portaltela.pt\/por\/367410592786\/\"}]}<\/script>\n<!-- \/ Yoast SEO plugin. -->","yoast_head_json":{"title":"Fuzileiros em miss\u00e3o de oito meses na Litu\u00e2nia e patrulha de F-16 no B\u00e1ltico - Portal Tela Portugal","robots":{"index":"index","follow":"follow","max-snippet":"max-snippet:-1","max-image-preview":"max-image-preview:large","max-video-preview":"max-video-preview:-1"},"og_locale":"pt_PT","og_type":"article","og_title":"Fuzileiros em miss\u00e3o de oito meses na Litu\u00e2nia e patrulha de F-16 no B\u00e1ltico - Portal Tela Portugal","og_description":"Os Fuzileiros partem no dia 24 deste m\u00eas para uma miss\u00e3o de oito meses na Litu\u00e2nia, no \u00e2mbito das medidas de tranquiliza\u00e7\u00e3o da NATO no Flanco Leste. A for\u00e7a litu\u00e2nia de fuzileiros, de cento e vinte militares, representa a maior presen\u00e7a cont\u00ednua deste teatro de opera\u00e7\u00f5es at\u00e9 aqui. O objetivo \u00e9 dissuadir amea\u00e7as refor\u00e7ando a presen\u00e7a militar e realizando exerc\u00edcios conjuntos com lituanos e outras for\u00e7as da NATO, junto a Klaip\u0117da, perto do enclave de Kaliningrado. A miss\u00e3o \u00e9 chefiada pelo capit\u00e3o-de-fragata Ant\u00f3nio Manuel Noro, com um n\u00facleo que inclui Estado-M maior, sec\u00e7\u00e3o de pol\u00edcia naval, m\u00f3dulos de proje\u00e7\u00e3o de for\u00e7a, apoio log\u00edstico e uma equipa de mergulhadores de combate e desativa\u00e7\u00e3o de explosivos. Os ca\u00e7as F-16 da For\u00e7a A\u00e9rea v\u00e3o voltar a patrulhar os pa\u00edses do B\u00e1ltico, com base em Amari, Est\u00f3nia, entre 1 de abril e 31 de julho, envolvendo quatro aeronaves e at\u00e9 noventa e cinco militares.","og_url":"https:\/\/portaltela.pt\/noticias\/2026\/03\/15\/fuzileiros-em-missao-de-oito-meses-na-lituania-e-patrulha-de-f-16-no-baltico\/","og_site_name":"Portal Tela Portugal","article_published_time":"2026-03-15T14:17:00+00:00","author":"Telinha","twitter_card":"summary_large_image","twitter_misc":{"Escrito por":"Telinha","Tempo estimado de leitura":"2 minutos"},"schema":{"@context":"https:\/\/schema.org","@graph":[{"@type":"Article","@id":"https:\/\/portaltela.pt\/noticias\/2026\/03\/15\/fuzileiros-em-missao-de-oito-meses-na-lituania-e-patrulha-de-f-16-no-baltico\/#article","isPartOf":{"@id":"https:\/\/portaltela.pt\/noticias\/2026\/03\/15\/fuzileiros-em-missao-de-oito-meses-na-lituania-e-patrulha-de-f-16-no-baltico\/"},"author":{"name":"Telinha","@id":"https:\/\/portaltela.pt\/#\/schema\/person\/c4278d4a6028830caff9ee44b42d32ed"},"headline":"Fuzileiros em miss\u00e3o de oito meses na Litu\u00e2nia e patrulha de F-16 no B\u00e1ltico","datePublished":"2026-03-15T14:17:00+00:00","mainEntityOfPage":{"@id":"https:\/\/portaltela.pt\/noticias\/2026\/03\/15\/fuzileiros-em-missao-de-oito-meses-na-lituania-e-patrulha-de-f-16-no-baltico\/"},"wordCount":489,"image":{"@id":"https:\/\/portaltela.pt\/noticias\/2026\/03\/15\/fuzileiros-em-missao-de-oito-meses-na-lituania-e-patrulha-de-f-16-no-baltico\/#primaryimage"},"thumbnailUrl":"https:\/\/portaltela.pt\/s.01k8rhncp4jt1\/2026\/03\/img_1280x721uu2026-03-15-14-12-07-2272497.jpg","keywords":["A Marinha","Est\u00f3nia","For\u00e7a A\u00e9rea Portuguesa","Fuzileiros","Let\u00f3nia","Portugal"],"articleSection":["Not\u00edcias"],"inLanguage":"pt-PT"},{"@type":"WebPage","@id":"https:\/\/portaltela.pt\/noticias\/2026\/03\/15\/fuzileiros-em-missao-de-oito-meses-na-lituania-e-patrulha-de-f-16-no-baltico\/","url":"https:\/\/portaltela.pt\/noticias\/2026\/03\/15\/fuzileiros-em-missao-de-oito-meses-na-lituania-e-patrulha-de-f-16-no-baltico\/","name":"Fuzileiros em miss\u00e3o de oito meses na Litu\u00e2nia e patrulha de F-16 no B\u00e1ltico - Portal Tela Portugal","isPartOf":{"@id":"https:\/\/portaltela.pt\/#website"},"primaryImageOfPage":{"@id":"https:\/\/portaltela.pt\/noticias\/2026\/03\/15\/fuzileiros-em-missao-de-oito-meses-na-lituania-e-patrulha-de-f-16-no-baltico\/#primaryimage"},"image":{"@id":"https:\/\/portaltela.pt\/noticias\/2026\/03\/15\/fuzileiros-em-missao-de-oito-meses-na-lituania-e-patrulha-de-f-16-no-baltico\/#primaryimage"},"thumbnailUrl":"https:\/\/portaltela.pt\/s.01k8rhncp4jt1\/2026\/03\/img_1280x721uu2026-03-15-14-12-07-2272497.jpg","datePublished":"2026-03-15T14:17:00+00:00","author":{"@id":"https:\/\/portaltela.pt\/#\/schema\/person\/c4278d4a6028830caff9ee44b42d32ed"},"breadcrumb":{"@id":"https:\/\/portaltela.pt\/noticias\/2026\/03\/15\/fuzileiros-em-missao-de-oito-meses-na-lituania-e-patrulha-de-f-16-no-baltico\/#breadcrumb"},"inLanguage":"pt-PT","potentialAction":[{"@type":"ReadAction","target":["https:\/\/portaltela.pt\/noticias\/2026\/03\/15\/fuzileiros-em-missao-de-oito-meses-na-lituania-e-patrulha-de-f-16-no-baltico\/"]}]},{"@type":"ImageObject","inLanguage":"pt-PT","@id":"https:\/\/portaltela.pt\/noticias\/2026\/03\/15\/fuzileiros-em-missao-de-oito-meses-na-lituania-e-patrulha-de-f-16-no-baltico\/#primaryimage","url":"https:\/\/portaltela.pt\/s.01k8rhncp4jt1\/2026\/03\/img_1280x721uu2026-03-15-14-12-07-2272497.jpg","contentUrl":"https:\/\/portaltela.pt\/s.01k8rhncp4jt1\/2026\/03\/img_1280x721uu2026-03-15-14-12-07-2272497.jpg","width":796,"height":448,"caption":"Ant\u00f3nio Manuel Noro recebe o Estandarte Nacional das m\u00e3os do Comandante Naval"},{"@type":"BreadcrumbList","@id":"https:\/\/portaltela.pt\/noticias\/2026\/03\/15\/fuzileiros-em-missao-de-oito-meses-na-lituania-e-patrulha-de-f-16-no-baltico\/#breadcrumb","itemListElement":[{"@type":"ListItem","position":1,"name":"In\u00edcio","item":"https:\/\/portaltela.pt\/"},{"@type":"ListItem","position":2,"name":"Fuzileiros em miss\u00e3o de oito meses na Litu\u00e2nia e patrulha de F-16 no B\u00e1ltico"}]},{"@type":"WebSite","@id":"https:\/\/portaltela.pt\/#website","url":"https:\/\/portaltela.pt\/","name":"Portal Tela Portugal","description":"","potentialAction":[{"@type":"SearchAction","target":{"@type":"EntryPoint","urlTemplate":"https:\/\/portaltela.pt\/?s={search_term_string}"},"query-input":{"@type":"PropertyValueSpecification","valueRequired":true,"valueName":"search_term_string"}}],"inLanguage":"pt-PT"},{"@type":"Person","@id":"https:\/\/portaltela.pt\/#\/schema\/person\/c4278d4a6028830caff9ee44b42d32ed","name":"Telinha","image":{"@type":"ImageObject","inLanguage":"pt-PT","@id":"https:\/\/portaltela.pt\/s.01k8rhncp4jt1\/2025\/11\/talking-bot-125x125.png","url":"https:\/\/portaltela.pt\/s.01k8rhncp4jt1\/2025\/11\/talking-bot-125x125.png","contentUrl":"https:\/\/portaltela.pt\/s.01k8rhncp4jt1\/2025\/11\/talking-bot-125x125.png","caption":"Telinha"},"sameAs":["https:\/\/portaltela.pt\/"],"url":"https:\/\/portaltela.pt\/por\/367410592786\/"}]}},"_links":{"self":[{"href":"https:\/\/portaltela.pt\/api\/wp\/v2\/posts\/410974","targetHints":{"allow":["GET"]}}],"collection":[{"href":"https:\/\/portaltela.pt\/api\/wp\/v2\/posts"}],"about":[{"href":"https:\/\/portaltela.pt\/api\/wp\/v2\/types\/post"}],"author":[{"embeddable":true,"href":"https:\/\/portaltela.pt\/api\/wp\/v2\/users\/2"}],"replies":[{"embeddable":true,"href":"https:\/\/portaltela.pt\/api\/wp\/v2\/comments?post=410974"}],"version-history":[{"count":0,"href":"https:\/\/portaltela.pt\/api\/wp\/v2\/posts\/410974\/revisions"}],"wp:featuredmedia":[{"embeddable":true,"href":"https:\/\/portaltela.pt\/api\/wp\/v2\/media\/410979"}],"wp:attachment":[{"href":"https:\/\/portaltela.pt\/api\/wp\/v2\/media?parent=410974"}],"wp:term":[{"taxonomy":"category","embeddable":true,"href":"https:\/\/portaltela.pt\/api\/wp\/v2\/categories?post=410974"},{"taxonomy":"post_tag","embeddable":true,"href":"https:\/\/portaltela.pt\/api\/wp\/v2\/tags?post=410974"}],"curies":[{"name":"wp","href":"https:\/\/api.w.org\/{rel}","templated":true}]}}