{"id":410973,"date":"2026-03-15T11:22:00","date_gmt":"2026-03-15T14:22:00","guid":{"rendered":"https:\/\/portaltela.pt\/noticias\/2026\/03\/15\/atlanta-celebra-o-st-patrick-s-day-com-desfile-pelas-ruas\/"},"modified":"2026-03-15T11:22:00","modified_gmt":"2026-03-15T14:22:00","slug":"atlanta-celebra-o-st-patrick-s-day-com-desfile-pelas-ruas","status":"publish","type":"post","link":"https:\/\/portaltela.pt\/noticias\/2026\/03\/15\/atlanta-celebra-o-st-patrick-s-day-com-desfile-pelas-ruas\/","title":{"rendered":"Atlanta celebra o St. Patrick&#8217;s Day com desfile pelas ruas"},"content":{"rendered":"<p>Durante a celebra\u00e7\u00e3o do St. Patrick&#8217;s Day, o desfile percorreu as ruas de Atlanta, nos Estados Unidos. Milhares de pessoas assistiram ao evento, que contou com mais de duas mil pessoas envolvidas.<\/p>\n<p>Entre as participa\u00e7\u00f5es, estiveram bandas, carros aleg\u00f3ricos e grupos culturais dedicados \u00e0 tradi\u00e7\u00e3o irlandesa. Os organizadores destacaram a diversidade de apresenta\u00e7\u00f5es como destaque do desfile.<\/p>\n<p>O motivo do evento, segundo a organiza\u00e7\u00e3o, foi celebrar a heran\u00e7a irlandesa e promover a integra\u00e7\u00e3o cultural na cidade. A data e o local s\u00e3o tradicionais para a festividade na regi\u00e3o.<\/p>\n<h3>Desfile e participantes<\/h3>\n<p>Mais de 2 mil integrantes integraram as apresenta\u00e7\u00f5es, incluindo grupos musicais e coletivos comunit\u00e1rios. A programa\u00e7\u00e3o ocorreu ao longo de v\u00e1rias ruas centrais de Atlanta, atraindo p\u00fablico de diferentes faixas et\u00e1rias.<\/p>\n<p>A organiza\u00e7\u00e3o n\u00e3o informou dados adicionais sobre acertos log\u00edsticos ou n\u00fameros oficiais de p\u00fablico. O evento manteve foco nas tradi\u00e7\u00f5es, na m\u00fasica e nas coreografias.<\/p>\n","protected":false},"excerpt":{"rendered":"<ul>\n<li>milhares de pessoas assistiram ao desfile de St. Patrick&#8217;s Day em Atlanta, nos Estados Unidos.<\/li>\n<li>mais de dois mil participantes estiveram envolvidos entre bandas, carros aleg\u00f3ricos e grupos culturais.<\/li>\n<li>a celebra\u00e7\u00e3o destacou a tradi\u00e7\u00e3o irlandesa nas ruas da cidade.<\/li>\n<li>o evento ocorreu nas ruas de Atlanta, nos Estados Unidos.<\/li>\n<\/ul>\n","protected":false},"author":2,"featured_media":410980,"comment_status":"closed","ping_status":"closed","sticky":false,"template":"","format":"standard","meta":{"footnotes":""},"categories":[1],"tags":[903,145,3500,1600,2213,122],"class_list":["post-410973","post","type-post","status-publish","format-standard","has-post-thumbnail","hentry","category-noticias","tag-comunidades","tag-cultura","tag-desfiles-internacionais","tag-estados-unidos","tag-integracao-internacional","tag-musica"],"yoast_head":"<!-- This site is optimized with the Yoast SEO plugin v27.2 - https:\/\/yoast.com\/product\/yoast-seo-wordpress\/ -->\n<title>Atlanta celebra o St. Patrick&#039;s Day com desfile pelas ruas - Portal Tela Portugal<\/title>\n<meta name=\"robots\" content=\"index, follow, max-snippet:-1, max-image-preview:large, max-video-preview:-1\" \/>\n<meta property=\"og:locale\" content=\"pt_PT\" \/>\n<meta property=\"og:type\" content=\"article\" \/>\n<meta property=\"og:title\" content=\"Atlanta celebra o St. Patrick&#039;s Day com desfile pelas ruas - Portal Tela Portugal\" \/>\n<meta property=\"og:description\" content=\"milhares de pessoas assistiram ao desfile de St. Patrick&#039;s Day em Atlanta, nos Estados Unidos. mais de dois mil participantes estiveram envolvidos entre bandas, carros aleg\u00f3ricos e grupos culturais. a celebra\u00e7\u00e3o destacou a tradi\u00e7\u00e3o irlandesa nas ruas da cidade. o evento ocorreu nas ruas de Atlanta, nos Estados Unidos.\" \/>\n<meta property=\"og:url\" content=\"https:\/\/portaltela.pt\/noticias\/2026\/03\/15\/atlanta-celebra-o-st-patrick-s-day-com-desfile-pelas-ruas\/\" \/>\n<meta property=\"og:site_name\" content=\"Portal Tela Portugal\" \/>\n<meta property=\"article:published_time\" content=\"2026-03-15T14:22:00+00:00\" \/>\n<meta name=\"author\" content=\"Telinha\" \/>\n<meta name=\"twitter:card\" content=\"summary_large_image\" \/>\n<meta name=\"twitter:label1\" content=\"Escrito por\" \/>\n\t<meta name=\"twitter:data1\" content=\"Telinha\" \/>\n\t<meta name=\"twitter:label2\" content=\"Tempo estimado de leitura\" \/>\n\t<meta name=\"twitter:data2\" content=\"1 minuto\" \/>\n<script type=\"application\/ld+json\" class=\"yoast-schema-graph\">{\"@context\":\"https:\/\/schema.org\",\"@graph\":[{\"@type\":\"Article\",\"@id\":\"https:\/\/portaltela.pt\/noticias\/2026\/03\/15\/atlanta-celebra-o-st-patrick-s-day-com-desfile-pelas-ruas\/#article\",\"isPartOf\":{\"@id\":\"https:\/\/portaltela.pt\/noticias\/2026\/03\/15\/atlanta-celebra-o-st-patrick-s-day-com-desfile-pelas-ruas\/\"},\"author\":{\"name\":\"Telinha\",\"@id\":\"https:\/\/portaltela.pt\/#\/schema\/person\/c4278d4a6028830caff9ee44b42d32ed\"},\"headline\":\"Atlanta celebra o St. Patrick&#8217;s Day com desfile pelas ruas\",\"datePublished\":\"2026-03-15T14:22:00+00:00\",\"mainEntityOfPage\":{\"@id\":\"https:\/\/portaltela.pt\/noticias\/2026\/03\/15\/atlanta-celebra-o-st-patrick-s-day-com-desfile-pelas-ruas\/\"},\"wordCount\":180,\"image\":{\"@id\":\"https:\/\/portaltela.pt\/noticias\/2026\/03\/15\/atlanta-celebra-o-st-patrick-s-day-com-desfile-pelas-ruas\/#primaryimage\"},\"thumbnailUrl\":\"https:\/\/portaltela.pt\/s.01k8rhncp4jt1\/2026\/03\/img_1200x721uu2026-03-15-12-49-36-2427079.jpg\",\"keywords\":[\"comunidades\",\"cultura\",\"desfiles internacionais\",\"Estados Unidos\",\"integra\u00e7\u00e3o internacional\",\"m\u00fasica\"],\"articleSection\":[\"Not\u00edcias\"],\"inLanguage\":\"pt-PT\"},{\"@type\":\"WebPage\",\"@id\":\"https:\/\/portaltela.pt\/noticias\/2026\/03\/15\/atlanta-celebra-o-st-patrick-s-day-com-desfile-pelas-ruas\/\",\"url\":\"https:\/\/portaltela.pt\/noticias\/2026\/03\/15\/atlanta-celebra-o-st-patrick-s-day-com-desfile-pelas-ruas\/\",\"name\":\"Atlanta celebra o St. Patrick's Day com desfile pelas ruas - Portal Tela Portugal\",\"isPartOf\":{\"@id\":\"https:\/\/portaltela.pt\/#website\"},\"primaryImageOfPage\":{\"@id\":\"https:\/\/portaltela.pt\/noticias\/2026\/03\/15\/atlanta-celebra-o-st-patrick-s-day-com-desfile-pelas-ruas\/#primaryimage\"},\"image\":{\"@id\":\"https:\/\/portaltela.pt\/noticias\/2026\/03\/15\/atlanta-celebra-o-st-patrick-s-day-com-desfile-pelas-ruas\/#primaryimage\"},\"thumbnailUrl\":\"https:\/\/portaltela.pt\/s.01k8rhncp4jt1\/2026\/03\/img_1200x721uu2026-03-15-12-49-36-2427079.jpg\",\"datePublished\":\"2026-03-15T14:22:00+00:00\",\"author\":{\"@id\":\"https:\/\/portaltela.pt\/#\/schema\/person\/c4278d4a6028830caff9ee44b42d32ed\"},\"breadcrumb\":{\"@id\":\"https:\/\/portaltela.pt\/noticias\/2026\/03\/15\/atlanta-celebra-o-st-patrick-s-day-com-desfile-pelas-ruas\/#breadcrumb\"},\"inLanguage\":\"pt-PT\",\"potentialAction\":[{\"@type\":\"ReadAction\",\"target\":[\"https:\/\/portaltela.pt\/noticias\/2026\/03\/15\/atlanta-celebra-o-st-patrick-s-day-com-desfile-pelas-ruas\/\"]}]},{\"@type\":\"ImageObject\",\"inLanguage\":\"pt-PT\",\"@id\":\"https:\/\/portaltela.pt\/noticias\/2026\/03\/15\/atlanta-celebra-o-st-patrick-s-day-com-desfile-pelas-ruas\/#primaryimage\",\"url\":\"https:\/\/portaltela.pt\/s.01k8rhncp4jt1\/2026\/03\/img_1200x721uu2026-03-15-12-49-36-2427079.jpg\",\"contentUrl\":\"https:\/\/portaltela.pt\/s.01k8rhncp4jt1\/2026\/03\/img_1200x721uu2026-03-15-12-49-36-2427079.jpg\",\"width\":796,\"height\":448,\"caption\":\"Photo\"},{\"@type\":\"BreadcrumbList\",\"@id\":\"https:\/\/portaltela.pt\/noticias\/2026\/03\/15\/atlanta-celebra-o-st-patrick-s-day-com-desfile-pelas-ruas\/#breadcrumb\",\"itemListElement\":[{\"@type\":\"ListItem\",\"position\":1,\"name\":\"In\u00edcio\",\"item\":\"https:\/\/portaltela.pt\/\"},{\"@type\":\"ListItem\",\"position\":2,\"name\":\"Atlanta celebra o St. Patrick&#8217;s Day com desfile pelas ruas\"}]},{\"@type\":\"WebSite\",\"@id\":\"https:\/\/portaltela.pt\/#website\",\"url\":\"https:\/\/portaltela.pt\/\",\"name\":\"Portal Tela Portugal\",\"description\":\"\",\"potentialAction\":[{\"@type\":\"SearchAction\",\"target\":{\"@type\":\"EntryPoint\",\"urlTemplate\":\"https:\/\/portaltela.pt\/?s={search_term_string}\"},\"query-input\":{\"@type\":\"PropertyValueSpecification\",\"valueRequired\":true,\"valueName\":\"search_term_string\"}}],\"inLanguage\":\"pt-PT\"},{\"@type\":\"Person\",\"@id\":\"https:\/\/portaltela.pt\/#\/schema\/person\/c4278d4a6028830caff9ee44b42d32ed\",\"name\":\"Telinha\",\"image\":{\"@type\":\"ImageObject\",\"inLanguage\":\"pt-PT\",\"@id\":\"https:\/\/portaltela.pt\/s.01k8rhncp4jt1\/2025\/11\/talking-bot-125x125.png\",\"url\":\"https:\/\/portaltela.pt\/s.01k8rhncp4jt1\/2025\/11\/talking-bot-125x125.png\",\"contentUrl\":\"https:\/\/portaltela.pt\/s.01k8rhncp4jt1\/2025\/11\/talking-bot-125x125.png\",\"caption\":\"Telinha\"},\"sameAs\":[\"https:\/\/portaltela.pt\/\"],\"url\":\"https:\/\/portaltela.pt\/por\/367410592786\/\"}]}<\/script>\n<!-- \/ Yoast SEO plugin. -->","yoast_head_json":{"title":"Atlanta celebra o St. Patrick's Day com desfile pelas ruas - Portal Tela Portugal","robots":{"index":"index","follow":"follow","max-snippet":"max-snippet:-1","max-image-preview":"max-image-preview:large","max-video-preview":"max-video-preview:-1"},"og_locale":"pt_PT","og_type":"article","og_title":"Atlanta celebra o St. Patrick's Day com desfile pelas ruas - Portal Tela Portugal","og_description":"milhares de pessoas assistiram ao desfile de St. Patrick's Day em Atlanta, nos Estados Unidos. mais de dois mil participantes estiveram envolvidos entre bandas, carros aleg\u00f3ricos e grupos culturais. a celebra\u00e7\u00e3o destacou a tradi\u00e7\u00e3o irlandesa nas ruas da cidade. o evento ocorreu nas ruas de Atlanta, nos Estados Unidos.","og_url":"https:\/\/portaltela.pt\/noticias\/2026\/03\/15\/atlanta-celebra-o-st-patrick-s-day-com-desfile-pelas-ruas\/","og_site_name":"Portal Tela Portugal","article_published_time":"2026-03-15T14:22:00+00:00","author":"Telinha","twitter_card":"summary_large_image","twitter_misc":{"Escrito por":"Telinha","Tempo estimado de leitura":"1 minuto"},"schema":{"@context":"https:\/\/schema.org","@graph":[{"@type":"Article","@id":"https:\/\/portaltela.pt\/noticias\/2026\/03\/15\/atlanta-celebra-o-st-patrick-s-day-com-desfile-pelas-ruas\/#article","isPartOf":{"@id":"https:\/\/portaltela.pt\/noticias\/2026\/03\/15\/atlanta-celebra-o-st-patrick-s-day-com-desfile-pelas-ruas\/"},"author":{"name":"Telinha","@id":"https:\/\/portaltela.pt\/#\/schema\/person\/c4278d4a6028830caff9ee44b42d32ed"},"headline":"Atlanta celebra o St. Patrick&#8217;s Day com desfile pelas ruas","datePublished":"2026-03-15T14:22:00+00:00","mainEntityOfPage":{"@id":"https:\/\/portaltela.pt\/noticias\/2026\/03\/15\/atlanta-celebra-o-st-patrick-s-day-com-desfile-pelas-ruas\/"},"wordCount":180,"image":{"@id":"https:\/\/portaltela.pt\/noticias\/2026\/03\/15\/atlanta-celebra-o-st-patrick-s-day-com-desfile-pelas-ruas\/#primaryimage"},"thumbnailUrl":"https:\/\/portaltela.pt\/s.01k8rhncp4jt1\/2026\/03\/img_1200x721uu2026-03-15-12-49-36-2427079.jpg","keywords":["comunidades","cultura","desfiles internacionais","Estados Unidos","integra\u00e7\u00e3o internacional","m\u00fasica"],"articleSection":["Not\u00edcias"],"inLanguage":"pt-PT"},{"@type":"WebPage","@id":"https:\/\/portaltela.pt\/noticias\/2026\/03\/15\/atlanta-celebra-o-st-patrick-s-day-com-desfile-pelas-ruas\/","url":"https:\/\/portaltela.pt\/noticias\/2026\/03\/15\/atlanta-celebra-o-st-patrick-s-day-com-desfile-pelas-ruas\/","name":"Atlanta celebra o St. Patrick's Day com desfile pelas ruas - Portal Tela Portugal","isPartOf":{"@id":"https:\/\/portaltela.pt\/#website"},"primaryImageOfPage":{"@id":"https:\/\/portaltela.pt\/noticias\/2026\/03\/15\/atlanta-celebra-o-st-patrick-s-day-com-desfile-pelas-ruas\/#primaryimage"},"image":{"@id":"https:\/\/portaltela.pt\/noticias\/2026\/03\/15\/atlanta-celebra-o-st-patrick-s-day-com-desfile-pelas-ruas\/#primaryimage"},"thumbnailUrl":"https:\/\/portaltela.pt\/s.01k8rhncp4jt1\/2026\/03\/img_1200x721uu2026-03-15-12-49-36-2427079.jpg","datePublished":"2026-03-15T14:22:00+00:00","author":{"@id":"https:\/\/portaltela.pt\/#\/schema\/person\/c4278d4a6028830caff9ee44b42d32ed"},"breadcrumb":{"@id":"https:\/\/portaltela.pt\/noticias\/2026\/03\/15\/atlanta-celebra-o-st-patrick-s-day-com-desfile-pelas-ruas\/#breadcrumb"},"inLanguage":"pt-PT","potentialAction":[{"@type":"ReadAction","target":["https:\/\/portaltela.pt\/noticias\/2026\/03\/15\/atlanta-celebra-o-st-patrick-s-day-com-desfile-pelas-ruas\/"]}]},{"@type":"ImageObject","inLanguage":"pt-PT","@id":"https:\/\/portaltela.pt\/noticias\/2026\/03\/15\/atlanta-celebra-o-st-patrick-s-day-com-desfile-pelas-ruas\/#primaryimage","url":"https:\/\/portaltela.pt\/s.01k8rhncp4jt1\/2026\/03\/img_1200x721uu2026-03-15-12-49-36-2427079.jpg","contentUrl":"https:\/\/portaltela.pt\/s.01k8rhncp4jt1\/2026\/03\/img_1200x721uu2026-03-15-12-49-36-2427079.jpg","width":796,"height":448,"caption":"Photo"},{"@type":"BreadcrumbList","@id":"https:\/\/portaltela.pt\/noticias\/2026\/03\/15\/atlanta-celebra-o-st-patrick-s-day-com-desfile-pelas-ruas\/#breadcrumb","itemListElement":[{"@type":"ListItem","position":1,"name":"In\u00edcio","item":"https:\/\/portaltela.pt\/"},{"@type":"ListItem","position":2,"name":"Atlanta celebra o St. Patrick&#8217;s Day com desfile pelas ruas"}]},{"@type":"WebSite","@id":"https:\/\/portaltela.pt\/#website","url":"https:\/\/portaltela.pt\/","name":"Portal Tela Portugal","description":"","potentialAction":[{"@type":"SearchAction","target":{"@type":"EntryPoint","urlTemplate":"https:\/\/portaltela.pt\/?s={search_term_string}"},"query-input":{"@type":"PropertyValueSpecification","valueRequired":true,"valueName":"search_term_string"}}],"inLanguage":"pt-PT"},{"@type":"Person","@id":"https:\/\/portaltela.pt\/#\/schema\/person\/c4278d4a6028830caff9ee44b42d32ed","name":"Telinha","image":{"@type":"ImageObject","inLanguage":"pt-PT","@id":"https:\/\/portaltela.pt\/s.01k8rhncp4jt1\/2025\/11\/talking-bot-125x125.png","url":"https:\/\/portaltela.pt\/s.01k8rhncp4jt1\/2025\/11\/talking-bot-125x125.png","contentUrl":"https:\/\/portaltela.pt\/s.01k8rhncp4jt1\/2025\/11\/talking-bot-125x125.png","caption":"Telinha"},"sameAs":["https:\/\/portaltela.pt\/"],"url":"https:\/\/portaltela.pt\/por\/367410592786\/"}]}},"_links":{"self":[{"href":"https:\/\/portaltela.pt\/api\/wp\/v2\/posts\/410973","targetHints":{"allow":["GET"]}}],"collection":[{"href":"https:\/\/portaltela.pt\/api\/wp\/v2\/posts"}],"about":[{"href":"https:\/\/portaltela.pt\/api\/wp\/v2\/types\/post"}],"author":[{"embeddable":true,"href":"https:\/\/portaltela.pt\/api\/wp\/v2\/users\/2"}],"replies":[{"embeddable":true,"href":"https:\/\/portaltela.pt\/api\/wp\/v2\/comments?post=410973"}],"version-history":[{"count":0,"href":"https:\/\/portaltela.pt\/api\/wp\/v2\/posts\/410973\/revisions"}],"wp:featuredmedia":[{"embeddable":true,"href":"https:\/\/portaltela.pt\/api\/wp\/v2\/media\/410980"}],"wp:attachment":[{"href":"https:\/\/portaltela.pt\/api\/wp\/v2\/media?parent=410973"}],"wp:term":[{"taxonomy":"category","embeddable":true,"href":"https:\/\/portaltela.pt\/api\/wp\/v2\/categories?post=410973"},{"taxonomy":"post_tag","embeddable":true,"href":"https:\/\/portaltela.pt\/api\/wp\/v2\/tags?post=410973"}],"curies":[{"name":"wp","href":"https:\/\/api.w.org\/{rel}","templated":true}]}}