{"id":410951,"date":"2026-03-15T11:00:00","date_gmt":"2026-03-15T14:00:00","guid":{"rendered":"https:\/\/portaltela.pt\/noticias\/2026\/03\/15\/mais-de-50-museus-iranianos-danificados-em-duas-semanas-de-conflito\/"},"modified":"2026-03-15T11:00:00","modified_gmt":"2026-03-15T14:00:00","slug":"mais-de-50-museus-iranianos-danificados-em-duas-semanas-de-conflito","status":"publish","type":"post","link":"https:\/\/portaltela.pt\/noticias\/2026\/03\/15\/mais-de-50-museus-iranianos-danificados-em-duas-semanas-de-conflito\/","title":{"rendered":"Mais de 50 museus iranianos danificados em duas semanas de conflito"},"content":{"rendered":"<p>Mais de 50 museus e s\u00edtios hist\u00f3ricos do Ir\u00e3o foram danificados em duas semanas de conflito, segundo o Minist\u00e9rio do Patrim\u00f3nio Cultural e do Turismo iraniano. O ataque teve in\u00edcio a 28 de fevereiro, no \u00e2mbito de uma opera\u00e7\u00e3o liderada pela coliga\u00e7\u00e3o que incluiu os EUA e Israel. O Ir\u00e3o \u00e9 o pa\u00eds afetado pelas a\u00e7\u00f5es militares.<\/p>\n<p>O minist\u00e9rio iraniano indicou a amplia\u00e7\u00e3o do impacto cultural em v\u00e1rias regi\u00f5es, incluindo museus, pal\u00e1cios e s\u00edtios arqueol\u00f3gicos. Os dados, ainda n\u00e3o detalhados por local, apontam para danos em patrim\u00f3nio de valor hist\u00f3rico nacional.<\/p>\n<p>UNESCO confirmou danos a monumentos classificados como Patrim\u00f3nio Mundial em Teer\u00e3o e Isfahan. O organismo sublinhou a gravidade da situa\u00e7\u00e3o em comunicado emitido a 8 de mar\u00e7o, destacando impactos em v\u00e1rios locais culturais.<\/p>\n<h3>Confirma\u00e7\u00e3o da UNESCO<\/h3>\n<p>A ag\u00eancia da ONU reiterou a preocupa\u00e7\u00e3o com a prote\u00e7\u00e3o de educa\u00e7\u00e3o, cultura e comunica\u00e7\u00e3o \u00e0 luz do conflito. O relat\u00f3rio aponta para danos adicionais a patrim\u00f3nio mundial e para a necessidade de salvaguarda imediata.<\/p>\n","protected":false},"excerpt":{"rendered":"<ul>\n<li>O Minist\u00e9rio do Patrim\u00f3nio Cultural e do Turismo do Ir\u00e3o anunciou que mais de cinquenta museus e s\u00edtios hist\u00f3ricos foram danificados em duas semanas de guerra.<\/li>\n<li>A UNESCO confirmou danos em monumentos classificados como Patrim\u00f3nio Mundial de Teer\u00e3o (Teer\u00e3o) e Isfahan.<\/li>\n<li>O conflito come\u00e7ou no dia 28 de fevereiro, com uma ofensiva liderada pela coliga\u00e7\u00e3o Israel\u2013americana, chamada pela administra\u00e7\u00e3o de Trump como Opera\u00e7\u00e3o F\u00faria \u00c9pica.<\/li>\n<li>Segundo a UNESCO, h\u00e1 impactos em v\u00e1rios locais de import\u00e2ncia cultural, incluindo o Pal\u00e1cio de Golest\u00e3o, a Cidade Branca de Telavive e o porto de Tiro, todos listados como Patrim\u00f3nio Mundial.<\/li>\n<li>A ag\u00eancia sublinha o sofrimento humano, desloca\u00e7\u00f5es e mortes, num contexto de escalada do conflito.<\/li>\n<\/ul>\n","protected":false},"author":2,"featured_media":410956,"comment_status":"closed","ping_status":"closed","sticky":false,"template":"","format":"standard","meta":{"footnotes":""},"categories":[1],"tags":[145,5277,163,3153,1175,6320],"class_list":["post-410951","post","type-post","status-publish","format-standard","has-post-thumbnail","hentry","category-noticias","tag-cultura","tag-danos","tag-educacao","tag-ira","tag-patrimonio-cultural","tag-patrimonio-mundial-da-unesco"],"yoast_head":"<!-- This site is optimized with the Yoast SEO plugin v27.2 - https:\/\/yoast.com\/product\/yoast-seo-wordpress\/ -->\n<title>Mais de 50 museus iranianos danificados em duas semanas de conflito - Portal Tela Portugal<\/title>\n<meta name=\"robots\" content=\"index, follow, max-snippet:-1, max-image-preview:large, max-video-preview:-1\" \/>\n<meta property=\"og:locale\" content=\"pt_PT\" \/>\n<meta property=\"og:type\" content=\"article\" \/>\n<meta property=\"og:title\" content=\"Mais de 50 museus iranianos danificados em duas semanas de conflito - Portal Tela Portugal\" \/>\n<meta property=\"og:description\" content=\"O Minist\u00e9rio do Patrim\u00f3nio Cultural e do Turismo do Ir\u00e3o anunciou que mais de cinquenta museus e s\u00edtios hist\u00f3ricos foram danificados em duas semanas de guerra. A UNESCO confirmou danos em monumentos classificados como Patrim\u00f3nio Mundial de Teer\u00e3o (Teer\u00e3o) e Isfahan. O conflito come\u00e7ou no dia 28 de fevereiro, com uma ofensiva liderada pela coliga\u00e7\u00e3o Israel\u2013americana, chamada pela administra\u00e7\u00e3o de Trump como Opera\u00e7\u00e3o F\u00faria \u00c9pica. Segundo a UNESCO, h\u00e1 impactos em v\u00e1rios locais de import\u00e2ncia cultural, incluindo o Pal\u00e1cio de Golest\u00e3o, a Cidade Branca de Telavive e o porto de Tiro, todos listados como Patrim\u00f3nio Mundial. A ag\u00eancia sublinha o sofrimento humano, desloca\u00e7\u00f5es e mortes, num contexto de escalada do conflito.\" \/>\n<meta property=\"og:url\" content=\"https:\/\/portaltela.pt\/noticias\/2026\/03\/15\/mais-de-50-museus-iranianos-danificados-em-duas-semanas-de-conflito\/\" \/>\n<meta property=\"og:site_name\" content=\"Portal Tela Portugal\" \/>\n<meta property=\"article:published_time\" content=\"2026-03-15T14:00:00+00:00\" \/>\n<meta name=\"author\" content=\"Telinha\" \/>\n<meta name=\"twitter:card\" content=\"summary_large_image\" \/>\n<meta name=\"twitter:label1\" content=\"Escrito por\" \/>\n\t<meta name=\"twitter:data1\" content=\"Telinha\" \/>\n\t<meta name=\"twitter:label2\" content=\"Tempo estimado de leitura\" \/>\n\t<meta name=\"twitter:data2\" content=\"1 minuto\" \/>\n<script type=\"application\/ld+json\" class=\"yoast-schema-graph\">{\"@context\":\"https:\/\/schema.org\",\"@graph\":[{\"@type\":\"Article\",\"@id\":\"https:\/\/portaltela.pt\/noticias\/2026\/03\/15\/mais-de-50-museus-iranianos-danificados-em-duas-semanas-de-conflito\/#article\",\"isPartOf\":{\"@id\":\"https:\/\/portaltela.pt\/noticias\/2026\/03\/15\/mais-de-50-museus-iranianos-danificados-em-duas-semanas-de-conflito\/\"},\"author\":{\"name\":\"Telinha\",\"@id\":\"https:\/\/portaltela.pt\/#\/schema\/person\/c4278d4a6028830caff9ee44b42d32ed\"},\"headline\":\"Mais de 50 museus iranianos danificados em duas semanas de conflito\",\"datePublished\":\"2026-03-15T14:00:00+00:00\",\"mainEntityOfPage\":{\"@id\":\"https:\/\/portaltela.pt\/noticias\/2026\/03\/15\/mais-de-50-museus-iranianos-danificados-em-duas-semanas-de-conflito\/\"},\"wordCount\":201,\"image\":{\"@id\":\"https:\/\/portaltela.pt\/noticias\/2026\/03\/15\/mais-de-50-museus-iranianos-danificados-em-duas-semanas-de-conflito\/#primaryimage\"},\"thumbnailUrl\":\"https:\/\/portaltela.pt\/s.01k8rhncp4jt1\/2026\/03\/2074020.jpg\",\"keywords\":[\"cultura\",\"danos\",\"educa\u00e7\u00e3o\",\"Ir\u00e3\",\"Patrim\u00f3nio Cultural\",\"Patrim\u00f3nio Mundial da UNESCO\"],\"articleSection\":[\"Not\u00edcias\"],\"inLanguage\":\"pt-PT\"},{\"@type\":\"WebPage\",\"@id\":\"https:\/\/portaltela.pt\/noticias\/2026\/03\/15\/mais-de-50-museus-iranianos-danificados-em-duas-semanas-de-conflito\/\",\"url\":\"https:\/\/portaltela.pt\/noticias\/2026\/03\/15\/mais-de-50-museus-iranianos-danificados-em-duas-semanas-de-conflito\/\",\"name\":\"Mais de 50 museus iranianos danificados em duas semanas de conflito - Portal Tela Portugal\",\"isPartOf\":{\"@id\":\"https:\/\/portaltela.pt\/#website\"},\"primaryImageOfPage\":{\"@id\":\"https:\/\/portaltela.pt\/noticias\/2026\/03\/15\/mais-de-50-museus-iranianos-danificados-em-duas-semanas-de-conflito\/#primaryimage\"},\"image\":{\"@id\":\"https:\/\/portaltela.pt\/noticias\/2026\/03\/15\/mais-de-50-museus-iranianos-danificados-em-duas-semanas-de-conflito\/#primaryimage\"},\"thumbnailUrl\":\"https:\/\/portaltela.pt\/s.01k8rhncp4jt1\/2026\/03\/2074020.jpg\",\"datePublished\":\"2026-03-15T14:00:00+00:00\",\"author\":{\"@id\":\"https:\/\/portaltela.pt\/#\/schema\/person\/c4278d4a6028830caff9ee44b42d32ed\"},\"breadcrumb\":{\"@id\":\"https:\/\/portaltela.pt\/noticias\/2026\/03\/15\/mais-de-50-museus-iranianos-danificados-em-duas-semanas-de-conflito\/#breadcrumb\"},\"inLanguage\":\"pt-PT\",\"potentialAction\":[{\"@type\":\"ReadAction\",\"target\":[\"https:\/\/portaltela.pt\/noticias\/2026\/03\/15\/mais-de-50-museus-iranianos-danificados-em-duas-semanas-de-conflito\/\"]}]},{\"@type\":\"ImageObject\",\"inLanguage\":\"pt-PT\",\"@id\":\"https:\/\/portaltela.pt\/noticias\/2026\/03\/15\/mais-de-50-museus-iranianos-danificados-em-duas-semanas-de-conflito\/#primaryimage\",\"url\":\"https:\/\/portaltela.pt\/s.01k8rhncp4jt1\/2026\/03\/2074020.jpg\",\"contentUrl\":\"https:\/\/portaltela.pt\/s.01k8rhncp4jt1\/2026\/03\/2074020.jpg\",\"width\":796,\"height\":448,\"caption\":\"O Pal\u00e1cio de Golest\u00e3o, em Teer\u00e3o, classificado desde 2013 como Patrim\u00f3nio Mundial pela UNESCO, foi atingido durante um bombardeamento\"},{\"@type\":\"BreadcrumbList\",\"@id\":\"https:\/\/portaltela.pt\/noticias\/2026\/03\/15\/mais-de-50-museus-iranianos-danificados-em-duas-semanas-de-conflito\/#breadcrumb\",\"itemListElement\":[{\"@type\":\"ListItem\",\"position\":1,\"name\":\"In\u00edcio\",\"item\":\"https:\/\/portaltela.pt\/\"},{\"@type\":\"ListItem\",\"position\":2,\"name\":\"Mais de 50 museus iranianos danificados em duas semanas de conflito\"}]},{\"@type\":\"WebSite\",\"@id\":\"https:\/\/portaltela.pt\/#website\",\"url\":\"https:\/\/portaltela.pt\/\",\"name\":\"Portal Tela Portugal\",\"description\":\"\",\"potentialAction\":[{\"@type\":\"SearchAction\",\"target\":{\"@type\":\"EntryPoint\",\"urlTemplate\":\"https:\/\/portaltela.pt\/?s={search_term_string}\"},\"query-input\":{\"@type\":\"PropertyValueSpecification\",\"valueRequired\":true,\"valueName\":\"search_term_string\"}}],\"inLanguage\":\"pt-PT\"},{\"@type\":\"Person\",\"@id\":\"https:\/\/portaltela.pt\/#\/schema\/person\/c4278d4a6028830caff9ee44b42d32ed\",\"name\":\"Telinha\",\"image\":{\"@type\":\"ImageObject\",\"inLanguage\":\"pt-PT\",\"@id\":\"https:\/\/portaltela.pt\/s.01k8rhncp4jt1\/2025\/11\/talking-bot-125x125.png\",\"url\":\"https:\/\/portaltela.pt\/s.01k8rhncp4jt1\/2025\/11\/talking-bot-125x125.png\",\"contentUrl\":\"https:\/\/portaltela.pt\/s.01k8rhncp4jt1\/2025\/11\/talking-bot-125x125.png\",\"caption\":\"Telinha\"},\"sameAs\":[\"https:\/\/portaltela.pt\/\"],\"url\":\"https:\/\/portaltela.pt\/por\/367410592786\/\"}]}<\/script>\n<!-- \/ Yoast SEO plugin. -->","yoast_head_json":{"title":"Mais de 50 museus iranianos danificados em duas semanas de conflito - Portal Tela Portugal","robots":{"index":"index","follow":"follow","max-snippet":"max-snippet:-1","max-image-preview":"max-image-preview:large","max-video-preview":"max-video-preview:-1"},"og_locale":"pt_PT","og_type":"article","og_title":"Mais de 50 museus iranianos danificados em duas semanas de conflito - Portal Tela Portugal","og_description":"O Minist\u00e9rio do Patrim\u00f3nio Cultural e do Turismo do Ir\u00e3o anunciou que mais de cinquenta museus e s\u00edtios hist\u00f3ricos foram danificados em duas semanas de guerra. A UNESCO confirmou danos em monumentos classificados como Patrim\u00f3nio Mundial de Teer\u00e3o (Teer\u00e3o) e Isfahan. O conflito come\u00e7ou no dia 28 de fevereiro, com uma ofensiva liderada pela coliga\u00e7\u00e3o Israel\u2013americana, chamada pela administra\u00e7\u00e3o de Trump como Opera\u00e7\u00e3o F\u00faria \u00c9pica. Segundo a UNESCO, h\u00e1 impactos em v\u00e1rios locais de import\u00e2ncia cultural, incluindo o Pal\u00e1cio de Golest\u00e3o, a Cidade Branca de Telavive e o porto de Tiro, todos listados como Patrim\u00f3nio Mundial. A ag\u00eancia sublinha o sofrimento humano, desloca\u00e7\u00f5es e mortes, num contexto de escalada do conflito.","og_url":"https:\/\/portaltela.pt\/noticias\/2026\/03\/15\/mais-de-50-museus-iranianos-danificados-em-duas-semanas-de-conflito\/","og_site_name":"Portal Tela Portugal","article_published_time":"2026-03-15T14:00:00+00:00","author":"Telinha","twitter_card":"summary_large_image","twitter_misc":{"Escrito por":"Telinha","Tempo estimado de leitura":"1 minuto"},"schema":{"@context":"https:\/\/schema.org","@graph":[{"@type":"Article","@id":"https:\/\/portaltela.pt\/noticias\/2026\/03\/15\/mais-de-50-museus-iranianos-danificados-em-duas-semanas-de-conflito\/#article","isPartOf":{"@id":"https:\/\/portaltela.pt\/noticias\/2026\/03\/15\/mais-de-50-museus-iranianos-danificados-em-duas-semanas-de-conflito\/"},"author":{"name":"Telinha","@id":"https:\/\/portaltela.pt\/#\/schema\/person\/c4278d4a6028830caff9ee44b42d32ed"},"headline":"Mais de 50 museus iranianos danificados em duas semanas de conflito","datePublished":"2026-03-15T14:00:00+00:00","mainEntityOfPage":{"@id":"https:\/\/portaltela.pt\/noticias\/2026\/03\/15\/mais-de-50-museus-iranianos-danificados-em-duas-semanas-de-conflito\/"},"wordCount":201,"image":{"@id":"https:\/\/portaltela.pt\/noticias\/2026\/03\/15\/mais-de-50-museus-iranianos-danificados-em-duas-semanas-de-conflito\/#primaryimage"},"thumbnailUrl":"https:\/\/portaltela.pt\/s.01k8rhncp4jt1\/2026\/03\/2074020.jpg","keywords":["cultura","danos","educa\u00e7\u00e3o","Ir\u00e3","Patrim\u00f3nio Cultural","Patrim\u00f3nio Mundial da UNESCO"],"articleSection":["Not\u00edcias"],"inLanguage":"pt-PT"},{"@type":"WebPage","@id":"https:\/\/portaltela.pt\/noticias\/2026\/03\/15\/mais-de-50-museus-iranianos-danificados-em-duas-semanas-de-conflito\/","url":"https:\/\/portaltela.pt\/noticias\/2026\/03\/15\/mais-de-50-museus-iranianos-danificados-em-duas-semanas-de-conflito\/","name":"Mais de 50 museus iranianos danificados em duas semanas de conflito - Portal Tela Portugal","isPartOf":{"@id":"https:\/\/portaltela.pt\/#website"},"primaryImageOfPage":{"@id":"https:\/\/portaltela.pt\/noticias\/2026\/03\/15\/mais-de-50-museus-iranianos-danificados-em-duas-semanas-de-conflito\/#primaryimage"},"image":{"@id":"https:\/\/portaltela.pt\/noticias\/2026\/03\/15\/mais-de-50-museus-iranianos-danificados-em-duas-semanas-de-conflito\/#primaryimage"},"thumbnailUrl":"https:\/\/portaltela.pt\/s.01k8rhncp4jt1\/2026\/03\/2074020.jpg","datePublished":"2026-03-15T14:00:00+00:00","author":{"@id":"https:\/\/portaltela.pt\/#\/schema\/person\/c4278d4a6028830caff9ee44b42d32ed"},"breadcrumb":{"@id":"https:\/\/portaltela.pt\/noticias\/2026\/03\/15\/mais-de-50-museus-iranianos-danificados-em-duas-semanas-de-conflito\/#breadcrumb"},"inLanguage":"pt-PT","potentialAction":[{"@type":"ReadAction","target":["https:\/\/portaltela.pt\/noticias\/2026\/03\/15\/mais-de-50-museus-iranianos-danificados-em-duas-semanas-de-conflito\/"]}]},{"@type":"ImageObject","inLanguage":"pt-PT","@id":"https:\/\/portaltela.pt\/noticias\/2026\/03\/15\/mais-de-50-museus-iranianos-danificados-em-duas-semanas-de-conflito\/#primaryimage","url":"https:\/\/portaltela.pt\/s.01k8rhncp4jt1\/2026\/03\/2074020.jpg","contentUrl":"https:\/\/portaltela.pt\/s.01k8rhncp4jt1\/2026\/03\/2074020.jpg","width":796,"height":448,"caption":"O Pal\u00e1cio de Golest\u00e3o, em Teer\u00e3o, classificado desde 2013 como Patrim\u00f3nio Mundial pela UNESCO, foi atingido durante um bombardeamento"},{"@type":"BreadcrumbList","@id":"https:\/\/portaltela.pt\/noticias\/2026\/03\/15\/mais-de-50-museus-iranianos-danificados-em-duas-semanas-de-conflito\/#breadcrumb","itemListElement":[{"@type":"ListItem","position":1,"name":"In\u00edcio","item":"https:\/\/portaltela.pt\/"},{"@type":"ListItem","position":2,"name":"Mais de 50 museus iranianos danificados em duas semanas de conflito"}]},{"@type":"WebSite","@id":"https:\/\/portaltela.pt\/#website","url":"https:\/\/portaltela.pt\/","name":"Portal Tela Portugal","description":"","potentialAction":[{"@type":"SearchAction","target":{"@type":"EntryPoint","urlTemplate":"https:\/\/portaltela.pt\/?s={search_term_string}"},"query-input":{"@type":"PropertyValueSpecification","valueRequired":true,"valueName":"search_term_string"}}],"inLanguage":"pt-PT"},{"@type":"Person","@id":"https:\/\/portaltela.pt\/#\/schema\/person\/c4278d4a6028830caff9ee44b42d32ed","name":"Telinha","image":{"@type":"ImageObject","inLanguage":"pt-PT","@id":"https:\/\/portaltela.pt\/s.01k8rhncp4jt1\/2025\/11\/talking-bot-125x125.png","url":"https:\/\/portaltela.pt\/s.01k8rhncp4jt1\/2025\/11\/talking-bot-125x125.png","contentUrl":"https:\/\/portaltela.pt\/s.01k8rhncp4jt1\/2025\/11\/talking-bot-125x125.png","caption":"Telinha"},"sameAs":["https:\/\/portaltela.pt\/"],"url":"https:\/\/portaltela.pt\/por\/367410592786\/"}]}},"_links":{"self":[{"href":"https:\/\/portaltela.pt\/api\/wp\/v2\/posts\/410951","targetHints":{"allow":["GET"]}}],"collection":[{"href":"https:\/\/portaltela.pt\/api\/wp\/v2\/posts"}],"about":[{"href":"https:\/\/portaltela.pt\/api\/wp\/v2\/types\/post"}],"author":[{"embeddable":true,"href":"https:\/\/portaltela.pt\/api\/wp\/v2\/users\/2"}],"replies":[{"embeddable":true,"href":"https:\/\/portaltela.pt\/api\/wp\/v2\/comments?post=410951"}],"version-history":[{"count":0,"href":"https:\/\/portaltela.pt\/api\/wp\/v2\/posts\/410951\/revisions"}],"wp:featuredmedia":[{"embeddable":true,"href":"https:\/\/portaltela.pt\/api\/wp\/v2\/media\/410956"}],"wp:attachment":[{"href":"https:\/\/portaltela.pt\/api\/wp\/v2\/media?parent=410951"}],"wp:term":[{"taxonomy":"category","embeddable":true,"href":"https:\/\/portaltela.pt\/api\/wp\/v2\/categories?post=410951"},{"taxonomy":"post_tag","embeddable":true,"href":"https:\/\/portaltela.pt\/api\/wp\/v2\/tags?post=410951"}],"curies":[{"name":"wp","href":"https:\/\/api.w.org\/{rel}","templated":true}]}}