{"id":410949,"date":"2026-03-15T10:51:14","date_gmt":"2026-03-15T13:51:14","guid":{"rendered":"https:\/\/portaltela.pt\/noticias\/2026\/03\/15\/canto-olimpico-do-varzim-pode-ser-o-melhor-golo-da-liga-3\/"},"modified":"2026-03-15T10:51:14","modified_gmt":"2026-03-15T13:51:14","slug":"canto-olimpico-do-varzim-pode-ser-o-melhor-golo-da-liga-3","status":"publish","type":"post","link":"https:\/\/portaltela.pt\/desporto\/futebol\/2026\/03\/15\/canto-olimpico-do-varzim-pode-ser-o-melhor-golo-da-liga-3\/","title":{"rendered":"Canto ol\u00edmpico do Varzim pode ser o melhor golo da Liga 3"},"content":{"rendered":"<p>O Belenenses recebeu o Varzim, em jogo da fase de subida\/apuramento de campe\u00e3o da Liga 3, este s\u00e1bado no Est\u00e1dio do Restelo. O golo aconteceu aos 18 minutos, quando o Belenenses vencia por 1-0.<\/p>\n<p>R\u00faben Martins, m\u00e9dio do Varzim, marcou de canto direto num lance in\u00e9dito na \u00e1rea. A jogada surpreendeu atletas e p\u00fablico, equalizando a marcador naquela altura.<\/p>\n<p>O empate ajudou a manter o Varzim na luta pela vit\u00f3ria, que acabou por vencer por 3-2. O confronto decorreu num contexto de disputa pelo acesso \u00e0 pr\u00f3xima fase.<\/p>\n<p>A jogada gerou grande curiosidade entre f\u00e3s e comentadores, sendo destacada como um momento marcante do encontro e da edi\u00e7\u00e3o atual da Liga 3.<\/p>\n","protected":false},"excerpt":{"rendered":"<ul>\n<li>Jogo da fase de subida\/apuramento de campe\u00e3o da Liga 3 terminou com a vit\u00f3ria do Belenenses por 3-2 frente ao Varzim.<\/li>\n<li>O golo ol\u00edmpico aconteceu aos 18 minutos, no Est\u00e1dio do Restelo, quando o Belenenses vencia 1-0.<\/li>\n<li>R\u00faben Martins, m\u00e9dio do Varzim, marcou de canto direto.<\/li>\n<li>O tento empatou a partida e surpreendeu a \u00e1rea da equipa advers\u00e1ria.<\/li>\n<li>O lance manteve o jogo competitivo na luta pela subida na classifica\u00e7\u00e3o.<\/li>\n<\/ul>\n","protected":false},"author":2,"featured_media":410950,"comment_status":"closed","ping_status":"closed","sticky":false,"template":"","format":"standard","meta":{"footnotes":""},"categories":[21,24],"tags":[4925,227,152,32,3398],"class_list":["post-410949","post","type-post","status-publish","format-standard","has-post-thumbnail","hentry","category-desporto","category-futebol","tag-belenenses","tag-campeonato","tag-desporto","tag-futebol","tag-varzim"],"yoast_head":"<!-- This site is optimized with the Yoast SEO plugin v27.2 - https:\/\/yoast.com\/product\/yoast-seo-wordpress\/ -->\n<title>Canto ol\u00edmpico do Varzim pode ser o melhor golo da Liga 3 - Portal Tela Portugal<\/title>\n<meta name=\"robots\" content=\"index, follow, max-snippet:-1, max-image-preview:large, max-video-preview:-1\" \/>\n<meta property=\"og:locale\" content=\"pt_PT\" \/>\n<meta property=\"og:type\" content=\"article\" \/>\n<meta property=\"og:title\" content=\"Canto ol\u00edmpico do Varzim pode ser o melhor golo da Liga 3 - Portal Tela Portugal\" \/>\n<meta property=\"og:description\" content=\"Jogo da fase de subida\/apuramento de campe\u00e3o da Liga 3 terminou com a vit\u00f3ria do Belenenses por 3-2 frente ao Varzim. O golo ol\u00edmpico aconteceu aos 18 minutos, no Est\u00e1dio do Restelo, quando o Belenenses vencia 1-0. R\u00faben Martins, m\u00e9dio do Varzim, marcou de canto direto. O tento empatou a partida e surpreendeu a \u00e1rea da equipa advers\u00e1ria. O lance manteve o jogo competitivo na luta pela subida na classifica\u00e7\u00e3o.\" \/>\n<meta property=\"og:url\" content=\"https:\/\/portaltela.pt\/noticias\/2026\/03\/15\/canto-olimpico-do-varzim-pode-ser-o-melhor-golo-da-liga-3\/\" \/>\n<meta property=\"og:site_name\" content=\"Portal Tela Portugal\" \/>\n<meta property=\"article:published_time\" content=\"2026-03-15T13:51:14+00:00\" \/>\n<meta name=\"author\" content=\"Telinha\" \/>\n<meta name=\"twitter:card\" content=\"summary_large_image\" \/>\n<meta name=\"twitter:label1\" content=\"Escrito por\" \/>\n\t<meta name=\"twitter:data1\" content=\"Telinha\" \/>\n\t<meta name=\"twitter:label2\" content=\"Tempo estimado de leitura\" \/>\n\t<meta name=\"twitter:data2\" content=\"1 minuto\" \/>\n<script type=\"application\/ld+json\" class=\"yoast-schema-graph\">{\"@context\":\"https:\/\/schema.org\",\"@graph\":[{\"@type\":\"Article\",\"@id\":\"https:\/\/portaltela.pt\/noticias\/2026\/03\/15\/canto-olimpico-do-varzim-pode-ser-o-melhor-golo-da-liga-3\/#article\",\"isPartOf\":{\"@id\":\"https:\/\/portaltela.pt\/noticias\/2026\/03\/15\/canto-olimpico-do-varzim-pode-ser-o-melhor-golo-da-liga-3\/\"},\"author\":{\"name\":\"Telinha\",\"@id\":\"https:\/\/portaltela.pt\/#\/schema\/person\/c4278d4a6028830caff9ee44b42d32ed\"},\"headline\":\"Canto ol\u00edmpico do Varzim pode ser o melhor golo da Liga 3\",\"datePublished\":\"2026-03-15T13:51:14+00:00\",\"mainEntityOfPage\":{\"@id\":\"https:\/\/portaltela.pt\/noticias\/2026\/03\/15\/canto-olimpico-do-varzim-pode-ser-o-melhor-golo-da-liga-3\/\"},\"wordCount\":132,\"image\":{\"@id\":\"https:\/\/portaltela.pt\/noticias\/2026\/03\/15\/canto-olimpico-do-varzim-pode-ser-o-melhor-golo-da-liga-3\/#primaryimage\"},\"thumbnailUrl\":\"https:\/\/portaltela.pt\/s.01k8rhncp4jt1\/2026\/03\/img_1200x721uu2026-03-15-13-42-25-2427098.jpg\",\"keywords\":[\"Belenenses\",\"campeonato\",\"desporto\",\"futebol\",\"Varzim\"],\"articleSection\":[\"Desporto\",\"Futebol\"],\"inLanguage\":\"pt-PT\"},{\"@type\":\"WebPage\",\"@id\":\"https:\/\/portaltela.pt\/noticias\/2026\/03\/15\/canto-olimpico-do-varzim-pode-ser-o-melhor-golo-da-liga-3\/\",\"url\":\"https:\/\/portaltela.pt\/noticias\/2026\/03\/15\/canto-olimpico-do-varzim-pode-ser-o-melhor-golo-da-liga-3\/\",\"name\":\"Canto ol\u00edmpico do Varzim pode ser o melhor golo da Liga 3 - Portal Tela Portugal\",\"isPartOf\":{\"@id\":\"https:\/\/portaltela.pt\/#website\"},\"primaryImageOfPage\":{\"@id\":\"https:\/\/portaltela.pt\/noticias\/2026\/03\/15\/canto-olimpico-do-varzim-pode-ser-o-melhor-golo-da-liga-3\/#primaryimage\"},\"image\":{\"@id\":\"https:\/\/portaltela.pt\/noticias\/2026\/03\/15\/canto-olimpico-do-varzim-pode-ser-o-melhor-golo-da-liga-3\/#primaryimage\"},\"thumbnailUrl\":\"https:\/\/portaltela.pt\/s.01k8rhncp4jt1\/2026\/03\/img_1200x721uu2026-03-15-13-42-25-2427098.jpg\",\"datePublished\":\"2026-03-15T13:51:14+00:00\",\"author\":{\"@id\":\"https:\/\/portaltela.pt\/#\/schema\/person\/c4278d4a6028830caff9ee44b42d32ed\"},\"breadcrumb\":{\"@id\":\"https:\/\/portaltela.pt\/noticias\/2026\/03\/15\/canto-olimpico-do-varzim-pode-ser-o-melhor-golo-da-liga-3\/#breadcrumb\"},\"inLanguage\":\"pt-PT\",\"potentialAction\":[{\"@type\":\"ReadAction\",\"target\":[\"https:\/\/portaltela.pt\/noticias\/2026\/03\/15\/canto-olimpico-do-varzim-pode-ser-o-melhor-golo-da-liga-3\/\"]}]},{\"@type\":\"ImageObject\",\"inLanguage\":\"pt-PT\",\"@id\":\"https:\/\/portaltela.pt\/noticias\/2026\/03\/15\/canto-olimpico-do-varzim-pode-ser-o-melhor-golo-da-liga-3\/#primaryimage\",\"url\":\"https:\/\/portaltela.pt\/s.01k8rhncp4jt1\/2026\/03\/img_1200x721uu2026-03-15-13-42-25-2427098.jpg\",\"contentUrl\":\"https:\/\/portaltela.pt\/s.01k8rhncp4jt1\/2026\/03\/img_1200x721uu2026-03-15-13-42-25-2427098.jpg\",\"width\":796,\"height\":448,\"caption\":\"Melhor golo da Liga 3? Canto ol\u00edmpico do Varzim para ver... e rever\"},{\"@type\":\"BreadcrumbList\",\"@id\":\"https:\/\/portaltela.pt\/noticias\/2026\/03\/15\/canto-olimpico-do-varzim-pode-ser-o-melhor-golo-da-liga-3\/#breadcrumb\",\"itemListElement\":[{\"@type\":\"ListItem\",\"position\":1,\"name\":\"In\u00edcio\",\"item\":\"https:\/\/portaltela.pt\/\"},{\"@type\":\"ListItem\",\"position\":2,\"name\":\"Canto ol\u00edmpico do Varzim pode ser o melhor golo da Liga 3\"}]},{\"@type\":\"WebSite\",\"@id\":\"https:\/\/portaltela.pt\/#website\",\"url\":\"https:\/\/portaltela.pt\/\",\"name\":\"Portal Tela Portugal\",\"description\":\"\",\"potentialAction\":[{\"@type\":\"SearchAction\",\"target\":{\"@type\":\"EntryPoint\",\"urlTemplate\":\"https:\/\/portaltela.pt\/?s={search_term_string}\"},\"query-input\":{\"@type\":\"PropertyValueSpecification\",\"valueRequired\":true,\"valueName\":\"search_term_string\"}}],\"inLanguage\":\"pt-PT\"},{\"@type\":\"Person\",\"@id\":\"https:\/\/portaltela.pt\/#\/schema\/person\/c4278d4a6028830caff9ee44b42d32ed\",\"name\":\"Telinha\",\"image\":{\"@type\":\"ImageObject\",\"inLanguage\":\"pt-PT\",\"@id\":\"https:\/\/portaltela.pt\/s.01k8rhncp4jt1\/2025\/11\/talking-bot-125x125.png\",\"url\":\"https:\/\/portaltela.pt\/s.01k8rhncp4jt1\/2025\/11\/talking-bot-125x125.png\",\"contentUrl\":\"https:\/\/portaltela.pt\/s.01k8rhncp4jt1\/2025\/11\/talking-bot-125x125.png\",\"caption\":\"Telinha\"},\"sameAs\":[\"https:\/\/portaltela.pt\/\"],\"url\":\"https:\/\/portaltela.pt\/por\/367410592786\/\"}]}<\/script>\n<!-- \/ Yoast SEO plugin. -->","yoast_head_json":{"title":"Canto ol\u00edmpico do Varzim pode ser o melhor golo da Liga 3 - Portal Tela Portugal","robots":{"index":"index","follow":"follow","max-snippet":"max-snippet:-1","max-image-preview":"max-image-preview:large","max-video-preview":"max-video-preview:-1"},"og_locale":"pt_PT","og_type":"article","og_title":"Canto ol\u00edmpico do Varzim pode ser o melhor golo da Liga 3 - Portal Tela Portugal","og_description":"Jogo da fase de subida\/apuramento de campe\u00e3o da Liga 3 terminou com a vit\u00f3ria do Belenenses por 3-2 frente ao Varzim. O golo ol\u00edmpico aconteceu aos 18 minutos, no Est\u00e1dio do Restelo, quando o Belenenses vencia 1-0. R\u00faben Martins, m\u00e9dio do Varzim, marcou de canto direto. O tento empatou a partida e surpreendeu a \u00e1rea da equipa advers\u00e1ria. O lance manteve o jogo competitivo na luta pela subida na classifica\u00e7\u00e3o.","og_url":"https:\/\/portaltela.pt\/noticias\/2026\/03\/15\/canto-olimpico-do-varzim-pode-ser-o-melhor-golo-da-liga-3\/","og_site_name":"Portal Tela Portugal","article_published_time":"2026-03-15T13:51:14+00:00","author":"Telinha","twitter_card":"summary_large_image","twitter_misc":{"Escrito por":"Telinha","Tempo estimado de leitura":"1 minuto"},"schema":{"@context":"https:\/\/schema.org","@graph":[{"@type":"Article","@id":"https:\/\/portaltela.pt\/noticias\/2026\/03\/15\/canto-olimpico-do-varzim-pode-ser-o-melhor-golo-da-liga-3\/#article","isPartOf":{"@id":"https:\/\/portaltela.pt\/noticias\/2026\/03\/15\/canto-olimpico-do-varzim-pode-ser-o-melhor-golo-da-liga-3\/"},"author":{"name":"Telinha","@id":"https:\/\/portaltela.pt\/#\/schema\/person\/c4278d4a6028830caff9ee44b42d32ed"},"headline":"Canto ol\u00edmpico do Varzim pode ser o melhor golo da Liga 3","datePublished":"2026-03-15T13:51:14+00:00","mainEntityOfPage":{"@id":"https:\/\/portaltela.pt\/noticias\/2026\/03\/15\/canto-olimpico-do-varzim-pode-ser-o-melhor-golo-da-liga-3\/"},"wordCount":132,"image":{"@id":"https:\/\/portaltela.pt\/noticias\/2026\/03\/15\/canto-olimpico-do-varzim-pode-ser-o-melhor-golo-da-liga-3\/#primaryimage"},"thumbnailUrl":"https:\/\/portaltela.pt\/s.01k8rhncp4jt1\/2026\/03\/img_1200x721uu2026-03-15-13-42-25-2427098.jpg","keywords":["Belenenses","campeonato","desporto","futebol","Varzim"],"articleSection":["Desporto","Futebol"],"inLanguage":"pt-PT"},{"@type":"WebPage","@id":"https:\/\/portaltela.pt\/noticias\/2026\/03\/15\/canto-olimpico-do-varzim-pode-ser-o-melhor-golo-da-liga-3\/","url":"https:\/\/portaltela.pt\/noticias\/2026\/03\/15\/canto-olimpico-do-varzim-pode-ser-o-melhor-golo-da-liga-3\/","name":"Canto ol\u00edmpico do Varzim pode ser o melhor golo da Liga 3 - Portal Tela Portugal","isPartOf":{"@id":"https:\/\/portaltela.pt\/#website"},"primaryImageOfPage":{"@id":"https:\/\/portaltela.pt\/noticias\/2026\/03\/15\/canto-olimpico-do-varzim-pode-ser-o-melhor-golo-da-liga-3\/#primaryimage"},"image":{"@id":"https:\/\/portaltela.pt\/noticias\/2026\/03\/15\/canto-olimpico-do-varzim-pode-ser-o-melhor-golo-da-liga-3\/#primaryimage"},"thumbnailUrl":"https:\/\/portaltela.pt\/s.01k8rhncp4jt1\/2026\/03\/img_1200x721uu2026-03-15-13-42-25-2427098.jpg","datePublished":"2026-03-15T13:51:14+00:00","author":{"@id":"https:\/\/portaltela.pt\/#\/schema\/person\/c4278d4a6028830caff9ee44b42d32ed"},"breadcrumb":{"@id":"https:\/\/portaltela.pt\/noticias\/2026\/03\/15\/canto-olimpico-do-varzim-pode-ser-o-melhor-golo-da-liga-3\/#breadcrumb"},"inLanguage":"pt-PT","potentialAction":[{"@type":"ReadAction","target":["https:\/\/portaltela.pt\/noticias\/2026\/03\/15\/canto-olimpico-do-varzim-pode-ser-o-melhor-golo-da-liga-3\/"]}]},{"@type":"ImageObject","inLanguage":"pt-PT","@id":"https:\/\/portaltela.pt\/noticias\/2026\/03\/15\/canto-olimpico-do-varzim-pode-ser-o-melhor-golo-da-liga-3\/#primaryimage","url":"https:\/\/portaltela.pt\/s.01k8rhncp4jt1\/2026\/03\/img_1200x721uu2026-03-15-13-42-25-2427098.jpg","contentUrl":"https:\/\/portaltela.pt\/s.01k8rhncp4jt1\/2026\/03\/img_1200x721uu2026-03-15-13-42-25-2427098.jpg","width":796,"height":448,"caption":"Melhor golo da Liga 3? Canto ol\u00edmpico do Varzim para ver... e rever"},{"@type":"BreadcrumbList","@id":"https:\/\/portaltela.pt\/noticias\/2026\/03\/15\/canto-olimpico-do-varzim-pode-ser-o-melhor-golo-da-liga-3\/#breadcrumb","itemListElement":[{"@type":"ListItem","position":1,"name":"In\u00edcio","item":"https:\/\/portaltela.pt\/"},{"@type":"ListItem","position":2,"name":"Canto ol\u00edmpico do Varzim pode ser o melhor golo da Liga 3"}]},{"@type":"WebSite","@id":"https:\/\/portaltela.pt\/#website","url":"https:\/\/portaltela.pt\/","name":"Portal Tela Portugal","description":"","potentialAction":[{"@type":"SearchAction","target":{"@type":"EntryPoint","urlTemplate":"https:\/\/portaltela.pt\/?s={search_term_string}"},"query-input":{"@type":"PropertyValueSpecification","valueRequired":true,"valueName":"search_term_string"}}],"inLanguage":"pt-PT"},{"@type":"Person","@id":"https:\/\/portaltela.pt\/#\/schema\/person\/c4278d4a6028830caff9ee44b42d32ed","name":"Telinha","image":{"@type":"ImageObject","inLanguage":"pt-PT","@id":"https:\/\/portaltela.pt\/s.01k8rhncp4jt1\/2025\/11\/talking-bot-125x125.png","url":"https:\/\/portaltela.pt\/s.01k8rhncp4jt1\/2025\/11\/talking-bot-125x125.png","contentUrl":"https:\/\/portaltela.pt\/s.01k8rhncp4jt1\/2025\/11\/talking-bot-125x125.png","caption":"Telinha"},"sameAs":["https:\/\/portaltela.pt\/"],"url":"https:\/\/portaltela.pt\/por\/367410592786\/"}]}},"_links":{"self":[{"href":"https:\/\/portaltela.pt\/api\/wp\/v2\/posts\/410949","targetHints":{"allow":["GET"]}}],"collection":[{"href":"https:\/\/portaltela.pt\/api\/wp\/v2\/posts"}],"about":[{"href":"https:\/\/portaltela.pt\/api\/wp\/v2\/types\/post"}],"author":[{"embeddable":true,"href":"https:\/\/portaltela.pt\/api\/wp\/v2\/users\/2"}],"replies":[{"embeddable":true,"href":"https:\/\/portaltela.pt\/api\/wp\/v2\/comments?post=410949"}],"version-history":[{"count":0,"href":"https:\/\/portaltela.pt\/api\/wp\/v2\/posts\/410949\/revisions"}],"wp:featuredmedia":[{"embeddable":true,"href":"https:\/\/portaltela.pt\/api\/wp\/v2\/media\/410950"}],"wp:attachment":[{"href":"https:\/\/portaltela.pt\/api\/wp\/v2\/media?parent=410949"}],"wp:term":[{"taxonomy":"category","embeddable":true,"href":"https:\/\/portaltela.pt\/api\/wp\/v2\/categories?post=410949"},{"taxonomy":"post_tag","embeddable":true,"href":"https:\/\/portaltela.pt\/api\/wp\/v2\/tags?post=410949"}],"curies":[{"name":"wp","href":"https:\/\/api.w.org\/{rel}","templated":true}]}}