{"id":410917,"date":"2026-03-15T06:00:00","date_gmt":"2026-03-15T09:00:00","guid":{"rendered":"https:\/\/portaltela.pt\/noticias\/2026\/03\/15\/sensacao-de-ja-ter-estado-ali-ao-visitar-o-local\/"},"modified":"2026-03-15T06:00:00","modified_gmt":"2026-03-15T09:00:00","slug":"sensacao-de-ja-ter-estado-ali-ao-visitar-o-local","status":"publish","type":"post","link":"https:\/\/portaltela.pt\/noticias\/2026\/03\/15\/sensacao-de-ja-ter-estado-ali-ao-visitar-o-local\/","title":{"rendered":"Sensa\u00e7\u00e3o de j\u00e1 ter estado ali ao visitar o local"},"content":{"rendered":"<p>Foi em 2010 que uma jovem oriunda de Lisboa realizou um interc\u00e2mbio em artes c\u00e9nicas na UNIRIO, no Rio de Janeiro, vivendo uma temporada no Brasil. A experi\u00eancia marcaria a sua primeira travessia do Atl\u00e2ntico e a imers\u00e3o numa cidade que j\u00e1 conhecia apenas pela arte.<\/p>\n<p>Ao longo do interc\u00e2mbio, a cidade revelou-se maior do que o imaginado, mas tamb\u00e9m ligada a refer\u00eancias de Lisboa. Leblon, Ipanema e Copacabana faziam lembrar Cascais, Estoril e Carcavelos. A Lapa equivalia ao Cais do Sodr\u00e9; Santa Teresa, ao Bairro Alto.<\/p>\n<p>Mais tarde percebeu que o espelho era anterior: a rearranjada mem\u00f3ria da passagem da fam\u00edlia real portuguesa ao Brasil em 1808. O Pa\u00e7o Real lembrava a Pra\u00e7a do Com\u00e9rcio; o cal\u00e7ad\u00e3o de Copacabana, o Rossio. Rio seria uma Lisboa tropical, numa fus\u00e3o entre Europa e \u00c1frica.<\/p>\n<h3>Paralelos entre Rio e Lisboa<\/h3>\n<p>A autora, nascida em Lisboa com ra\u00edzes na Angola e na Guin\u00e9-Bissau, diz ter encontrado no Rio uma dan\u00e7a e um gingado familiares, abrindo portas pessoais e profissionais. O sentimento final foi de reconhecimento, como se j\u00e1 tivesse estado ali.<\/p>\n<p>A narrativa indica que atravessar o Atl\u00e2ntico pode n\u00e3o ser o primeiro contacto, mas uma redescoberta de la\u00e7os culturais. O percurso \u00e9 apresentado como uma s\u00edntese entre identidades, mem\u00f3rias e express\u00f5es art\u00edsticas compartilhadas.<\/p>\n","protected":false},"excerpt":{"rendered":"<ul>\n<li>Em 2010, a autora fez um interc\u00e2mbio em artes c\u00e9nicas na Universidade Federal do Estado do Rio de Janeiro (UNIRIO), vivendo pela primeira vez no Rio de Janeiro.<\/li>\n<li>A experi\u00eancia ajudou-a a organizar geografias e fon\u00e9tica, al\u00e9m de abrir portas pessoais e profissionais.<\/li>\n<li>Comparou \u00e1reas do Rio com Lisboa, associando Leblon, Ipanema e Copacabana a Cascais, Estoril e Carcavelos; Lapa ao Cais do Sodr\u00e9; Santa Teresa ao Bairro Alto; Niter\u00f3i a Almada e Madureira a Loures.<\/li>\n<li>Percebeu que esse espelhamento vem de antes, desde a ida da fam\u00edlia real portuguesa ao Brasil em 1808, e que o Pa\u00e7o Real e a Pra\u00e7a do Com\u00e9rcio refletem-se entre as cidades.<\/li>\n<li>Concluiu que o Rio \u00e9 uma Lisboa tropical, e sentiu-se a reconhecer na dan\u00e7a, no gingado e no samba, como se j\u00e1 tivesse estado ali.<\/li>\n<\/ul>\n","protected":false},"author":2,"featured_media":410919,"comment_status":"closed","ping_status":"closed","sticky":false,"template":"","format":"standard","meta":{"footnotes":""},"categories":[1],"tags":[4837,1975,2547,145,4601,981],"class_list":["post-410917","post","type-post","status-publish","format-standard","has-post-thumbnail","hentry","category-noticias","tag-angola","tag-arte-teatro-concertos","tag-brasil","tag-cultura","tag-guine-bissau","tag-lisboa"],"yoast_head":"<!-- This site is optimized with the Yoast SEO plugin v27.2 - https:\/\/yoast.com\/product\/yoast-seo-wordpress\/ -->\n<title>Sensa\u00e7\u00e3o de j\u00e1 ter estado ali ao visitar o local - Portal Tela Portugal<\/title>\n<meta name=\"robots\" content=\"index, follow, max-snippet:-1, max-image-preview:large, max-video-preview:-1\" \/>\n<meta property=\"og:locale\" content=\"pt_PT\" \/>\n<meta property=\"og:type\" content=\"article\" \/>\n<meta property=\"og:title\" content=\"Sensa\u00e7\u00e3o de j\u00e1 ter estado ali ao visitar o local - Portal Tela Portugal\" \/>\n<meta property=\"og:description\" content=\"Em 2010, a autora fez um interc\u00e2mbio em artes c\u00e9nicas na Universidade Federal do Estado do Rio de Janeiro (UNIRIO), vivendo pela primeira vez no Rio de Janeiro. A experi\u00eancia ajudou-a a organizar geografias e fon\u00e9tica, al\u00e9m de abrir portas pessoais e profissionais. Comparou \u00e1reas do Rio com Lisboa, associando Leblon, Ipanema e Copacabana a Cascais, Estoril e Carcavelos; Lapa ao Cais do Sodr\u00e9; Santa Teresa ao Bairro Alto; Niter\u00f3i a Almada e Madureira a Loures. Percebeu que esse espelhamento vem de antes, desde a ida da fam\u00edlia real portuguesa ao Brasil em 1808, e que o Pa\u00e7o Real e a Pra\u00e7a do Com\u00e9rcio refletem-se entre as cidades. Concluiu que o Rio \u00e9 uma Lisboa tropical, e sentiu-se a reconhecer na dan\u00e7a, no gingado e no samba, como se j\u00e1 tivesse estado ali.\" \/>\n<meta property=\"og:url\" content=\"https:\/\/portaltela.pt\/noticias\/2026\/03\/15\/sensacao-de-ja-ter-estado-ali-ao-visitar-o-local\/\" \/>\n<meta property=\"og:site_name\" content=\"Portal Tela Portugal\" \/>\n<meta property=\"article:published_time\" content=\"2026-03-15T09:00:00+00:00\" \/>\n<meta name=\"author\" content=\"Telinha\" \/>\n<meta name=\"twitter:card\" content=\"summary_large_image\" \/>\n<meta name=\"twitter:label1\" content=\"Escrito por\" \/>\n\t<meta name=\"twitter:data1\" content=\"Telinha\" \/>\n\t<meta name=\"twitter:label2\" content=\"Tempo estimado de leitura\" \/>\n\t<meta name=\"twitter:data2\" content=\"1 minuto\" \/>\n<script type=\"application\/ld+json\" class=\"yoast-schema-graph\">{\"@context\":\"https:\/\/schema.org\",\"@graph\":[{\"@type\":\"Article\",\"@id\":\"https:\/\/portaltela.pt\/noticias\/2026\/03\/15\/sensacao-de-ja-ter-estado-ali-ao-visitar-o-local\/#article\",\"isPartOf\":{\"@id\":\"https:\/\/portaltela.pt\/noticias\/2026\/03\/15\/sensacao-de-ja-ter-estado-ali-ao-visitar-o-local\/\"},\"author\":{\"name\":\"Telinha\",\"@id\":\"https:\/\/portaltela.pt\/#\/schema\/person\/c4278d4a6028830caff9ee44b42d32ed\"},\"headline\":\"Sensa\u00e7\u00e3o de j\u00e1 ter estado ali ao visitar o local\",\"datePublished\":\"2026-03-15T09:00:00+00:00\",\"mainEntityOfPage\":{\"@id\":\"https:\/\/portaltela.pt\/noticias\/2026\/03\/15\/sensacao-de-ja-ter-estado-ali-ao-visitar-o-local\/\"},\"wordCount\":245,\"image\":{\"@id\":\"https:\/\/portaltela.pt\/noticias\/2026\/03\/15\/sensacao-de-ja-ter-estado-ali-ao-visitar-o-local\/#primaryimage\"},\"thumbnailUrl\":\"https:\/\/portaltela.pt\/s.01k8rhncp4jt1\/2026\/03\/image-989.jpg\",\"keywords\":[\"Angola\",\"arte\/teatro\/concertos\",\"Brasil\",\"cultura\",\"Guin\u00e9-Bissau\",\"Lisboa\"],\"articleSection\":[\"Not\u00edcias\"],\"inLanguage\":\"pt-PT\"},{\"@type\":\"WebPage\",\"@id\":\"https:\/\/portaltela.pt\/noticias\/2026\/03\/15\/sensacao-de-ja-ter-estado-ali-ao-visitar-o-local\/\",\"url\":\"https:\/\/portaltela.pt\/noticias\/2026\/03\/15\/sensacao-de-ja-ter-estado-ali-ao-visitar-o-local\/\",\"name\":\"Sensa\u00e7\u00e3o de j\u00e1 ter estado ali ao visitar o local - Portal Tela Portugal\",\"isPartOf\":{\"@id\":\"https:\/\/portaltela.pt\/#website\"},\"primaryImageOfPage\":{\"@id\":\"https:\/\/portaltela.pt\/noticias\/2026\/03\/15\/sensacao-de-ja-ter-estado-ali-ao-visitar-o-local\/#primaryimage\"},\"image\":{\"@id\":\"https:\/\/portaltela.pt\/noticias\/2026\/03\/15\/sensacao-de-ja-ter-estado-ali-ao-visitar-o-local\/#primaryimage\"},\"thumbnailUrl\":\"https:\/\/portaltela.pt\/s.01k8rhncp4jt1\/2026\/03\/image-989.jpg\",\"datePublished\":\"2026-03-15T09:00:00+00:00\",\"author\":{\"@id\":\"https:\/\/portaltela.pt\/#\/schema\/person\/c4278d4a6028830caff9ee44b42d32ed\"},\"breadcrumb\":{\"@id\":\"https:\/\/portaltela.pt\/noticias\/2026\/03\/15\/sensacao-de-ja-ter-estado-ali-ao-visitar-o-local\/#breadcrumb\"},\"inLanguage\":\"pt-PT\",\"potentialAction\":[{\"@type\":\"ReadAction\",\"target\":[\"https:\/\/portaltela.pt\/noticias\/2026\/03\/15\/sensacao-de-ja-ter-estado-ali-ao-visitar-o-local\/\"]}]},{\"@type\":\"ImageObject\",\"inLanguage\":\"pt-PT\",\"@id\":\"https:\/\/portaltela.pt\/noticias\/2026\/03\/15\/sensacao-de-ja-ter-estado-ali-ao-visitar-o-local\/#primaryimage\",\"url\":\"https:\/\/portaltela.pt\/s.01k8rhncp4jt1\/2026\/03\/image-989.jpg\",\"contentUrl\":\"https:\/\/portaltela.pt\/s.01k8rhncp4jt1\/2026\/03\/image-989.jpg\",\"width\":796,\"height\":448,\"caption\":\"A atriz ir\u00e1 estar este domingo, 15 de mar\u00e7o, nos Oscars por ter integrado o filme \\\"O Agente Secreto\\\", que concorre com quatro nomea\u00e7\u00f5es: Melhor Filme, Melhor Filme Internacional, Melhor Elenco (Casting) e Melhor Ator para Wagner Moura.\"},{\"@type\":\"BreadcrumbList\",\"@id\":\"https:\/\/portaltela.pt\/noticias\/2026\/03\/15\/sensacao-de-ja-ter-estado-ali-ao-visitar-o-local\/#breadcrumb\",\"itemListElement\":[{\"@type\":\"ListItem\",\"position\":1,\"name\":\"In\u00edcio\",\"item\":\"https:\/\/portaltela.pt\/\"},{\"@type\":\"ListItem\",\"position\":2,\"name\":\"Sensa\u00e7\u00e3o de j\u00e1 ter estado ali ao visitar o local\"}]},{\"@type\":\"WebSite\",\"@id\":\"https:\/\/portaltela.pt\/#website\",\"url\":\"https:\/\/portaltela.pt\/\",\"name\":\"Portal Tela Portugal\",\"description\":\"\",\"potentialAction\":[{\"@type\":\"SearchAction\",\"target\":{\"@type\":\"EntryPoint\",\"urlTemplate\":\"https:\/\/portaltela.pt\/?s={search_term_string}\"},\"query-input\":{\"@type\":\"PropertyValueSpecification\",\"valueRequired\":true,\"valueName\":\"search_term_string\"}}],\"inLanguage\":\"pt-PT\"},{\"@type\":\"Person\",\"@id\":\"https:\/\/portaltela.pt\/#\/schema\/person\/c4278d4a6028830caff9ee44b42d32ed\",\"name\":\"Telinha\",\"image\":{\"@type\":\"ImageObject\",\"inLanguage\":\"pt-PT\",\"@id\":\"https:\/\/portaltela.pt\/s.01k8rhncp4jt1\/2025\/11\/talking-bot-125x125.png\",\"url\":\"https:\/\/portaltela.pt\/s.01k8rhncp4jt1\/2025\/11\/talking-bot-125x125.png\",\"contentUrl\":\"https:\/\/portaltela.pt\/s.01k8rhncp4jt1\/2025\/11\/talking-bot-125x125.png\",\"caption\":\"Telinha\"},\"sameAs\":[\"https:\/\/portaltela.pt\/\"],\"url\":\"https:\/\/portaltela.pt\/por\/367410592786\/\"}]}<\/script>\n<!-- \/ Yoast SEO plugin. -->","yoast_head_json":{"title":"Sensa\u00e7\u00e3o de j\u00e1 ter estado ali ao visitar o local - Portal Tela Portugal","robots":{"index":"index","follow":"follow","max-snippet":"max-snippet:-1","max-image-preview":"max-image-preview:large","max-video-preview":"max-video-preview:-1"},"og_locale":"pt_PT","og_type":"article","og_title":"Sensa\u00e7\u00e3o de j\u00e1 ter estado ali ao visitar o local - Portal Tela Portugal","og_description":"Em 2010, a autora fez um interc\u00e2mbio em artes c\u00e9nicas na Universidade Federal do Estado do Rio de Janeiro (UNIRIO), vivendo pela primeira vez no Rio de Janeiro. A experi\u00eancia ajudou-a a organizar geografias e fon\u00e9tica, al\u00e9m de abrir portas pessoais e profissionais. Comparou \u00e1reas do Rio com Lisboa, associando Leblon, Ipanema e Copacabana a Cascais, Estoril e Carcavelos; Lapa ao Cais do Sodr\u00e9; Santa Teresa ao Bairro Alto; Niter\u00f3i a Almada e Madureira a Loures. Percebeu que esse espelhamento vem de antes, desde a ida da fam\u00edlia real portuguesa ao Brasil em 1808, e que o Pa\u00e7o Real e a Pra\u00e7a do Com\u00e9rcio refletem-se entre as cidades. Concluiu que o Rio \u00e9 uma Lisboa tropical, e sentiu-se a reconhecer na dan\u00e7a, no gingado e no samba, como se j\u00e1 tivesse estado ali.","og_url":"https:\/\/portaltela.pt\/noticias\/2026\/03\/15\/sensacao-de-ja-ter-estado-ali-ao-visitar-o-local\/","og_site_name":"Portal Tela Portugal","article_published_time":"2026-03-15T09:00:00+00:00","author":"Telinha","twitter_card":"summary_large_image","twitter_misc":{"Escrito por":"Telinha","Tempo estimado de leitura":"1 minuto"},"schema":{"@context":"https:\/\/schema.org","@graph":[{"@type":"Article","@id":"https:\/\/portaltela.pt\/noticias\/2026\/03\/15\/sensacao-de-ja-ter-estado-ali-ao-visitar-o-local\/#article","isPartOf":{"@id":"https:\/\/portaltela.pt\/noticias\/2026\/03\/15\/sensacao-de-ja-ter-estado-ali-ao-visitar-o-local\/"},"author":{"name":"Telinha","@id":"https:\/\/portaltela.pt\/#\/schema\/person\/c4278d4a6028830caff9ee44b42d32ed"},"headline":"Sensa\u00e7\u00e3o de j\u00e1 ter estado ali ao visitar o local","datePublished":"2026-03-15T09:00:00+00:00","mainEntityOfPage":{"@id":"https:\/\/portaltela.pt\/noticias\/2026\/03\/15\/sensacao-de-ja-ter-estado-ali-ao-visitar-o-local\/"},"wordCount":245,"image":{"@id":"https:\/\/portaltela.pt\/noticias\/2026\/03\/15\/sensacao-de-ja-ter-estado-ali-ao-visitar-o-local\/#primaryimage"},"thumbnailUrl":"https:\/\/portaltela.pt\/s.01k8rhncp4jt1\/2026\/03\/image-989.jpg","keywords":["Angola","arte\/teatro\/concertos","Brasil","cultura","Guin\u00e9-Bissau","Lisboa"],"articleSection":["Not\u00edcias"],"inLanguage":"pt-PT"},{"@type":"WebPage","@id":"https:\/\/portaltela.pt\/noticias\/2026\/03\/15\/sensacao-de-ja-ter-estado-ali-ao-visitar-o-local\/","url":"https:\/\/portaltela.pt\/noticias\/2026\/03\/15\/sensacao-de-ja-ter-estado-ali-ao-visitar-o-local\/","name":"Sensa\u00e7\u00e3o de j\u00e1 ter estado ali ao visitar o local - Portal Tela Portugal","isPartOf":{"@id":"https:\/\/portaltela.pt\/#website"},"primaryImageOfPage":{"@id":"https:\/\/portaltela.pt\/noticias\/2026\/03\/15\/sensacao-de-ja-ter-estado-ali-ao-visitar-o-local\/#primaryimage"},"image":{"@id":"https:\/\/portaltela.pt\/noticias\/2026\/03\/15\/sensacao-de-ja-ter-estado-ali-ao-visitar-o-local\/#primaryimage"},"thumbnailUrl":"https:\/\/portaltela.pt\/s.01k8rhncp4jt1\/2026\/03\/image-989.jpg","datePublished":"2026-03-15T09:00:00+00:00","author":{"@id":"https:\/\/portaltela.pt\/#\/schema\/person\/c4278d4a6028830caff9ee44b42d32ed"},"breadcrumb":{"@id":"https:\/\/portaltela.pt\/noticias\/2026\/03\/15\/sensacao-de-ja-ter-estado-ali-ao-visitar-o-local\/#breadcrumb"},"inLanguage":"pt-PT","potentialAction":[{"@type":"ReadAction","target":["https:\/\/portaltela.pt\/noticias\/2026\/03\/15\/sensacao-de-ja-ter-estado-ali-ao-visitar-o-local\/"]}]},{"@type":"ImageObject","inLanguage":"pt-PT","@id":"https:\/\/portaltela.pt\/noticias\/2026\/03\/15\/sensacao-de-ja-ter-estado-ali-ao-visitar-o-local\/#primaryimage","url":"https:\/\/portaltela.pt\/s.01k8rhncp4jt1\/2026\/03\/image-989.jpg","contentUrl":"https:\/\/portaltela.pt\/s.01k8rhncp4jt1\/2026\/03\/image-989.jpg","width":796,"height":448,"caption":"A atriz ir\u00e1 estar este domingo, 15 de mar\u00e7o, nos Oscars por ter integrado o filme \"O Agente Secreto\", que concorre com quatro nomea\u00e7\u00f5es: Melhor Filme, Melhor Filme Internacional, Melhor Elenco (Casting) e Melhor Ator para Wagner Moura."},{"@type":"BreadcrumbList","@id":"https:\/\/portaltela.pt\/noticias\/2026\/03\/15\/sensacao-de-ja-ter-estado-ali-ao-visitar-o-local\/#breadcrumb","itemListElement":[{"@type":"ListItem","position":1,"name":"In\u00edcio","item":"https:\/\/portaltela.pt\/"},{"@type":"ListItem","position":2,"name":"Sensa\u00e7\u00e3o de j\u00e1 ter estado ali ao visitar o local"}]},{"@type":"WebSite","@id":"https:\/\/portaltela.pt\/#website","url":"https:\/\/portaltela.pt\/","name":"Portal Tela Portugal","description":"","potentialAction":[{"@type":"SearchAction","target":{"@type":"EntryPoint","urlTemplate":"https:\/\/portaltela.pt\/?s={search_term_string}"},"query-input":{"@type":"PropertyValueSpecification","valueRequired":true,"valueName":"search_term_string"}}],"inLanguage":"pt-PT"},{"@type":"Person","@id":"https:\/\/portaltela.pt\/#\/schema\/person\/c4278d4a6028830caff9ee44b42d32ed","name":"Telinha","image":{"@type":"ImageObject","inLanguage":"pt-PT","@id":"https:\/\/portaltela.pt\/s.01k8rhncp4jt1\/2025\/11\/talking-bot-125x125.png","url":"https:\/\/portaltela.pt\/s.01k8rhncp4jt1\/2025\/11\/talking-bot-125x125.png","contentUrl":"https:\/\/portaltela.pt\/s.01k8rhncp4jt1\/2025\/11\/talking-bot-125x125.png","caption":"Telinha"},"sameAs":["https:\/\/portaltela.pt\/"],"url":"https:\/\/portaltela.pt\/por\/367410592786\/"}]}},"_links":{"self":[{"href":"https:\/\/portaltela.pt\/api\/wp\/v2\/posts\/410917","targetHints":{"allow":["GET"]}}],"collection":[{"href":"https:\/\/portaltela.pt\/api\/wp\/v2\/posts"}],"about":[{"href":"https:\/\/portaltela.pt\/api\/wp\/v2\/types\/post"}],"author":[{"embeddable":true,"href":"https:\/\/portaltela.pt\/api\/wp\/v2\/users\/2"}],"replies":[{"embeddable":true,"href":"https:\/\/portaltela.pt\/api\/wp\/v2\/comments?post=410917"}],"version-history":[{"count":0,"href":"https:\/\/portaltela.pt\/api\/wp\/v2\/posts\/410917\/revisions"}],"wp:featuredmedia":[{"embeddable":true,"href":"https:\/\/portaltela.pt\/api\/wp\/v2\/media\/410919"}],"wp:attachment":[{"href":"https:\/\/portaltela.pt\/api\/wp\/v2\/media?parent=410917"}],"wp:term":[{"taxonomy":"category","embeddable":true,"href":"https:\/\/portaltela.pt\/api\/wp\/v2\/categories?post=410917"},{"taxonomy":"post_tag","embeddable":true,"href":"https:\/\/portaltela.pt\/api\/wp\/v2\/tags?post=410917"}],"curies":[{"name":"wp","href":"https:\/\/api.w.org\/{rel}","templated":true}]}}