{"id":410915,"date":"2026-03-15T09:55:00","date_gmt":"2026-03-15T12:55:00","guid":{"rendered":"https:\/\/portaltela.pt\/noticias\/2026\/03\/15\/psp-apreende-arma-carregada-a-condutor-na-segunda-circular-lisboa\/"},"modified":"2026-03-15T09:55:00","modified_gmt":"2026-03-15T12:55:00","slug":"psp-apreende-arma-carregada-a-condutor-na-segunda-circular-lisboa","status":"publish","type":"post","link":"https:\/\/portaltela.pt\/policia\/2026\/03\/15\/psp-apreende-arma-carregada-a-condutor-na-segunda-circular-lisboa\/","title":{"rendered":"PSP apreende arma carregada a condutor na Segunda Circular, Lisboa"},"content":{"rendered":"<p>A PSP de Lisboa apreendeu uma arma de fogo carregada com seis muni\u00e7\u00f5es na posse de um condutor, durante uma patrulha na Segunda Circular junto ao Est\u00e1dio da Luz. O incidente ocorreu de madrugada, na Avenida Eus\u00e9bio da Silva Ferreira.<\/p>\n<p>Durante a revista a viatura suspeita, foi detido o condutor por n\u00e3o possuir autoriza\u00e7\u00e3o legal para deter a arma. A armas de calibre 6,35 mm estava carregada com as seis muni\u00e7\u00f5es no carregador.<\/p>\n<p>O passageiro que o acompanhava encontrava-se sem documenta\u00e7\u00e3o v\u00e1lida. Ambos foram conduzidos para a sede da Divis\u00e3o Policial da PSP para demais procedimentos.<\/p>\n","protected":false},"excerpt":{"rendered":"<ul>\n<li>A PSP de Lisboa apreendeu uma arma de fogo de calibre 6,35 mm carregada com seis muni\u00e7\u00f5es na posse do condutor de uma viatura abordada na Segunda Circular, junto ao Est\u00e1dio da Luz.<\/li>\n<li>A interven\u00e7\u00e3o ocorreu \u00e0s quatro horas da madrugada de s\u00e1bado, na Avenida Eus\u00e9bio da Silva Ferreira.<\/li>\n<li>Agentes da 3.\u00aa Divis\u00e3o da PSP de Lisboa abordaram a viatura suspeita durante patrulha.<\/li>\n<li>O condutor foi detido por n\u00e3o possuir autoriza\u00e7\u00e3o legal para a deten\u00e7\u00e3o da arma; o passageiro, indocumentado, tamb\u00e9m ficou detido.<\/li>\n<li>Ambos foram conduzidos para a sede da Divis\u00e3o Policial da PSP.<\/li>\n<\/ul>\n","protected":false},"author":2,"featured_media":410918,"comment_status":"closed","ping_status":"closed","sticky":false,"template":"","format":"standard","meta":{"footnotes":""},"categories":[6781],"tags":[124,147,981,3418,766,4536],"class_list":["post-410915","post","type-post","status-publish","format-standard","has-post-thumbnail","hentry","category-policia","tag-arma-de-fogo","tag-crime","tag-lisboa","tag-policia-de-seguranca-publica","tag-posse-de-arma-proibida","tag-seguranca"],"yoast_head":"<!-- This site is optimized with the Yoast SEO plugin v27.2 - https:\/\/yoast.com\/product\/yoast-seo-wordpress\/ -->\n<title>PSP apreende arma carregada a condutor na Segunda Circular, Lisboa - Portal Tela Portugal<\/title>\n<meta name=\"robots\" content=\"index, follow, max-snippet:-1, max-image-preview:large, max-video-preview:-1\" \/>\n<meta property=\"og:locale\" content=\"pt_PT\" \/>\n<meta property=\"og:type\" content=\"article\" \/>\n<meta property=\"og:title\" content=\"PSP apreende arma carregada a condutor na Segunda Circular, Lisboa - Portal Tela Portugal\" \/>\n<meta property=\"og:description\" content=\"A PSP de Lisboa apreendeu uma arma de fogo de calibre 6,35 mm carregada com seis muni\u00e7\u00f5es na posse do condutor de uma viatura abordada na Segunda Circular, junto ao Est\u00e1dio da Luz. A interven\u00e7\u00e3o ocorreu \u00e0s quatro horas da madrugada de s\u00e1bado, na Avenida Eus\u00e9bio da Silva Ferreira. Agentes da 3.\u00aa Divis\u00e3o da PSP de Lisboa abordaram a viatura suspeita durante patrulha. O condutor foi detido por n\u00e3o possuir autoriza\u00e7\u00e3o legal para a deten\u00e7\u00e3o da arma; o passageiro, indocumentado, tamb\u00e9m ficou detido. Ambos foram conduzidos para a sede da Divis\u00e3o Policial da PSP.\" \/>\n<meta property=\"og:url\" content=\"https:\/\/portaltela.pt\/noticias\/2026\/03\/15\/psp-apreende-arma-carregada-a-condutor-na-segunda-circular-lisboa\/\" \/>\n<meta property=\"og:site_name\" content=\"Portal Tela Portugal\" \/>\n<meta property=\"article:published_time\" content=\"2026-03-15T12:55:00+00:00\" \/>\n<meta name=\"author\" content=\"Telinha\" \/>\n<meta name=\"twitter:card\" content=\"summary_large_image\" \/>\n<meta name=\"twitter:label1\" content=\"Escrito por\" \/>\n\t<meta name=\"twitter:data1\" content=\"Telinha\" \/>\n\t<meta name=\"twitter:label2\" content=\"Tempo estimado de leitura\" \/>\n\t<meta name=\"twitter:data2\" content=\"1 minuto\" \/>\n<script type=\"application\/ld+json\" class=\"yoast-schema-graph\">{\"@context\":\"https:\/\/schema.org\",\"@graph\":[{\"@type\":\"Article\",\"@id\":\"https:\/\/portaltela.pt\/noticias\/2026\/03\/15\/psp-apreende-arma-carregada-a-condutor-na-segunda-circular-lisboa\/#article\",\"isPartOf\":{\"@id\":\"https:\/\/portaltela.pt\/noticias\/2026\/03\/15\/psp-apreende-arma-carregada-a-condutor-na-segunda-circular-lisboa\/\"},\"author\":{\"name\":\"Telinha\",\"@id\":\"https:\/\/portaltela.pt\/#\/schema\/person\/c4278d4a6028830caff9ee44b42d32ed\"},\"headline\":\"PSP apreende arma carregada a condutor na Segunda Circular, Lisboa\",\"datePublished\":\"2026-03-15T12:55:00+00:00\",\"mainEntityOfPage\":{\"@id\":\"https:\/\/portaltela.pt\/noticias\/2026\/03\/15\/psp-apreende-arma-carregada-a-condutor-na-segunda-circular-lisboa\/\"},\"wordCount\":114,\"image\":{\"@id\":\"https:\/\/portaltela.pt\/noticias\/2026\/03\/15\/psp-apreende-arma-carregada-a-condutor-na-segunda-circular-lisboa\/#primaryimage\"},\"thumbnailUrl\":\"https:\/\/portaltela.pt\/s.01k8rhncp4jt1\/2026\/03\/image-988.jpg\",\"keywords\":[\"arma de fogo\",\"crime\",\"Lisboa\",\"Pol\u00edcia de Seguran\u00e7a P\u00fablica\",\"posse de arma proibida\",\"seguran\u00e7a\"],\"articleSection\":[\"Pol\u00edcia\"],\"inLanguage\":\"pt-PT\"},{\"@type\":\"WebPage\",\"@id\":\"https:\/\/portaltela.pt\/noticias\/2026\/03\/15\/psp-apreende-arma-carregada-a-condutor-na-segunda-circular-lisboa\/\",\"url\":\"https:\/\/portaltela.pt\/noticias\/2026\/03\/15\/psp-apreende-arma-carregada-a-condutor-na-segunda-circular-lisboa\/\",\"name\":\"PSP apreende arma carregada a condutor na Segunda Circular, Lisboa - Portal Tela Portugal\",\"isPartOf\":{\"@id\":\"https:\/\/portaltela.pt\/#website\"},\"primaryImageOfPage\":{\"@id\":\"https:\/\/portaltela.pt\/noticias\/2026\/03\/15\/psp-apreende-arma-carregada-a-condutor-na-segunda-circular-lisboa\/#primaryimage\"},\"image\":{\"@id\":\"https:\/\/portaltela.pt\/noticias\/2026\/03\/15\/psp-apreende-arma-carregada-a-condutor-na-segunda-circular-lisboa\/#primaryimage\"},\"thumbnailUrl\":\"https:\/\/portaltela.pt\/s.01k8rhncp4jt1\/2026\/03\/image-988.jpg\",\"datePublished\":\"2026-03-15T12:55:00+00:00\",\"author\":{\"@id\":\"https:\/\/portaltela.pt\/#\/schema\/person\/c4278d4a6028830caff9ee44b42d32ed\"},\"breadcrumb\":{\"@id\":\"https:\/\/portaltela.pt\/noticias\/2026\/03\/15\/psp-apreende-arma-carregada-a-condutor-na-segunda-circular-lisboa\/#breadcrumb\"},\"inLanguage\":\"pt-PT\",\"potentialAction\":[{\"@type\":\"ReadAction\",\"target\":[\"https:\/\/portaltela.pt\/noticias\/2026\/03\/15\/psp-apreende-arma-carregada-a-condutor-na-segunda-circular-lisboa\/\"]}]},{\"@type\":\"ImageObject\",\"inLanguage\":\"pt-PT\",\"@id\":\"https:\/\/portaltela.pt\/noticias\/2026\/03\/15\/psp-apreende-arma-carregada-a-condutor-na-segunda-circular-lisboa\/#primaryimage\",\"url\":\"https:\/\/portaltela.pt\/s.01k8rhncp4jt1\/2026\/03\/image-988.jpg\",\"contentUrl\":\"https:\/\/portaltela.pt\/s.01k8rhncp4jt1\/2026\/03\/image-988.jpg\",\"width\":796,\"height\":448,\"caption\":\"PSP apreendeu arma carregada a condutor\"},{\"@type\":\"BreadcrumbList\",\"@id\":\"https:\/\/portaltela.pt\/noticias\/2026\/03\/15\/psp-apreende-arma-carregada-a-condutor-na-segunda-circular-lisboa\/#breadcrumb\",\"itemListElement\":[{\"@type\":\"ListItem\",\"position\":1,\"name\":\"In\u00edcio\",\"item\":\"https:\/\/portaltela.pt\/\"},{\"@type\":\"ListItem\",\"position\":2,\"name\":\"PSP apreende arma carregada a condutor na Segunda Circular, Lisboa\"}]},{\"@type\":\"WebSite\",\"@id\":\"https:\/\/portaltela.pt\/#website\",\"url\":\"https:\/\/portaltela.pt\/\",\"name\":\"Portal Tela Portugal\",\"description\":\"\",\"potentialAction\":[{\"@type\":\"SearchAction\",\"target\":{\"@type\":\"EntryPoint\",\"urlTemplate\":\"https:\/\/portaltela.pt\/?s={search_term_string}\"},\"query-input\":{\"@type\":\"PropertyValueSpecification\",\"valueRequired\":true,\"valueName\":\"search_term_string\"}}],\"inLanguage\":\"pt-PT\"},{\"@type\":\"Person\",\"@id\":\"https:\/\/portaltela.pt\/#\/schema\/person\/c4278d4a6028830caff9ee44b42d32ed\",\"name\":\"Telinha\",\"image\":{\"@type\":\"ImageObject\",\"inLanguage\":\"pt-PT\",\"@id\":\"https:\/\/portaltela.pt\/s.01k8rhncp4jt1\/2025\/11\/talking-bot-125x125.png\",\"url\":\"https:\/\/portaltela.pt\/s.01k8rhncp4jt1\/2025\/11\/talking-bot-125x125.png\",\"contentUrl\":\"https:\/\/portaltela.pt\/s.01k8rhncp4jt1\/2025\/11\/talking-bot-125x125.png\",\"caption\":\"Telinha\"},\"sameAs\":[\"https:\/\/portaltela.pt\/\"],\"url\":\"https:\/\/portaltela.pt\/por\/367410592786\/\"}]}<\/script>\n<!-- \/ Yoast SEO plugin. -->","yoast_head_json":{"title":"PSP apreende arma carregada a condutor na Segunda Circular, Lisboa - Portal Tela Portugal","robots":{"index":"index","follow":"follow","max-snippet":"max-snippet:-1","max-image-preview":"max-image-preview:large","max-video-preview":"max-video-preview:-1"},"og_locale":"pt_PT","og_type":"article","og_title":"PSP apreende arma carregada a condutor na Segunda Circular, Lisboa - Portal Tela Portugal","og_description":"A PSP de Lisboa apreendeu uma arma de fogo de calibre 6,35 mm carregada com seis muni\u00e7\u00f5es na posse do condutor de uma viatura abordada na Segunda Circular, junto ao Est\u00e1dio da Luz. A interven\u00e7\u00e3o ocorreu \u00e0s quatro horas da madrugada de s\u00e1bado, na Avenida Eus\u00e9bio da Silva Ferreira. Agentes da 3.\u00aa Divis\u00e3o da PSP de Lisboa abordaram a viatura suspeita durante patrulha. O condutor foi detido por n\u00e3o possuir autoriza\u00e7\u00e3o legal para a deten\u00e7\u00e3o da arma; o passageiro, indocumentado, tamb\u00e9m ficou detido. Ambos foram conduzidos para a sede da Divis\u00e3o Policial da PSP.","og_url":"https:\/\/portaltela.pt\/noticias\/2026\/03\/15\/psp-apreende-arma-carregada-a-condutor-na-segunda-circular-lisboa\/","og_site_name":"Portal Tela Portugal","article_published_time":"2026-03-15T12:55:00+00:00","author":"Telinha","twitter_card":"summary_large_image","twitter_misc":{"Escrito por":"Telinha","Tempo estimado de leitura":"1 minuto"},"schema":{"@context":"https:\/\/schema.org","@graph":[{"@type":"Article","@id":"https:\/\/portaltela.pt\/noticias\/2026\/03\/15\/psp-apreende-arma-carregada-a-condutor-na-segunda-circular-lisboa\/#article","isPartOf":{"@id":"https:\/\/portaltela.pt\/noticias\/2026\/03\/15\/psp-apreende-arma-carregada-a-condutor-na-segunda-circular-lisboa\/"},"author":{"name":"Telinha","@id":"https:\/\/portaltela.pt\/#\/schema\/person\/c4278d4a6028830caff9ee44b42d32ed"},"headline":"PSP apreende arma carregada a condutor na Segunda Circular, Lisboa","datePublished":"2026-03-15T12:55:00+00:00","mainEntityOfPage":{"@id":"https:\/\/portaltela.pt\/noticias\/2026\/03\/15\/psp-apreende-arma-carregada-a-condutor-na-segunda-circular-lisboa\/"},"wordCount":114,"image":{"@id":"https:\/\/portaltela.pt\/noticias\/2026\/03\/15\/psp-apreende-arma-carregada-a-condutor-na-segunda-circular-lisboa\/#primaryimage"},"thumbnailUrl":"https:\/\/portaltela.pt\/s.01k8rhncp4jt1\/2026\/03\/image-988.jpg","keywords":["arma de fogo","crime","Lisboa","Pol\u00edcia de Seguran\u00e7a P\u00fablica","posse de arma proibida","seguran\u00e7a"],"articleSection":["Pol\u00edcia"],"inLanguage":"pt-PT"},{"@type":"WebPage","@id":"https:\/\/portaltela.pt\/noticias\/2026\/03\/15\/psp-apreende-arma-carregada-a-condutor-na-segunda-circular-lisboa\/","url":"https:\/\/portaltela.pt\/noticias\/2026\/03\/15\/psp-apreende-arma-carregada-a-condutor-na-segunda-circular-lisboa\/","name":"PSP apreende arma carregada a condutor na Segunda Circular, Lisboa - Portal Tela Portugal","isPartOf":{"@id":"https:\/\/portaltela.pt\/#website"},"primaryImageOfPage":{"@id":"https:\/\/portaltela.pt\/noticias\/2026\/03\/15\/psp-apreende-arma-carregada-a-condutor-na-segunda-circular-lisboa\/#primaryimage"},"image":{"@id":"https:\/\/portaltela.pt\/noticias\/2026\/03\/15\/psp-apreende-arma-carregada-a-condutor-na-segunda-circular-lisboa\/#primaryimage"},"thumbnailUrl":"https:\/\/portaltela.pt\/s.01k8rhncp4jt1\/2026\/03\/image-988.jpg","datePublished":"2026-03-15T12:55:00+00:00","author":{"@id":"https:\/\/portaltela.pt\/#\/schema\/person\/c4278d4a6028830caff9ee44b42d32ed"},"breadcrumb":{"@id":"https:\/\/portaltela.pt\/noticias\/2026\/03\/15\/psp-apreende-arma-carregada-a-condutor-na-segunda-circular-lisboa\/#breadcrumb"},"inLanguage":"pt-PT","potentialAction":[{"@type":"ReadAction","target":["https:\/\/portaltela.pt\/noticias\/2026\/03\/15\/psp-apreende-arma-carregada-a-condutor-na-segunda-circular-lisboa\/"]}]},{"@type":"ImageObject","inLanguage":"pt-PT","@id":"https:\/\/portaltela.pt\/noticias\/2026\/03\/15\/psp-apreende-arma-carregada-a-condutor-na-segunda-circular-lisboa\/#primaryimage","url":"https:\/\/portaltela.pt\/s.01k8rhncp4jt1\/2026\/03\/image-988.jpg","contentUrl":"https:\/\/portaltela.pt\/s.01k8rhncp4jt1\/2026\/03\/image-988.jpg","width":796,"height":448,"caption":"PSP apreendeu arma carregada a condutor"},{"@type":"BreadcrumbList","@id":"https:\/\/portaltela.pt\/noticias\/2026\/03\/15\/psp-apreende-arma-carregada-a-condutor-na-segunda-circular-lisboa\/#breadcrumb","itemListElement":[{"@type":"ListItem","position":1,"name":"In\u00edcio","item":"https:\/\/portaltela.pt\/"},{"@type":"ListItem","position":2,"name":"PSP apreende arma carregada a condutor na Segunda Circular, Lisboa"}]},{"@type":"WebSite","@id":"https:\/\/portaltela.pt\/#website","url":"https:\/\/portaltela.pt\/","name":"Portal Tela Portugal","description":"","potentialAction":[{"@type":"SearchAction","target":{"@type":"EntryPoint","urlTemplate":"https:\/\/portaltela.pt\/?s={search_term_string}"},"query-input":{"@type":"PropertyValueSpecification","valueRequired":true,"valueName":"search_term_string"}}],"inLanguage":"pt-PT"},{"@type":"Person","@id":"https:\/\/portaltela.pt\/#\/schema\/person\/c4278d4a6028830caff9ee44b42d32ed","name":"Telinha","image":{"@type":"ImageObject","inLanguage":"pt-PT","@id":"https:\/\/portaltela.pt\/s.01k8rhncp4jt1\/2025\/11\/talking-bot-125x125.png","url":"https:\/\/portaltela.pt\/s.01k8rhncp4jt1\/2025\/11\/talking-bot-125x125.png","contentUrl":"https:\/\/portaltela.pt\/s.01k8rhncp4jt1\/2025\/11\/talking-bot-125x125.png","caption":"Telinha"},"sameAs":["https:\/\/portaltela.pt\/"],"url":"https:\/\/portaltela.pt\/por\/367410592786\/"}]}},"_links":{"self":[{"href":"https:\/\/portaltela.pt\/api\/wp\/v2\/posts\/410915","targetHints":{"allow":["GET"]}}],"collection":[{"href":"https:\/\/portaltela.pt\/api\/wp\/v2\/posts"}],"about":[{"href":"https:\/\/portaltela.pt\/api\/wp\/v2\/types\/post"}],"author":[{"embeddable":true,"href":"https:\/\/portaltela.pt\/api\/wp\/v2\/users\/2"}],"replies":[{"embeddable":true,"href":"https:\/\/portaltela.pt\/api\/wp\/v2\/comments?post=410915"}],"version-history":[{"count":0,"href":"https:\/\/portaltela.pt\/api\/wp\/v2\/posts\/410915\/revisions"}],"wp:featuredmedia":[{"embeddable":true,"href":"https:\/\/portaltela.pt\/api\/wp\/v2\/media\/410918"}],"wp:attachment":[{"href":"https:\/\/portaltela.pt\/api\/wp\/v2\/media?parent=410915"}],"wp:term":[{"taxonomy":"category","embeddable":true,"href":"https:\/\/portaltela.pt\/api\/wp\/v2\/categories?post=410915"},{"taxonomy":"post_tag","embeddable":true,"href":"https:\/\/portaltela.pt\/api\/wp\/v2\/tags?post=410915"}],"curies":[{"name":"wp","href":"https:\/\/api.w.org\/{rel}","templated":true}]}}