{"id":410888,"date":"2026-03-15T09:28:00","date_gmt":"2026-03-15T12:28:00","guid":{"rendered":"https:\/\/portaltela.pt\/noticias\/2026\/03\/15\/metade-dos-consumidores-aponta-custo-de-vida-elevado-como-causa-de-dividas\/"},"modified":"2026-03-15T09:28:00","modified_gmt":"2026-03-15T12:28:00","slug":"metade-dos-consumidores-aponta-custo-de-vida-elevado-como-causa-de-dividas","status":"publish","type":"post","link":"https:\/\/portaltela.pt\/noticias\/economia\/2026\/03\/15\/metade-dos-consumidores-aponta-custo-de-vida-elevado-como-causa-de-dividas\/","title":{"rendered":"Metade dos consumidores aponta custo de vida elevado como causa de d\u00edvidas"},"content":{"rendered":"<p>O estudo recente revela que metade dos consumidores atribui o endividamento ao aumento do custo de vida. O dado surge de uma an\u00e1lise efetuada por uma institui\u00e7\u00e3o de pesquisa, divulgada recentemente.<\/p>\n<p>A amostra envolve consumidores de v\u00e1rias faixas et\u00e1rias e poder aquisi\u00e7\u00e3o, refletindo perce\u00e7\u00f5es sobre finan\u00e7as pessoais. O objetivo \u00e9 entender as principais motiva\u00e7\u00f5es por tr\u00e1s das d\u00edvidas apresentadas pela popula\u00e7\u00e3o.<\/p>\n<p>Segundo os resultados, fatores como infla\u00e7\u00e3o, custos de habita\u00e7\u00e3o e despesas b\u00e1sicas aparecem entre os principais motivos citados. A varia\u00e7\u00e3o de pre\u00e7os impacta o or\u00e7amento mensal de muitos agregando press\u00f5es financeiras.<\/p>\n<p>O estudo tamb\u00e9m aponta que parte dos consumidores tem dificuldade em manter o equil\u00edbrio entre rendimentos e despesas, levando ao uso de cr\u00e9dito para necessidades b\u00e1sicas. Detalhes adicionais ficam dispon\u00edveis apenas para subscritores.<\/p>\n<p>Conte\u00fado completo permanece acess\u00edvel apenas para subscritores. As informa\u00e7\u00f5es apresentadas sintetizam dados da pesquisa sem interpretar ou emitir opini\u00f5es sobre pol\u00edticas p\u00fablicas.<\/p>\n<h3>Contexto do estudo<\/h3>\n<p>A an\u00e1lise visa mapear din\u00e2micas de endividamento em rela\u00e7\u00e3o a altera\u00e7\u00f5es do custo de vida. Os dados fornecem leitura objetiva sobre como a infla\u00e7\u00e3o influencia decis\u00f5es financeiras individuais.<\/p>\n<h3>Implica\u00e7\u00f5es para o consumidor<\/h3>\n<p>Especialistas recomendam planear or\u00e7amento, monitorizar gastos e buscar aconselhamento financeiro quando o peso das d\u00edvidas se intensifica. O objetivo \u00e9 evitar que press\u00f5es de curto prazo se prolonguem.<\/p>\n","protected":false},"excerpt":{"rendered":"<ul>\n<li>Metade dos consumidores aponta o aumento do custo de vida como motivo de d\u00edvidas, segundo estudo.<\/li>\n<li>O estudo indica o custo de vida como principal explica\u00e7\u00e3o para endividamento entre os consumidores.<\/li>\n<li>O conte\u00fado completo da not\u00edcia est\u00e1 dispon\u00edvel apenas para subscritores.<\/li>\n<li>O resumo n\u00e3o traz dados adicionais al\u00e9m do que \u00e9 apresentado no t\u00edtulo.<\/li>\n<li>Fonte ou detalhes do estudo n\u00e3o s\u00e3o especificados no conte\u00fado dispon\u00edvel.<\/li>\n<\/ul>\n","protected":false},"author":2,"featured_media":410891,"comment_status":"closed","ping_status":"closed","sticky":false,"template":"","format":"standard","meta":{"footnotes":""},"categories":[2,6735],"tags":[4991,2324,28,175,150],"class_list":["post-410888","post","type-post","status-publish","format-standard","has-post-thumbnail","hentry","category-economia","category-negocios","tag-consumo","tag-credito-ao-consumo","tag-economia","tag-financas-pessoais","tag-habitacao"],"yoast_head":"<!-- This site is optimized with the Yoast SEO plugin v27.2 - https:\/\/yoast.com\/product\/yoast-seo-wordpress\/ -->\n<title>Metade dos consumidores aponta custo de vida elevado como causa de d\u00edvidas - Portal Tela Portugal<\/title>\n<meta name=\"robots\" content=\"index, follow, max-snippet:-1, max-image-preview:large, max-video-preview:-1\" \/>\n<meta property=\"og:locale\" content=\"pt_PT\" \/>\n<meta property=\"og:type\" content=\"article\" \/>\n<meta property=\"og:title\" content=\"Metade dos consumidores aponta custo de vida elevado como causa de d\u00edvidas - Portal Tela Portugal\" \/>\n<meta property=\"og:description\" content=\"Metade dos consumidores aponta o aumento do custo de vida como motivo de d\u00edvidas, segundo estudo. O estudo indica o custo de vida como principal explica\u00e7\u00e3o para endividamento entre os consumidores. O conte\u00fado completo da not\u00edcia est\u00e1 dispon\u00edvel apenas para subscritores. O resumo n\u00e3o traz dados adicionais al\u00e9m do que \u00e9 apresentado no t\u00edtulo. Fonte ou detalhes do estudo n\u00e3o s\u00e3o especificados no conte\u00fado dispon\u00edvel.\" \/>\n<meta property=\"og:url\" content=\"https:\/\/portaltela.pt\/noticias\/2026\/03\/15\/metade-dos-consumidores-aponta-custo-de-vida-elevado-como-causa-de-dividas\/\" \/>\n<meta property=\"og:site_name\" content=\"Portal Tela Portugal\" \/>\n<meta property=\"article:published_time\" content=\"2026-03-15T12:28:00+00:00\" \/>\n<meta name=\"author\" content=\"Telinha\" \/>\n<meta name=\"twitter:card\" content=\"summary_large_image\" \/>\n<meta name=\"twitter:label1\" content=\"Escrito por\" \/>\n\t<meta name=\"twitter:data1\" content=\"Telinha\" \/>\n\t<meta name=\"twitter:label2\" content=\"Tempo estimado de leitura\" \/>\n\t<meta name=\"twitter:data2\" content=\"1 minuto\" \/>\n<script type=\"application\/ld+json\" class=\"yoast-schema-graph\">{\"@context\":\"https:\/\/schema.org\",\"@graph\":[{\"@type\":\"Article\",\"@id\":\"https:\/\/portaltela.pt\/noticias\/2026\/03\/15\/metade-dos-consumidores-aponta-custo-de-vida-elevado-como-causa-de-dividas\/#article\",\"isPartOf\":{\"@id\":\"https:\/\/portaltela.pt\/noticias\/2026\/03\/15\/metade-dos-consumidores-aponta-custo-de-vida-elevado-como-causa-de-dividas\/\"},\"author\":{\"name\":\"Telinha\",\"@id\":\"https:\/\/portaltela.pt\/#\/schema\/person\/c4278d4a6028830caff9ee44b42d32ed\"},\"headline\":\"Metade dos consumidores aponta custo de vida elevado como causa de d\u00edvidas\",\"datePublished\":\"2026-03-15T12:28:00+00:00\",\"mainEntityOfPage\":{\"@id\":\"https:\/\/portaltela.pt\/noticias\/2026\/03\/15\/metade-dos-consumidores-aponta-custo-de-vida-elevado-como-causa-de-dividas\/\"},\"wordCount\":260,\"image\":{\"@id\":\"https:\/\/portaltela.pt\/noticias\/2026\/03\/15\/metade-dos-consumidores-aponta-custo-de-vida-elevado-como-causa-de-dividas\/#primaryimage\"},\"thumbnailUrl\":\"https:\/\/portaltela.pt\/s.01k8rhncp4jt1\/2026\/03\/CACHE_780X1200_ANALOG_WATERMARKED_39548590_3705971_01102022124030.jpg\",\"keywords\":[\"consumo\",\"Cr\u00e9dito ao Consumo\",\"economia\",\"finan\u00e7as pessoais\",\"habita\u00e7\u00e3o\"],\"articleSection\":[\"Economia\",\"Neg\u00f3cios\"],\"inLanguage\":\"pt-PT\"},{\"@type\":\"WebPage\",\"@id\":\"https:\/\/portaltela.pt\/noticias\/2026\/03\/15\/metade-dos-consumidores-aponta-custo-de-vida-elevado-como-causa-de-dividas\/\",\"url\":\"https:\/\/portaltela.pt\/noticias\/2026\/03\/15\/metade-dos-consumidores-aponta-custo-de-vida-elevado-como-causa-de-dividas\/\",\"name\":\"Metade dos consumidores aponta custo de vida elevado como causa de d\u00edvidas - Portal Tela Portugal\",\"isPartOf\":{\"@id\":\"https:\/\/portaltela.pt\/#website\"},\"primaryImageOfPage\":{\"@id\":\"https:\/\/portaltela.pt\/noticias\/2026\/03\/15\/metade-dos-consumidores-aponta-custo-de-vida-elevado-como-causa-de-dividas\/#primaryimage\"},\"image\":{\"@id\":\"https:\/\/portaltela.pt\/noticias\/2026\/03\/15\/metade-dos-consumidores-aponta-custo-de-vida-elevado-como-causa-de-dividas\/#primaryimage\"},\"thumbnailUrl\":\"https:\/\/portaltela.pt\/s.01k8rhncp4jt1\/2026\/03\/CACHE_780X1200_ANALOG_WATERMARKED_39548590_3705971_01102022124030.jpg\",\"datePublished\":\"2026-03-15T12:28:00+00:00\",\"author\":{\"@id\":\"https:\/\/portaltela.pt\/#\/schema\/person\/c4278d4a6028830caff9ee44b42d32ed\"},\"breadcrumb\":{\"@id\":\"https:\/\/portaltela.pt\/noticias\/2026\/03\/15\/metade-dos-consumidores-aponta-custo-de-vida-elevado-como-causa-de-dividas\/#breadcrumb\"},\"inLanguage\":\"pt-PT\",\"potentialAction\":[{\"@type\":\"ReadAction\",\"target\":[\"https:\/\/portaltela.pt\/noticias\/2026\/03\/15\/metade-dos-consumidores-aponta-custo-de-vida-elevado-como-causa-de-dividas\/\"]}]},{\"@type\":\"ImageObject\",\"inLanguage\":\"pt-PT\",\"@id\":\"https:\/\/portaltela.pt\/noticias\/2026\/03\/15\/metade-dos-consumidores-aponta-custo-de-vida-elevado-como-causa-de-dividas\/#primaryimage\",\"url\":\"https:\/\/portaltela.pt\/s.01k8rhncp4jt1\/2026\/03\/CACHE_780X1200_ANALOG_WATERMARKED_39548590_3705971_01102022124030.jpg\",\"contentUrl\":\"https:\/\/portaltela.pt\/s.01k8rhncp4jt1\/2026\/03\/CACHE_780X1200_ANALOG_WATERMARKED_39548590_3705971_01102022124030.jpg\",\"width\":796,\"height\":448,\"caption\":\"Metade dos consumidores aponta aumento do custo de vida como motivo de d\u00edvidas \u2013 estudo\"},{\"@type\":\"BreadcrumbList\",\"@id\":\"https:\/\/portaltela.pt\/noticias\/2026\/03\/15\/metade-dos-consumidores-aponta-custo-de-vida-elevado-como-causa-de-dividas\/#breadcrumb\",\"itemListElement\":[{\"@type\":\"ListItem\",\"position\":1,\"name\":\"In\u00edcio\",\"item\":\"https:\/\/portaltela.pt\/\"},{\"@type\":\"ListItem\",\"position\":2,\"name\":\"Metade dos consumidores aponta custo de vida elevado como causa de d\u00edvidas\"}]},{\"@type\":\"WebSite\",\"@id\":\"https:\/\/portaltela.pt\/#website\",\"url\":\"https:\/\/portaltela.pt\/\",\"name\":\"Portal Tela Portugal\",\"description\":\"\",\"potentialAction\":[{\"@type\":\"SearchAction\",\"target\":{\"@type\":\"EntryPoint\",\"urlTemplate\":\"https:\/\/portaltela.pt\/?s={search_term_string}\"},\"query-input\":{\"@type\":\"PropertyValueSpecification\",\"valueRequired\":true,\"valueName\":\"search_term_string\"}}],\"inLanguage\":\"pt-PT\"},{\"@type\":\"Person\",\"@id\":\"https:\/\/portaltela.pt\/#\/schema\/person\/c4278d4a6028830caff9ee44b42d32ed\",\"name\":\"Telinha\",\"image\":{\"@type\":\"ImageObject\",\"inLanguage\":\"pt-PT\",\"@id\":\"https:\/\/portaltela.pt\/s.01k8rhncp4jt1\/2025\/11\/talking-bot-125x125.png\",\"url\":\"https:\/\/portaltela.pt\/s.01k8rhncp4jt1\/2025\/11\/talking-bot-125x125.png\",\"contentUrl\":\"https:\/\/portaltela.pt\/s.01k8rhncp4jt1\/2025\/11\/talking-bot-125x125.png\",\"caption\":\"Telinha\"},\"sameAs\":[\"https:\/\/portaltela.pt\/\"],\"url\":\"https:\/\/portaltela.pt\/por\/367410592786\/\"}]}<\/script>\n<!-- \/ Yoast SEO plugin. -->","yoast_head_json":{"title":"Metade dos consumidores aponta custo de vida elevado como causa de d\u00edvidas - Portal Tela Portugal","robots":{"index":"index","follow":"follow","max-snippet":"max-snippet:-1","max-image-preview":"max-image-preview:large","max-video-preview":"max-video-preview:-1"},"og_locale":"pt_PT","og_type":"article","og_title":"Metade dos consumidores aponta custo de vida elevado como causa de d\u00edvidas - Portal Tela Portugal","og_description":"Metade dos consumidores aponta o aumento do custo de vida como motivo de d\u00edvidas, segundo estudo. O estudo indica o custo de vida como principal explica\u00e7\u00e3o para endividamento entre os consumidores. O conte\u00fado completo da not\u00edcia est\u00e1 dispon\u00edvel apenas para subscritores. O resumo n\u00e3o traz dados adicionais al\u00e9m do que \u00e9 apresentado no t\u00edtulo. Fonte ou detalhes do estudo n\u00e3o s\u00e3o especificados no conte\u00fado dispon\u00edvel.","og_url":"https:\/\/portaltela.pt\/noticias\/2026\/03\/15\/metade-dos-consumidores-aponta-custo-de-vida-elevado-como-causa-de-dividas\/","og_site_name":"Portal Tela Portugal","article_published_time":"2026-03-15T12:28:00+00:00","author":"Telinha","twitter_card":"summary_large_image","twitter_misc":{"Escrito por":"Telinha","Tempo estimado de leitura":"1 minuto"},"schema":{"@context":"https:\/\/schema.org","@graph":[{"@type":"Article","@id":"https:\/\/portaltela.pt\/noticias\/2026\/03\/15\/metade-dos-consumidores-aponta-custo-de-vida-elevado-como-causa-de-dividas\/#article","isPartOf":{"@id":"https:\/\/portaltela.pt\/noticias\/2026\/03\/15\/metade-dos-consumidores-aponta-custo-de-vida-elevado-como-causa-de-dividas\/"},"author":{"name":"Telinha","@id":"https:\/\/portaltela.pt\/#\/schema\/person\/c4278d4a6028830caff9ee44b42d32ed"},"headline":"Metade dos consumidores aponta custo de vida elevado como causa de d\u00edvidas","datePublished":"2026-03-15T12:28:00+00:00","mainEntityOfPage":{"@id":"https:\/\/portaltela.pt\/noticias\/2026\/03\/15\/metade-dos-consumidores-aponta-custo-de-vida-elevado-como-causa-de-dividas\/"},"wordCount":260,"image":{"@id":"https:\/\/portaltela.pt\/noticias\/2026\/03\/15\/metade-dos-consumidores-aponta-custo-de-vida-elevado-como-causa-de-dividas\/#primaryimage"},"thumbnailUrl":"https:\/\/portaltela.pt\/s.01k8rhncp4jt1\/2026\/03\/CACHE_780X1200_ANALOG_WATERMARKED_39548590_3705971_01102022124030.jpg","keywords":["consumo","Cr\u00e9dito ao Consumo","economia","finan\u00e7as pessoais","habita\u00e7\u00e3o"],"articleSection":["Economia","Neg\u00f3cios"],"inLanguage":"pt-PT"},{"@type":"WebPage","@id":"https:\/\/portaltela.pt\/noticias\/2026\/03\/15\/metade-dos-consumidores-aponta-custo-de-vida-elevado-como-causa-de-dividas\/","url":"https:\/\/portaltela.pt\/noticias\/2026\/03\/15\/metade-dos-consumidores-aponta-custo-de-vida-elevado-como-causa-de-dividas\/","name":"Metade dos consumidores aponta custo de vida elevado como causa de d\u00edvidas - Portal Tela Portugal","isPartOf":{"@id":"https:\/\/portaltela.pt\/#website"},"primaryImageOfPage":{"@id":"https:\/\/portaltela.pt\/noticias\/2026\/03\/15\/metade-dos-consumidores-aponta-custo-de-vida-elevado-como-causa-de-dividas\/#primaryimage"},"image":{"@id":"https:\/\/portaltela.pt\/noticias\/2026\/03\/15\/metade-dos-consumidores-aponta-custo-de-vida-elevado-como-causa-de-dividas\/#primaryimage"},"thumbnailUrl":"https:\/\/portaltela.pt\/s.01k8rhncp4jt1\/2026\/03\/CACHE_780X1200_ANALOG_WATERMARKED_39548590_3705971_01102022124030.jpg","datePublished":"2026-03-15T12:28:00+00:00","author":{"@id":"https:\/\/portaltela.pt\/#\/schema\/person\/c4278d4a6028830caff9ee44b42d32ed"},"breadcrumb":{"@id":"https:\/\/portaltela.pt\/noticias\/2026\/03\/15\/metade-dos-consumidores-aponta-custo-de-vida-elevado-como-causa-de-dividas\/#breadcrumb"},"inLanguage":"pt-PT","potentialAction":[{"@type":"ReadAction","target":["https:\/\/portaltela.pt\/noticias\/2026\/03\/15\/metade-dos-consumidores-aponta-custo-de-vida-elevado-como-causa-de-dividas\/"]}]},{"@type":"ImageObject","inLanguage":"pt-PT","@id":"https:\/\/portaltela.pt\/noticias\/2026\/03\/15\/metade-dos-consumidores-aponta-custo-de-vida-elevado-como-causa-de-dividas\/#primaryimage","url":"https:\/\/portaltela.pt\/s.01k8rhncp4jt1\/2026\/03\/CACHE_780X1200_ANALOG_WATERMARKED_39548590_3705971_01102022124030.jpg","contentUrl":"https:\/\/portaltela.pt\/s.01k8rhncp4jt1\/2026\/03\/CACHE_780X1200_ANALOG_WATERMARKED_39548590_3705971_01102022124030.jpg","width":796,"height":448,"caption":"Metade dos consumidores aponta aumento do custo de vida como motivo de d\u00edvidas \u2013 estudo"},{"@type":"BreadcrumbList","@id":"https:\/\/portaltela.pt\/noticias\/2026\/03\/15\/metade-dos-consumidores-aponta-custo-de-vida-elevado-como-causa-de-dividas\/#breadcrumb","itemListElement":[{"@type":"ListItem","position":1,"name":"In\u00edcio","item":"https:\/\/portaltela.pt\/"},{"@type":"ListItem","position":2,"name":"Metade dos consumidores aponta custo de vida elevado como causa de d\u00edvidas"}]},{"@type":"WebSite","@id":"https:\/\/portaltela.pt\/#website","url":"https:\/\/portaltela.pt\/","name":"Portal Tela Portugal","description":"","potentialAction":[{"@type":"SearchAction","target":{"@type":"EntryPoint","urlTemplate":"https:\/\/portaltela.pt\/?s={search_term_string}"},"query-input":{"@type":"PropertyValueSpecification","valueRequired":true,"valueName":"search_term_string"}}],"inLanguage":"pt-PT"},{"@type":"Person","@id":"https:\/\/portaltela.pt\/#\/schema\/person\/c4278d4a6028830caff9ee44b42d32ed","name":"Telinha","image":{"@type":"ImageObject","inLanguage":"pt-PT","@id":"https:\/\/portaltela.pt\/s.01k8rhncp4jt1\/2025\/11\/talking-bot-125x125.png","url":"https:\/\/portaltela.pt\/s.01k8rhncp4jt1\/2025\/11\/talking-bot-125x125.png","contentUrl":"https:\/\/portaltela.pt\/s.01k8rhncp4jt1\/2025\/11\/talking-bot-125x125.png","caption":"Telinha"},"sameAs":["https:\/\/portaltela.pt\/"],"url":"https:\/\/portaltela.pt\/por\/367410592786\/"}]}},"_links":{"self":[{"href":"https:\/\/portaltela.pt\/api\/wp\/v2\/posts\/410888","targetHints":{"allow":["GET"]}}],"collection":[{"href":"https:\/\/portaltela.pt\/api\/wp\/v2\/posts"}],"about":[{"href":"https:\/\/portaltela.pt\/api\/wp\/v2\/types\/post"}],"author":[{"embeddable":true,"href":"https:\/\/portaltela.pt\/api\/wp\/v2\/users\/2"}],"replies":[{"embeddable":true,"href":"https:\/\/portaltela.pt\/api\/wp\/v2\/comments?post=410888"}],"version-history":[{"count":0,"href":"https:\/\/portaltela.pt\/api\/wp\/v2\/posts\/410888\/revisions"}],"wp:featuredmedia":[{"embeddable":true,"href":"https:\/\/portaltela.pt\/api\/wp\/v2\/media\/410891"}],"wp:attachment":[{"href":"https:\/\/portaltela.pt\/api\/wp\/v2\/media?parent=410888"}],"wp:term":[{"taxonomy":"category","embeddable":true,"href":"https:\/\/portaltela.pt\/api\/wp\/v2\/categories?post=410888"},{"taxonomy":"post_tag","embeddable":true,"href":"https:\/\/portaltela.pt\/api\/wp\/v2\/tags?post=410888"}],"curies":[{"name":"wp","href":"https:\/\/api.w.org\/{rel}","templated":true}]}}