{"id":410878,"date":"2026-03-15T09:09:00","date_gmt":"2026-03-15T12:09:00","guid":{"rendered":"https:\/\/portaltela.pt\/noticias\/2026\/03\/15\/morreu-o-musico-phil-campbell-da-motorhead\/"},"modified":"2026-03-15T09:09:00","modified_gmt":"2026-03-15T12:09:00","slug":"morreu-o-musico-phil-campbell-da-motorhead","status":"publish","type":"post","link":"https:\/\/portaltela.pt\/musica\/2026\/03\/15\/morreu-o-musico-phil-campbell-da-motorhead\/","title":{"rendered":"Morreu o m\u00fasico Phil Campbell, da Mot\u00f6rhead"},"content":{"rendered":"<p>A fam\u00edlia e a banda Mot\u00f6rhead anunciaram a morte do guitarrista Phil Campbell, aos 64 anos, ap\u00f3s uma longa e corajosa luta e uma cirurgia Complexa. A informa\u00e7\u00e3o foi publicada em comunicados separados, sem detalhes adicionais sobre o acompanhamento m\u00e9dico.<\/p>\n<p>Phil Campbell integrou os Mot\u00f6rhead em 1984 e manteve-se na banda durante 31 anos, at\u00e9 2015, quando o grupo encerrou atividades ap\u00f3s a morte do vocalista Lemmy Kilmister. Depois disso, o m\u00fasico formou Phil Campbell and The Bastard Sons, com os seus tr\u00eas filhos, mantendo a atividade de digress\u00f5es durante v\u00e1rios anos.<\/p>\n<p>Recentemente, Campbell atuou num concerto com casa cheia na sua cidade natal, Pontypridd, Pa\u00eds de Gales. A not\u00edcia deixa o mundo da m\u00fasica sem um dos seus guitarristas marcantes e destaca a dura\u00e7\u00e3o da colabora\u00e7\u00e3o com os Mot\u00f6rhead, bem como a fase seguinte da carreira.<\/p>\n<h3>Carreira e Legado<\/h3>\n<p>A Mot\u00f6rhead, criada em Londres em 1975, atingiu o pico de popularidade no come\u00e7o dos anos 80 com \u00e1lbuns como Ace of Spades e No Sleep \u2019til Hammersmith, refer\u00eancias do heavy metal.<\/p>\n<p>Campbell chegou ao grupo em 1984 e ajudou a moldar o som caracter\u00edstico da banda durante mais de tr\u00eas d\u00e9cadas, contribuindo como guitarrista, compositor e int\u00e9rprete. A bateria de turn\u00eas e as grava\u00e7\u00f5es consolidaram a presen\u00e7a dos Mot\u00f6rhead no panorama musical internacional.<\/p>\n<p>Ap\u00f3s a separa\u00e7\u00e3o da banda principal, o m\u00fasico seguiu com os Bastard Sons, explorando projetos paralelos e mantendo uma carreira ativa at\u00e9 aos \u00faltimos anos, incluindo apresenta\u00e7\u00f5es em palco na sua cidade natal.<\/p>\n","protected":false},"excerpt":{"rendered":"<ul>\n<li>Morreu aos 64 anos o guitarrista Phil Campbell, conhecido por tocar nos Mot\u00f6rhead, ap\u00f3s uma longa luta e uma cirurgia complexa.<\/li>\n<li>Campbell juntou-se aos Mot\u00f6rhead em 1984 e permaneceu na banda por 31 anos, at\u00e9 2015, quando a forma\u00e7\u00e3o se separou ap\u00f3s a morte de Lemmy Kilmister.<\/li>\n<li>Depois saiu dos Mot\u00f6rhead, criou Phil Campbell and The Bastard Sons com os seus tr\u00eas filhos, mantendo-se em digress\u00e3o.<\/li>\n<li>Recentemente realizou um concerto com casa cheia na sua cidade natal, Pontypridd, Pa\u00eds de Gales.<\/li>\n<li>O grupo Mot\u00f6rhead afirmou que o mundo perdeu &#8220;um enorme raio de luz&#8221; e mostrou-se devastado com a not\u00edcia.<\/li>\n<\/ul>\n","protected":false},"author":2,"featured_media":410880,"comment_status":"closed","ping_status":"closed","sticky":false,"template":"","format":"standard","meta":{"footnotes":""},"categories":[6676],"tags":[5064,7136,6429,122,4363,7221],"class_list":["post-410878","post","type-post","status-publish","format-standard","has-post-thumbnail","hentry","category-musica","tag-artistas-internacionais","tag-guitarra","tag-mortes","tag-musica","tag-musicos","tag-noticias"],"yoast_head":"<!-- This site is optimized with the Yoast SEO plugin v27.2 - https:\/\/yoast.com\/product\/yoast-seo-wordpress\/ -->\n<title>Morreu o m\u00fasico Phil Campbell, da Mot\u00f6rhead - Portal Tela Portugal<\/title>\n<meta name=\"robots\" content=\"index, follow, max-snippet:-1, max-image-preview:large, max-video-preview:-1\" \/>\n<meta property=\"og:locale\" content=\"pt_PT\" \/>\n<meta property=\"og:type\" content=\"article\" \/>\n<meta property=\"og:title\" content=\"Morreu o m\u00fasico Phil Campbell, da Mot\u00f6rhead - Portal Tela Portugal\" \/>\n<meta property=\"og:description\" content=\"Morreu aos 64 anos o guitarrista Phil Campbell, conhecido por tocar nos Mot\u00f6rhead, ap\u00f3s uma longa luta e uma cirurgia complexa. Campbell juntou-se aos Mot\u00f6rhead em 1984 e permaneceu na banda por 31 anos, at\u00e9 2015, quando a forma\u00e7\u00e3o se separou ap\u00f3s a morte de Lemmy Kilmister. Depois saiu dos Mot\u00f6rhead, criou Phil Campbell and The Bastard Sons com os seus tr\u00eas filhos, mantendo-se em digress\u00e3o. Recentemente realizou um concerto com casa cheia na sua cidade natal, Pontypridd, Pa\u00eds de Gales. O grupo Mot\u00f6rhead afirmou que o mundo perdeu &quot;um enorme raio de luz&quot; e mostrou-se devastado com a not\u00edcia.\" \/>\n<meta property=\"og:url\" content=\"https:\/\/portaltela.pt\/noticias\/2026\/03\/15\/morreu-o-musico-phil-campbell-da-motorhead\/\" \/>\n<meta property=\"og:site_name\" content=\"Portal Tela Portugal\" \/>\n<meta property=\"article:published_time\" content=\"2026-03-15T12:09:00+00:00\" \/>\n<meta name=\"author\" content=\"Telinha\" \/>\n<meta name=\"twitter:card\" content=\"summary_large_image\" \/>\n<meta name=\"twitter:label1\" content=\"Escrito por\" \/>\n\t<meta name=\"twitter:data1\" content=\"Telinha\" \/>\n\t<meta name=\"twitter:label2\" content=\"Tempo estimado de leitura\" \/>\n\t<meta name=\"twitter:data2\" content=\"1 minuto\" \/>\n<script type=\"application\/ld+json\" class=\"yoast-schema-graph\">{\"@context\":\"https:\/\/schema.org\",\"@graph\":[{\"@type\":\"Article\",\"@id\":\"https:\/\/portaltela.pt\/noticias\/2026\/03\/15\/morreu-o-musico-phil-campbell-da-motorhead\/#article\",\"isPartOf\":{\"@id\":\"https:\/\/portaltela.pt\/noticias\/2026\/03\/15\/morreu-o-musico-phil-campbell-da-motorhead\/\"},\"author\":{\"name\":\"Telinha\",\"@id\":\"https:\/\/portaltela.pt\/#\/schema\/person\/c4278d4a6028830caff9ee44b42d32ed\"},\"headline\":\"Morreu o m\u00fasico Phil Campbell, da Mot\u00f6rhead\",\"datePublished\":\"2026-03-15T12:09:00+00:00\",\"mainEntityOfPage\":{\"@id\":\"https:\/\/portaltela.pt\/noticias\/2026\/03\/15\/morreu-o-musico-phil-campbell-da-motorhead\/\"},\"wordCount\":281,\"image\":{\"@id\":\"https:\/\/portaltela.pt\/noticias\/2026\/03\/15\/morreu-o-musico-phil-campbell-da-motorhead\/#primaryimage\"},\"thumbnailUrl\":\"https:\/\/portaltela.pt\/s.01k8rhncp4jt1\/2026\/03\/2074319.jpg\",\"keywords\":[\"artistas internacionais\",\"guitarra\",\"mortes\",\"m\u00fasica\",\"m\u00fasicos\",\"not\u00edcias\"],\"articleSection\":[\"M\u00fasica\"],\"inLanguage\":\"pt-PT\"},{\"@type\":\"WebPage\",\"@id\":\"https:\/\/portaltela.pt\/noticias\/2026\/03\/15\/morreu-o-musico-phil-campbell-da-motorhead\/\",\"url\":\"https:\/\/portaltela.pt\/noticias\/2026\/03\/15\/morreu-o-musico-phil-campbell-da-motorhead\/\",\"name\":\"Morreu o m\u00fasico Phil Campbell, da Mot\u00f6rhead - Portal Tela Portugal\",\"isPartOf\":{\"@id\":\"https:\/\/portaltela.pt\/#website\"},\"primaryImageOfPage\":{\"@id\":\"https:\/\/portaltela.pt\/noticias\/2026\/03\/15\/morreu-o-musico-phil-campbell-da-motorhead\/#primaryimage\"},\"image\":{\"@id\":\"https:\/\/portaltela.pt\/noticias\/2026\/03\/15\/morreu-o-musico-phil-campbell-da-motorhead\/#primaryimage\"},\"thumbnailUrl\":\"https:\/\/portaltela.pt\/s.01k8rhncp4jt1\/2026\/03\/2074319.jpg\",\"datePublished\":\"2026-03-15T12:09:00+00:00\",\"author\":{\"@id\":\"https:\/\/portaltela.pt\/#\/schema\/person\/c4278d4a6028830caff9ee44b42d32ed\"},\"breadcrumb\":{\"@id\":\"https:\/\/portaltela.pt\/noticias\/2026\/03\/15\/morreu-o-musico-phil-campbell-da-motorhead\/#breadcrumb\"},\"inLanguage\":\"pt-PT\",\"potentialAction\":[{\"@type\":\"ReadAction\",\"target\":[\"https:\/\/portaltela.pt\/noticias\/2026\/03\/15\/morreu-o-musico-phil-campbell-da-motorhead\/\"]}]},{\"@type\":\"ImageObject\",\"inLanguage\":\"pt-PT\",\"@id\":\"https:\/\/portaltela.pt\/noticias\/2026\/03\/15\/morreu-o-musico-phil-campbell-da-motorhead\/#primaryimage\",\"url\":\"https:\/\/portaltela.pt\/s.01k8rhncp4jt1\/2026\/03\/2074319.jpg\",\"contentUrl\":\"https:\/\/portaltela.pt\/s.01k8rhncp4jt1\/2026\/03\/2074319.jpg\",\"width\":796,\"height\":448,\"caption\":\"A banda Mot\u00f6rhead, fundada em 1975 em Londres, atingiu o seu auge no in\u00edcio dos anos 1980\"},{\"@type\":\"BreadcrumbList\",\"@id\":\"https:\/\/portaltela.pt\/noticias\/2026\/03\/15\/morreu-o-musico-phil-campbell-da-motorhead\/#breadcrumb\",\"itemListElement\":[{\"@type\":\"ListItem\",\"position\":1,\"name\":\"In\u00edcio\",\"item\":\"https:\/\/portaltela.pt\/\"},{\"@type\":\"ListItem\",\"position\":2,\"name\":\"Morreu o m\u00fasico Phil Campbell, da Mot\u00f6rhead\"}]},{\"@type\":\"WebSite\",\"@id\":\"https:\/\/portaltela.pt\/#website\",\"url\":\"https:\/\/portaltela.pt\/\",\"name\":\"Portal Tela Portugal\",\"description\":\"\",\"potentialAction\":[{\"@type\":\"SearchAction\",\"target\":{\"@type\":\"EntryPoint\",\"urlTemplate\":\"https:\/\/portaltela.pt\/?s={search_term_string}\"},\"query-input\":{\"@type\":\"PropertyValueSpecification\",\"valueRequired\":true,\"valueName\":\"search_term_string\"}}],\"inLanguage\":\"pt-PT\"},{\"@type\":\"Person\",\"@id\":\"https:\/\/portaltela.pt\/#\/schema\/person\/c4278d4a6028830caff9ee44b42d32ed\",\"name\":\"Telinha\",\"image\":{\"@type\":\"ImageObject\",\"inLanguage\":\"pt-PT\",\"@id\":\"https:\/\/portaltela.pt\/s.01k8rhncp4jt1\/2025\/11\/talking-bot-125x125.png\",\"url\":\"https:\/\/portaltela.pt\/s.01k8rhncp4jt1\/2025\/11\/talking-bot-125x125.png\",\"contentUrl\":\"https:\/\/portaltela.pt\/s.01k8rhncp4jt1\/2025\/11\/talking-bot-125x125.png\",\"caption\":\"Telinha\"},\"sameAs\":[\"https:\/\/portaltela.pt\/\"],\"url\":\"https:\/\/portaltela.pt\/por\/367410592786\/\"}]}<\/script>\n<!-- \/ Yoast SEO plugin. -->","yoast_head_json":{"title":"Morreu o m\u00fasico Phil Campbell, da Mot\u00f6rhead - Portal Tela Portugal","robots":{"index":"index","follow":"follow","max-snippet":"max-snippet:-1","max-image-preview":"max-image-preview:large","max-video-preview":"max-video-preview:-1"},"og_locale":"pt_PT","og_type":"article","og_title":"Morreu o m\u00fasico Phil Campbell, da Mot\u00f6rhead - Portal Tela Portugal","og_description":"Morreu aos 64 anos o guitarrista Phil Campbell, conhecido por tocar nos Mot\u00f6rhead, ap\u00f3s uma longa luta e uma cirurgia complexa. Campbell juntou-se aos Mot\u00f6rhead em 1984 e permaneceu na banda por 31 anos, at\u00e9 2015, quando a forma\u00e7\u00e3o se separou ap\u00f3s a morte de Lemmy Kilmister. Depois saiu dos Mot\u00f6rhead, criou Phil Campbell and The Bastard Sons com os seus tr\u00eas filhos, mantendo-se em digress\u00e3o. Recentemente realizou um concerto com casa cheia na sua cidade natal, Pontypridd, Pa\u00eds de Gales. O grupo Mot\u00f6rhead afirmou que o mundo perdeu \"um enorme raio de luz\" e mostrou-se devastado com a not\u00edcia.","og_url":"https:\/\/portaltela.pt\/noticias\/2026\/03\/15\/morreu-o-musico-phil-campbell-da-motorhead\/","og_site_name":"Portal Tela Portugal","article_published_time":"2026-03-15T12:09:00+00:00","author":"Telinha","twitter_card":"summary_large_image","twitter_misc":{"Escrito por":"Telinha","Tempo estimado de leitura":"1 minuto"},"schema":{"@context":"https:\/\/schema.org","@graph":[{"@type":"Article","@id":"https:\/\/portaltela.pt\/noticias\/2026\/03\/15\/morreu-o-musico-phil-campbell-da-motorhead\/#article","isPartOf":{"@id":"https:\/\/portaltela.pt\/noticias\/2026\/03\/15\/morreu-o-musico-phil-campbell-da-motorhead\/"},"author":{"name":"Telinha","@id":"https:\/\/portaltela.pt\/#\/schema\/person\/c4278d4a6028830caff9ee44b42d32ed"},"headline":"Morreu o m\u00fasico Phil Campbell, da Mot\u00f6rhead","datePublished":"2026-03-15T12:09:00+00:00","mainEntityOfPage":{"@id":"https:\/\/portaltela.pt\/noticias\/2026\/03\/15\/morreu-o-musico-phil-campbell-da-motorhead\/"},"wordCount":281,"image":{"@id":"https:\/\/portaltela.pt\/noticias\/2026\/03\/15\/morreu-o-musico-phil-campbell-da-motorhead\/#primaryimage"},"thumbnailUrl":"https:\/\/portaltela.pt\/s.01k8rhncp4jt1\/2026\/03\/2074319.jpg","keywords":["artistas internacionais","guitarra","mortes","m\u00fasica","m\u00fasicos","not\u00edcias"],"articleSection":["M\u00fasica"],"inLanguage":"pt-PT"},{"@type":"WebPage","@id":"https:\/\/portaltela.pt\/noticias\/2026\/03\/15\/morreu-o-musico-phil-campbell-da-motorhead\/","url":"https:\/\/portaltela.pt\/noticias\/2026\/03\/15\/morreu-o-musico-phil-campbell-da-motorhead\/","name":"Morreu o m\u00fasico Phil Campbell, da Mot\u00f6rhead - Portal Tela Portugal","isPartOf":{"@id":"https:\/\/portaltela.pt\/#website"},"primaryImageOfPage":{"@id":"https:\/\/portaltela.pt\/noticias\/2026\/03\/15\/morreu-o-musico-phil-campbell-da-motorhead\/#primaryimage"},"image":{"@id":"https:\/\/portaltela.pt\/noticias\/2026\/03\/15\/morreu-o-musico-phil-campbell-da-motorhead\/#primaryimage"},"thumbnailUrl":"https:\/\/portaltela.pt\/s.01k8rhncp4jt1\/2026\/03\/2074319.jpg","datePublished":"2026-03-15T12:09:00+00:00","author":{"@id":"https:\/\/portaltela.pt\/#\/schema\/person\/c4278d4a6028830caff9ee44b42d32ed"},"breadcrumb":{"@id":"https:\/\/portaltela.pt\/noticias\/2026\/03\/15\/morreu-o-musico-phil-campbell-da-motorhead\/#breadcrumb"},"inLanguage":"pt-PT","potentialAction":[{"@type":"ReadAction","target":["https:\/\/portaltela.pt\/noticias\/2026\/03\/15\/morreu-o-musico-phil-campbell-da-motorhead\/"]}]},{"@type":"ImageObject","inLanguage":"pt-PT","@id":"https:\/\/portaltela.pt\/noticias\/2026\/03\/15\/morreu-o-musico-phil-campbell-da-motorhead\/#primaryimage","url":"https:\/\/portaltela.pt\/s.01k8rhncp4jt1\/2026\/03\/2074319.jpg","contentUrl":"https:\/\/portaltela.pt\/s.01k8rhncp4jt1\/2026\/03\/2074319.jpg","width":796,"height":448,"caption":"A banda Mot\u00f6rhead, fundada em 1975 em Londres, atingiu o seu auge no in\u00edcio dos anos 1980"},{"@type":"BreadcrumbList","@id":"https:\/\/portaltela.pt\/noticias\/2026\/03\/15\/morreu-o-musico-phil-campbell-da-motorhead\/#breadcrumb","itemListElement":[{"@type":"ListItem","position":1,"name":"In\u00edcio","item":"https:\/\/portaltela.pt\/"},{"@type":"ListItem","position":2,"name":"Morreu o m\u00fasico Phil Campbell, da Mot\u00f6rhead"}]},{"@type":"WebSite","@id":"https:\/\/portaltela.pt\/#website","url":"https:\/\/portaltela.pt\/","name":"Portal Tela Portugal","description":"","potentialAction":[{"@type":"SearchAction","target":{"@type":"EntryPoint","urlTemplate":"https:\/\/portaltela.pt\/?s={search_term_string}"},"query-input":{"@type":"PropertyValueSpecification","valueRequired":true,"valueName":"search_term_string"}}],"inLanguage":"pt-PT"},{"@type":"Person","@id":"https:\/\/portaltela.pt\/#\/schema\/person\/c4278d4a6028830caff9ee44b42d32ed","name":"Telinha","image":{"@type":"ImageObject","inLanguage":"pt-PT","@id":"https:\/\/portaltela.pt\/s.01k8rhncp4jt1\/2025\/11\/talking-bot-125x125.png","url":"https:\/\/portaltela.pt\/s.01k8rhncp4jt1\/2025\/11\/talking-bot-125x125.png","contentUrl":"https:\/\/portaltela.pt\/s.01k8rhncp4jt1\/2025\/11\/talking-bot-125x125.png","caption":"Telinha"},"sameAs":["https:\/\/portaltela.pt\/"],"url":"https:\/\/portaltela.pt\/por\/367410592786\/"}]}},"_links":{"self":[{"href":"https:\/\/portaltela.pt\/api\/wp\/v2\/posts\/410878","targetHints":{"allow":["GET"]}}],"collection":[{"href":"https:\/\/portaltela.pt\/api\/wp\/v2\/posts"}],"about":[{"href":"https:\/\/portaltela.pt\/api\/wp\/v2\/types\/post"}],"author":[{"embeddable":true,"href":"https:\/\/portaltela.pt\/api\/wp\/v2\/users\/2"}],"replies":[{"embeddable":true,"href":"https:\/\/portaltela.pt\/api\/wp\/v2\/comments?post=410878"}],"version-history":[{"count":0,"href":"https:\/\/portaltela.pt\/api\/wp\/v2\/posts\/410878\/revisions"}],"wp:featuredmedia":[{"embeddable":true,"href":"https:\/\/portaltela.pt\/api\/wp\/v2\/media\/410880"}],"wp:attachment":[{"href":"https:\/\/portaltela.pt\/api\/wp\/v2\/media?parent=410878"}],"wp:term":[{"taxonomy":"category","embeddable":true,"href":"https:\/\/portaltela.pt\/api\/wp\/v2\/categories?post=410878"},{"taxonomy":"post_tag","embeddable":true,"href":"https:\/\/portaltela.pt\/api\/wp\/v2\/tags?post=410878"}],"curies":[{"name":"wp","href":"https:\/\/api.w.org\/{rel}","templated":true}]}}