{"id":410872,"date":"2026-03-15T09:02:07","date_gmt":"2026-03-15T12:02:07","guid":{"rendered":"https:\/\/portaltela.pt\/noticias\/2026\/03\/15\/incendio-em-castelo-de-vide-deixa-homem-sem-casa-apenas-com-a-roupa\/"},"modified":"2026-03-15T09:02:07","modified_gmt":"2026-03-15T12:02:07","slug":"incendio-em-castelo-de-vide-deixa-homem-sem-casa-apenas-com-a-roupa","status":"publish","type":"post","link":"https:\/\/portaltela.pt\/noticias\/2026\/03\/15\/incendio-em-castelo-de-vide-deixa-homem-sem-casa-apenas-com-a-roupa\/","title":{"rendered":"Inc\u00eandio em Castelo de Vide deixa homem sem casa, apenas com a roupa"},"content":{"rendered":"<p>Fogo destruiu a casa de Jos\u00e9, na noite de s\u00e1bado, em Castelo de Vide. O incidente deixou o morador sem habita\u00e7\u00e3o, apenas com a roupa que vestia. Os bombeiros foram chamados para o local, onde o fogo foi contido com algum esfor\u00e7o.<\/p>\n<p>Jos\u00e9 vivia na freguesia da P\u00f3voa e Meadas h\u00e1 25 anos. N\u00e3o houve registo de feridos graves, mas o desalojamento ocorreu devido aos danos estruturais provocados pelo inc\u00eandio. O caso est\u00e1 a ser acompanhado pelas autoridades locais.<\/p>\n<p>O inc\u00eandio ocorreu num im\u00f3vel da mesma localidade, ainda durante a noite de s\u00e1bado, segundo informa\u00e7\u00f5es recolhidas. N\u00e3o foram avan\u00e7adas causas oficiais ainda, mas a prioridade \u00e9 apoiar o desalojado e assegurar alojamento provis\u00f3rio. Fonte: CMTV.<\/p>\n","protected":false},"excerpt":{"rendered":"<ul>\n<li>Jos\u00e9 vivia na P\u00f3voa e Meadas, em Castelo de Vide, h\u00e1 25 anos.<\/li>\n<li>O inc\u00eandio deflagrou na casa na noite de s\u00e1bado.<\/li>\n<li>Como consequ\u00eancia, o homem ficou desalojado de casa.<\/li>\n<li>N\u00e3o foram dadas informa\u00e7\u00f5es sobre feridos ou causas do fogo.<\/li>\n<li>A not\u00edcia foi publicada a 15 de mar\u00e7o de 2026 pela CMTV.<\/li>\n<\/ul>\n","protected":false},"author":2,"featured_media":410876,"comment_status":"closed","ping_status":"closed","sticky":false,"template":"","format":"standard","meta":{"footnotes":""},"categories":[1],"tags":[491,1112,3004,2843,150,1438],"class_list":["post-410872","post","type-post","status-publish","format-standard","has-post-thumbnail","hentry","category-noticias","tag-alojamento-local","tag-castelo-branco","tag-desalojados","tag-desalojamentos","tag-habitacao","tag-incendio"],"yoast_head":"<!-- This site is optimized with the Yoast SEO plugin v27.2 - https:\/\/yoast.com\/product\/yoast-seo-wordpress\/ -->\n<title>Inc\u00eandio em Castelo de Vide deixa homem sem casa, apenas com a roupa - Portal Tela Portugal<\/title>\n<meta name=\"robots\" content=\"index, follow, max-snippet:-1, max-image-preview:large, max-video-preview:-1\" \/>\n<meta property=\"og:locale\" content=\"pt_PT\" \/>\n<meta property=\"og:type\" content=\"article\" \/>\n<meta property=\"og:title\" content=\"Inc\u00eandio em Castelo de Vide deixa homem sem casa, apenas com a roupa - Portal Tela Portugal\" \/>\n<meta property=\"og:description\" content=\"Jos\u00e9 vivia na P\u00f3voa e Meadas, em Castelo de Vide, h\u00e1 25 anos. O inc\u00eandio deflagrou na casa na noite de s\u00e1bado. Como consequ\u00eancia, o homem ficou desalojado de casa. N\u00e3o foram dadas informa\u00e7\u00f5es sobre feridos ou causas do fogo. A not\u00edcia foi publicada a 15 de mar\u00e7o de 2026 pela CMTV.\" \/>\n<meta property=\"og:url\" content=\"https:\/\/portaltela.pt\/noticias\/2026\/03\/15\/incendio-em-castelo-de-vide-deixa-homem-sem-casa-apenas-com-a-roupa\/\" \/>\n<meta property=\"og:site_name\" content=\"Portal Tela Portugal\" \/>\n<meta property=\"article:published_time\" content=\"2026-03-15T12:02:07+00:00\" \/>\n<meta name=\"author\" content=\"Telinha\" \/>\n<meta name=\"twitter:card\" content=\"summary_large_image\" \/>\n<meta name=\"twitter:label1\" content=\"Escrito por\" \/>\n\t<meta name=\"twitter:data1\" content=\"Telinha\" \/>\n\t<meta name=\"twitter:label2\" content=\"Tempo estimado de leitura\" \/>\n\t<meta name=\"twitter:data2\" content=\"1 minuto\" \/>\n<script type=\"application\/ld+json\" class=\"yoast-schema-graph\">{\"@context\":\"https:\/\/schema.org\",\"@graph\":[{\"@type\":\"Article\",\"@id\":\"https:\/\/portaltela.pt\/noticias\/2026\/03\/15\/incendio-em-castelo-de-vide-deixa-homem-sem-casa-apenas-com-a-roupa\/#article\",\"isPartOf\":{\"@id\":\"https:\/\/portaltela.pt\/noticias\/2026\/03\/15\/incendio-em-castelo-de-vide-deixa-homem-sem-casa-apenas-com-a-roupa\/\"},\"author\":{\"name\":\"Telinha\",\"@id\":\"https:\/\/portaltela.pt\/#\/schema\/person\/c4278d4a6028830caff9ee44b42d32ed\"},\"headline\":\"Inc\u00eandio em Castelo de Vide deixa homem sem casa, apenas com a roupa\",\"datePublished\":\"2026-03-15T12:02:07+00:00\",\"mainEntityOfPage\":{\"@id\":\"https:\/\/portaltela.pt\/noticias\/2026\/03\/15\/incendio-em-castelo-de-vide-deixa-homem-sem-casa-apenas-com-a-roupa\/\"},\"wordCount\":140,\"image\":{\"@id\":\"https:\/\/portaltela.pt\/noticias\/2026\/03\/15\/incendio-em-castelo-de-vide-deixa-homem-sem-casa-apenas-com-a-roupa\/#primaryimage\"},\"thumbnailUrl\":\"https:\/\/portaltela.pt\/s.01k8rhncp4jt1\/2026\/03\/img_1280x722uu2026-03-15-12-00-20-2272485.jpg\",\"keywords\":[\"alojamento local\",\"Castelo Branco\",\"desalojados\",\"desalojamentos\",\"habita\u00e7\u00e3o\",\"inc\u00eandio\"],\"articleSection\":[\"Not\u00edcias\"],\"inLanguage\":\"pt-PT\"},{\"@type\":\"WebPage\",\"@id\":\"https:\/\/portaltela.pt\/noticias\/2026\/03\/15\/incendio-em-castelo-de-vide-deixa-homem-sem-casa-apenas-com-a-roupa\/\",\"url\":\"https:\/\/portaltela.pt\/noticias\/2026\/03\/15\/incendio-em-castelo-de-vide-deixa-homem-sem-casa-apenas-com-a-roupa\/\",\"name\":\"Inc\u00eandio em Castelo de Vide deixa homem sem casa, apenas com a roupa - Portal Tela Portugal\",\"isPartOf\":{\"@id\":\"https:\/\/portaltela.pt\/#website\"},\"primaryImageOfPage\":{\"@id\":\"https:\/\/portaltela.pt\/noticias\/2026\/03\/15\/incendio-em-castelo-de-vide-deixa-homem-sem-casa-apenas-com-a-roupa\/#primaryimage\"},\"image\":{\"@id\":\"https:\/\/portaltela.pt\/noticias\/2026\/03\/15\/incendio-em-castelo-de-vide-deixa-homem-sem-casa-apenas-com-a-roupa\/#primaryimage\"},\"thumbnailUrl\":\"https:\/\/portaltela.pt\/s.01k8rhncp4jt1\/2026\/03\/img_1280x722uu2026-03-15-12-00-20-2272485.jpg\",\"datePublished\":\"2026-03-15T12:02:07+00:00\",\"author\":{\"@id\":\"https:\/\/portaltela.pt\/#\/schema\/person\/c4278d4a6028830caff9ee44b42d32ed\"},\"breadcrumb\":{\"@id\":\"https:\/\/portaltela.pt\/noticias\/2026\/03\/15\/incendio-em-castelo-de-vide-deixa-homem-sem-casa-apenas-com-a-roupa\/#breadcrumb\"},\"inLanguage\":\"pt-PT\",\"potentialAction\":[{\"@type\":\"ReadAction\",\"target\":[\"https:\/\/portaltela.pt\/noticias\/2026\/03\/15\/incendio-em-castelo-de-vide-deixa-homem-sem-casa-apenas-com-a-roupa\/\"]}]},{\"@type\":\"ImageObject\",\"inLanguage\":\"pt-PT\",\"@id\":\"https:\/\/portaltela.pt\/noticias\/2026\/03\/15\/incendio-em-castelo-de-vide-deixa-homem-sem-casa-apenas-com-a-roupa\/#primaryimage\",\"url\":\"https:\/\/portaltela.pt\/s.01k8rhncp4jt1\/2026\/03\/img_1280x722uu2026-03-15-12-00-20-2272485.jpg\",\"contentUrl\":\"https:\/\/portaltela.pt\/s.01k8rhncp4jt1\/2026\/03\/img_1280x722uu2026-03-15-12-00-20-2272485.jpg\",\"width\":796,\"height\":448,\"caption\":\"\\\"Fiquei s\u00f3 com a roupa que tinha no corpo\\\": homem perde casa em inc\u00eandio em Castelo de Vide\"},{\"@type\":\"BreadcrumbList\",\"@id\":\"https:\/\/portaltela.pt\/noticias\/2026\/03\/15\/incendio-em-castelo-de-vide-deixa-homem-sem-casa-apenas-com-a-roupa\/#breadcrumb\",\"itemListElement\":[{\"@type\":\"ListItem\",\"position\":1,\"name\":\"In\u00edcio\",\"item\":\"https:\/\/portaltela.pt\/\"},{\"@type\":\"ListItem\",\"position\":2,\"name\":\"Inc\u00eandio em Castelo de Vide deixa homem sem casa, apenas com a roupa\"}]},{\"@type\":\"WebSite\",\"@id\":\"https:\/\/portaltela.pt\/#website\",\"url\":\"https:\/\/portaltela.pt\/\",\"name\":\"Portal Tela Portugal\",\"description\":\"\",\"potentialAction\":[{\"@type\":\"SearchAction\",\"target\":{\"@type\":\"EntryPoint\",\"urlTemplate\":\"https:\/\/portaltela.pt\/?s={search_term_string}\"},\"query-input\":{\"@type\":\"PropertyValueSpecification\",\"valueRequired\":true,\"valueName\":\"search_term_string\"}}],\"inLanguage\":\"pt-PT\"},{\"@type\":\"Person\",\"@id\":\"https:\/\/portaltela.pt\/#\/schema\/person\/c4278d4a6028830caff9ee44b42d32ed\",\"name\":\"Telinha\",\"image\":{\"@type\":\"ImageObject\",\"inLanguage\":\"pt-PT\",\"@id\":\"https:\/\/portaltela.pt\/s.01k8rhncp4jt1\/2025\/11\/talking-bot-125x125.png\",\"url\":\"https:\/\/portaltela.pt\/s.01k8rhncp4jt1\/2025\/11\/talking-bot-125x125.png\",\"contentUrl\":\"https:\/\/portaltela.pt\/s.01k8rhncp4jt1\/2025\/11\/talking-bot-125x125.png\",\"caption\":\"Telinha\"},\"sameAs\":[\"https:\/\/portaltela.pt\/\"],\"url\":\"https:\/\/portaltela.pt\/por\/367410592786\/\"}]}<\/script>\n<!-- \/ Yoast SEO plugin. -->","yoast_head_json":{"title":"Inc\u00eandio em Castelo de Vide deixa homem sem casa, apenas com a roupa - Portal Tela Portugal","robots":{"index":"index","follow":"follow","max-snippet":"max-snippet:-1","max-image-preview":"max-image-preview:large","max-video-preview":"max-video-preview:-1"},"og_locale":"pt_PT","og_type":"article","og_title":"Inc\u00eandio em Castelo de Vide deixa homem sem casa, apenas com a roupa - Portal Tela Portugal","og_description":"Jos\u00e9 vivia na P\u00f3voa e Meadas, em Castelo de Vide, h\u00e1 25 anos. O inc\u00eandio deflagrou na casa na noite de s\u00e1bado. Como consequ\u00eancia, o homem ficou desalojado de casa. N\u00e3o foram dadas informa\u00e7\u00f5es sobre feridos ou causas do fogo. A not\u00edcia foi publicada a 15 de mar\u00e7o de 2026 pela CMTV.","og_url":"https:\/\/portaltela.pt\/noticias\/2026\/03\/15\/incendio-em-castelo-de-vide-deixa-homem-sem-casa-apenas-com-a-roupa\/","og_site_name":"Portal Tela Portugal","article_published_time":"2026-03-15T12:02:07+00:00","author":"Telinha","twitter_card":"summary_large_image","twitter_misc":{"Escrito por":"Telinha","Tempo estimado de leitura":"1 minuto"},"schema":{"@context":"https:\/\/schema.org","@graph":[{"@type":"Article","@id":"https:\/\/portaltela.pt\/noticias\/2026\/03\/15\/incendio-em-castelo-de-vide-deixa-homem-sem-casa-apenas-com-a-roupa\/#article","isPartOf":{"@id":"https:\/\/portaltela.pt\/noticias\/2026\/03\/15\/incendio-em-castelo-de-vide-deixa-homem-sem-casa-apenas-com-a-roupa\/"},"author":{"name":"Telinha","@id":"https:\/\/portaltela.pt\/#\/schema\/person\/c4278d4a6028830caff9ee44b42d32ed"},"headline":"Inc\u00eandio em Castelo de Vide deixa homem sem casa, apenas com a roupa","datePublished":"2026-03-15T12:02:07+00:00","mainEntityOfPage":{"@id":"https:\/\/portaltela.pt\/noticias\/2026\/03\/15\/incendio-em-castelo-de-vide-deixa-homem-sem-casa-apenas-com-a-roupa\/"},"wordCount":140,"image":{"@id":"https:\/\/portaltela.pt\/noticias\/2026\/03\/15\/incendio-em-castelo-de-vide-deixa-homem-sem-casa-apenas-com-a-roupa\/#primaryimage"},"thumbnailUrl":"https:\/\/portaltela.pt\/s.01k8rhncp4jt1\/2026\/03\/img_1280x722uu2026-03-15-12-00-20-2272485.jpg","keywords":["alojamento local","Castelo Branco","desalojados","desalojamentos","habita\u00e7\u00e3o","inc\u00eandio"],"articleSection":["Not\u00edcias"],"inLanguage":"pt-PT"},{"@type":"WebPage","@id":"https:\/\/portaltela.pt\/noticias\/2026\/03\/15\/incendio-em-castelo-de-vide-deixa-homem-sem-casa-apenas-com-a-roupa\/","url":"https:\/\/portaltela.pt\/noticias\/2026\/03\/15\/incendio-em-castelo-de-vide-deixa-homem-sem-casa-apenas-com-a-roupa\/","name":"Inc\u00eandio em Castelo de Vide deixa homem sem casa, apenas com a roupa - Portal Tela Portugal","isPartOf":{"@id":"https:\/\/portaltela.pt\/#website"},"primaryImageOfPage":{"@id":"https:\/\/portaltela.pt\/noticias\/2026\/03\/15\/incendio-em-castelo-de-vide-deixa-homem-sem-casa-apenas-com-a-roupa\/#primaryimage"},"image":{"@id":"https:\/\/portaltela.pt\/noticias\/2026\/03\/15\/incendio-em-castelo-de-vide-deixa-homem-sem-casa-apenas-com-a-roupa\/#primaryimage"},"thumbnailUrl":"https:\/\/portaltela.pt\/s.01k8rhncp4jt1\/2026\/03\/img_1280x722uu2026-03-15-12-00-20-2272485.jpg","datePublished":"2026-03-15T12:02:07+00:00","author":{"@id":"https:\/\/portaltela.pt\/#\/schema\/person\/c4278d4a6028830caff9ee44b42d32ed"},"breadcrumb":{"@id":"https:\/\/portaltela.pt\/noticias\/2026\/03\/15\/incendio-em-castelo-de-vide-deixa-homem-sem-casa-apenas-com-a-roupa\/#breadcrumb"},"inLanguage":"pt-PT","potentialAction":[{"@type":"ReadAction","target":["https:\/\/portaltela.pt\/noticias\/2026\/03\/15\/incendio-em-castelo-de-vide-deixa-homem-sem-casa-apenas-com-a-roupa\/"]}]},{"@type":"ImageObject","inLanguage":"pt-PT","@id":"https:\/\/portaltela.pt\/noticias\/2026\/03\/15\/incendio-em-castelo-de-vide-deixa-homem-sem-casa-apenas-com-a-roupa\/#primaryimage","url":"https:\/\/portaltela.pt\/s.01k8rhncp4jt1\/2026\/03\/img_1280x722uu2026-03-15-12-00-20-2272485.jpg","contentUrl":"https:\/\/portaltela.pt\/s.01k8rhncp4jt1\/2026\/03\/img_1280x722uu2026-03-15-12-00-20-2272485.jpg","width":796,"height":448,"caption":"\"Fiquei s\u00f3 com a roupa que tinha no corpo\": homem perde casa em inc\u00eandio em Castelo de Vide"},{"@type":"BreadcrumbList","@id":"https:\/\/portaltela.pt\/noticias\/2026\/03\/15\/incendio-em-castelo-de-vide-deixa-homem-sem-casa-apenas-com-a-roupa\/#breadcrumb","itemListElement":[{"@type":"ListItem","position":1,"name":"In\u00edcio","item":"https:\/\/portaltela.pt\/"},{"@type":"ListItem","position":2,"name":"Inc\u00eandio em Castelo de Vide deixa homem sem casa, apenas com a roupa"}]},{"@type":"WebSite","@id":"https:\/\/portaltela.pt\/#website","url":"https:\/\/portaltela.pt\/","name":"Portal Tela Portugal","description":"","potentialAction":[{"@type":"SearchAction","target":{"@type":"EntryPoint","urlTemplate":"https:\/\/portaltela.pt\/?s={search_term_string}"},"query-input":{"@type":"PropertyValueSpecification","valueRequired":true,"valueName":"search_term_string"}}],"inLanguage":"pt-PT"},{"@type":"Person","@id":"https:\/\/portaltela.pt\/#\/schema\/person\/c4278d4a6028830caff9ee44b42d32ed","name":"Telinha","image":{"@type":"ImageObject","inLanguage":"pt-PT","@id":"https:\/\/portaltela.pt\/s.01k8rhncp4jt1\/2025\/11\/talking-bot-125x125.png","url":"https:\/\/portaltela.pt\/s.01k8rhncp4jt1\/2025\/11\/talking-bot-125x125.png","contentUrl":"https:\/\/portaltela.pt\/s.01k8rhncp4jt1\/2025\/11\/talking-bot-125x125.png","caption":"Telinha"},"sameAs":["https:\/\/portaltela.pt\/"],"url":"https:\/\/portaltela.pt\/por\/367410592786\/"}]}},"_links":{"self":[{"href":"https:\/\/portaltela.pt\/api\/wp\/v2\/posts\/410872","targetHints":{"allow":["GET"]}}],"collection":[{"href":"https:\/\/portaltela.pt\/api\/wp\/v2\/posts"}],"about":[{"href":"https:\/\/portaltela.pt\/api\/wp\/v2\/types\/post"}],"author":[{"embeddable":true,"href":"https:\/\/portaltela.pt\/api\/wp\/v2\/users\/2"}],"replies":[{"embeddable":true,"href":"https:\/\/portaltela.pt\/api\/wp\/v2\/comments?post=410872"}],"version-history":[{"count":0,"href":"https:\/\/portaltela.pt\/api\/wp\/v2\/posts\/410872\/revisions"}],"wp:featuredmedia":[{"embeddable":true,"href":"https:\/\/portaltela.pt\/api\/wp\/v2\/media\/410876"}],"wp:attachment":[{"href":"https:\/\/portaltela.pt\/api\/wp\/v2\/media?parent=410872"}],"wp:term":[{"taxonomy":"category","embeddable":true,"href":"https:\/\/portaltela.pt\/api\/wp\/v2\/categories?post=410872"},{"taxonomy":"post_tag","embeddable":true,"href":"https:\/\/portaltela.pt\/api\/wp\/v2\/tags?post=410872"}],"curies":[{"name":"wp","href":"https:\/\/api.w.org\/{rel}","templated":true}]}}