{"id":410869,"date":"2026-03-15T09:08:00","date_gmt":"2026-03-15T12:08:00","guid":{"rendered":"https:\/\/portaltela.pt\/noticias\/2026\/03\/15\/morreu-phil-campbell-guitarrista-da-motorhead\/"},"modified":"2026-03-15T09:08:00","modified_gmt":"2026-03-15T12:08:00","slug":"morreu-phil-campbell-guitarrista-da-motorhead","status":"publish","type":"post","link":"https:\/\/portaltela.pt\/noticias\/2026\/03\/15\/morreu-phil-campbell-guitarrista-da-motorhead\/","title":{"rendered":"Morreu Phil Campbell, guitarrista da Mot\u00f6rhead"},"content":{"rendered":"<p>Phil Campbell, guitarrista da Mot\u00f6rhead, faleceu aos 64 anos ap\u00f3s uma longa luta de sa\u00fade e uma cirurgia complexa, segundo um comunicado emitido pela fam\u00edlia e pela banda.<\/p>\n<p>O an\u00fancio foi feito pela Mot\u00f6rhead nas redes sociais, acompanhado de uma foto a preto e branco do m\u00fasico. A ladainha m\u00e9dica n\u00e3o foi detalhada, apenas referida como uma batalha prolongada.<\/p>\n<p>Campbell integrou a Mot\u00f6rhead em 1984 e permaneceu at\u00e9 2015, quando a banda encerrou atividades ap\u00f3s a morte de Lemmy Kilmister. Posteriormente, criou Phil Campbell and The Bastard Sons com os seus tr\u00eas filhos, mantendo a atua\u00e7\u00e3o ao vivo.<\/p>\n<p>Recentemente, o m\u00fasico proporcionou um concerto com casa cheia na sua cidade natal, Pontypridd, no Pa\u00eds de Gales, mostrando a continuidade do seu projecto musical ap\u00f3s a separa\u00e7\u00e3o da banda original.<\/p>\n<p>Os Mot\u00f6rhead, criados em 1975 em Londres, atingiram o auge no in\u00edcio dos anos 1980 com \u00e1lbuns como Ace of Spades e No Sleep \u2019til Hammersmith, consolidando o legado do grupo no rock.<\/p>\n","protected":false},"excerpt":{"rendered":"<ul>\n<li>Phil Campbell, guitarrista da Mot\u00f6rhead, morreu aos 64 anos ap\u00f3s uma longa luta e uma cirurgia complexa.<\/li>\n<li>A fam\u00edlia e a banda anunciaram o falecimento, em comunicado partilhado nas redes sociais.<\/li>\n<li>Campbel integrou os Mot\u00f6rhead em 1984 e ficou na banda at\u00e9 \u00e0 dissolu\u00e7\u00e3o em 2015, quando Lemmy Kilmister faleceu.<\/li>\n<li>Seguiu-se com a banda Phil Campbell and The Bastard Sons, projeto com os seus tr\u00eas filhos, mantendo-se em digress\u00f5es.<\/li>\n<li>A Mot\u00f6rhead foi fundada em 1975 em Londres e alcan\u00e7ou grande sucesso nos anos 1980, com \u00e1lbuns como Ace of Spades.<\/li>\n<\/ul>\n","protected":false},"author":2,"featured_media":410873,"comment_status":"closed","ping_status":"closed","sticky":false,"template":"","format":"standard","meta":{"footnotes":""},"categories":[6676,1],"tags":[762,593,7136,122,4363,2111],"class_list":["post-410869","post","type-post","status-publish","format-standard","has-post-thumbnail","hentry","category-musica","category-noticias","tag-artistas","tag-concertos","tag-guitarra","tag-musica","tag-musicos","tag-reino-unido"],"yoast_head":"<!-- This site is optimized with the Yoast SEO plugin v27.2 - https:\/\/yoast.com\/product\/yoast-seo-wordpress\/ -->\n<title>Morreu Phil Campbell, guitarrista da Mot\u00f6rhead - Portal Tela Portugal<\/title>\n<meta name=\"robots\" content=\"index, follow, max-snippet:-1, max-image-preview:large, max-video-preview:-1\" \/>\n<meta property=\"og:locale\" content=\"pt_PT\" \/>\n<meta property=\"og:type\" content=\"article\" \/>\n<meta property=\"og:title\" content=\"Morreu Phil Campbell, guitarrista da Mot\u00f6rhead - Portal Tela Portugal\" \/>\n<meta property=\"og:description\" content=\"Phil Campbell, guitarrista da Mot\u00f6rhead, morreu aos 64 anos ap\u00f3s uma longa luta e uma cirurgia complexa. A fam\u00edlia e a banda anunciaram o falecimento, em comunicado partilhado nas redes sociais. Campbel integrou os Mot\u00f6rhead em 1984 e ficou na banda at\u00e9 \u00e0 dissolu\u00e7\u00e3o em 2015, quando Lemmy Kilmister faleceu. Seguiu-se com a banda Phil Campbell and The Bastard Sons, projeto com os seus tr\u00eas filhos, mantendo-se em digress\u00f5es. A Mot\u00f6rhead foi fundada em 1975 em Londres e alcan\u00e7ou grande sucesso nos anos 1980, com \u00e1lbuns como Ace of Spades.\" \/>\n<meta property=\"og:url\" content=\"https:\/\/portaltela.pt\/noticias\/2026\/03\/15\/morreu-phil-campbell-guitarrista-da-motorhead\/\" \/>\n<meta property=\"og:site_name\" content=\"Portal Tela Portugal\" \/>\n<meta property=\"article:published_time\" content=\"2026-03-15T12:08:00+00:00\" \/>\n<meta name=\"author\" content=\"Telinha\" \/>\n<meta name=\"twitter:card\" content=\"summary_large_image\" \/>\n<meta name=\"twitter:label1\" content=\"Escrito por\" \/>\n\t<meta name=\"twitter:data1\" content=\"Telinha\" \/>\n\t<meta name=\"twitter:label2\" content=\"Tempo estimado de leitura\" \/>\n\t<meta name=\"twitter:data2\" content=\"1 minuto\" \/>\n<script type=\"application\/ld+json\" class=\"yoast-schema-graph\">{\"@context\":\"https:\/\/schema.org\",\"@graph\":[{\"@type\":\"Article\",\"@id\":\"https:\/\/portaltela.pt\/noticias\/2026\/03\/15\/morreu-phil-campbell-guitarrista-da-motorhead\/#article\",\"isPartOf\":{\"@id\":\"https:\/\/portaltela.pt\/noticias\/2026\/03\/15\/morreu-phil-campbell-guitarrista-da-motorhead\/\"},\"author\":{\"name\":\"Telinha\",\"@id\":\"https:\/\/portaltela.pt\/#\/schema\/person\/c4278d4a6028830caff9ee44b42d32ed\"},\"headline\":\"Morreu Phil Campbell, guitarrista da Mot\u00f6rhead\",\"datePublished\":\"2026-03-15T12:08:00+00:00\",\"mainEntityOfPage\":{\"@id\":\"https:\/\/portaltela.pt\/noticias\/2026\/03\/15\/morreu-phil-campbell-guitarrista-da-motorhead\/\"},\"wordCount\":183,\"image\":{\"@id\":\"https:\/\/portaltela.pt\/noticias\/2026\/03\/15\/morreu-phil-campbell-guitarrista-da-motorhead\/#primaryimage\"},\"thumbnailUrl\":\"https:\/\/portaltela.pt\/s.01k8rhncp4jt1\/2026\/03\/image-986.jpg\",\"keywords\":[\"artistas\",\"concertos\",\"guitarra\",\"m\u00fasica\",\"m\u00fasicos\",\"Reino Unido\"],\"articleSection\":[\"M\u00fasica\",\"Not\u00edcias\"],\"inLanguage\":\"pt-PT\"},{\"@type\":\"WebPage\",\"@id\":\"https:\/\/portaltela.pt\/noticias\/2026\/03\/15\/morreu-phil-campbell-guitarrista-da-motorhead\/\",\"url\":\"https:\/\/portaltela.pt\/noticias\/2026\/03\/15\/morreu-phil-campbell-guitarrista-da-motorhead\/\",\"name\":\"Morreu Phil Campbell, guitarrista da Mot\u00f6rhead - Portal Tela Portugal\",\"isPartOf\":{\"@id\":\"https:\/\/portaltela.pt\/#website\"},\"primaryImageOfPage\":{\"@id\":\"https:\/\/portaltela.pt\/noticias\/2026\/03\/15\/morreu-phil-campbell-guitarrista-da-motorhead\/#primaryimage\"},\"image\":{\"@id\":\"https:\/\/portaltela.pt\/noticias\/2026\/03\/15\/morreu-phil-campbell-guitarrista-da-motorhead\/#primaryimage\"},\"thumbnailUrl\":\"https:\/\/portaltela.pt\/s.01k8rhncp4jt1\/2026\/03\/image-986.jpg\",\"datePublished\":\"2026-03-15T12:08:00+00:00\",\"author\":{\"@id\":\"https:\/\/portaltela.pt\/#\/schema\/person\/c4278d4a6028830caff9ee44b42d32ed\"},\"breadcrumb\":{\"@id\":\"https:\/\/portaltela.pt\/noticias\/2026\/03\/15\/morreu-phil-campbell-guitarrista-da-motorhead\/#breadcrumb\"},\"inLanguage\":\"pt-PT\",\"potentialAction\":[{\"@type\":\"ReadAction\",\"target\":[\"https:\/\/portaltela.pt\/noticias\/2026\/03\/15\/morreu-phil-campbell-guitarrista-da-motorhead\/\"]}]},{\"@type\":\"ImageObject\",\"inLanguage\":\"pt-PT\",\"@id\":\"https:\/\/portaltela.pt\/noticias\/2026\/03\/15\/morreu-phil-campbell-guitarrista-da-motorhead\/#primaryimage\",\"url\":\"https:\/\/portaltela.pt\/s.01k8rhncp4jt1\/2026\/03\/image-986.jpg\",\"contentUrl\":\"https:\/\/portaltela.pt\/s.01k8rhncp4jt1\/2026\/03\/image-986.jpg\",\"width\":796,\"height\":448,\"caption\":\"Phil Campbell tinha 64 anos\"},{\"@type\":\"BreadcrumbList\",\"@id\":\"https:\/\/portaltela.pt\/noticias\/2026\/03\/15\/morreu-phil-campbell-guitarrista-da-motorhead\/#breadcrumb\",\"itemListElement\":[{\"@type\":\"ListItem\",\"position\":1,\"name\":\"In\u00edcio\",\"item\":\"https:\/\/portaltela.pt\/\"},{\"@type\":\"ListItem\",\"position\":2,\"name\":\"Morreu Phil Campbell, guitarrista da Mot\u00f6rhead\"}]},{\"@type\":\"WebSite\",\"@id\":\"https:\/\/portaltela.pt\/#website\",\"url\":\"https:\/\/portaltela.pt\/\",\"name\":\"Portal Tela Portugal\",\"description\":\"\",\"potentialAction\":[{\"@type\":\"SearchAction\",\"target\":{\"@type\":\"EntryPoint\",\"urlTemplate\":\"https:\/\/portaltela.pt\/?s={search_term_string}\"},\"query-input\":{\"@type\":\"PropertyValueSpecification\",\"valueRequired\":true,\"valueName\":\"search_term_string\"}}],\"inLanguage\":\"pt-PT\"},{\"@type\":\"Person\",\"@id\":\"https:\/\/portaltela.pt\/#\/schema\/person\/c4278d4a6028830caff9ee44b42d32ed\",\"name\":\"Telinha\",\"image\":{\"@type\":\"ImageObject\",\"inLanguage\":\"pt-PT\",\"@id\":\"https:\/\/portaltela.pt\/s.01k8rhncp4jt1\/2025\/11\/talking-bot-125x125.png\",\"url\":\"https:\/\/portaltela.pt\/s.01k8rhncp4jt1\/2025\/11\/talking-bot-125x125.png\",\"contentUrl\":\"https:\/\/portaltela.pt\/s.01k8rhncp4jt1\/2025\/11\/talking-bot-125x125.png\",\"caption\":\"Telinha\"},\"sameAs\":[\"https:\/\/portaltela.pt\/\"],\"url\":\"https:\/\/portaltela.pt\/por\/367410592786\/\"}]}<\/script>\n<!-- \/ Yoast SEO plugin. -->","yoast_head_json":{"title":"Morreu Phil Campbell, guitarrista da Mot\u00f6rhead - Portal Tela Portugal","robots":{"index":"index","follow":"follow","max-snippet":"max-snippet:-1","max-image-preview":"max-image-preview:large","max-video-preview":"max-video-preview:-1"},"og_locale":"pt_PT","og_type":"article","og_title":"Morreu Phil Campbell, guitarrista da Mot\u00f6rhead - Portal Tela Portugal","og_description":"Phil Campbell, guitarrista da Mot\u00f6rhead, morreu aos 64 anos ap\u00f3s uma longa luta e uma cirurgia complexa. A fam\u00edlia e a banda anunciaram o falecimento, em comunicado partilhado nas redes sociais. Campbel integrou os Mot\u00f6rhead em 1984 e ficou na banda at\u00e9 \u00e0 dissolu\u00e7\u00e3o em 2015, quando Lemmy Kilmister faleceu. Seguiu-se com a banda Phil Campbell and The Bastard Sons, projeto com os seus tr\u00eas filhos, mantendo-se em digress\u00f5es. A Mot\u00f6rhead foi fundada em 1975 em Londres e alcan\u00e7ou grande sucesso nos anos 1980, com \u00e1lbuns como Ace of Spades.","og_url":"https:\/\/portaltela.pt\/noticias\/2026\/03\/15\/morreu-phil-campbell-guitarrista-da-motorhead\/","og_site_name":"Portal Tela Portugal","article_published_time":"2026-03-15T12:08:00+00:00","author":"Telinha","twitter_card":"summary_large_image","twitter_misc":{"Escrito por":"Telinha","Tempo estimado de leitura":"1 minuto"},"schema":{"@context":"https:\/\/schema.org","@graph":[{"@type":"Article","@id":"https:\/\/portaltela.pt\/noticias\/2026\/03\/15\/morreu-phil-campbell-guitarrista-da-motorhead\/#article","isPartOf":{"@id":"https:\/\/portaltela.pt\/noticias\/2026\/03\/15\/morreu-phil-campbell-guitarrista-da-motorhead\/"},"author":{"name":"Telinha","@id":"https:\/\/portaltela.pt\/#\/schema\/person\/c4278d4a6028830caff9ee44b42d32ed"},"headline":"Morreu Phil Campbell, guitarrista da Mot\u00f6rhead","datePublished":"2026-03-15T12:08:00+00:00","mainEntityOfPage":{"@id":"https:\/\/portaltela.pt\/noticias\/2026\/03\/15\/morreu-phil-campbell-guitarrista-da-motorhead\/"},"wordCount":183,"image":{"@id":"https:\/\/portaltela.pt\/noticias\/2026\/03\/15\/morreu-phil-campbell-guitarrista-da-motorhead\/#primaryimage"},"thumbnailUrl":"https:\/\/portaltela.pt\/s.01k8rhncp4jt1\/2026\/03\/image-986.jpg","keywords":["artistas","concertos","guitarra","m\u00fasica","m\u00fasicos","Reino Unido"],"articleSection":["M\u00fasica","Not\u00edcias"],"inLanguage":"pt-PT"},{"@type":"WebPage","@id":"https:\/\/portaltela.pt\/noticias\/2026\/03\/15\/morreu-phil-campbell-guitarrista-da-motorhead\/","url":"https:\/\/portaltela.pt\/noticias\/2026\/03\/15\/morreu-phil-campbell-guitarrista-da-motorhead\/","name":"Morreu Phil Campbell, guitarrista da Mot\u00f6rhead - Portal Tela Portugal","isPartOf":{"@id":"https:\/\/portaltela.pt\/#website"},"primaryImageOfPage":{"@id":"https:\/\/portaltela.pt\/noticias\/2026\/03\/15\/morreu-phil-campbell-guitarrista-da-motorhead\/#primaryimage"},"image":{"@id":"https:\/\/portaltela.pt\/noticias\/2026\/03\/15\/morreu-phil-campbell-guitarrista-da-motorhead\/#primaryimage"},"thumbnailUrl":"https:\/\/portaltela.pt\/s.01k8rhncp4jt1\/2026\/03\/image-986.jpg","datePublished":"2026-03-15T12:08:00+00:00","author":{"@id":"https:\/\/portaltela.pt\/#\/schema\/person\/c4278d4a6028830caff9ee44b42d32ed"},"breadcrumb":{"@id":"https:\/\/portaltela.pt\/noticias\/2026\/03\/15\/morreu-phil-campbell-guitarrista-da-motorhead\/#breadcrumb"},"inLanguage":"pt-PT","potentialAction":[{"@type":"ReadAction","target":["https:\/\/portaltela.pt\/noticias\/2026\/03\/15\/morreu-phil-campbell-guitarrista-da-motorhead\/"]}]},{"@type":"ImageObject","inLanguage":"pt-PT","@id":"https:\/\/portaltela.pt\/noticias\/2026\/03\/15\/morreu-phil-campbell-guitarrista-da-motorhead\/#primaryimage","url":"https:\/\/portaltela.pt\/s.01k8rhncp4jt1\/2026\/03\/image-986.jpg","contentUrl":"https:\/\/portaltela.pt\/s.01k8rhncp4jt1\/2026\/03\/image-986.jpg","width":796,"height":448,"caption":"Phil Campbell tinha 64 anos"},{"@type":"BreadcrumbList","@id":"https:\/\/portaltela.pt\/noticias\/2026\/03\/15\/morreu-phil-campbell-guitarrista-da-motorhead\/#breadcrumb","itemListElement":[{"@type":"ListItem","position":1,"name":"In\u00edcio","item":"https:\/\/portaltela.pt\/"},{"@type":"ListItem","position":2,"name":"Morreu Phil Campbell, guitarrista da Mot\u00f6rhead"}]},{"@type":"WebSite","@id":"https:\/\/portaltela.pt\/#website","url":"https:\/\/portaltela.pt\/","name":"Portal Tela Portugal","description":"","potentialAction":[{"@type":"SearchAction","target":{"@type":"EntryPoint","urlTemplate":"https:\/\/portaltela.pt\/?s={search_term_string}"},"query-input":{"@type":"PropertyValueSpecification","valueRequired":true,"valueName":"search_term_string"}}],"inLanguage":"pt-PT"},{"@type":"Person","@id":"https:\/\/portaltela.pt\/#\/schema\/person\/c4278d4a6028830caff9ee44b42d32ed","name":"Telinha","image":{"@type":"ImageObject","inLanguage":"pt-PT","@id":"https:\/\/portaltela.pt\/s.01k8rhncp4jt1\/2025\/11\/talking-bot-125x125.png","url":"https:\/\/portaltela.pt\/s.01k8rhncp4jt1\/2025\/11\/talking-bot-125x125.png","contentUrl":"https:\/\/portaltela.pt\/s.01k8rhncp4jt1\/2025\/11\/talking-bot-125x125.png","caption":"Telinha"},"sameAs":["https:\/\/portaltela.pt\/"],"url":"https:\/\/portaltela.pt\/por\/367410592786\/"}]}},"_links":{"self":[{"href":"https:\/\/portaltela.pt\/api\/wp\/v2\/posts\/410869","targetHints":{"allow":["GET"]}}],"collection":[{"href":"https:\/\/portaltela.pt\/api\/wp\/v2\/posts"}],"about":[{"href":"https:\/\/portaltela.pt\/api\/wp\/v2\/types\/post"}],"author":[{"embeddable":true,"href":"https:\/\/portaltela.pt\/api\/wp\/v2\/users\/2"}],"replies":[{"embeddable":true,"href":"https:\/\/portaltela.pt\/api\/wp\/v2\/comments?post=410869"}],"version-history":[{"count":0,"href":"https:\/\/portaltela.pt\/api\/wp\/v2\/posts\/410869\/revisions"}],"wp:featuredmedia":[{"embeddable":true,"href":"https:\/\/portaltela.pt\/api\/wp\/v2\/media\/410873"}],"wp:attachment":[{"href":"https:\/\/portaltela.pt\/api\/wp\/v2\/media?parent=410869"}],"wp:term":[{"taxonomy":"category","embeddable":true,"href":"https:\/\/portaltela.pt\/api\/wp\/v2\/categories?post=410869"},{"taxonomy":"post_tag","embeddable":true,"href":"https:\/\/portaltela.pt\/api\/wp\/v2\/tags?post=410869"}],"curies":[{"name":"wp","href":"https:\/\/api.w.org\/{rel}","templated":true}]}}